{"id":140249,"date":"2018-08-28T20:48:31","date_gmt":"2018-08-28T18:48:31","guid":{"rendered":"https:\/\/graziamagazine.com\/es\/?p=140249"},"modified":"2018-08-28T20:48:34","modified_gmt":"2018-08-28T18:48:34","slug":"salma-hayek-celebra-su-segunda-boda-con-un-vestido-inesperado","status":"publish","type":"articles","link":"https:\/\/graziamagazine.com\/es\/articles\/salma-hayek-celebra-su-segunda-boda-con-un-vestido-inesperado\/","title":{"rendered":"Salma Hayek celebra su segunda boda con un vestido inesperado"},"content":{"rendered":"<p>La \u00faltima publicaci\u00f3n de\u00a0<b>Salma Hayek<\/b>\u00a0en Instagram levant\u00f3 muchas dudas; \u00bfpero no estaba casada ya? La realidad es que esta nueva boda fue para reafirmar su amor con su esposo, <strong>Fran\u00e7ois-Henri Pinault<\/strong>. Aunque ya lo hab\u00eda insinuado en una fotograf\u00eda, los seguidores de la actriz no hab\u00edan logrado entender que se trataba de una renovaci\u00f3n de votos hasta que comparti\u00f3 un \u00e1lbum completo del momento.<\/p>\n<blockquote class=\"instagram-media\" style=\"background: #FFF; border: 0; border-radius: 3px; box-shadow: 0 0 1px 0 rgba(0,0,0,0.5),0 1px 10px 0 rgba(0,0,0,0.15); margin: 1px; max-width: 540px; min-width: 326px; padding: 0; width: calc(100% - 2px);\" data-instgrm-captioned=\"\" data-instgrm-permalink=\"https:\/\/www.instagram.com\/p\/Bm_VI9fnHqP\/?utm_source=ig_embed\" data-instgrm-version=\"9\">\n<div style=\"padding: 8px;\">\n<div style=\"background: #F8F8F8; line-height: 0; margin-top: 40px; padding: 50.0% 0; text-align: center; width: 100%;\"><\/div>\n<p style=\"margin: 8px 0 0 0; padding: 0 4px;\"><a href=\"https:\/\/www.instagram.com\/p\/Bm_VI9fnHqP\/?utm_source=ig_embed\"style=\"color: #000; font-family: Arial,sans-serif; font-size: 14px; font-style: normal; font-weight: normal; line-height: 17px; text-decoration: none; word-wrap: break-word;\"  target=\"_blank\" rel=\"noopener\" target=\"_blank\">Can anyone explain to me what the ray of colored light in the photo could be? Alguien me puede explicar qu\u00e9 es el rayo de luz de color que aparece en esta foto? \ud83e\udd84\ud83c\udf08\ud83e\udddc\ud83c\udffc\u200d\u2640\ufe0f\ud83e\uddda\ud83c\udffb\u200d\u2640\ufe0f\ud83e\udd37\ud83c\udffb\u200d\u2640\ufe0f #nofilter #orb #rainbow #phenomenon #aura<\/a><\/p>\n<p style=\"color: #c9c8cd; font-family: Arial,sans-serif; font-size: 14px; line-height: 17px; margin-bottom: 0; margin-top: 8px; overflow: hidden; padding: 8px 0 7px; text-align: center; text-overflow: ellipsis; white-space: nowrap;\">Una publicaci\u00f3n compartida de <a href=\"https:\/\/www.instagram.com\/salmahayek\/?utm_source=ig_embed\"style=\"color: #c9c8cd; font-family: Arial,sans-serif; font-size: 14px; font-style: normal; font-weight: normal; line-height: 17px;\"  target=\"_blank\" rel=\"noopener\" target=\"_blank\"> Salma Hayek Pinault<\/a> (@salmahayek) el <time style=\"font-family: Arial,sans-serif; font-size: 14px; line-height: 17px;\" datetime=\"2018-08-27T16:46:06+00:00\">27 Ago, 2018 a las 9:46 PDT<\/time><\/p>\n<\/div>\n<\/blockquote>\n<p><script async defer src=\"\/\/www.instagram.com\/embed.js\"><\/script><\/p>\n<p>De acuerdo con la descripci\u00f3n de <strong>Salma Hayek, Fran\u00e7ois-Henri Pinault<\/strong> la sorprendi\u00f3 mientras disfrutaban de unas (envidiables) vacaciones en lo que parece ser la Polinesia Francesa. \u201cEl mejor momento de este verano fue cuando mi marido me organiz\u00f3 una ceremonia sorpresa para renovar nuestros votos matrimoniales. Yo hubiera escogido otro vestido pero me dijeron que \u00edbamos al spa\u201d, escribi\u00f3 la protagonista de <em>Frida<\/em>.<\/p>\n<blockquote class=\"instagram-media\" style=\"background: #FFF; border: 0; border-radius: 3px; box-shadow: 0 0 1px 0 rgba(0,0,0,0.5),0 1px 10px 0 rgba(0,0,0,0.15); margin: 1px; max-width: 540px; min-width: 326px; padding: 0; width: calc(100% - 2px);\" data-instgrm-captioned=\"\" data-instgrm-permalink=\"https:\/\/www.instagram.com\/p\/BnB-wlVngEI\/?utm_source=ig_embed\" data-instgrm-version=\"9\">\n<div style=\"padding: 8px;\">\n<div style=\"background: #F8F8F8; line-height: 0; margin-top: 40px; padding: 50% 0; text-align: center; width: 100%;\"><\/div>\n<p style=\"margin: 8px 0 0 0; padding: 0 4px;\"><a href=\"https:\/\/www.instagram.com\/p\/BnB-wlVngEI\/?utm_source=ig_embed\"style=\"color: #000; font-family: Arial,sans-serif; font-size: 14px; font-style: normal; font-weight: normal; line-height: 17px; text-decoration: none; word-wrap: break-word;\"  target=\"_blank\" rel=\"noopener\" target=\"_blank\">The summer is coming to an end and my best moment was when my husband surprised me with a vow renewal &#8211; it was not what I would have chosen to wear to my wedding but I was told\u00a0I was going to the spa! #luckyinlove #wedding El mejor momento de este verano fue cuando mi marido me organiz\u00f3 una ceremonia sorpresa para renovar nuestros votos matrimoniales. Yo hubiera escogido otro vestido pero me dijeron que \u00edbamos al spa #sorpresa<\/a><\/p>\n<p style=\"color: #c9c8cd; font-family: Arial,sans-serif; font-size: 14px; line-height: 17px; margin-bottom: 0; margin-top: 8px; overflow: hidden; padding: 8px 0 7px; text-align: center; text-overflow: ellipsis; white-space: nowrap;\">Una publicaci\u00f3n compartida de <a href=\"https:\/\/www.instagram.com\/salmahayek\/?utm_source=ig_embed\"style=\"color: #c9c8cd; font-family: Arial,sans-serif; font-size: 14px; font-style: normal; font-weight: normal; line-height: 17px;\"  target=\"_blank\" rel=\"noopener\" target=\"_blank\"> Salma Hayek Pinault<\/a> (@salmahayek) el <time style=\"font-family: Arial,sans-serif; font-size: 14px; line-height: 17px;\" datetime=\"2018-08-28T17:28:15+00:00\">28 Ago, 2018 a las 10:28 PDT<\/time><\/p>\n<\/div>\n<\/blockquote>\n<p><script async defer src=\"\/\/www.instagram.com\/embed.js\"><\/script><\/p>\n<p>Coronados por flores, la pareja Pinault hizo de este momento uno para recordar junto a sus hijas, <strong>Mathilde Pinault<\/strong>, fruto de la relaci\u00f3n de su padre con <strong>Doroth\u00e9e Lep\u00e8re<\/strong>, y\u00a0<b>Valentina Paloma<\/b>, la ni\u00f1a que tuvo con <strong>Salma Hayek<\/strong> hace 10 a\u00f1os. Al t\u00e9rmino de la ceremonia, la novia avent\u00f3 su ramo\u2026 \u00bfqui\u00e9n se lo habr\u00e1 llevado?<\/p>\n<p>La primera boda de este par se celebr\u00f3 en 2009 con una fiesta en el\u00a0<i>Teatro La Fenice<\/i>\u00a0de Venecia, dos a\u00f1os despu\u00e9s de comprometerse. De acuerdo a\u00a0<a href=\"https:\/\/www.cbsnews.com\/pictures\/most-expensive-weddings-of-all-time\/3\/\" target=\"_blank\" rel=\"noopener\" target=\"_blank\"><i>CBS<\/i><\/a>, la festividad alcanz\u00f3 un valor aproximado de 3.5 millones de d\u00f3lares. Hace poco m\u00e1s de un a\u00f1o, la mexicana nos deleit\u00f3 con un\u00a0<i>throwback<\/i>\u00a0en su Instagram: \u201cLa mejor bendici\u00f3n que he tenido en mi vida es amor. 11 a\u00f1os juntos, 8 casados\u201d.<\/p>\n<blockquote class=\"instagram-media\" style=\"background: #FFF; border: 0; border-radius: 3px; box-shadow: 0 0 1px 0 rgba(0,0,0,0.5),0 1px 10px 0 rgba(0,0,0,0.15); margin: 1px; max-width: 540px; min-width: 326px; padding: 0; width: calc(100% - 2px);\" data-instgrm-captioned=\"\" data-instgrm-permalink=\"https:\/\/www.instagram.com\/p\/BTUXD2vhGGS\/?utm_source=ig_embed\" data-instgrm-version=\"9\">\n<div style=\"padding: 8px;\">\n<div style=\"background: #F8F8F8; line-height: 0; margin-top: 40px; padding: 50.0% 0; text-align: center; width: 100%;\"><\/div>\n<p style=\"margin: 8px 0 0 0; padding: 0 4px;\"><a href=\"https:\/\/www.instagram.com\/p\/BTUXD2vhGGS\/?utm_source=ig_embed\"style=\"color: #000; font-family: Arial,sans-serif; font-size: 14px; font-style: normal; font-weight: normal; line-height: 17px; text-decoration: none; word-wrap: break-word;\"  target=\"_blank\" rel=\"noopener\" target=\"_blank\">The greatest blessing I have in my life is love. 11 years together, 8 married. \u2764 La mejor bendici\u00f3n que he tenido en mi vida es amor. 11 a\u00f1os juntos, 8 casados. \u2764\ufe0f #weddinganniversary<\/a><\/p>\n<p style=\"color: #c9c8cd; font-family: Arial,sans-serif; font-size: 14px; line-height: 17px; margin-bottom: 0; margin-top: 8px; overflow: hidden; padding: 8px 0 7px; text-align: center; text-overflow: ellipsis; white-space: nowrap;\">Una publicaci\u00f3n compartida de <a href=\"https:\/\/www.instagram.com\/salmahayek\/?utm_source=ig_embed\"style=\"color: #c9c8cd; font-family: Arial,sans-serif; font-size: 14px; font-style: normal; font-weight: normal; line-height: 17px;\"  target=\"_blank\" rel=\"noopener\" target=\"_blank\"> Salma Hayek Pinault<\/a> (@salmahayek) el <time style=\"font-family: Arial,sans-serif; font-size: 14px; line-height: 17px;\" datetime=\"2017-04-25T18:19:03+00:00\">25 Abr, 2017 a las 11:19 PDT<\/time><\/p>\n<\/div>\n<\/blockquote>\n<p><script async defer src=\"\/\/www.instagram.com\/embed.js\"><\/script><\/p>\n<p>Para la ocasi\u00f3n, <strong>Salma Hayek<\/strong> visti\u00f3 un exquisito vestido en corte princesa de <strong>Balenciaga<\/strong> acompa\u00f1ado de un par de opulentos aretes que terminan con una perla. Un atuendo muy diferente al inesperado vestido que luci\u00f3 en su renovaci\u00f3n de fotos pero, \u00bfqui\u00e9n puede juzgarla? Al fin y al cabo, ella solo iba al spa&#8230;<\/p>\n<p><em>Fotos: Getty Images<\/em><\/p>\n","protected":false},"author":24470,"featured_media":0,"template":"","format":"standard","categories":[13],"acf":[],"yoast_head":"<!-- This site is optimized with the Yoast SEO Premium plugin v18.5 (Yoast SEO v20.4) - https:\/\/yoast.com\/wordpress\/plugins\/seo\/ -->\n<title>Salma Hayek celebra su segunda boda con un vestido inesperado | Grazia<\/title>\n<meta name=\"description\" content=\"Nada que ver con el Balenciaga que luci\u00f3 en su enlace con Fran\u00e7ois-Henri Pinault en 2009.\" \/>\n<meta name=\"robots\" content=\"index, follow, max-snippet:-1, max-image-preview:large, max-video-preview:-1\" \/>\n<link rel=\"canonical\" href=\"https:\/\/graziamagazine.com\/es\/articles\/salma-hayek-celebra-su-segunda-boda-con-un-vestido-inesperado\/\" \/>\n<meta property=\"og:locale\" content=\"es_ES\" \/>\n<meta property=\"og:type\" content=\"article\" \/>\n<meta property=\"og:title\" content=\"Salma Hayek celebra su segunda boda con un vestido inesperado\" \/>\n<meta property=\"og:description\" content=\"Nada que ver con el Balenciaga que luci\u00f3 en su enlace con Fran\u00e7ois-Henri Pinault en 2009.\" \/>\n<meta property=\"og:url\" content=\"https:\/\/graziamagazine.com\/es\/articles\/salma-hayek-celebra-su-segunda-boda-con-un-vestido-inesperado\/\" \/>\n<meta property=\"og:site_name\" content=\"Grazia\" \/>\n<meta property=\"article:modified_time\" content=\"2018-08-28T18:48:34+00:00\" \/>\n<meta property=\"og:image\" content=\"https:\/\/graziamagazine.com\/es\/wp-content\/uploads\/sites\/12\/2018\/08\/GettyImages-144752663.jpg?fit=4140%2C2928\" \/>\n\t<meta property=\"og:image:width\" content=\"4140\" \/>\n\t<meta property=\"og:image:height\" content=\"2928\" \/>\n\t<meta property=\"og:image:type\" content=\"image\/jpeg\" \/>\n<meta name=\"twitter:card\" content=\"summary_large_image\" \/>\n<meta name=\"twitter:image\" content=\"http:\/\/s3-eu-west-1.amazonaws.com\/grazia-cdn\/wp-content\/uploads\/sites\/12\/2018\/08\/GettyImages-144752663.jpg\" \/>\n<meta name=\"twitter:label1\" content=\"Est. reading time\" \/>\n\t<meta name=\"twitter:data1\" content=\"3 minutos\" \/>\n<script type=\"application\/ld+json\" class=\"yoast-schema-graph\">{\"@context\":\"https:\/\/schema.org\",\"@graph\":[{\"@type\":\"WebPage\",\"@id\":\"https:\/\/graziamagazine.com\/es\/articles\/salma-hayek-celebra-su-segunda-boda-con-un-vestido-inesperado\/\",\"url\":\"https:\/\/graziamagazine.com\/es\/articles\/salma-hayek-celebra-su-segunda-boda-con-un-vestido-inesperado\/\",\"name\":\"Salma Hayek celebra su segunda boda con un vestido inesperado | Grazia\",\"isPartOf\":{\"@id\":\"https:\/\/graziamagazine.com\/es\/#website\"},\"datePublished\":\"2018-08-28T18:48:31+00:00\",\"dateModified\":\"2018-08-28T18:48:34+00:00\",\"description\":\"Nada que ver con el Balenciaga que luci\u00f3 en su enlace con Fran\u00e7ois-Henri Pinault en 2009.\",\"breadcrumb\":{\"@id\":\"https:\/\/graziamagazine.com\/es\/articles\/salma-hayek-celebra-su-segunda-boda-con-un-vestido-inesperado\/#breadcrumb\"},\"inLanguage\":\"es\",\"potentialAction\":[{\"@type\":\"ReadAction\",\"target\":[\"https:\/\/graziamagazine.com\/es\/articles\/salma-hayek-celebra-su-segunda-boda-con-un-vestido-inesperado\/\"]}]},{\"@type\":\"BreadcrumbList\",\"@id\":\"https:\/\/graziamagazine.com\/es\/articles\/salma-hayek-celebra-su-segunda-boda-con-un-vestido-inesperado\/#breadcrumb\",\"itemListElement\":[{\"@type\":\"ListItem\",\"position\":1,\"name\":\"Portada\",\"item\":\"https:\/\/graziamagazine.com\/es\/\"},{\"@type\":\"ListItem\",\"position\":2,\"name\":\"Salma Hayek celebra su segunda boda con un vestido inesperado\"}]},{\"@type\":\"WebSite\",\"@id\":\"https:\/\/graziamagazine.com\/es\/#website\",\"url\":\"https:\/\/graziamagazine.com\/es\/\",\"name\":\"Grazia\",\"description\":\"Moda, belleza, celebrities, estilo de vida...\",\"potentialAction\":[{\"@type\":\"SearchAction\",\"target\":{\"@type\":\"EntryPoint\",\"urlTemplate\":\"https:\/\/graziamagazine.com\/es\/?s={search_term_string}\"},\"query-input\":\"required name=search_term_string\"}],\"inLanguage\":\"es\"}]}<\/script>\n<!-- \/ Yoast SEO Premium plugin. -->","yoast_head_json":{"title":"Salma Hayek celebra su segunda boda con un vestido inesperado | Grazia","description":"Nada que ver con el Balenciaga que luci\u00f3 en su enlace con Fran\u00e7ois-Henri Pinault en 2009.","robots":{"index":"index","follow":"follow","max-snippet":"max-snippet:-1","max-image-preview":"max-image-preview:large","max-video-preview":"max-video-preview:-1"},"canonical":"https:\/\/graziamagazine.com\/es\/articles\/salma-hayek-celebra-su-segunda-boda-con-un-vestido-inesperado\/","og_locale":"es_ES","og_type":"article","og_title":"Salma Hayek celebra su segunda boda con un vestido inesperado","og_description":"Nada que ver con el Balenciaga que luci\u00f3 en su enlace con Fran\u00e7ois-Henri Pinault en 2009.","og_url":"https:\/\/graziamagazine.com\/es\/articles\/salma-hayek-celebra-su-segunda-boda-con-un-vestido-inesperado\/","og_site_name":"Grazia","article_modified_time":"2018-08-28T18:48:34+00:00","og_image":[{"width":4140,"height":2928,"url":"https:\/\/graziamagazine.com\/es\/wp-content\/uploads\/sites\/12\/2018\/08\/GettyImages-144752663.jpg?fit=4140%2C2928","type":"image\/jpeg"}],"twitter_card":"summary_large_image","twitter_image":"http:\/\/s3-eu-west-1.amazonaws.com\/grazia-cdn\/wp-content\/uploads\/sites\/12\/2018\/08\/GettyImages-144752663.jpg","twitter_misc":{"Est. reading time":"3 minutos"},"schema":{"@context":"https:\/\/schema.org","@graph":[{"@type":"WebPage","@id":"https:\/\/graziamagazine.com\/es\/articles\/salma-hayek-celebra-su-segunda-boda-con-un-vestido-inesperado\/","url":"https:\/\/graziamagazine.com\/es\/articles\/salma-hayek-celebra-su-segunda-boda-con-un-vestido-inesperado\/","name":"Salma Hayek celebra su segunda boda con un vestido inesperado | Grazia","isPartOf":{"@id":"https:\/\/graziamagazine.com\/es\/#website"},"datePublished":"2018-08-28T18:48:31+00:00","dateModified":"2018-08-28T18:48:34+00:00","description":"Nada que ver con el Balenciaga que luci\u00f3 en su enlace con Fran\u00e7ois-Henri Pinault en 2009.","breadcrumb":{"@id":"https:\/\/graziamagazine.com\/es\/articles\/salma-hayek-celebra-su-segunda-boda-con-un-vestido-inesperado\/#breadcrumb"},"inLanguage":"es","potentialAction":[{"@type":"ReadAction","target":["https:\/\/graziamagazine.com\/es\/articles\/salma-hayek-celebra-su-segunda-boda-con-un-vestido-inesperado\/"]}]},{"@type":"BreadcrumbList","@id":"https:\/\/graziamagazine.com\/es\/articles\/salma-hayek-celebra-su-segunda-boda-con-un-vestido-inesperado\/#breadcrumb","itemListElement":[{"@type":"ListItem","position":1,"name":"Portada","item":"https:\/\/graziamagazine.com\/es\/"},{"@type":"ListItem","position":2,"name":"Salma Hayek celebra su segunda boda con un vestido inesperado"}]},{"@type":"WebSite","@id":"https:\/\/graziamagazine.com\/es\/#website","url":"https:\/\/graziamagazine.com\/es\/","name":"Grazia","description":"Moda, belleza, celebrities, estilo de vida...","potentialAction":[{"@type":"SearchAction","target":{"@type":"EntryPoint","urlTemplate":"https:\/\/graziamagazine.com\/es\/?s={search_term_string}"},"query-input":"required name=search_term_string"}],"inLanguage":"es"}]}},"jetpack_sharing_enabled":true,"distributor_meta":false,"distributor_terms":false,"distributor_media":false,"distributor_original_site_name":"Grazia","distributor_original_site_url":"https:\/\/graziamagazine.com\/es","push-errors":false,"_links":{"self":[{"href":"https:\/\/graziamagazine.com\/es\/wp-json\/wp\/v2\/articles\/140249"}],"collection":[{"href":"https:\/\/graziamagazine.com\/es\/wp-json\/wp\/v2\/articles"}],"about":[{"href":"https:\/\/graziamagazine.com\/es\/wp-json\/wp\/v2\/types\/articles"}],"author":[{"embeddable":true,"href":"https:\/\/graziamagazine.com\/es\/wp-json\/wp\/v2\/users\/24470"}],"wp:attachment":[{"href":"https:\/\/graziamagazine.com\/es\/wp-json\/wp\/v2\/media?parent=140249"}],"wp:term":[{"taxonomy":"category","embeddable":true,"href":"https:\/\/graziamagazine.com\/es\/wp-json\/wp\/v2\/categories?post=140249"}],"curies":[{"name":"wp","href":"https:\/\/api.w.org\/{rel}","templated":true}]}}