{"id":140196,"date":"2018-08-28T15:41:33","date_gmt":"2018-08-28T13:41:33","guid":{"rendered":"https:\/\/graziamagazine.com\/es\/?p=140196"},"modified":"2018-08-28T15:41:37","modified_gmt":"2018-08-28T13:41:37","slug":"mary-kate-y-ashley-olsen-ahora-disenan-para-hombres","status":"publish","type":"articles","link":"https:\/\/graziamagazine.com\/es\/articles\/mary-kate-y-ashley-olsen-ahora-disenan-para-hombres\/","title":{"rendered":"Mary-Kate y Ashley Olsen ahora dise\u00f1an para hombres"},"content":{"rendered":"<p>Las\u00a0<b>gemelas Olsen<\/b>,\u00a0<b>Mary-Kate<\/b>\u00a0y\u00a0<b>Ashley<\/b>, est\u00e1n ampliando su imperio de moda. Con una establecida y reconocida firma basada en Nueva York,\u00a0<b>The Row<\/b>, que profesa una extra\u00f1a pero emocionante est\u00e9tica sartorial, minimalista y bohemia a la vez, ahora las gemelas que iniciaron su carrera como actrices de Hollywood est\u00e1n por presentar su primera colecci\u00f3n\u00a0<i>menswear<\/i>.<\/p>\n<p>El anuncio en la\u00a0cuenta oficial de la firma en Instagram, viene acompa\u00f1ado de una entrevista con\u00a0<a href=\"https:\/\/www.wsj.com\/articles\/mary-kate-and-ashley-olsens-the-row-launches-menswear-1535371228\" target=\"_blank\" rel=\"noopener\" target=\"_blank\"><i>WSJ Magazine<\/i><\/a>\u00a0en donde las gemelas comentan que les tom\u00f3 dos a\u00f1os conjugar la idea que finalmente ser\u00e1 presentada ante su clientela.<\/p>\n<blockquote class=\"instagram-media\" style=\"background: #FFF; border: 0; border-radius: 3px; box-shadow: 0 0 1px 0 rgba(0,0,0,0.5),0 1px 10px 0 rgba(0,0,0,0.15); margin: 1px; max-width: 540px; min-width: 326px; padding: 0; width: calc(100% - 2px);\" data-instgrm-captioned=\"\" data-instgrm-permalink=\"https:\/\/www.instagram.com\/p\/Bm-0b3THHgb\/?utm_source=ig_embed\" data-instgrm-version=\"9\">\n<div style=\"padding: 8px;\">\n<div style=\"background: #F8F8F8; line-height: 0; margin-top: 40px; padding: 50.0% 0; text-align: center; width: 100%;\"><\/div>\n<p style=\"margin: 8px 0 0 0; padding: 0 4px;\"><a href=\"https:\/\/www.instagram.com\/p\/Bm-0b3THHgb\/?utm_source=ig_embed\"style=\"color: #000; font-family: Arial,sans-serif; font-size: 14px; font-style: normal; font-weight: normal; line-height: 17px; text-decoration: none; word-wrap: break-word;\"  target=\"_blank\" rel=\"noopener\" target=\"_blank\">Fall 2018 Menswear Collection<\/a><\/p>\n<p style=\"color: #c9c8cd; font-family: Arial,sans-serif; font-size: 14px; line-height: 17px; margin-bottom: 0; margin-top: 8px; overflow: hidden; padding: 8px 0 7px; text-align: center; text-overflow: ellipsis; white-space: nowrap;\">Una publicaci\u00f3n compartida de <a href=\"https:\/\/www.instagram.com\/therow\/?utm_source=ig_embed\"style=\"color: #c9c8cd; font-family: Arial,sans-serif; font-size: 14px; font-style: normal; font-weight: normal; line-height: 17px;\"  target=\"_blank\" rel=\"noopener\" target=\"_blank\"> The Row<\/a> (@therow) el <time style=\"font-family: Arial,sans-serif; font-size: 14px; line-height: 17px;\" datetime=\"2018-08-27T12:00:19+00:00\">27 Ago, 2018 a las 5:00 PDT<\/time><\/p>\n<\/div>\n<\/blockquote>\n<p><script async defer src=\"\/\/www.instagram.com\/embed.js\"><\/script><\/p>\n<p>De acuerdo a\u00a0<a href=\"http:\/\/www.papermag.com\/the-row-menswear-2599506694.html?rebelltitem=3#rebelltitem3\" target=\"_blank\" rel=\"noopener\" target=\"_blank\"><i>Paper<\/i><\/a>, la colecci\u00f3n en cuesti\u00f3n estar\u00e1 enfocada en prendas frescas con la misma l\u00ednea que las ha catapultado como dise\u00f1adoras reconocidas en el espectro de la moda \u2014cortes limpios, siluetas rectas con poco volumen y con una calidad inigualable\u2014.<\/p>\n<p>La nueva l\u00ednea\u00a0<i>menswear<\/i>\u00a0para la temporada\u00a0<i>AW18<\/i>, saldr\u00e1 a la venta el pr\u00f3ximo octubre y promete agradar tanto a hombres como a mujeres \u2014ya sabes, esa idea andr\u00f3gina siempre ha sido parte de la esencia de <em>The Row<\/em>\u2014.<\/p>\n<p><em>Fotos: Getty Images<\/em><\/p>\n","protected":false},"author":24470,"featured_media":0,"template":"","format":"standard","categories":[1],"acf":[],"yoast_head":"<!-- This site is optimized with the Yoast SEO Premium plugin v18.5 (Yoast SEO v20.4) - https:\/\/yoast.com\/wordpress\/plugins\/seo\/ -->\n<title>Mary-Kate y Ashley Olsen ahora dise\u00f1an para hombres | Grazia<\/title>\n<meta name=\"description\" content=\"The Row presentar\u00e1 su primera campa\u00f1a masculina.\" \/>\n<meta name=\"robots\" content=\"index, follow, max-snippet:-1, max-image-preview:large, max-video-preview:-1\" \/>\n<link rel=\"canonical\" href=\"https:\/\/graziamagazine.com\/es\/articles\/mary-kate-y-ashley-olsen-ahora-disenan-para-hombres\/\" \/>\n<meta property=\"og:locale\" content=\"es_ES\" \/>\n<meta property=\"og:type\" content=\"article\" \/>\n<meta property=\"og:title\" content=\"Mary-Kate y Ashley Olsen ahora dise\u00f1an para hombres\" \/>\n<meta property=\"og:description\" content=\"The Row presentar\u00e1 su primera campa\u00f1a masculina.\" \/>\n<meta property=\"og:url\" content=\"https:\/\/graziamagazine.com\/es\/articles\/mary-kate-y-ashley-olsen-ahora-disenan-para-hombres\/\" \/>\n<meta property=\"og:site_name\" content=\"Grazia\" \/>\n<meta property=\"article:modified_time\" content=\"2018-08-28T13:41:37+00:00\" \/>\n<meta property=\"og:image\" content=\"https:\/\/graziamagazine.com\/es\/wp-content\/uploads\/sites\/12\/2018\/08\/celebridades_que_se_han_practicado_la_operacion_de_bichectomia_931540212_2699x1800.jpg?fit=2699%2C1800\" \/>\n\t<meta property=\"og:image:width\" content=\"2699\" \/>\n\t<meta property=\"og:image:height\" content=\"1800\" \/>\n\t<meta property=\"og:image:type\" content=\"image\/jpeg\" \/>\n<meta name=\"twitter:card\" content=\"summary_large_image\" \/>\n<meta name=\"twitter:image\" content=\"http:\/\/s3-eu-west-1.amazonaws.com\/grazia-cdn\/wp-content\/uploads\/sites\/12\/2018\/08\/celebridades_que_se_han_practicado_la_operacion_de_bichectomia_931540212_2699x1800.jpg\" \/>\n<meta name=\"twitter:label1\" content=\"Est. reading time\" \/>\n\t<meta name=\"twitter:data1\" content=\"1 minuto\" \/>\n<script type=\"application\/ld+json\" class=\"yoast-schema-graph\">{\"@context\":\"https:\/\/schema.org\",\"@graph\":[{\"@type\":\"WebPage\",\"@id\":\"https:\/\/graziamagazine.com\/es\/articles\/mary-kate-y-ashley-olsen-ahora-disenan-para-hombres\/\",\"url\":\"https:\/\/graziamagazine.com\/es\/articles\/mary-kate-y-ashley-olsen-ahora-disenan-para-hombres\/\",\"name\":\"Mary-Kate y Ashley Olsen ahora dise\u00f1an para hombres | Grazia\",\"isPartOf\":{\"@id\":\"https:\/\/graziamagazine.com\/es\/#website\"},\"datePublished\":\"2018-08-28T13:41:33+00:00\",\"dateModified\":\"2018-08-28T13:41:37+00:00\",\"description\":\"The Row presentar\u00e1 su primera campa\u00f1a masculina.\",\"breadcrumb\":{\"@id\":\"https:\/\/graziamagazine.com\/es\/articles\/mary-kate-y-ashley-olsen-ahora-disenan-para-hombres\/#breadcrumb\"},\"inLanguage\":\"es\",\"potentialAction\":[{\"@type\":\"ReadAction\",\"target\":[\"https:\/\/graziamagazine.com\/es\/articles\/mary-kate-y-ashley-olsen-ahora-disenan-para-hombres\/\"]}]},{\"@type\":\"BreadcrumbList\",\"@id\":\"https:\/\/graziamagazine.com\/es\/articles\/mary-kate-y-ashley-olsen-ahora-disenan-para-hombres\/#breadcrumb\",\"itemListElement\":[{\"@type\":\"ListItem\",\"position\":1,\"name\":\"Portada\",\"item\":\"https:\/\/graziamagazine.com\/es\/\"},{\"@type\":\"ListItem\",\"position\":2,\"name\":\"Mary-Kate y Ashley Olsen ahora dise\u00f1an para hombres\"}]},{\"@type\":\"WebSite\",\"@id\":\"https:\/\/graziamagazine.com\/es\/#website\",\"url\":\"https:\/\/graziamagazine.com\/es\/\",\"name\":\"Grazia\",\"description\":\"Moda, belleza, celebrities, estilo de vida...\",\"potentialAction\":[{\"@type\":\"SearchAction\",\"target\":{\"@type\":\"EntryPoint\",\"urlTemplate\":\"https:\/\/graziamagazine.com\/es\/?s={search_term_string}\"},\"query-input\":\"required name=search_term_string\"}],\"inLanguage\":\"es\"}]}<\/script>\n<!-- \/ Yoast SEO Premium plugin. -->","yoast_head_json":{"title":"Mary-Kate y Ashley Olsen ahora dise\u00f1an para hombres | Grazia","description":"The Row presentar\u00e1 su primera campa\u00f1a masculina.","robots":{"index":"index","follow":"follow","max-snippet":"max-snippet:-1","max-image-preview":"max-image-preview:large","max-video-preview":"max-video-preview:-1"},"canonical":"https:\/\/graziamagazine.com\/es\/articles\/mary-kate-y-ashley-olsen-ahora-disenan-para-hombres\/","og_locale":"es_ES","og_type":"article","og_title":"Mary-Kate y Ashley Olsen ahora dise\u00f1an para hombres","og_description":"The Row presentar\u00e1 su primera campa\u00f1a masculina.","og_url":"https:\/\/graziamagazine.com\/es\/articles\/mary-kate-y-ashley-olsen-ahora-disenan-para-hombres\/","og_site_name":"Grazia","article_modified_time":"2018-08-28T13:41:37+00:00","og_image":[{"width":2699,"height":1800,"url":"https:\/\/graziamagazine.com\/es\/wp-content\/uploads\/sites\/12\/2018\/08\/celebridades_que_se_han_practicado_la_operacion_de_bichectomia_931540212_2699x1800.jpg?fit=2699%2C1800","type":"image\/jpeg"}],"twitter_card":"summary_large_image","twitter_image":"http:\/\/s3-eu-west-1.amazonaws.com\/grazia-cdn\/wp-content\/uploads\/sites\/12\/2018\/08\/celebridades_que_se_han_practicado_la_operacion_de_bichectomia_931540212_2699x1800.jpg","twitter_misc":{"Est. reading time":"1 minuto"},"schema":{"@context":"https:\/\/schema.org","@graph":[{"@type":"WebPage","@id":"https:\/\/graziamagazine.com\/es\/articles\/mary-kate-y-ashley-olsen-ahora-disenan-para-hombres\/","url":"https:\/\/graziamagazine.com\/es\/articles\/mary-kate-y-ashley-olsen-ahora-disenan-para-hombres\/","name":"Mary-Kate y Ashley Olsen ahora dise\u00f1an para hombres | Grazia","isPartOf":{"@id":"https:\/\/graziamagazine.com\/es\/#website"},"datePublished":"2018-08-28T13:41:33+00:00","dateModified":"2018-08-28T13:41:37+00:00","description":"The Row presentar\u00e1 su primera campa\u00f1a masculina.","breadcrumb":{"@id":"https:\/\/graziamagazine.com\/es\/articles\/mary-kate-y-ashley-olsen-ahora-disenan-para-hombres\/#breadcrumb"},"inLanguage":"es","potentialAction":[{"@type":"ReadAction","target":["https:\/\/graziamagazine.com\/es\/articles\/mary-kate-y-ashley-olsen-ahora-disenan-para-hombres\/"]}]},{"@type":"BreadcrumbList","@id":"https:\/\/graziamagazine.com\/es\/articles\/mary-kate-y-ashley-olsen-ahora-disenan-para-hombres\/#breadcrumb","itemListElement":[{"@type":"ListItem","position":1,"name":"Portada","item":"https:\/\/graziamagazine.com\/es\/"},{"@type":"ListItem","position":2,"name":"Mary-Kate y Ashley Olsen ahora dise\u00f1an para hombres"}]},{"@type":"WebSite","@id":"https:\/\/graziamagazine.com\/es\/#website","url":"https:\/\/graziamagazine.com\/es\/","name":"Grazia","description":"Moda, belleza, celebrities, estilo de vida...","potentialAction":[{"@type":"SearchAction","target":{"@type":"EntryPoint","urlTemplate":"https:\/\/graziamagazine.com\/es\/?s={search_term_string}"},"query-input":"required name=search_term_string"}],"inLanguage":"es"}]}},"jetpack_sharing_enabled":true,"distributor_meta":false,"distributor_terms":false,"distributor_media":false,"distributor_original_site_name":"Grazia","distributor_original_site_url":"https:\/\/graziamagazine.com\/es","push-errors":false,"_links":{"self":[{"href":"https:\/\/graziamagazine.com\/es\/wp-json\/wp\/v2\/articles\/140196"}],"collection":[{"href":"https:\/\/graziamagazine.com\/es\/wp-json\/wp\/v2\/articles"}],"about":[{"href":"https:\/\/graziamagazine.com\/es\/wp-json\/wp\/v2\/types\/articles"}],"author":[{"embeddable":true,"href":"https:\/\/graziamagazine.com\/es\/wp-json\/wp\/v2\/users\/24470"}],"wp:attachment":[{"href":"https:\/\/graziamagazine.com\/es\/wp-json\/wp\/v2\/media?parent=140196"}],"wp:term":[{"taxonomy":"category","embeddable":true,"href":"https:\/\/graziamagazine.com\/es\/wp-json\/wp\/v2\/categories?post=140196"}],"curies":[{"name":"wp","href":"https:\/\/api.w.org\/{rel}","templated":true}]}}