{"id":139846,"date":"2018-08-17T16:32:29","date_gmt":"2018-08-17T14:32:29","guid":{"rendered":"https:\/\/graziamagazine.com\/es\/?p=139846"},"modified":"2018-08-17T16:32:31","modified_gmt":"2018-08-17T14:32:31","slug":"el-bikini-de-selena-gomez-con-el-que-deja-muy-poco-a-la-imaginacion","status":"publish","type":"articles","link":"https:\/\/graziamagazine.com\/es\/articles\/el-bikini-de-selena-gomez-con-el-que-deja-muy-poco-a-la-imaginacion\/","title":{"rendered":"El bikini de Selena Gomez con el que deja muy poco a la imaginaci\u00f3n"},"content":{"rendered":"<p><strong>Selena Gomez<\/strong> comparti\u00f3 fotos de sus vacaciones en las que se la ve pas\u00e1ndoselo pipa en compa\u00f1\u00eda de sus amigos, sobre la cubierta de un\u00a0yate y con un sugerente bikini que dejaba poco (muy poco) a la imaginaci\u00f3n.<\/p>\n<blockquote class=\"instagram-media\" style=\"background: #FFF; border: 0; border-radius: 3px; box-shadow: 0 0 1px 0 rgba(0,0,0,0.5),0 1px 10px 0 rgba(0,0,0,0.15); margin: 1px; max-width: 540px; min-width: 326px; padding: 0; width: calc(100% - 2px);\" data-instgrm-permalink=\"https:\/\/www.instagram.com\/p\/BmhPirfAIhm\/?utm_source=ig_embed\" data-instgrm-version=\"9\">\n<div style=\"padding: 8px;\">\n<div style=\"background: #F8F8F8; line-height: 0; margin-top: 40px; padding: 50% 0; text-align: center; width: 100%;\"><\/div>\n<p style=\"color: #c9c8cd; font-family: Arial,sans-serif; font-size: 14px; line-height: 17px; margin-bottom: 0; margin-top: 8px; overflow: hidden; padding: 8px 0 7px; text-align: center; text-overflow: ellipsis; white-space: nowrap;\"><a href=\"https:\/\/www.instagram.com\/p\/BmhPirfAIhm\/?utm_source=ig_embed\"style=\"color: #c9c8cd; font-family: Arial,sans-serif; font-size: 14px; font-style: normal; font-weight: normal; line-height: 17px; text-decoration: none;\"  target=\"_blank\" rel=\"noopener\" target=\"_blank\">Una publicaci\u00f3n compartida de Selena Gomez (@selenagomez)<\/a> el <time style=\"font-family: Arial,sans-serif; font-size: 14px; line-height: 17px;\" datetime=\"2018-08-16T00:19:58+00:00\">15 Ago, 2018 a las 5:19 PDT<\/time><\/p>\n<\/div>\n<\/blockquote>\n<p><script async defer src=\"\/\/www.instagram.com\/embed.js\"><\/script><\/p>\n<p>Por el estilo noventero del bikini, su pelo al natural con flequillo rizado y grandes aros dorados, se nota el <em>mood<\/em> latino muy al estilo de la\u00a0<strong>Jennifer Lopez<\/strong> de los a\u00f1os noventa que eligi\u00f3 <strong>Selena Gomez<\/strong> para su <em>look.<\/em><\/p>\n<blockquote class=\"instagram-media\" style=\"background: #FFF; border: 0; border-radius: 3px; box-shadow: 0 0 1px 0 rgba(0,0,0,0.5),0 1px 10px 0 rgba(0,0,0,0.15); margin: 1px; max-width: 540px; min-width: 326px; padding: 0; width: calc(100% - 2px);\" data-instgrm-captioned=\"\" data-instgrm-permalink=\"https:\/\/www.instagram.com\/p\/BmjlcPtnE8F\/?utm_source=ig_embed\" data-instgrm-version=\"9\">\n<div style=\"padding: 8px;\">\n<div style=\"background: #F8F8F8; line-height: 0; margin-top: 40px; padding: 50.0% 0; text-align: center; width: 100%;\"><\/div>\n<p style=\"margin: 8px 0 0 0; padding: 0 4px;\"><a href=\"https:\/\/www.instagram.com\/p\/BmjlcPtnE8F\/?utm_source=ig_embed\"style=\"color: #000; font-family: Arial,sans-serif; font-size: 14px; font-style: normal; font-weight: normal; line-height: 17px; text-decoration: none; word-wrap: break-word;\"  target=\"_blank\" rel=\"noopener\" target=\"_blank\">\ud83d\udd25 @selenagomez con su amiga @tmarie247 \ud83d\udc59\ud83d\ude0b\ud83d\udca6<\/a><\/p>\n<p style=\"color: #c9c8cd; font-family: Arial,sans-serif; font-size: 14px; line-height: 17px; margin-bottom: 0; margin-top: 8px; overflow: hidden; padding: 8px 0 7px; text-align: center; text-overflow: ellipsis; white-space: nowrap;\">Una publicaci\u00f3n compartida de <a href=\"https:\/\/www.instagram.com\/elgordoylaflaca\/?utm_source=ig_embed\"style=\"color: #c9c8cd; font-family: Arial,sans-serif; font-size: 14px; font-style: normal; font-weight: normal; line-height: 17px;\"  target=\"_blank\" rel=\"noopener\" target=\"_blank\"> ElGordoyLaFlaca<\/a> (@elgordoylaflaca) el <time style=\"font-family: Arial,sans-serif; font-size: 14px; line-height: 17px;\" datetime=\"2018-08-16T22:09:48+00:00\">16 Ago, 2018 a las 3:09 PDT<\/time><\/p>\n<\/div>\n<\/blockquote>\n<p><script async defer src=\"\/\/www.instagram.com\/embed.js\"><\/script><\/p>\n<p>Estas publicaciones en Instagram de la int\u00e9rprete de <em>Back To You<\/em> ya tiene m\u00e1s de 7 millones de likes y m\u00e1s de 80 mil comentarios, lo que parece indicar que este nuevo look les ha encantado a sus seguidores. Claro que no podemos asegurar que haya sido por el look y no por el bikini.<\/p>\n<p>\u00bfHabr\u00e1 pensado tambi\u00e9n en hacer un <em>remake<\/em> del sencillo <em>No me ames<\/em> para <strong>Justin Bieber<\/strong>?<\/p>\n<p>Mientras tanto, su cada vez menos soltero exnovio ha hecho uso de su cuenta de Instagram para presentar una noticia que, aunque apuntaba maneras, <a href=\"https:\/\/graziamagazine.com\/es\/celebs\/se-casa-justin-bieber\/\">no ha logrado superar la atenci\u00f3n medi\u00e1tica de su compromiso con <strong>Hailey Baldwin<\/strong><\/a>. \u00bfSabes de que se trata? No, no es un nuevo proyecto musical ni mucho menos. El int\u00e9rprete de <em>Love yourself<\/em> ha compartido con sus m\u00e1s de 100 millones de seguidores la foto de su nueva hermanita, <strong>Bay Bieber<\/strong>, \u00bfa qu\u00e9 es una monada?<\/p>\n<blockquote class=\"instagram-media\" style=\"background: #FFF; border: 0; border-radius: 3px; box-shadow: 0 0 1px 0 rgba(0,0,0,0.5),0 1px 10px 0 rgba(0,0,0,0.15); margin: 1px; max-width: 540px; min-width: 326px; padding: 0; width: calc(100% - 2px);\" data-instgrm-captioned=\"\" data-instgrm-permalink=\"https:\/\/www.instagram.com\/p\/Bmi0B0ehGjN\/?utm_source=ig_embed\" data-instgrm-version=\"9\">\n<div style=\"padding: 8px;\">\n<div style=\"background: #F8F8F8; line-height: 0; margin-top: 40px; padding: 50.0% 0; text-align: center; width: 100%;\"><\/div>\n<p style=\"margin: 8px 0 0 0; padding: 0 4px;\"><a href=\"https:\/\/www.instagram.com\/p\/Bmi0B0ehGjN\/?utm_source=ig_embed\"style=\"color: #000; font-family: Arial,sans-serif; font-size: 14px; font-style: normal; font-weight: normal; line-height: 17px; text-decoration: none; word-wrap: break-word;\"  target=\"_blank\" rel=\"noopener\" target=\"_blank\">Meet the newest bieber, my little sister BAY BIEBER<\/a><\/p>\n<p style=\"color: #c9c8cd; font-family: Arial,sans-serif; font-size: 14px; line-height: 17px; margin-bottom: 0; margin-top: 8px; overflow: hidden; padding: 8px 0 7px; text-align: center; text-overflow: ellipsis; white-space: nowrap;\">Una publicaci\u00f3n compartida de <a href=\"https:\/\/www.instagram.com\/justinbieber\/?utm_source=ig_embed\"style=\"color: #c9c8cd; font-family: Arial,sans-serif; font-size: 14px; font-style: normal; font-weight: normal; line-height: 17px;\"  target=\"_blank\" rel=\"noopener\" target=\"_blank\"> Justin Bieber<\/a> (@justinbieber) el <time style=\"font-family: Arial,sans-serif; font-size: 14px; line-height: 17px;\" datetime=\"2018-08-16T14:58:02+00:00\">16 Ago, 2018 a las 7:58 PDT<\/time><\/p>\n<\/div>\n<\/blockquote>\n<p><script async defer src=\"\/\/www.instagram.com\/embed.js\"><\/script><\/p>\n<p><em>Fotos: Getty Images<\/em><\/p>\n","protected":false},"author":11623,"featured_media":0,"template":"","format":"standard","categories":[13],"acf":[],"yoast_head":"<!-- This site is optimized with the Yoast SEO Premium plugin v18.5 (Yoast SEO v20.4) - https:\/\/yoast.com\/wordpress\/plugins\/seo\/ -->\n<title>El bikini de Selena Gomez con el que deja muy poco a la imaginaci\u00f3n | Grazia<\/title>\n<meta name=\"description\" content=\"Selena Gomez comparti\u00f3 fotos de sus vacaciones en las que se la ve pas\u00e1ndoselo pipa en compa\u00f1\u00eda de sus amigos, sobre la cubierta de un\u00a0yate y con un\" \/>\n<meta name=\"robots\" content=\"index, follow, max-snippet:-1, max-image-preview:large, max-video-preview:-1\" \/>\n<link rel=\"canonical\" href=\"https:\/\/graziamagazine.com\/es\/articles\/el-bikini-de-selena-gomez-con-el-que-deja-muy-poco-a-la-imaginacion\/\" \/>\n<meta property=\"og:locale\" content=\"es_ES\" \/>\n<meta property=\"og:type\" content=\"article\" \/>\n<meta property=\"og:title\" content=\"El bikini de Selena Gomez con el que deja muy poco a la imaginaci\u00f3n\" \/>\n<meta property=\"og:description\" content=\"Selena Gomez comparti\u00f3 fotos de sus vacaciones en las que se la ve pas\u00e1ndoselo pipa en compa\u00f1\u00eda de sus amigos, sobre la cubierta de un\u00a0yate y con un\" \/>\n<meta property=\"og:url\" content=\"https:\/\/graziamagazine.com\/es\/articles\/el-bikini-de-selena-gomez-con-el-que-deja-muy-poco-a-la-imaginacion\/\" \/>\n<meta property=\"og:site_name\" content=\"Grazia\" \/>\n<meta property=\"article:modified_time\" content=\"2018-08-17T14:32:31+00:00\" \/>\n<meta property=\"og:image\" content=\"https:\/\/graziamagazine.com\/es\/wp-content\/uploads\/sites\/12\/2018\/08\/SELENA2.jpg?fit=800%2C568\" \/>\n\t<meta property=\"og:image:width\" content=\"800\" \/>\n\t<meta property=\"og:image:height\" content=\"568\" \/>\n\t<meta property=\"og:image:type\" content=\"image\/jpeg\" \/>\n<meta name=\"twitter:card\" content=\"summary_large_image\" \/>\n<meta name=\"twitter:image\" content=\"http:\/\/s3-eu-west-1.amazonaws.com\/grazia-cdn\/wp-content\/uploads\/sites\/12\/2018\/08\/SELENA2.jpg\" \/>\n<meta name=\"twitter:label1\" content=\"Est. reading time\" \/>\n\t<meta name=\"twitter:data1\" content=\"1 minuto\" \/>\n<script type=\"application\/ld+json\" class=\"yoast-schema-graph\">{\"@context\":\"https:\/\/schema.org\",\"@graph\":[{\"@type\":\"WebPage\",\"@id\":\"https:\/\/graziamagazine.com\/es\/articles\/el-bikini-de-selena-gomez-con-el-que-deja-muy-poco-a-la-imaginacion\/\",\"url\":\"https:\/\/graziamagazine.com\/es\/articles\/el-bikini-de-selena-gomez-con-el-que-deja-muy-poco-a-la-imaginacion\/\",\"name\":\"El bikini de Selena Gomez con el que deja muy poco a la imaginaci\u00f3n | Grazia\",\"isPartOf\":{\"@id\":\"https:\/\/graziamagazine.com\/es\/#website\"},\"datePublished\":\"2018-08-17T14:32:29+00:00\",\"dateModified\":\"2018-08-17T14:32:31+00:00\",\"description\":\"Selena Gomez comparti\u00f3 fotos de sus vacaciones en las que se la ve pas\u00e1ndoselo pipa en compa\u00f1\u00eda de sus amigos, sobre la cubierta de un\u00a0yate y con un\",\"breadcrumb\":{\"@id\":\"https:\/\/graziamagazine.com\/es\/articles\/el-bikini-de-selena-gomez-con-el-que-deja-muy-poco-a-la-imaginacion\/#breadcrumb\"},\"inLanguage\":\"es\",\"potentialAction\":[{\"@type\":\"ReadAction\",\"target\":[\"https:\/\/graziamagazine.com\/es\/articles\/el-bikini-de-selena-gomez-con-el-que-deja-muy-poco-a-la-imaginacion\/\"]}]},{\"@type\":\"BreadcrumbList\",\"@id\":\"https:\/\/graziamagazine.com\/es\/articles\/el-bikini-de-selena-gomez-con-el-que-deja-muy-poco-a-la-imaginacion\/#breadcrumb\",\"itemListElement\":[{\"@type\":\"ListItem\",\"position\":1,\"name\":\"Portada\",\"item\":\"https:\/\/graziamagazine.com\/es\/\"},{\"@type\":\"ListItem\",\"position\":2,\"name\":\"El bikini de Selena Gomez con el que deja muy poco a la imaginaci\u00f3n\"}]},{\"@type\":\"WebSite\",\"@id\":\"https:\/\/graziamagazine.com\/es\/#website\",\"url\":\"https:\/\/graziamagazine.com\/es\/\",\"name\":\"Grazia\",\"description\":\"Moda, belleza, celebrities, estilo de vida...\",\"potentialAction\":[{\"@type\":\"SearchAction\",\"target\":{\"@type\":\"EntryPoint\",\"urlTemplate\":\"https:\/\/graziamagazine.com\/es\/?s={search_term_string}\"},\"query-input\":\"required name=search_term_string\"}],\"inLanguage\":\"es\"}]}<\/script>\n<!-- \/ Yoast SEO Premium plugin. -->","yoast_head_json":{"title":"El bikini de Selena Gomez con el que deja muy poco a la imaginaci\u00f3n | Grazia","description":"Selena Gomez comparti\u00f3 fotos de sus vacaciones en las que se la ve pas\u00e1ndoselo pipa en compa\u00f1\u00eda de sus amigos, sobre la cubierta de un\u00a0yate y con un","robots":{"index":"index","follow":"follow","max-snippet":"max-snippet:-1","max-image-preview":"max-image-preview:large","max-video-preview":"max-video-preview:-1"},"canonical":"https:\/\/graziamagazine.com\/es\/articles\/el-bikini-de-selena-gomez-con-el-que-deja-muy-poco-a-la-imaginacion\/","og_locale":"es_ES","og_type":"article","og_title":"El bikini de Selena Gomez con el que deja muy poco a la imaginaci\u00f3n","og_description":"Selena Gomez comparti\u00f3 fotos de sus vacaciones en las que se la ve pas\u00e1ndoselo pipa en compa\u00f1\u00eda de sus amigos, sobre la cubierta de un\u00a0yate y con un","og_url":"https:\/\/graziamagazine.com\/es\/articles\/el-bikini-de-selena-gomez-con-el-que-deja-muy-poco-a-la-imaginacion\/","og_site_name":"Grazia","article_modified_time":"2018-08-17T14:32:31+00:00","og_image":[{"width":800,"height":568,"url":"https:\/\/graziamagazine.com\/es\/wp-content\/uploads\/sites\/12\/2018\/08\/SELENA2.jpg?fit=800%2C568","type":"image\/jpeg"}],"twitter_card":"summary_large_image","twitter_image":"http:\/\/s3-eu-west-1.amazonaws.com\/grazia-cdn\/wp-content\/uploads\/sites\/12\/2018\/08\/SELENA2.jpg","twitter_misc":{"Est. reading time":"1 minuto"},"schema":{"@context":"https:\/\/schema.org","@graph":[{"@type":"WebPage","@id":"https:\/\/graziamagazine.com\/es\/articles\/el-bikini-de-selena-gomez-con-el-que-deja-muy-poco-a-la-imaginacion\/","url":"https:\/\/graziamagazine.com\/es\/articles\/el-bikini-de-selena-gomez-con-el-que-deja-muy-poco-a-la-imaginacion\/","name":"El bikini de Selena Gomez con el que deja muy poco a la imaginaci\u00f3n | Grazia","isPartOf":{"@id":"https:\/\/graziamagazine.com\/es\/#website"},"datePublished":"2018-08-17T14:32:29+00:00","dateModified":"2018-08-17T14:32:31+00:00","description":"Selena Gomez comparti\u00f3 fotos de sus vacaciones en las que se la ve pas\u00e1ndoselo pipa en compa\u00f1\u00eda de sus amigos, sobre la cubierta de un\u00a0yate y con un","breadcrumb":{"@id":"https:\/\/graziamagazine.com\/es\/articles\/el-bikini-de-selena-gomez-con-el-que-deja-muy-poco-a-la-imaginacion\/#breadcrumb"},"inLanguage":"es","potentialAction":[{"@type":"ReadAction","target":["https:\/\/graziamagazine.com\/es\/articles\/el-bikini-de-selena-gomez-con-el-que-deja-muy-poco-a-la-imaginacion\/"]}]},{"@type":"BreadcrumbList","@id":"https:\/\/graziamagazine.com\/es\/articles\/el-bikini-de-selena-gomez-con-el-que-deja-muy-poco-a-la-imaginacion\/#breadcrumb","itemListElement":[{"@type":"ListItem","position":1,"name":"Portada","item":"https:\/\/graziamagazine.com\/es\/"},{"@type":"ListItem","position":2,"name":"El bikini de Selena Gomez con el que deja muy poco a la imaginaci\u00f3n"}]},{"@type":"WebSite","@id":"https:\/\/graziamagazine.com\/es\/#website","url":"https:\/\/graziamagazine.com\/es\/","name":"Grazia","description":"Moda, belleza, celebrities, estilo de vida...","potentialAction":[{"@type":"SearchAction","target":{"@type":"EntryPoint","urlTemplate":"https:\/\/graziamagazine.com\/es\/?s={search_term_string}"},"query-input":"required name=search_term_string"}],"inLanguage":"es"}]}},"jetpack_sharing_enabled":true,"distributor_meta":false,"distributor_terms":false,"distributor_media":false,"distributor_original_site_name":"Grazia","distributor_original_site_url":"https:\/\/graziamagazine.com\/es","push-errors":false,"_links":{"self":[{"href":"https:\/\/graziamagazine.com\/es\/wp-json\/wp\/v2\/articles\/139846"}],"collection":[{"href":"https:\/\/graziamagazine.com\/es\/wp-json\/wp\/v2\/articles"}],"about":[{"href":"https:\/\/graziamagazine.com\/es\/wp-json\/wp\/v2\/types\/articles"}],"author":[{"embeddable":true,"href":"https:\/\/graziamagazine.com\/es\/wp-json\/wp\/v2\/users\/11623"}],"wp:attachment":[{"href":"https:\/\/graziamagazine.com\/es\/wp-json\/wp\/v2\/media?parent=139846"}],"wp:term":[{"taxonomy":"category","embeddable":true,"href":"https:\/\/graziamagazine.com\/es\/wp-json\/wp\/v2\/categories?post=139846"}],"curies":[{"name":"wp","href":"https:\/\/api.w.org\/{rel}","templated":true}]}}