{"id":138253,"date":"2018-07-18T15:53:15","date_gmt":"2018-07-18T13:53:15","guid":{"rendered":"https:\/\/graziamagazine.com\/es\/?p=138253"},"modified":"2018-07-18T15:59:27","modified_gmt":"2018-07-18T13:59:27","slug":"la-escapada-de-elsa-pataky-y-chris-hemsworth-en-san-sebastian","status":"publish","type":"articles","link":"https:\/\/graziamagazine.com\/es\/articles\/la-escapada-de-elsa-pataky-y-chris-hemsworth-en-san-sebastian\/","title":{"rendered":"La escapada de Elsa Pataky y Chris Hemsworth en San Sebasti\u00e1n"},"content":{"rendered":"<p>Parece que esta semana todos nuestros famosos se han puesto de acuerdo para hacer las maletas y colgar el \u201ccerrado por vacaciones\u201d. Ya te dijimos <a href=\"https:\/\/graziamagazine.com\/es\/celebs\/los-beckham-tambien-se-van-de-vacaciones\/\">d\u00f3nde estaban los <strong>Beckham<\/strong><\/a> o <strong>David\u00a0<\/strong><a href=\"https:\/\/graziamagazine.com\/es\/celebs\/de-gea-y-edurne-se-escapan-a-disney-despues-del-mundial\/\"><strong>De Gea<\/strong> y Edurne<\/a>, ahora le toca al turno a<strong> Chris Hemsworth<\/strong> y <strong>Elsa Pataky<\/strong>.<\/p>\n<p>La familia australiana m\u00e1s guapa ha elegido San Sebasti\u00e1n para pasar su verano, y de paso celebrar el 42 cumplea\u00f1os de la protagonista de <em>Ninette<\/em>, y desde ayer podemos ver a Elsa, Chris y sus peque\u00f1os (<strong>Trist\u00e1n, India Rose <\/strong>y<strong> Sasha<\/strong>) pasear por las calles de la ciudad.<\/p>\n<p>Tanto Elsa como Chris han logrado pasar casi desapercibidos y son muy pocos los que los reconocen y les piden sacarse una fotograf\u00eda. Y es que es gracias a los habitantes de San Sebasti\u00e1n que sabemos que est\u00e1n all\u00ed, porque la pareja no ha publicado nada todav\u00eda en sus redes sociales y eso que son muy asiduos a ellas.<\/p>\n<blockquote class=\"twitter-tweet\" data-lang=\"es\">\n<p dir=\"ltr\" lang=\"es\">.<a href=\"https:\/\/twitter.com\/chrishemsworth?ref_src=twsrc%5Etfw\" target=\"_blank\">@chrishemsworth<\/a> y <a href=\"https:\/\/twitter.com\/ElsaPataky_?ref_src=twsrc%5Etfw\" target=\"_blank\">@ElsaPataky_<\/a> est\u00e1n paseando por las calles de <a href=\"https:\/\/twitter.com\/hashtag\/Donostia?src=hash&amp;ref_src=twsrc%5Etfw\" target=\"_blank\">#Donostia<\/a>!! Adem\u00e1s planean reunirse con <a href=\"https:\/\/twitter.com\/hashtag\/MattDamon?src=hash&amp;ref_src=twsrc%5Etfw\" target=\"_blank\">#MattDamon<\/a> que llego ayer a <a href=\"https:\/\/twitter.com\/hashtag\/SanSebastian?src=hash&amp;ref_src=twsrc%5Etfw\" target=\"_blank\">#SanSebastian<\/a><\/p>\n<p>\u27a1\ufe0f<a href=\"https:\/\/t.co\/guQyvtnCAV\" target=\"_blank\">https:\/\/t.co\/guQyvtnCAV<\/a> <a href=\"https:\/\/t.co\/BW0gKqWRmz\" target=\"_blank\">pic.twitter.com\/BW0gKqWRmz<\/a><\/p>\n<p>\u2014 Donostia \/ San Sebasti\u00e1n Turismo (@SSTurismo) <a href=\"https:\/\/twitter.com\/SSTurismo\/status\/1019560686438043649?ref_src=twsrc%5Etfw\" target=\"_blank\">18 de julio de 2018<\/a><\/p><\/blockquote>\n<p><script async src=\"https:\/\/platform.twitter.com\/widgets.js\" charset=\"utf-8\"><\/script><\/p>\n<p>Lo que hemos podido averiguar es que Elsa y Chris se reunir\u00e1n con otro actor de los grandes (el verano pasado se vieron en M\u00f3naco), <strong>Matt Damon<\/strong>, porque ayer mismo Matt tambi\u00e9n fue visto en el aeropuerto de la ciudad vasca.<\/p>\n<p>Y, \u00bfpor qu\u00e9 San Sebasti\u00e1n? Bueno, adem\u00e1s de ser una ciudad preciosa, el lugar es de los mejores para hacer surf as\u00ed que imaginamos que tanto <strong>Chris Hemsworth<\/strong> como Matt Damon se mueren por probar las olas del norte de Espa\u00f1a.<\/p>\n<p><em>Fotos: Getty Images<\/em><\/p>\n<p>&nbsp;<\/p>\n<p>&nbsp;<\/p>\n","protected":false},"author":11650,"featured_media":0,"template":"","format":"standard","categories":[13],"acf":[],"yoast_head":"<!-- This site is optimized with the Yoast SEO Premium plugin v18.5 (Yoast SEO v20.4) - https:\/\/yoast.com\/wordpress\/plugins\/seo\/ -->\n<title>La escapada de Elsa Pataky y Chris Hemsworth en San Sebasti\u00e1n | Grazia<\/title>\n<meta name=\"description\" content=\"La pareja aprovech\u00f3 el viaje para celebrar el 42 cumplea\u00f1os de la actriz.\" \/>\n<meta name=\"robots\" content=\"index, follow, max-snippet:-1, max-image-preview:large, max-video-preview:-1\" \/>\n<link rel=\"canonical\" href=\"https:\/\/graziamagazine.com\/es\/articles\/la-escapada-de-elsa-pataky-y-chris-hemsworth-en-san-sebastian\/\" \/>\n<meta property=\"og:locale\" content=\"es_ES\" \/>\n<meta property=\"og:type\" content=\"article\" \/>\n<meta property=\"og:title\" content=\"La escapada de Elsa Pataky y Chris Hemsworth en San Sebasti\u00e1n\" \/>\n<meta property=\"og:description\" content=\"La pareja aprovech\u00f3 el viaje para celebrar el 42 cumplea\u00f1os de la actriz.\" \/>\n<meta property=\"og:url\" content=\"https:\/\/graziamagazine.com\/es\/articles\/la-escapada-de-elsa-pataky-y-chris-hemsworth-en-san-sebastian\/\" \/>\n<meta property=\"og:site_name\" content=\"Grazia\" \/>\n<meta property=\"article:modified_time\" content=\"2018-07-18T13:59:27+00:00\" \/>\n<meta property=\"og:image\" content=\"https:\/\/graziamagazine.com\/es\/wp-content\/uploads\/sites\/12\/2018\/07\/1502617025-gettyimages-469663478.jpg?fit=3000%2C2731\" \/>\n\t<meta property=\"og:image:width\" content=\"3000\" \/>\n\t<meta property=\"og:image:height\" content=\"2731\" \/>\n\t<meta property=\"og:image:type\" content=\"image\/jpeg\" \/>\n<meta name=\"twitter:card\" content=\"summary_large_image\" \/>\n<meta name=\"twitter:image\" content=\"http:\/\/s3-eu-west-1.amazonaws.com\/grazia-cdn\/wp-content\/uploads\/sites\/12\/2018\/07\/1502617025-gettyimages-469663478.jpg\" \/>\n<meta name=\"twitter:label1\" content=\"Est. reading time\" \/>\n\t<meta name=\"twitter:data1\" content=\"1 minuto\" \/>\n<script type=\"application\/ld+json\" class=\"yoast-schema-graph\">{\"@context\":\"https:\/\/schema.org\",\"@graph\":[{\"@type\":\"WebPage\",\"@id\":\"https:\/\/graziamagazine.com\/es\/articles\/la-escapada-de-elsa-pataky-y-chris-hemsworth-en-san-sebastian\/\",\"url\":\"https:\/\/graziamagazine.com\/es\/articles\/la-escapada-de-elsa-pataky-y-chris-hemsworth-en-san-sebastian\/\",\"name\":\"La escapada de Elsa Pataky y Chris Hemsworth en San Sebasti\u00e1n | Grazia\",\"isPartOf\":{\"@id\":\"https:\/\/graziamagazine.com\/es\/#website\"},\"datePublished\":\"2018-07-18T13:53:15+00:00\",\"dateModified\":\"2018-07-18T13:59:27+00:00\",\"description\":\"La pareja aprovech\u00f3 el viaje para celebrar el 42 cumplea\u00f1os de la actriz.\",\"breadcrumb\":{\"@id\":\"https:\/\/graziamagazine.com\/es\/articles\/la-escapada-de-elsa-pataky-y-chris-hemsworth-en-san-sebastian\/#breadcrumb\"},\"inLanguage\":\"es\",\"potentialAction\":[{\"@type\":\"ReadAction\",\"target\":[\"https:\/\/graziamagazine.com\/es\/articles\/la-escapada-de-elsa-pataky-y-chris-hemsworth-en-san-sebastian\/\"]}]},{\"@type\":\"BreadcrumbList\",\"@id\":\"https:\/\/graziamagazine.com\/es\/articles\/la-escapada-de-elsa-pataky-y-chris-hemsworth-en-san-sebastian\/#breadcrumb\",\"itemListElement\":[{\"@type\":\"ListItem\",\"position\":1,\"name\":\"Portada\",\"item\":\"https:\/\/graziamagazine.com\/es\/\"},{\"@type\":\"ListItem\",\"position\":2,\"name\":\"La escapada de Elsa Pataky y Chris Hemsworth en San Sebasti\u00e1n\"}]},{\"@type\":\"WebSite\",\"@id\":\"https:\/\/graziamagazine.com\/es\/#website\",\"url\":\"https:\/\/graziamagazine.com\/es\/\",\"name\":\"Grazia\",\"description\":\"Moda, belleza, celebrities, estilo de vida...\",\"potentialAction\":[{\"@type\":\"SearchAction\",\"target\":{\"@type\":\"EntryPoint\",\"urlTemplate\":\"https:\/\/graziamagazine.com\/es\/?s={search_term_string}\"},\"query-input\":\"required name=search_term_string\"}],\"inLanguage\":\"es\"}]}<\/script>\n<!-- \/ Yoast SEO Premium plugin. -->","yoast_head_json":{"title":"La escapada de Elsa Pataky y Chris Hemsworth en San Sebasti\u00e1n | Grazia","description":"La pareja aprovech\u00f3 el viaje para celebrar el 42 cumplea\u00f1os de la actriz.","robots":{"index":"index","follow":"follow","max-snippet":"max-snippet:-1","max-image-preview":"max-image-preview:large","max-video-preview":"max-video-preview:-1"},"canonical":"https:\/\/graziamagazine.com\/es\/articles\/la-escapada-de-elsa-pataky-y-chris-hemsworth-en-san-sebastian\/","og_locale":"es_ES","og_type":"article","og_title":"La escapada de Elsa Pataky y Chris Hemsworth en San Sebasti\u00e1n","og_description":"La pareja aprovech\u00f3 el viaje para celebrar el 42 cumplea\u00f1os de la actriz.","og_url":"https:\/\/graziamagazine.com\/es\/articles\/la-escapada-de-elsa-pataky-y-chris-hemsworth-en-san-sebastian\/","og_site_name":"Grazia","article_modified_time":"2018-07-18T13:59:27+00:00","og_image":[{"width":3000,"height":2731,"url":"https:\/\/graziamagazine.com\/es\/wp-content\/uploads\/sites\/12\/2018\/07\/1502617025-gettyimages-469663478.jpg?fit=3000%2C2731","type":"image\/jpeg"}],"twitter_card":"summary_large_image","twitter_image":"http:\/\/s3-eu-west-1.amazonaws.com\/grazia-cdn\/wp-content\/uploads\/sites\/12\/2018\/07\/1502617025-gettyimages-469663478.jpg","twitter_misc":{"Est. reading time":"1 minuto"},"schema":{"@context":"https:\/\/schema.org","@graph":[{"@type":"WebPage","@id":"https:\/\/graziamagazine.com\/es\/articles\/la-escapada-de-elsa-pataky-y-chris-hemsworth-en-san-sebastian\/","url":"https:\/\/graziamagazine.com\/es\/articles\/la-escapada-de-elsa-pataky-y-chris-hemsworth-en-san-sebastian\/","name":"La escapada de Elsa Pataky y Chris Hemsworth en San Sebasti\u00e1n | Grazia","isPartOf":{"@id":"https:\/\/graziamagazine.com\/es\/#website"},"datePublished":"2018-07-18T13:53:15+00:00","dateModified":"2018-07-18T13:59:27+00:00","description":"La pareja aprovech\u00f3 el viaje para celebrar el 42 cumplea\u00f1os de la actriz.","breadcrumb":{"@id":"https:\/\/graziamagazine.com\/es\/articles\/la-escapada-de-elsa-pataky-y-chris-hemsworth-en-san-sebastian\/#breadcrumb"},"inLanguage":"es","potentialAction":[{"@type":"ReadAction","target":["https:\/\/graziamagazine.com\/es\/articles\/la-escapada-de-elsa-pataky-y-chris-hemsworth-en-san-sebastian\/"]}]},{"@type":"BreadcrumbList","@id":"https:\/\/graziamagazine.com\/es\/articles\/la-escapada-de-elsa-pataky-y-chris-hemsworth-en-san-sebastian\/#breadcrumb","itemListElement":[{"@type":"ListItem","position":1,"name":"Portada","item":"https:\/\/graziamagazine.com\/es\/"},{"@type":"ListItem","position":2,"name":"La escapada de Elsa Pataky y Chris Hemsworth en San Sebasti\u00e1n"}]},{"@type":"WebSite","@id":"https:\/\/graziamagazine.com\/es\/#website","url":"https:\/\/graziamagazine.com\/es\/","name":"Grazia","description":"Moda, belleza, celebrities, estilo de vida...","potentialAction":[{"@type":"SearchAction","target":{"@type":"EntryPoint","urlTemplate":"https:\/\/graziamagazine.com\/es\/?s={search_term_string}"},"query-input":"required name=search_term_string"}],"inLanguage":"es"}]}},"jetpack_sharing_enabled":true,"distributor_meta":false,"distributor_terms":false,"distributor_media":false,"distributor_original_site_name":"Grazia","distributor_original_site_url":"https:\/\/graziamagazine.com\/es","push-errors":false,"_links":{"self":[{"href":"https:\/\/graziamagazine.com\/es\/wp-json\/wp\/v2\/articles\/138253"}],"collection":[{"href":"https:\/\/graziamagazine.com\/es\/wp-json\/wp\/v2\/articles"}],"about":[{"href":"https:\/\/graziamagazine.com\/es\/wp-json\/wp\/v2\/types\/articles"}],"author":[{"embeddable":true,"href":"https:\/\/graziamagazine.com\/es\/wp-json\/wp\/v2\/users\/11650"}],"wp:attachment":[{"href":"https:\/\/graziamagazine.com\/es\/wp-json\/wp\/v2\/media?parent=138253"}],"wp:term":[{"taxonomy":"category","embeddable":true,"href":"https:\/\/graziamagazine.com\/es\/wp-json\/wp\/v2\/categories?post=138253"}],"curies":[{"name":"wp","href":"https:\/\/api.w.org\/{rel}","templated":true}]}}