{"id":138208,"date":"2018-07-17T19:38:49","date_gmt":"2018-07-17T17:38:49","guid":{"rendered":"https:\/\/graziamagazine.com\/es\/?p=138208"},"modified":"2018-07-17T19:39:00","modified_gmt":"2018-07-17T17:39:00","slug":"el-arte-de-los-sombreros-y-como-combinarlos","status":"publish","type":"articles","link":"https:\/\/graziamagazine.com\/es\/articles\/el-arte-de-los-sombreros-y-como-combinarlos\/","title":{"rendered":"El arte de los sombreros y c\u00f3mo combinarlos"},"content":{"rendered":"<p>Saluda al accesorio del momento; as\u00ed es, nos referimos al sombrero en todas, absolutamente, todas sus presentaciones. Esta temporada, en especial, el accesorio es uno de los m\u00e1s codiciados. Quiz\u00e1 todo sea a ra\u00edz del\u00a0<i>best seller<\/i>\u00a0de <strong>Jacquemus<\/strong>, quien puso en el\u00a0<i>mainstream<\/i>\u00a0los\u00a0<i>straw hats<\/i>\u00a0XXL. O desde que el\u00a0<i>bucket hat<\/i>\u00a0hizo una aparici\u00f3n en las pasarelas de\u00a0<i>menswear<\/i>\u00a0y se propag\u00f3 como un accesorio andr\u00f3gino ultra\u00a0<i>cool<\/i>. Lo cierto es que llegan justo a tiempo para hacer su labor de cubrirte del sol mientras tomas tu\u00a0<i>Instagram-approved<\/i>\u00a0<i>selfie<\/i>.<\/p>\n<p>Con esta c\u00e1tedra, te damos los cuatro sombreros con los que no puedes dejar pasar el verano \u2014uno de ellos es perfectos para el entretiempo,\u00a0tambi\u00e9n conocido como\u00a0la transici\u00f3n de temporada\u2014.<\/p>\n<p><i>Straw hat<\/i><\/p>\n<p>Como antes mencionado, el\u00a0<i>best seller<\/i>\u00a0de Jacquemus inici\u00f3 una tendencia que poco a poco se ha ido apoderando de Instagram y de las pasarelas \u2014en especial de la \u00faltima entrega,\u00a0<i>Resort 2019<\/i>\u2014. Se trata del sombrero que el dise\u00f1ador trajo de regreso con su est\u00e9tica\u00a0<i>prairie<\/i>\u00a0francesa para\u00a0<i>SS18<\/i>\u00a0y luego replic\u00f3 en\u00a0<i>AW18<\/i>. En las \u00faltimas entregas, el desfile de <strong>Chanel, Dior<\/strong> y el\u00a0<i>lookbook<\/i>\u00a0de <strong>Carolina Herrera<\/strong> reafirmaron el poder de este con el sentido tropical que tanto so\u00f1amos para las vacaciones.<\/p>\n<p><img decoding=\"async\" class=\"alignnone size-large wp-image-53929\" src=\"http:\/\/grazia.mx\/wp-content\/uploads\/sites\/12\/2018\/07\/los-sombreros-que-debes-tener-para-un-verano-instagrameable-1-700x1050.jpg\" sizes=\"(max-width: 700px) 100vw, 700px\" srcset=\"http:\/\/grazia.mx\/wp-content\/uploads\/sites\/12\/2018\/07\/los-sombreros-que-debes-tener-para-un-verano-instagrameable-1-700x1050.jpg 700w, http:\/\/grazia.mx\/wp-content\/uploads\/sites\/12\/2018\/07\/los-sombreros-que-debes-tener-para-un-verano-instagrameable-1-250x375.jpg 250w, http:\/\/grazia.mx\/wp-content\/uploads\/sites\/12\/2018\/07\/los-sombreros-que-debes-tener-para-un-verano-instagrameable-1-768x1152.jpg 768w, http:\/\/grazia.mx\/wp-content\/uploads\/sites\/12\/2018\/07\/los-sombreros-que-debes-tener-para-un-verano-instagrameable-1-120x180.jpg 120w, http:\/\/grazia.mx\/wp-content\/uploads\/sites\/12\/2018\/07\/los-sombreros-que-debes-tener-para-un-verano-instagrameable-1-100x150.jpg 100w\" alt=\"\" \/><\/p>\n<p>&nbsp;<\/p>\n<p><i>Bucket hat<\/i><\/p>\n<p>Derivado de la est\u00e9tica\u00a0<i>kitsch<\/i>, que como ya lo hemos hablado, debemos agradecer al\u00a0<i>streetwear<\/i>, el\u00a0<i>bucket hat<\/i>\u00a0es ahora uno de los accesorios m\u00e1s novedosos. En el\u00a0<i>street style<\/i>\u00a0del mes de la moda\u00a0<i>menswear<\/i>, este se apoder\u00f3 de las calles. Para ellas, quiz\u00e1 <strong>Lotta Volkova<\/strong> te inspire a usarlo como pieza\u00a0<i>cool<\/i>\u00a0o el\u00a0<i>lookbook<\/i>\u00a0de <strong>Altuzarra<\/strong>\u00a0<i>Resort 2019<\/i>\u00a0que lo combina con prendas frescas en tonos neutros.<\/p>\n<blockquote class=\"instagram-media\" style=\"background: #FFF; border: 0; border-radius: 3px; box-shadow: 0 0 1px 0 rgba(0,0,0,0.5),0 1px 10px 0 rgba(0,0,0,0.15); margin: 1px; max-width: 540px; min-width: 326px; padding: 0; width: calc(100% - 2px);\" data-instgrm-captioned=\"\" data-instgrm-permalink=\"https:\/\/www.instagram.com\/p\/BkNuaXQhLFj\/\" data-instgrm-version=\"9\">\n<div style=\"padding: 8px;\">\n<div style=\"background: #F8F8F8; line-height: 0; margin-top: 40px; padding: 42.592592592592595% 0; text-align: center; width: 100%;\"><\/div>\n<p style=\"margin: 8px 0 0 0; padding: 0 4px;\"><a href=\"https:\/\/www.instagram.com\/p\/BkNuaXQhLFj\/\"style=\"color: #000; font-family: Arial,sans-serif; font-size: 14px; font-style: normal; font-weight: normal; line-height: 17px; text-decoration: none; word-wrap: break-word;\"  target=\"_blank\" rel=\"noopener\" target=\"_blank\">@LottaVolkova does #florcore<\/a><\/p>\n<p style=\"color: #c9c8cd; font-family: Arial,sans-serif; font-size: 14px; line-height: 17px; margin-bottom: 0; margin-top: 8px; overflow: hidden; padding: 8px 0 7px; text-align: center; text-overflow: ellipsis; white-space: nowrap;\">Una publicaci\u00f3n compartida de <a href=\"https:\/\/www.instagram.com\/mrstreetpeeper\/\"style=\"color: #c9c8cd; font-family: Arial,sans-serif; font-size: 14px; font-style: normal; font-weight: normal; line-height: 17px;\"  target=\"_blank\" rel=\"noopener\" target=\"_blank\"> Phil Oh<\/a> (@mrstreetpeeper) el <time style=\"font-family: Arial,sans-serif; font-size: 14px; line-height: 17px;\" datetime=\"2018-06-19T17:22:07+00:00\">19 Jun, 2018 a las 10:22 PDT<\/time><\/p>\n<\/div>\n<\/blockquote>\n<p><script async defer src=\"\/\/www.instagram.com\/embed.js\"><\/script><\/p>\n<p><i>Swim caps<\/i><\/p>\n<p>Tal como su nombre lo dice, los\u00a0<i>swim caps<\/i>\u00a0son ideales para tu\u00a0<i>look<\/i>\u00a0de fantas\u00eda en la playa al estilo de <strong>Marilyn Monroe<\/strong> con un toque de la reina <strong>Isabel II<\/strong> (o sea, imagina tu cabeza repleta de flores). S\u00ed hay alguna lecci\u00f3n (para los mortales, obviamente) que <strong>Valentino<\/strong>\u00a0<i>haute couture<\/i>\u00a0nos haya dado, es precisamente el regreso de este florido accesorio. Sin estar ausente por mucho tiempo, <strong>Miu Miu<\/strong> hizo una incre\u00edble labor con ellos para\u00a0<i>SS17<\/i>. Un a\u00f1o despu\u00e9s, quiz\u00e1 te atrevas a combinar tu\u00a0<i>swim cap<\/i>\u00a0con jeans y\u00a0<i>T-shirt<\/i>\u00a0\u2014un\u00a0<i>statement<\/i>\u00a0definitivo\u2014.<span class=\"Apple-converted-space\">\u00a0<\/span><\/p>\n<p><img decoding=\"async\" class=\"alignnone size-full wp-image-53930\" src=\"http:\/\/grazia.mx\/wp-content\/uploads\/sites\/12\/2018\/07\/los-sombreros-que-debes-tener-para-un-verano-instagrameable-2.jpg\" sizes=\"(max-width: 450px) 100vw, 450px\" srcset=\"http:\/\/grazia.mx\/wp-content\/uploads\/sites\/12\/2018\/07\/los-sombreros-que-debes-tener-para-un-verano-instagrameable-2.jpg 450w, http:\/\/grazia.mx\/wp-content\/uploads\/sites\/12\/2018\/07\/los-sombreros-que-debes-tener-para-un-verano-instagrameable-2-250x400.jpg 250w, http:\/\/grazia.mx\/wp-content\/uploads\/sites\/12\/2018\/07\/los-sombreros-que-debes-tener-para-un-verano-instagrameable-2-120x192.jpg 120w\" alt=\"\" \/><\/p>\n<p>&nbsp;<\/p>\n<p><i>Beret<\/i><\/p>\n<p>Nadie olvidar\u00e1 el momento en el que <strong>Meghan Markle<\/strong> conquist\u00f3 durante sus d\u00edas\u00a0<i>pre-royal<\/i>\u00a0con un\u00a0<i>beret<\/i>\u00a0blanco. Ahora, este es un complemento s\u00faper\u00a0<i>chic<\/i>\u00a0que eleva tu estilo al parisino en todo su esplendor (<strong>Bella Hadid<\/strong>, \u00bfte suena?). En las recientes entregas lo vimos con un giro brillante en lentejuelas (Chanel y Moschino) y en su cl\u00e1sica presentaci\u00f3n con <strong>Antonio Marras<\/strong>; lo que nos obliga a decirte que hay uno para cualquier gusto y est\u00e9tica de Instagram.<\/p>\n<h5><img decoding=\"async\" class=\"alignnone size-large wp-image-53932\" src=\"http:\/\/grazia.mx\/wp-content\/uploads\/sites\/12\/2018\/07\/los-sombreros-que-debes-tener-para-un-verano-instagrameable-3-700x1033.jpg\" sizes=\"(max-width: 700px) 100vw, 700px\" srcset=\"http:\/\/grazia.mx\/wp-content\/uploads\/sites\/12\/2018\/07\/los-sombreros-que-debes-tener-para-un-verano-instagrameable-3-700x1033.jpg 700w, http:\/\/grazia.mx\/wp-content\/uploads\/sites\/12\/2018\/07\/los-sombreros-que-debes-tener-para-un-verano-instagrameable-3-250x369.jpg 250w, http:\/\/grazia.mx\/wp-content\/uploads\/sites\/12\/2018\/07\/los-sombreros-que-debes-tener-para-un-verano-instagrameable-3-768x1133.jpg 768w, http:\/\/grazia.mx\/wp-content\/uploads\/sites\/12\/2018\/07\/los-sombreros-que-debes-tener-para-un-verano-instagrameable-3-120x177.jpg 120w\" alt=\"\" \/><\/h5>\n<h5><\/h5>\n<h5><em>*IM\u00c1GENES: Mondadori Photo, Getty Images y Cortes\u00eda de Chanel<\/em><\/h5>\n","protected":false},"author":11641,"featured_media":0,"template":"","format":"standard","categories":[1],"acf":[],"yoast_head":"<!-- This site is optimized with the Yoast SEO Premium plugin v18.5 (Yoast SEO v20.4) - https:\/\/yoast.com\/wordpress\/plugins\/seo\/ -->\n<title>El arte de los sombreros y c\u00f3mo combinarlos | Grazia<\/title>\n<meta name=\"description\" content=\"Hay para todos los estilos, gustos y tendencias, \u00bfcu\u00e1l es tu favorito?\" \/>\n<meta name=\"robots\" content=\"index, follow, max-snippet:-1, max-image-preview:large, max-video-preview:-1\" \/>\n<link rel=\"canonical\" href=\"https:\/\/graziamagazine.com\/es\/articles\/el-arte-de-los-sombreros-y-como-combinarlos\/\" \/>\n<meta property=\"og:locale\" content=\"es_ES\" \/>\n<meta property=\"og:type\" content=\"article\" \/>\n<meta property=\"og:title\" content=\"El arte de los sombreros y c\u00f3mo combinarlos\" \/>\n<meta property=\"og:description\" content=\"Hay para todos los estilos, gustos y tendencias, \u00bfcu\u00e1l es tu favorito?\" \/>\n<meta property=\"og:url\" content=\"https:\/\/graziamagazine.com\/es\/articles\/el-arte-de-los-sombreros-y-como-combinarlos\/\" \/>\n<meta property=\"og:site_name\" content=\"Grazia\" \/>\n<meta property=\"article:modified_time\" content=\"2018-07-17T17:39:00+00:00\" \/>\n<meta property=\"og:image\" content=\"https:\/\/graziamagazine.com\/es\/wp-content\/uploads\/sites\/12\/2018\/07\/Christian-Dior_ppl_HC_F18_PA_011_2978599.jpg?fit=4252%2C2835\" \/>\n\t<meta property=\"og:image:width\" content=\"4252\" \/>\n\t<meta property=\"og:image:height\" content=\"2835\" \/>\n\t<meta property=\"og:image:type\" content=\"image\/jpeg\" \/>\n<meta name=\"twitter:card\" content=\"summary_large_image\" \/>\n<meta name=\"twitter:image\" content=\"http:\/\/s3-eu-west-1.amazonaws.com\/grazia-cdn\/wp-content\/uploads\/sites\/12\/2018\/07\/Christian-Dior_ppl_HC_F18_PA_011_2978599.jpg\" \/>\n<meta name=\"twitter:label1\" content=\"Est. reading time\" \/>\n\t<meta name=\"twitter:data1\" content=\"3 minutos\" \/>\n<script type=\"application\/ld+json\" class=\"yoast-schema-graph\">{\"@context\":\"https:\/\/schema.org\",\"@graph\":[{\"@type\":\"WebPage\",\"@id\":\"https:\/\/graziamagazine.com\/es\/articles\/el-arte-de-los-sombreros-y-como-combinarlos\/\",\"url\":\"https:\/\/graziamagazine.com\/es\/articles\/el-arte-de-los-sombreros-y-como-combinarlos\/\",\"name\":\"El arte de los sombreros y c\u00f3mo combinarlos | Grazia\",\"isPartOf\":{\"@id\":\"https:\/\/graziamagazine.com\/es\/#website\"},\"datePublished\":\"2018-07-17T17:38:49+00:00\",\"dateModified\":\"2018-07-17T17:39:00+00:00\",\"description\":\"Hay para todos los estilos, gustos y tendencias, \u00bfcu\u00e1l es tu favorito?\",\"breadcrumb\":{\"@id\":\"https:\/\/graziamagazine.com\/es\/articles\/el-arte-de-los-sombreros-y-como-combinarlos\/#breadcrumb\"},\"inLanguage\":\"es\",\"potentialAction\":[{\"@type\":\"ReadAction\",\"target\":[\"https:\/\/graziamagazine.com\/es\/articles\/el-arte-de-los-sombreros-y-como-combinarlos\/\"]}]},{\"@type\":\"BreadcrumbList\",\"@id\":\"https:\/\/graziamagazine.com\/es\/articles\/el-arte-de-los-sombreros-y-como-combinarlos\/#breadcrumb\",\"itemListElement\":[{\"@type\":\"ListItem\",\"position\":1,\"name\":\"Portada\",\"item\":\"https:\/\/graziamagazine.com\/es\/\"},{\"@type\":\"ListItem\",\"position\":2,\"name\":\"El arte de los sombreros y c\u00f3mo combinarlos\"}]},{\"@type\":\"WebSite\",\"@id\":\"https:\/\/graziamagazine.com\/es\/#website\",\"url\":\"https:\/\/graziamagazine.com\/es\/\",\"name\":\"Grazia\",\"description\":\"Moda, belleza, celebrities, estilo de vida...\",\"potentialAction\":[{\"@type\":\"SearchAction\",\"target\":{\"@type\":\"EntryPoint\",\"urlTemplate\":\"https:\/\/graziamagazine.com\/es\/?s={search_term_string}\"},\"query-input\":\"required name=search_term_string\"}],\"inLanguage\":\"es\"}]}<\/script>\n<!-- \/ Yoast SEO Premium plugin. -->","yoast_head_json":{"title":"El arte de los sombreros y c\u00f3mo combinarlos | Grazia","description":"Hay para todos los estilos, gustos y tendencias, \u00bfcu\u00e1l es tu favorito?","robots":{"index":"index","follow":"follow","max-snippet":"max-snippet:-1","max-image-preview":"max-image-preview:large","max-video-preview":"max-video-preview:-1"},"canonical":"https:\/\/graziamagazine.com\/es\/articles\/el-arte-de-los-sombreros-y-como-combinarlos\/","og_locale":"es_ES","og_type":"article","og_title":"El arte de los sombreros y c\u00f3mo combinarlos","og_description":"Hay para todos los estilos, gustos y tendencias, \u00bfcu\u00e1l es tu favorito?","og_url":"https:\/\/graziamagazine.com\/es\/articles\/el-arte-de-los-sombreros-y-como-combinarlos\/","og_site_name":"Grazia","article_modified_time":"2018-07-17T17:39:00+00:00","og_image":[{"width":4252,"height":2835,"url":"https:\/\/graziamagazine.com\/es\/wp-content\/uploads\/sites\/12\/2018\/07\/Christian-Dior_ppl_HC_F18_PA_011_2978599.jpg?fit=4252%2C2835","type":"image\/jpeg"}],"twitter_card":"summary_large_image","twitter_image":"http:\/\/s3-eu-west-1.amazonaws.com\/grazia-cdn\/wp-content\/uploads\/sites\/12\/2018\/07\/Christian-Dior_ppl_HC_F18_PA_011_2978599.jpg","twitter_misc":{"Est. reading time":"3 minutos"},"schema":{"@context":"https:\/\/schema.org","@graph":[{"@type":"WebPage","@id":"https:\/\/graziamagazine.com\/es\/articles\/el-arte-de-los-sombreros-y-como-combinarlos\/","url":"https:\/\/graziamagazine.com\/es\/articles\/el-arte-de-los-sombreros-y-como-combinarlos\/","name":"El arte de los sombreros y c\u00f3mo combinarlos | Grazia","isPartOf":{"@id":"https:\/\/graziamagazine.com\/es\/#website"},"datePublished":"2018-07-17T17:38:49+00:00","dateModified":"2018-07-17T17:39:00+00:00","description":"Hay para todos los estilos, gustos y tendencias, \u00bfcu\u00e1l es tu favorito?","breadcrumb":{"@id":"https:\/\/graziamagazine.com\/es\/articles\/el-arte-de-los-sombreros-y-como-combinarlos\/#breadcrumb"},"inLanguage":"es","potentialAction":[{"@type":"ReadAction","target":["https:\/\/graziamagazine.com\/es\/articles\/el-arte-de-los-sombreros-y-como-combinarlos\/"]}]},{"@type":"BreadcrumbList","@id":"https:\/\/graziamagazine.com\/es\/articles\/el-arte-de-los-sombreros-y-como-combinarlos\/#breadcrumb","itemListElement":[{"@type":"ListItem","position":1,"name":"Portada","item":"https:\/\/graziamagazine.com\/es\/"},{"@type":"ListItem","position":2,"name":"El arte de los sombreros y c\u00f3mo combinarlos"}]},{"@type":"WebSite","@id":"https:\/\/graziamagazine.com\/es\/#website","url":"https:\/\/graziamagazine.com\/es\/","name":"Grazia","description":"Moda, belleza, celebrities, estilo de vida...","potentialAction":[{"@type":"SearchAction","target":{"@type":"EntryPoint","urlTemplate":"https:\/\/graziamagazine.com\/es\/?s={search_term_string}"},"query-input":"required name=search_term_string"}],"inLanguage":"es"}]}},"jetpack_sharing_enabled":true,"distributor_meta":false,"distributor_terms":false,"distributor_media":false,"distributor_original_site_name":"Grazia","distributor_original_site_url":"https:\/\/graziamagazine.com\/es","push-errors":false,"_links":{"self":[{"href":"https:\/\/graziamagazine.com\/es\/wp-json\/wp\/v2\/articles\/138208"}],"collection":[{"href":"https:\/\/graziamagazine.com\/es\/wp-json\/wp\/v2\/articles"}],"about":[{"href":"https:\/\/graziamagazine.com\/es\/wp-json\/wp\/v2\/types\/articles"}],"author":[{"embeddable":true,"href":"https:\/\/graziamagazine.com\/es\/wp-json\/wp\/v2\/users\/11641"}],"wp:attachment":[{"href":"https:\/\/graziamagazine.com\/es\/wp-json\/wp\/v2\/media?parent=138208"}],"wp:term":[{"taxonomy":"category","embeddable":true,"href":"https:\/\/graziamagazine.com\/es\/wp-json\/wp\/v2\/categories?post=138208"}],"curies":[{"name":"wp","href":"https:\/\/api.w.org\/{rel}","templated":true}]}}