{"id":138172,"date":"2018-07-17T16:04:29","date_gmt":"2018-07-17T14:04:29","guid":{"rendered":"https:\/\/graziamagazine.com\/es\/?p=138172"},"modified":"2018-07-17T16:04:31","modified_gmt":"2018-07-17T14:04:31","slug":"de-gea-y-edurne-se-escapan-a-disney-despues-del-mundial","status":"publish","type":"articles","link":"https:\/\/graziamagazine.com\/es\/articles\/de-gea-y-edurne-se-escapan-a-disney-despues-del-mundial\/","title":{"rendered":"De Gea y Edurne se escapan a Disney despu\u00e9s del Mundial"},"content":{"rendered":"<p>Para muchos, <strong>David De Gea<\/strong> no hizo un buen Mundial como defensor de la porter\u00eda de la Selecci\u00f3n Espa\u00f1ola, lo que le ha provocado un aluvi\u00f3n de cr\u00edticas en su contra de los cuales ni siquiera Edurne se ha librado. Seguro os acord\u00e1is de <a href=\"https:\/\/graziamagazine.com\/es\/celebs\/isco-de-gea-y-el-partido-mas-romantico-del-mundial\/\">la foto que subi\u00f3 la cantante tras la victoria de La Roja frente a Marruecos<\/a>, que fue duramente atacada por los seguidores de la selecci\u00f3n nacional quienes acusaban al guardameta de haber fallado en su debut como seleccionado.<\/p>\n<p>En fin, lo hecho, hecho est\u00e1 y finalmente fue Francia la que se llev\u00f3 la copa -que por cierto, la firm\u00f3 <strong>Louis Vuitton<\/strong> y nos encant\u00f3- (su segunda de la historia), tras vencer a Croacia el pasado domingo con una espectacular actuaci\u00f3n de la nueva promesa francesa, <strong>Mbapp\u00e9<\/strong>, quien lleg\u00f3 siendo un desconocido y se ha coronado como la figura del Mundial de Rusia 2018, haci\u00e9ndonos olvidar a los que promet\u00edan ser los grandes titanes del encuentro como<strong> Cristiano<\/strong>\u00a0<strong>Ronaldo<\/strong> y <strong>Lionel Messi<\/strong>.<\/p>\n<p><iframe loading=\"lazy\" class=\"giphy-embed\" src=\"https:\/\/giphy.com\/embed\/5ntPfSOAmcy1jQ01g7\" width=\"480\" height=\"270\" frameborder=\"0\" allowfullscreen=\"allowfullscreen\"><\/iframe><\/p>\n<p><a href=\"https:\/\/giphy.com\/gifs\/mediaset-final-rusia-2018-world-cup-5ntPfSOAmcy1jQ01g7\" target=\"_blank\">via GIPHY<\/a><\/p>\n<p>Ante tanta pol\u00e9mica, imaginamos que David y su incondicional novia decidieron que lo mejor para escapar a las cr\u00edticas era poner tierra de por medio y prefirieron pasar sus vacaciones de verano fuera de Espa\u00f1a.<\/p>\n<p>El destino elegido ha sido <strong>Walt Disney World<\/strong> en Orlando, Estados Unidos. Lo sabemos porque uno de nuestros porteros m\u00e1s guapos subi\u00f3 la cl\u00e1sica foto con el castillo de Disney al fondo:<\/p>\n<blockquote class=\"instagram-media\" style=\"background: #FFF; border: 0; border-radius: 3px; box-shadow: 0 0 1px 0 rgba(0,0,0,0.5),0 1px 10px 0 rgba(0,0,0,0.15); margin: 1px; max-width: 540px; min-width: 326px; padding: 0; width: calc(100% - 2px);\" data-instgrm-captioned=\"\" data-instgrm-permalink=\"https:\/\/www.instagram.com\/p\/BlTmS0rgGMx\/\" data-instgrm-version=\"9\">\n<div style=\"padding: 8px;\">\n<div style=\"background: #F8F8F8; line-height: 0; margin-top: 40px; padding: 50.0% 0; text-align: center; width: 100%;\"><\/div>\n<p style=\"margin: 8px 0 0 0; padding: 0 4px;\"><a href=\"https:\/\/www.instagram.com\/p\/BlTmS0rgGMx\/\"style=\"color: #000; font-family: Arial,sans-serif; font-size: 14px; font-style: normal; font-weight: normal; line-height: 17px; text-decoration: none; word-wrap: break-word;\"  target=\"_blank\" rel=\"noopener\" target=\"_blank\">Enjoy\u270c\ud83c\udffc@waltdisneyworld<\/a><\/p>\n<p style=\"color: #c9c8cd; font-family: Arial,sans-serif; font-size: 14px; line-height: 17px; margin-bottom: 0; margin-top: 8px; overflow: hidden; padding: 8px 0 7px; text-align: center; text-overflow: ellipsis; white-space: nowrap;\">Una publicaci\u00f3n compartida de <a href=\"https:\/\/www.instagram.com\/d_degeaofficial\/\"style=\"color: #c9c8cd; font-family: Arial,sans-serif; font-size: 14px; font-style: normal; font-weight: normal; line-height: 17px;\"  target=\"_blank\" rel=\"noopener\" target=\"_blank\"> David De Gea<\/a> (@d_degeaofficial) el <time style=\"font-family: Arial,sans-serif; font-size: 14px; line-height: 17px;\" datetime=\"2018-07-16T20:38:01+00:00\">16 Jul, 2018 a las 1:38 PDT<\/time><\/p>\n<\/div>\n<\/blockquote>\n<p><script async defer src=\"\/\/www.instagram.com\/embed.js\"><\/script><\/p>\n<p>La foto viene acompa\u00f1ada con la palabra <em>Enjoy <\/em>(disfruta) y el signo de victoria. Adem\u00e1s, <strong>De Gea<\/strong> nos revela, a trav\u00e9s de esta instant\u00e1nea, que no solo se fue con <strong>Edurne<\/strong>, sino que est\u00e1n disfrutando de unas vacaciones entre amigos y familiares porque en la foto aparece tambi\u00e9n el hermano de la cantante.<\/p>\n<p>\u00a1\u00c1nimo David! Puede que la copa se te haya ido de las manos pero, no desesperes, no todos tienen una princesa de Disney dispuesta a aguantar el chaparr\u00f3n por ti.<\/p>\n<p><em>Fotos: Getty Images<\/em><\/p>\n","protected":false},"author":11650,"featured_media":0,"template":"","format":"standard","categories":[13],"acf":[],"yoast_head":"<!-- This site is optimized with the Yoast SEO Premium plugin v18.5 (Yoast SEO v20.4) - https:\/\/yoast.com\/wordpress\/plugins\/seo\/ -->\n<title>De Gea y Edurne se escapan a Disney despu\u00e9s del Mundial | Grazia<\/title>\n<meta name=\"description\" content=\"El jugador ha decidido salir de Espa\u00f1a en compa\u00f1\u00eda de su chica y varios amigos para disfrutar de sus vacaciones.\" \/>\n<meta name=\"robots\" content=\"index, follow, max-snippet:-1, max-image-preview:large, max-video-preview:-1\" \/>\n<link rel=\"canonical\" href=\"https:\/\/graziamagazine.com\/es\/articles\/de-gea-y-edurne-se-escapan-a-disney-despues-del-mundial\/\" \/>\n<meta property=\"og:locale\" content=\"es_ES\" \/>\n<meta property=\"og:type\" content=\"article\" \/>\n<meta property=\"og:title\" content=\"De Gea y Edurne se escapan a Disney despu\u00e9s del Mundial\" \/>\n<meta property=\"og:description\" content=\"El jugador ha decidido salir de Espa\u00f1a en compa\u00f1\u00eda de su chica y varios amigos para disfrutar de sus vacaciones.\" \/>\n<meta property=\"og:url\" content=\"https:\/\/graziamagazine.com\/es\/articles\/de-gea-y-edurne-se-escapan-a-disney-despues-del-mundial\/\" \/>\n<meta property=\"og:site_name\" content=\"Grazia\" \/>\n<meta property=\"article:modified_time\" content=\"2018-07-17T14:04:31+00:00\" \/>\n<meta property=\"og:image\" content=\"https:\/\/graziamagazine.com\/es\/wp-content\/uploads\/sites\/12\/2018\/07\/edurne-garcia-david-de-gea_1dqo96ylvifk412r15bnc787m7.jpg?fit=1280%2C720\" \/>\n\t<meta property=\"og:image:width\" content=\"1280\" \/>\n\t<meta property=\"og:image:height\" content=\"720\" \/>\n\t<meta property=\"og:image:type\" content=\"image\/jpeg\" \/>\n<meta name=\"twitter:card\" content=\"summary_large_image\" \/>\n<meta name=\"twitter:image\" content=\"http:\/\/s3-eu-west-1.amazonaws.com\/grazia-cdn\/wp-content\/uploads\/sites\/12\/2018\/07\/93172fc1b663856082816bc7db1e5d8a.jpg\" \/>\n<meta name=\"twitter:label1\" content=\"Est. reading time\" \/>\n\t<meta name=\"twitter:data1\" content=\"2 minutos\" \/>\n<script type=\"application\/ld+json\" class=\"yoast-schema-graph\">{\"@context\":\"https:\/\/schema.org\",\"@graph\":[{\"@type\":\"WebPage\",\"@id\":\"https:\/\/graziamagazine.com\/es\/articles\/de-gea-y-edurne-se-escapan-a-disney-despues-del-mundial\/\",\"url\":\"https:\/\/graziamagazine.com\/es\/articles\/de-gea-y-edurne-se-escapan-a-disney-despues-del-mundial\/\",\"name\":\"De Gea y Edurne se escapan a Disney despu\u00e9s del Mundial | Grazia\",\"isPartOf\":{\"@id\":\"https:\/\/graziamagazine.com\/es\/#website\"},\"datePublished\":\"2018-07-17T14:04:29+00:00\",\"dateModified\":\"2018-07-17T14:04:31+00:00\",\"description\":\"El jugador ha decidido salir de Espa\u00f1a en compa\u00f1\u00eda de su chica y varios amigos para disfrutar de sus vacaciones.\",\"breadcrumb\":{\"@id\":\"https:\/\/graziamagazine.com\/es\/articles\/de-gea-y-edurne-se-escapan-a-disney-despues-del-mundial\/#breadcrumb\"},\"inLanguage\":\"es\",\"potentialAction\":[{\"@type\":\"ReadAction\",\"target\":[\"https:\/\/graziamagazine.com\/es\/articles\/de-gea-y-edurne-se-escapan-a-disney-despues-del-mundial\/\"]}]},{\"@type\":\"BreadcrumbList\",\"@id\":\"https:\/\/graziamagazine.com\/es\/articles\/de-gea-y-edurne-se-escapan-a-disney-despues-del-mundial\/#breadcrumb\",\"itemListElement\":[{\"@type\":\"ListItem\",\"position\":1,\"name\":\"Portada\",\"item\":\"https:\/\/graziamagazine.com\/es\/\"},{\"@type\":\"ListItem\",\"position\":2,\"name\":\"De Gea y Edurne se escapan a Disney despu\u00e9s del Mundial\"}]},{\"@type\":\"WebSite\",\"@id\":\"https:\/\/graziamagazine.com\/es\/#website\",\"url\":\"https:\/\/graziamagazine.com\/es\/\",\"name\":\"Grazia\",\"description\":\"Moda, belleza, celebrities, estilo de vida...\",\"potentialAction\":[{\"@type\":\"SearchAction\",\"target\":{\"@type\":\"EntryPoint\",\"urlTemplate\":\"https:\/\/graziamagazine.com\/es\/?s={search_term_string}\"},\"query-input\":\"required name=search_term_string\"}],\"inLanguage\":\"es\"}]}<\/script>\n<!-- \/ Yoast SEO Premium plugin. -->","yoast_head_json":{"title":"De Gea y Edurne se escapan a Disney despu\u00e9s del Mundial | Grazia","description":"El jugador ha decidido salir de Espa\u00f1a en compa\u00f1\u00eda de su chica y varios amigos para disfrutar de sus vacaciones.","robots":{"index":"index","follow":"follow","max-snippet":"max-snippet:-1","max-image-preview":"max-image-preview:large","max-video-preview":"max-video-preview:-1"},"canonical":"https:\/\/graziamagazine.com\/es\/articles\/de-gea-y-edurne-se-escapan-a-disney-despues-del-mundial\/","og_locale":"es_ES","og_type":"article","og_title":"De Gea y Edurne se escapan a Disney despu\u00e9s del Mundial","og_description":"El jugador ha decidido salir de Espa\u00f1a en compa\u00f1\u00eda de su chica y varios amigos para disfrutar de sus vacaciones.","og_url":"https:\/\/graziamagazine.com\/es\/articles\/de-gea-y-edurne-se-escapan-a-disney-despues-del-mundial\/","og_site_name":"Grazia","article_modified_time":"2018-07-17T14:04:31+00:00","og_image":[{"width":1280,"height":720,"url":"https:\/\/graziamagazine.com\/es\/wp-content\/uploads\/sites\/12\/2018\/07\/edurne-garcia-david-de-gea_1dqo96ylvifk412r15bnc787m7.jpg?fit=1280%2C720","type":"image\/jpeg"}],"twitter_card":"summary_large_image","twitter_image":"http:\/\/s3-eu-west-1.amazonaws.com\/grazia-cdn\/wp-content\/uploads\/sites\/12\/2018\/07\/93172fc1b663856082816bc7db1e5d8a.jpg","twitter_misc":{"Est. reading time":"2 minutos"},"schema":{"@context":"https:\/\/schema.org","@graph":[{"@type":"WebPage","@id":"https:\/\/graziamagazine.com\/es\/articles\/de-gea-y-edurne-se-escapan-a-disney-despues-del-mundial\/","url":"https:\/\/graziamagazine.com\/es\/articles\/de-gea-y-edurne-se-escapan-a-disney-despues-del-mundial\/","name":"De Gea y Edurne se escapan a Disney despu\u00e9s del Mundial | Grazia","isPartOf":{"@id":"https:\/\/graziamagazine.com\/es\/#website"},"datePublished":"2018-07-17T14:04:29+00:00","dateModified":"2018-07-17T14:04:31+00:00","description":"El jugador ha decidido salir de Espa\u00f1a en compa\u00f1\u00eda de su chica y varios amigos para disfrutar de sus vacaciones.","breadcrumb":{"@id":"https:\/\/graziamagazine.com\/es\/articles\/de-gea-y-edurne-se-escapan-a-disney-despues-del-mundial\/#breadcrumb"},"inLanguage":"es","potentialAction":[{"@type":"ReadAction","target":["https:\/\/graziamagazine.com\/es\/articles\/de-gea-y-edurne-se-escapan-a-disney-despues-del-mundial\/"]}]},{"@type":"BreadcrumbList","@id":"https:\/\/graziamagazine.com\/es\/articles\/de-gea-y-edurne-se-escapan-a-disney-despues-del-mundial\/#breadcrumb","itemListElement":[{"@type":"ListItem","position":1,"name":"Portada","item":"https:\/\/graziamagazine.com\/es\/"},{"@type":"ListItem","position":2,"name":"De Gea y Edurne se escapan a Disney despu\u00e9s del Mundial"}]},{"@type":"WebSite","@id":"https:\/\/graziamagazine.com\/es\/#website","url":"https:\/\/graziamagazine.com\/es\/","name":"Grazia","description":"Moda, belleza, celebrities, estilo de vida...","potentialAction":[{"@type":"SearchAction","target":{"@type":"EntryPoint","urlTemplate":"https:\/\/graziamagazine.com\/es\/?s={search_term_string}"},"query-input":"required name=search_term_string"}],"inLanguage":"es"}]}},"jetpack_sharing_enabled":true,"distributor_meta":false,"distributor_terms":false,"distributor_media":false,"distributor_original_site_name":"Grazia","distributor_original_site_url":"https:\/\/graziamagazine.com\/es","push-errors":false,"_links":{"self":[{"href":"https:\/\/graziamagazine.com\/es\/wp-json\/wp\/v2\/articles\/138172"}],"collection":[{"href":"https:\/\/graziamagazine.com\/es\/wp-json\/wp\/v2\/articles"}],"about":[{"href":"https:\/\/graziamagazine.com\/es\/wp-json\/wp\/v2\/types\/articles"}],"author":[{"embeddable":true,"href":"https:\/\/graziamagazine.com\/es\/wp-json\/wp\/v2\/users\/11650"}],"wp:attachment":[{"href":"https:\/\/graziamagazine.com\/es\/wp-json\/wp\/v2\/media?parent=138172"}],"wp:term":[{"taxonomy":"category","embeddable":true,"href":"https:\/\/graziamagazine.com\/es\/wp-json\/wp\/v2\/categories?post=138172"}],"curies":[{"name":"wp","href":"https:\/\/api.w.org\/{rel}","templated":true}]}}