{"id":138128,"date":"2018-07-16T18:29:59","date_gmt":"2018-07-16T16:29:59","guid":{"rendered":"https:\/\/graziamagazine.com\/es\/?p=138128"},"modified":"2018-07-16T18:30:02","modified_gmt":"2018-07-16T16:30:02","slug":"quien-era-la-joven-que-salto-al-campo-en-la-final-del-mundial-para-chocar-las-5-con-mbappe","status":"publish","type":"articles","link":"https:\/\/graziamagazine.com\/es\/articles\/quien-era-la-joven-que-salto-al-campo-en-la-final-del-mundial-para-chocar-las-5-con-mbappe\/","title":{"rendered":"\u00bfQui\u00e9n era la joven que salt\u00f3 al campo en la final del Mundial para chocar las 5 con Mbapp\u00e9?"},"content":{"rendered":"<p>Las manifestaciones en el siglo XXI se han volcado en atraer atenci\u00f3n a trav\u00e9s de eventos medi\u00e1ticos. Tal fue el caso de la final de Rusia 2018, donde en el minuto 52 del partido disputado entre Francia y Croacia, cuatro mujeres saltaron de la tribuna a la cancha vestidas de polic\u00edas. La pregunta del mill\u00f3n: \u00bfqui\u00e9nes eran estas personas?<\/p>\n<p>Al principio, el comentario fue: \u201cNo puede ser que en una final del f\u00fatbol haya gente que interceda en el juego\u201d. Sin embargo, el mundo habl\u00f3 antes de informarse.<\/p>\n<p>Se trata del grupo feminista fundado en 2011,\u00a0<b><i>Pussy Riot<\/i><\/b>\u00a0\u2014identificados por su vestimenta que mezcla color con un estilo de guerrilla\u2014. De acuerdo a\u00a0<a href=\"https:\/\/www.newyorker.com\/sporting-scene\/replay\/world-cup-2018-the-moral-clarity-of-pussy-riots-protest?utm_campaign=likeshopme&amp;mbid=social_instagram&amp;utm_medium=instagram&amp;utm_source=www.instagram.com\/p\/BlRlIgcglA6\/&amp;utm_content=www.instagram.com\/p\/BlRlIgcglA6\/\" target=\"_blank\" rel=\"noopener\" target=\"_blank\"><i>The New Yorker<\/i><\/a>, este se ha sido clasificado, malamente, en el g\u00e9nero\u00a0<i>punk<\/i>\u00a0por sus declaraciones sin filtro a trav\u00e9s de la m\u00fasica.<\/p>\n<blockquote class=\"instagram-media\" style=\"background: #FFF; border: 0; border-radius: 3px; box-shadow: 0 0 1px 0 rgba(0,0,0,0.5),0 1px 10px 0 rgba(0,0,0,0.15); margin: 1px; max-width: 540px; min-width: 326px; padding: 0; width: calc(100% - 2px);\" data-instgrm-captioned=\"\" data-instgrm-permalink=\"https:\/\/www.instagram.com\/p\/Bi-gAGilUNg\/\" data-instgrm-version=\"9\">\n<div style=\"padding: 8px;\">\n<div style=\"background: #F8F8F8; line-height: 0; margin-top: 40px; padding: 37.5% 0; text-align: center; width: 100%;\"><\/div>\n<p style=\"margin: 8px 0 0 0; padding: 0 4px;\"><a href=\"https:\/\/www.instagram.com\/p\/Bi-gAGilUNg\/\"style=\"color: #000; font-family: Arial,sans-serif; font-size: 14px; font-style: normal; font-weight: normal; line-height: 17px; text-decoration: none; word-wrap: break-word;\"  target=\"_blank\" rel=\"noopener\" target=\"_blank\">5.20 atlanta \ud83d\udc25 5.22 asheville \ud83e\udd84 5.23 washington \ud83d\udc25 vj: @auraquartz music: @xxchaikaxx support &amp; dance: @dorianelectra &amp; @westonallen64<\/a><\/p>\n<p style=\"color: #c9c8cd; font-family: Arial,sans-serif; font-size: 14px; line-height: 17px; margin-bottom: 0; margin-top: 8px; overflow: hidden; padding: 8px 0 7px; text-align: center; text-overflow: ellipsis; white-space: nowrap;\">Una publicaci\u00f3n compartida de <a href=\"https:\/\/www.instagram.com\/wearepussyriot\/\"style=\"color: #c9c8cd; font-family: Arial,sans-serif; font-size: 14px; font-style: normal; font-weight: normal; line-height: 17px;\"  target=\"_blank\" rel=\"noopener\" target=\"_blank\"> Pussy Riot<\/a> (@wearepussyriot) el <time style=\"font-family: Arial,sans-serif; font-size: 14px; line-height: 17px;\" datetime=\"2018-05-19T22:56:12+00:00\">19 May, 2018 a las 3:56 PDT<\/time><\/p>\n<\/div>\n<\/blockquote>\n<p><script async defer src=\"\/\/www.instagram.com\/embed.js\"><\/script><\/p>\n<p>Sin solo concentrarse en las pol\u00edticas de Rusia, <strong>Pussy Riot<\/strong> tambi\u00e9n ha atra\u00eddo atenci\u00f3n de los medios por protestar en contra de los principios de<strong> Donald Trump<\/strong>.<\/p>\n<p><iframe loading=\"lazy\" src=\"https:\/\/www.youtube.com\/embed\/Bp-KeVBNz0A\" width=\"560\" height=\"315\" frameborder=\"0\" allowfullscreen=\"allowfullscreen\"><\/iframe><\/p>\n<p>A trav\u00e9s de una declaraci\u00f3n, el grupo se atribuy\u00f3 los hechos del domingo y dijo que este acto fue una demanda de seis principios:<\/p>\n<ol>\n<li>Liberar a los prisioneros pol\u00edticos.<\/li>\n<li>Dejar de encarcelar a personas por\u00a0<i>likes<\/i>\u00a0en las redes sociales.<\/li>\n<li>Parar los arrestos ilegales en las protestas.<\/li>\n<li>Permitir la competencia pol\u00edtica.<\/li>\n<li>Parar de fabricar casos criminales y encarcelar a las personas sin tener raz\u00f3n.<\/li>\n<li>Convertir al\u00a0<i>earthly policeman<\/i>\u00a0en\u00a0<i>heavenly policeman<\/i>.<\/li>\n<\/ol>\n<p>Con los seis puntos, el colectivo busca exhibir la corrupci\u00f3n en su pa\u00eds y el autoritarismo que se vive d\u00eda a d\u00eda.<\/p>\n<blockquote class=\"instagram-media\" style=\"background: #FFF; border: 0; border-radius: 3px; box-shadow: 0 0 1px 0 rgba(0,0,0,0.5),0 1px 10px 0 rgba(0,0,0,0.15); margin: 1px; max-width: 540px; min-width: 326px; padding: 0; width: calc(100% - 2px);\" data-instgrm-captioned=\"\" data-instgrm-permalink=\"https:\/\/www.instagram.com\/p\/BlRMlBqlCiF\/\" data-instgrm-version=\"9\">\n<div style=\"padding: 8px;\">\n<div style=\"background: #F8F8F8; line-height: 0; margin-top: 40px; padding: 30.925925925925924% 0; text-align: center; width: 100%;\"><\/div>\n<p style=\"margin: 8px 0 0 0; padding: 0 4px;\"><a href=\"https:\/\/www.instagram.com\/p\/BlRMlBqlCiF\/\"style=\"color: #000; font-family: Arial,sans-serif; font-size: 14px; font-style: normal; font-weight: normal; line-height: 17px; text-decoration: none; word-wrap: break-word;\"  target=\"_blank\" rel=\"noopener\" target=\"_blank\">we demand to: 1. Let all political prisoners free. 2. Not imprison for \u201clikes\u201d. 3. Stop Illegal arrests on rallies. 4. Allow political competition in the country. 5. Not fabricate criminal accusations and not keep people in jails for no reason. 6. Turn the earthly policeman into the heavenly policeman.<\/a><\/p>\n<p style=\"color: #c9c8cd; font-family: Arial,sans-serif; font-size: 14px; line-height: 17px; margin-bottom: 0; margin-top: 8px; overflow: hidden; padding: 8px 0 7px; text-align: center; text-overflow: ellipsis; white-space: nowrap;\">Una publicaci\u00f3n compartida de <a href=\"https:\/\/www.instagram.com\/wearepussyriot\/\"style=\"color: #c9c8cd; font-family: Arial,sans-serif; font-size: 14px; font-style: normal; font-weight: normal; line-height: 17px;\"  target=\"_blank\" rel=\"noopener\" target=\"_blank\"> Pussy Riot<\/a> (@wearepussyriot) el <time style=\"font-family: Arial,sans-serif; font-size: 14px; line-height: 17px;\" datetime=\"2018-07-15T22:14:50+00:00\">15 Jul, 2018 a las 3:14 PDT<\/time><\/p>\n<\/div>\n<\/blockquote>\n<p><script async defer src=\"\/\/www.instagram.com\/embed.js\"><\/script><\/p>\n<blockquote class=\"instagram-media\" style=\"background: #FFF; border: 0; border-radius: 3px; box-shadow: 0 0 1px 0 rgba(0,0,0,0.5),0 1px 10px 0 rgba(0,0,0,0.15); margin: 1px; max-width: 540px; min-width: 326px; padding: 0; width: calc(100% - 2px);\" data-instgrm-captioned=\"\" data-instgrm-permalink=\"https:\/\/www.instagram.com\/p\/BlSer2Jh8fy\/\" data-instgrm-version=\"9\">\n<div style=\"padding: 8px;\">\n<div style=\"background: #F8F8F8; line-height: 0; margin-top: 40px; padding: 50% 0; text-align: center; width: 100%;\"><\/div>\n<p style=\"margin: 8px 0 0 0; padding: 0 4px;\"><a href=\"https:\/\/www.instagram.com\/p\/BlSer2Jh8fy\/\"style=\"color: #000; font-family: Arial,sans-serif; font-size: 14px; font-style: normal; font-weight: normal; line-height: 17px; text-decoration: none; word-wrap: break-word;\"  target=\"_blank\" rel=\"noopener\" target=\"_blank\">\ud83d\ude4c\ud83c\udffc #pussyriot in action while the whole world is watching. It\u2019s bigger than a game. It\u2019s bigger than teams. And while I might not agree with disturbing a game like that, I still salute them for having the courage of doing something for the attention of ~ human rights ~. Sport can really change the world if we want it to.<\/a><\/p>\n<p style=\"color: #c9c8cd; font-family: Arial,sans-serif; font-size: 14px; line-height: 17px; margin-bottom: 0; margin-top: 8px; overflow: hidden; padding: 8px 0 7px; text-align: center; text-overflow: ellipsis; white-space: nowrap;\">Una publicaci\u00f3n compartida de <a href=\"https:\/\/www.instagram.com\/zaralarsson\/\"style=\"color: #c9c8cd; font-family: Arial,sans-serif; font-size: 14px; font-style: normal; font-weight: normal; line-height: 17px;\"  target=\"_blank\" rel=\"noopener\" target=\"_blank\"> Zara Larsson<\/a> (@zaralarsson) el <time style=\"font-family: Arial,sans-serif; font-size: 14px; line-height: 17px;\" datetime=\"2018-07-16T10:12:17+00:00\">16 Jul, 2018 a las 3:12 PDT<\/time><\/p>\n<\/div>\n<\/blockquote>\n<p><script async defer src=\"\/\/www.instagram.com\/embed.js\"><\/script><\/p>\n<p><em>Fotos: Getty Images<\/em><\/p>\n","protected":false},"author":24470,"featured_media":0,"template":"","format":"standard","categories":[19],"acf":[],"yoast_head":"<!-- This site is optimized with the Yoast SEO Premium plugin v18.5 (Yoast SEO v20.4) - https:\/\/yoast.com\/wordpress\/plugins\/seo\/ -->\n<title>\u00bfQui\u00e9n era la joven que salt\u00f3 al campo en la final del Mundial para chocar las 5 con Mbapp\u00e9? | Grazia<\/title>\n<meta name=\"description\" content=\"Pussy Riot es un grupo de activistas que protesta, de forma muy original, contra el r\u00e9gimen autoritario.\" \/>\n<meta name=\"robots\" content=\"index, follow, max-snippet:-1, max-image-preview:large, max-video-preview:-1\" \/>\n<link rel=\"canonical\" href=\"https:\/\/graziamagazine.com\/es\/articles\/quien-era-la-joven-que-salto-al-campo-en-la-final-del-mundial-para-chocar-las-5-con-mbappe\/\" \/>\n<meta property=\"og:locale\" content=\"es_ES\" \/>\n<meta property=\"og:type\" content=\"article\" \/>\n<meta property=\"og:title\" content=\"\u00bfQui\u00e9n era la joven que salt\u00f3 al campo en la final del Mundial para chocar las 5 con Mbapp\u00e9?\" \/>\n<meta property=\"og:description\" content=\"Pussy Riot es un grupo de activistas que protesta, de forma muy original, contra el r\u00e9gimen autoritario.\" \/>\n<meta property=\"og:url\" content=\"https:\/\/graziamagazine.com\/es\/articles\/quien-era-la-joven-que-salto-al-campo-en-la-final-del-mundial-para-chocar-las-5-con-mbappe\/\" \/>\n<meta property=\"og:site_name\" content=\"Grazia\" \/>\n<meta property=\"article:modified_time\" content=\"2018-07-16T16:30:02+00:00\" \/>\n<meta property=\"og:image\" content=\"https:\/\/graziamagazine.com\/es\/wp-content\/uploads\/sites\/12\/2018\/07\/gettyimages-999464948_x1x_crop1531679083872.jpg_1902800913.jpg?fit=1200%2C900\" \/>\n\t<meta property=\"og:image:width\" content=\"1200\" \/>\n\t<meta property=\"og:image:height\" content=\"900\" \/>\n\t<meta property=\"og:image:type\" content=\"image\/jpeg\" \/>\n<meta name=\"twitter:card\" content=\"summary_large_image\" \/>\n<meta name=\"twitter:image\" content=\"http:\/\/s3-eu-west-1.amazonaws.com\/grazia-cdn\/wp-content\/uploads\/sites\/12\/2018\/07\/gettyimages-999464948_x1x_crop1531679083872.jpg_1902800913.jpg\" \/>\n<meta name=\"twitter:label1\" content=\"Est. reading time\" \/>\n\t<meta name=\"twitter:data1\" content=\"2 minutos\" \/>\n<script type=\"application\/ld+json\" class=\"yoast-schema-graph\">{\"@context\":\"https:\/\/schema.org\",\"@graph\":[{\"@type\":\"WebPage\",\"@id\":\"https:\/\/graziamagazine.com\/es\/articles\/quien-era-la-joven-que-salto-al-campo-en-la-final-del-mundial-para-chocar-las-5-con-mbappe\/\",\"url\":\"https:\/\/graziamagazine.com\/es\/articles\/quien-era-la-joven-que-salto-al-campo-en-la-final-del-mundial-para-chocar-las-5-con-mbappe\/\",\"name\":\"\u00bfQui\u00e9n era la joven que salt\u00f3 al campo en la final del Mundial para chocar las 5 con Mbapp\u00e9? | Grazia\",\"isPartOf\":{\"@id\":\"https:\/\/graziamagazine.com\/es\/#website\"},\"datePublished\":\"2018-07-16T16:29:59+00:00\",\"dateModified\":\"2018-07-16T16:30:02+00:00\",\"description\":\"Pussy Riot es un grupo de activistas que protesta, de forma muy original, contra el r\u00e9gimen autoritario.\",\"breadcrumb\":{\"@id\":\"https:\/\/graziamagazine.com\/es\/articles\/quien-era-la-joven-que-salto-al-campo-en-la-final-del-mundial-para-chocar-las-5-con-mbappe\/#breadcrumb\"},\"inLanguage\":\"es\",\"potentialAction\":[{\"@type\":\"ReadAction\",\"target\":[\"https:\/\/graziamagazine.com\/es\/articles\/quien-era-la-joven-que-salto-al-campo-en-la-final-del-mundial-para-chocar-las-5-con-mbappe\/\"]}]},{\"@type\":\"BreadcrumbList\",\"@id\":\"https:\/\/graziamagazine.com\/es\/articles\/quien-era-la-joven-que-salto-al-campo-en-la-final-del-mundial-para-chocar-las-5-con-mbappe\/#breadcrumb\",\"itemListElement\":[{\"@type\":\"ListItem\",\"position\":1,\"name\":\"Portada\",\"item\":\"https:\/\/graziamagazine.com\/es\/\"},{\"@type\":\"ListItem\",\"position\":2,\"name\":\"\u00bfQui\u00e9n era la joven que salt\u00f3 al campo en la final del Mundial para chocar las 5 con Mbapp\u00e9?\"}]},{\"@type\":\"WebSite\",\"@id\":\"https:\/\/graziamagazine.com\/es\/#website\",\"url\":\"https:\/\/graziamagazine.com\/es\/\",\"name\":\"Grazia\",\"description\":\"Moda, belleza, celebrities, estilo de vida...\",\"potentialAction\":[{\"@type\":\"SearchAction\",\"target\":{\"@type\":\"EntryPoint\",\"urlTemplate\":\"https:\/\/graziamagazine.com\/es\/?s={search_term_string}\"},\"query-input\":\"required name=search_term_string\"}],\"inLanguage\":\"es\"}]}<\/script>\n<!-- \/ Yoast SEO Premium plugin. -->","yoast_head_json":{"title":"\u00bfQui\u00e9n era la joven que salt\u00f3 al campo en la final del Mundial para chocar las 5 con Mbapp\u00e9? | Grazia","description":"Pussy Riot es un grupo de activistas que protesta, de forma muy original, contra el r\u00e9gimen autoritario.","robots":{"index":"index","follow":"follow","max-snippet":"max-snippet:-1","max-image-preview":"max-image-preview:large","max-video-preview":"max-video-preview:-1"},"canonical":"https:\/\/graziamagazine.com\/es\/articles\/quien-era-la-joven-que-salto-al-campo-en-la-final-del-mundial-para-chocar-las-5-con-mbappe\/","og_locale":"es_ES","og_type":"article","og_title":"\u00bfQui\u00e9n era la joven que salt\u00f3 al campo en la final del Mundial para chocar las 5 con Mbapp\u00e9?","og_description":"Pussy Riot es un grupo de activistas que protesta, de forma muy original, contra el r\u00e9gimen autoritario.","og_url":"https:\/\/graziamagazine.com\/es\/articles\/quien-era-la-joven-que-salto-al-campo-en-la-final-del-mundial-para-chocar-las-5-con-mbappe\/","og_site_name":"Grazia","article_modified_time":"2018-07-16T16:30:02+00:00","og_image":[{"width":1200,"height":900,"url":"https:\/\/graziamagazine.com\/es\/wp-content\/uploads\/sites\/12\/2018\/07\/gettyimages-999464948_x1x_crop1531679083872.jpg_1902800913.jpg?fit=1200%2C900","type":"image\/jpeg"}],"twitter_card":"summary_large_image","twitter_image":"http:\/\/s3-eu-west-1.amazonaws.com\/grazia-cdn\/wp-content\/uploads\/sites\/12\/2018\/07\/gettyimages-999464948_x1x_crop1531679083872.jpg_1902800913.jpg","twitter_misc":{"Est. reading time":"2 minutos"},"schema":{"@context":"https:\/\/schema.org","@graph":[{"@type":"WebPage","@id":"https:\/\/graziamagazine.com\/es\/articles\/quien-era-la-joven-que-salto-al-campo-en-la-final-del-mundial-para-chocar-las-5-con-mbappe\/","url":"https:\/\/graziamagazine.com\/es\/articles\/quien-era-la-joven-que-salto-al-campo-en-la-final-del-mundial-para-chocar-las-5-con-mbappe\/","name":"\u00bfQui\u00e9n era la joven que salt\u00f3 al campo en la final del Mundial para chocar las 5 con Mbapp\u00e9? | Grazia","isPartOf":{"@id":"https:\/\/graziamagazine.com\/es\/#website"},"datePublished":"2018-07-16T16:29:59+00:00","dateModified":"2018-07-16T16:30:02+00:00","description":"Pussy Riot es un grupo de activistas que protesta, de forma muy original, contra el r\u00e9gimen autoritario.","breadcrumb":{"@id":"https:\/\/graziamagazine.com\/es\/articles\/quien-era-la-joven-que-salto-al-campo-en-la-final-del-mundial-para-chocar-las-5-con-mbappe\/#breadcrumb"},"inLanguage":"es","potentialAction":[{"@type":"ReadAction","target":["https:\/\/graziamagazine.com\/es\/articles\/quien-era-la-joven-que-salto-al-campo-en-la-final-del-mundial-para-chocar-las-5-con-mbappe\/"]}]},{"@type":"BreadcrumbList","@id":"https:\/\/graziamagazine.com\/es\/articles\/quien-era-la-joven-que-salto-al-campo-en-la-final-del-mundial-para-chocar-las-5-con-mbappe\/#breadcrumb","itemListElement":[{"@type":"ListItem","position":1,"name":"Portada","item":"https:\/\/graziamagazine.com\/es\/"},{"@type":"ListItem","position":2,"name":"\u00bfQui\u00e9n era la joven que salt\u00f3 al campo en la final del Mundial para chocar las 5 con Mbapp\u00e9?"}]},{"@type":"WebSite","@id":"https:\/\/graziamagazine.com\/es\/#website","url":"https:\/\/graziamagazine.com\/es\/","name":"Grazia","description":"Moda, belleza, celebrities, estilo de vida...","potentialAction":[{"@type":"SearchAction","target":{"@type":"EntryPoint","urlTemplate":"https:\/\/graziamagazine.com\/es\/?s={search_term_string}"},"query-input":"required name=search_term_string"}],"inLanguage":"es"}]}},"jetpack_sharing_enabled":true,"distributor_meta":false,"distributor_terms":false,"distributor_media":false,"distributor_original_site_name":"Grazia","distributor_original_site_url":"https:\/\/graziamagazine.com\/es","push-errors":false,"_links":{"self":[{"href":"https:\/\/graziamagazine.com\/es\/wp-json\/wp\/v2\/articles\/138128"}],"collection":[{"href":"https:\/\/graziamagazine.com\/es\/wp-json\/wp\/v2\/articles"}],"about":[{"href":"https:\/\/graziamagazine.com\/es\/wp-json\/wp\/v2\/types\/articles"}],"author":[{"embeddable":true,"href":"https:\/\/graziamagazine.com\/es\/wp-json\/wp\/v2\/users\/24470"}],"wp:attachment":[{"href":"https:\/\/graziamagazine.com\/es\/wp-json\/wp\/v2\/media?parent=138128"}],"wp:term":[{"taxonomy":"category","embeddable":true,"href":"https:\/\/graziamagazine.com\/es\/wp-json\/wp\/v2\/categories?post=138128"}],"curies":[{"name":"wp","href":"https:\/\/api.w.org\/{rel}","templated":true}]}}