{"id":137644,"date":"2018-07-04T20:32:58","date_gmt":"2018-07-04T18:32:58","guid":{"rendered":"https:\/\/graziamagazine.com\/es\/?p=137644"},"modified":"2018-07-04T20:33:01","modified_gmt":"2018-07-04T18:33:01","slug":"el-portero-de-brasil-al-desnudo","status":"publish","type":"articles","link":"https:\/\/graziamagazine.com\/es\/articles\/el-portero-de-brasil-al-desnudo\/","title":{"rendered":"El portero de Brasil, \u00a1al desnudo!"},"content":{"rendered":"<p>Espa\u00f1a no pas\u00f3 de octavos de final y eso nos duele, para qu\u00e9 negarlo. Pero aunque ya no veremos a los guapos de nuestra selecci\u00f3n lucir palmito en el terreno de juego, al menos nos queda el consuelo que que el guardameta m\u00e1s atractivo de la alineaci\u00f3n mundial (con el permiso de nuestro querido <strong>Iker Casillas<\/strong>) a\u00fan sigue en la batalla. Si lo quieres ver de cera una vez m\u00e1s (y esperemos que no sea la \u00faltima), enciende tu televisi\u00f3n este viernes a eso de las 8 en punto y repasa a los jugadores de Brasil. No vas a salir de la porter\u00eda. El arquero\u00a0<strong>Alisson Becker<\/strong> tiene tan solo 25 a\u00f1os y ya es culpable de haber goleado el coraz\u00f3n de m\u00e1s de una (que levante la mano quien sea culpable).<\/p>\n<blockquote class=\"twitter-tweet\" data-lang=\"es\">\n<p dir=\"ltr\" lang=\"es\">Lo \u00fanico bueno del partido contra <a href=\"https:\/\/twitter.com\/hashtag\/BrazilvsMexico?src=hash&amp;ref_src=twsrc%5Etfw\" target=\"_blank\">#BrazilvsMexico<\/a> se llama <a href=\"https:\/\/twitter.com\/hashtag\/AlissonBecker?src=hash&amp;ref_src=twsrc%5Etfw\" target=\"_blank\">#AlissonBecker<\/a> <a href=\"https:\/\/t.co\/5WUCP0uzSM\" target=\"_blank\">pic.twitter.com\/5WUCP0uzSM<\/a><\/p>\n<p>\u2014 Ana Montemayor (@cocomx) <a href=\"https:\/\/twitter.com\/cocomx\/status\/1013896644851531777?ref_src=twsrc%5Etfw\" target=\"_blank\">2 de julio de 2018<\/a><\/p><\/blockquote>\n<p><script async src=\"https:\/\/platform.twitter.com\/widgets.js\" charset=\"utf-8\"><\/script><\/p>\n<p>Catalogado por muchos como el Thor del f\u00fatbol, por su gran parecido con <strong>Chris Hemsworth<\/strong>, el jugador brasile\u00f1o ha sido grabado T-O-T-A-L-M-E-N-T-E desnudo en un vestuario.<\/p>\n<blockquote class=\"twitter-tweet\" data-lang=\"es\">\n<p dir=\"ltr\" lang=\"es\">Alguien tiene el video de Alisson Becker, es para un an\u00e1lisis deportivo sobre <a href=\"https:\/\/twitter.com\/hashtag\/Rusia2018?src=hash&amp;ref_src=twsrc%5Etfw\" target=\"_blank\">#Rusia2018<\/a> se agradece en DH y c\u00e1mara lenta. Gracias <a href=\"https:\/\/twitter.com\/hashtag\/Brasil?src=hash&amp;ref_src=twsrc%5Etfw\" target=\"_blank\">#Brasil<\/a> <a href=\"https:\/\/twitter.com\/hashtag\/AlissonBecker?src=hash&amp;ref_src=twsrc%5Etfw\" target=\"_blank\">#AlissonBecker<\/a> \ud83c\udde7\ud83c\uddf7 <a href=\"https:\/\/t.co\/VBSlWV4E4D\" target=\"_blank\">pic.twitter.com\/VBSlWV4E4D<\/a><\/p>\n<p>\u2014 Mario Belmont (@Emporio_AX) <a href=\"https:\/\/twitter.com\/Emporio_AX\/status\/1014273782498938880?ref_src=twsrc%5Etfw\" target=\"_blank\">3 de julio de 2018<\/a><\/p><\/blockquote>\n<p><script async src=\"https:\/\/platform.twitter.com\/widgets.js\" charset=\"utf-8\"><\/script><\/p>\n<p>Si no has tenido el gusto de conocerlo sin censura, (desnudo, literalmente) esta joya la podr\u00e1s ver aqu\u00ed.<\/p>\n<p>No sabemos c\u00f3mo se filtr\u00f3 el desnudo m\u00e1s inesperado (pero so\u00f1ado) de este torneo. Lo cierto es que ahora podremos ir a dormir en paz y ver el partido de Brasil frente a Inglaterra con total admiraci\u00f3n (ya sabes a cual nos referimos).<\/p>\n<p>Vamos Bra\u2026 Bueno, \u00a1vamos Alisson!<\/p>\n<blockquote class=\"twitter-tweet\" data-lang=\"es\">\n<p dir=\"ltr\" lang=\"es\"><a href=\"https:\/\/twitter.com\/hashtag\/AlissonBecker?src=hash&amp;ref_src=twsrc%5Etfw\" target=\"_blank\">#AlissonBecker<\/a> vives en mi coraz\u00f3n \u2763 <a href=\"https:\/\/t.co\/tBdZ4QESpg\" target=\"_blank\">pic.twitter.com\/tBdZ4QESpg<\/a><\/p>\n<p>\u2014 Yaratz\u00e9 Garc\u00eda F (@kyaratze) <a href=\"https:\/\/twitter.com\/kyaratze\/status\/1014550915574124550?ref_src=twsrc%5Etfw\" target=\"_blank\">4 de julio de 2018<\/a><\/p><\/blockquote>\n<p><script async src=\"https:\/\/platform.twitter.com\/widgets.js\" charset=\"utf-8\"><\/script><\/p>\n<p><em>Fotos: Getty Images<\/em><\/p>\n","protected":false},"author":11623,"featured_media":0,"template":"","format":"standard","categories":[13],"acf":[],"yoast_head":"<!-- This site is optimized with the Yoast SEO Premium plugin v18.5 (Yoast SEO v20.4) - https:\/\/yoast.com\/wordpress\/plugins\/seo\/ -->\n<title>El portero de Brasil, \u00a1al desnudo! | Grazia<\/title>\n<meta name=\"description\" content=\"Desde hace horas anda circulando por Internet un v\u00eddeo de Alisson Becker como Dios lo trajo al mundo.\" \/>\n<meta name=\"robots\" content=\"index, follow, max-snippet:-1, max-image-preview:large, max-video-preview:-1\" \/>\n<link rel=\"canonical\" href=\"https:\/\/graziamagazine.com\/es\/articles\/el-portero-de-brasil-al-desnudo\/\" \/>\n<meta property=\"og:locale\" content=\"es_ES\" \/>\n<meta property=\"og:type\" content=\"article\" \/>\n<meta property=\"og:title\" content=\"El portero de Brasil, \u00a1al desnudo!\" \/>\n<meta property=\"og:description\" content=\"Desde hace horas anda circulando por Internet un v\u00eddeo de Alisson Becker como Dios lo trajo al mundo.\" \/>\n<meta property=\"og:url\" content=\"https:\/\/graziamagazine.com\/es\/articles\/el-portero-de-brasil-al-desnudo\/\" \/>\n<meta property=\"og:site_name\" content=\"Grazia\" \/>\n<meta property=\"article:modified_time\" content=\"2018-07-04T18:33:01+00:00\" \/>\n<meta property=\"og:image\" content=\"https:\/\/graziamagazine.com\/es\/wp-content\/uploads\/sites\/12\/2018\/07\/03-alisson-becker-4.w710.h473.2x.jpg?fit=1420%2C946\" \/>\n\t<meta property=\"og:image:width\" content=\"1420\" \/>\n\t<meta property=\"og:image:height\" content=\"946\" \/>\n\t<meta property=\"og:image:type\" content=\"image\/jpeg\" \/>\n<meta name=\"twitter:card\" content=\"summary_large_image\" \/>\n<meta name=\"twitter:image\" content=\"http:\/\/s3-eu-west-1.amazonaws.com\/grazia-cdn\/wp-content\/uploads\/sites\/12\/2018\/07\/alisson-as-rom-13032018_wza745s93yjr123ygwv4kzdnt.jpg\" \/>\n<meta name=\"twitter:label1\" content=\"Est. reading time\" \/>\n\t<meta name=\"twitter:data1\" content=\"2 minutos\" \/>\n<script type=\"application\/ld+json\" class=\"yoast-schema-graph\">{\"@context\":\"https:\/\/schema.org\",\"@graph\":[{\"@type\":\"WebPage\",\"@id\":\"https:\/\/graziamagazine.com\/es\/articles\/el-portero-de-brasil-al-desnudo\/\",\"url\":\"https:\/\/graziamagazine.com\/es\/articles\/el-portero-de-brasil-al-desnudo\/\",\"name\":\"El portero de Brasil, \u00a1al desnudo! | Grazia\",\"isPartOf\":{\"@id\":\"https:\/\/graziamagazine.com\/es\/#website\"},\"datePublished\":\"2018-07-04T18:32:58+00:00\",\"dateModified\":\"2018-07-04T18:33:01+00:00\",\"description\":\"Desde hace horas anda circulando por Internet un v\u00eddeo de Alisson Becker como Dios lo trajo al mundo.\",\"breadcrumb\":{\"@id\":\"https:\/\/graziamagazine.com\/es\/articles\/el-portero-de-brasil-al-desnudo\/#breadcrumb\"},\"inLanguage\":\"es\",\"potentialAction\":[{\"@type\":\"ReadAction\",\"target\":[\"https:\/\/graziamagazine.com\/es\/articles\/el-portero-de-brasil-al-desnudo\/\"]}]},{\"@type\":\"BreadcrumbList\",\"@id\":\"https:\/\/graziamagazine.com\/es\/articles\/el-portero-de-brasil-al-desnudo\/#breadcrumb\",\"itemListElement\":[{\"@type\":\"ListItem\",\"position\":1,\"name\":\"Portada\",\"item\":\"https:\/\/graziamagazine.com\/es\/\"},{\"@type\":\"ListItem\",\"position\":2,\"name\":\"El portero de Brasil, \u00a1al desnudo!\"}]},{\"@type\":\"WebSite\",\"@id\":\"https:\/\/graziamagazine.com\/es\/#website\",\"url\":\"https:\/\/graziamagazine.com\/es\/\",\"name\":\"Grazia\",\"description\":\"Moda, belleza, celebrities, estilo de vida...\",\"potentialAction\":[{\"@type\":\"SearchAction\",\"target\":{\"@type\":\"EntryPoint\",\"urlTemplate\":\"https:\/\/graziamagazine.com\/es\/?s={search_term_string}\"},\"query-input\":\"required name=search_term_string\"}],\"inLanguage\":\"es\"}]}<\/script>\n<!-- \/ Yoast SEO Premium plugin. -->","yoast_head_json":{"title":"El portero de Brasil, \u00a1al desnudo! | Grazia","description":"Desde hace horas anda circulando por Internet un v\u00eddeo de Alisson Becker como Dios lo trajo al mundo.","robots":{"index":"index","follow":"follow","max-snippet":"max-snippet:-1","max-image-preview":"max-image-preview:large","max-video-preview":"max-video-preview:-1"},"canonical":"https:\/\/graziamagazine.com\/es\/articles\/el-portero-de-brasil-al-desnudo\/","og_locale":"es_ES","og_type":"article","og_title":"El portero de Brasil, \u00a1al desnudo!","og_description":"Desde hace horas anda circulando por Internet un v\u00eddeo de Alisson Becker como Dios lo trajo al mundo.","og_url":"https:\/\/graziamagazine.com\/es\/articles\/el-portero-de-brasil-al-desnudo\/","og_site_name":"Grazia","article_modified_time":"2018-07-04T18:33:01+00:00","og_image":[{"width":1420,"height":946,"url":"https:\/\/graziamagazine.com\/es\/wp-content\/uploads\/sites\/12\/2018\/07\/03-alisson-becker-4.w710.h473.2x.jpg?fit=1420%2C946","type":"image\/jpeg"}],"twitter_card":"summary_large_image","twitter_image":"http:\/\/s3-eu-west-1.amazonaws.com\/grazia-cdn\/wp-content\/uploads\/sites\/12\/2018\/07\/alisson-as-rom-13032018_wza745s93yjr123ygwv4kzdnt.jpg","twitter_misc":{"Est. reading time":"2 minutos"},"schema":{"@context":"https:\/\/schema.org","@graph":[{"@type":"WebPage","@id":"https:\/\/graziamagazine.com\/es\/articles\/el-portero-de-brasil-al-desnudo\/","url":"https:\/\/graziamagazine.com\/es\/articles\/el-portero-de-brasil-al-desnudo\/","name":"El portero de Brasil, \u00a1al desnudo! | Grazia","isPartOf":{"@id":"https:\/\/graziamagazine.com\/es\/#website"},"datePublished":"2018-07-04T18:32:58+00:00","dateModified":"2018-07-04T18:33:01+00:00","description":"Desde hace horas anda circulando por Internet un v\u00eddeo de Alisson Becker como Dios lo trajo al mundo.","breadcrumb":{"@id":"https:\/\/graziamagazine.com\/es\/articles\/el-portero-de-brasil-al-desnudo\/#breadcrumb"},"inLanguage":"es","potentialAction":[{"@type":"ReadAction","target":["https:\/\/graziamagazine.com\/es\/articles\/el-portero-de-brasil-al-desnudo\/"]}]},{"@type":"BreadcrumbList","@id":"https:\/\/graziamagazine.com\/es\/articles\/el-portero-de-brasil-al-desnudo\/#breadcrumb","itemListElement":[{"@type":"ListItem","position":1,"name":"Portada","item":"https:\/\/graziamagazine.com\/es\/"},{"@type":"ListItem","position":2,"name":"El portero de Brasil, \u00a1al desnudo!"}]},{"@type":"WebSite","@id":"https:\/\/graziamagazine.com\/es\/#website","url":"https:\/\/graziamagazine.com\/es\/","name":"Grazia","description":"Moda, belleza, celebrities, estilo de vida...","potentialAction":[{"@type":"SearchAction","target":{"@type":"EntryPoint","urlTemplate":"https:\/\/graziamagazine.com\/es\/?s={search_term_string}"},"query-input":"required name=search_term_string"}],"inLanguage":"es"}]}},"jetpack_sharing_enabled":true,"distributor_meta":false,"distributor_terms":false,"distributor_media":false,"distributor_original_site_name":"Grazia","distributor_original_site_url":"https:\/\/graziamagazine.com\/es","push-errors":false,"_links":{"self":[{"href":"https:\/\/graziamagazine.com\/es\/wp-json\/wp\/v2\/articles\/137644"}],"collection":[{"href":"https:\/\/graziamagazine.com\/es\/wp-json\/wp\/v2\/articles"}],"about":[{"href":"https:\/\/graziamagazine.com\/es\/wp-json\/wp\/v2\/types\/articles"}],"author":[{"embeddable":true,"href":"https:\/\/graziamagazine.com\/es\/wp-json\/wp\/v2\/users\/11623"}],"wp:attachment":[{"href":"https:\/\/graziamagazine.com\/es\/wp-json\/wp\/v2\/media?parent=137644"}],"wp:term":[{"taxonomy":"category","embeddable":true,"href":"https:\/\/graziamagazine.com\/es\/wp-json\/wp\/v2\/categories?post=137644"}],"curies":[{"name":"wp","href":"https:\/\/api.w.org\/{rel}","templated":true}]}}