{"id":137521,"date":"2018-07-03T18:04:40","date_gmt":"2018-07-03T16:04:40","guid":{"rendered":"https:\/\/graziamagazine.com\/es\/?p=137521"},"modified":"2018-07-03T18:04:40","modified_gmt":"2018-07-03T16:04:40","slug":"natura-bisse-quiere-que-luzcas-preciosa-este-verano","status":"publish","type":"articles","link":"https:\/\/graziamagazine.com\/es\/articles\/natura-bisse-quiere-que-luzcas-preciosa-este-verano\/","title":{"rendered":"Natura Biss\u00e9 quiere que luzcas preciosa este verano"},"content":{"rendered":"<p>Hace unos d\u00edas te dimos <a href=\"https:\/\/graziamagazine.com\/es\/belleza\/cuida-tu-piel-del-sol-con-este-sencillo-ritual\/\">toda una serie de consejos para proteger tu piel<\/a> del tan temido, pero a la vez bendito sol de verano.<\/p>\n<p>En Grazia.es sabemos que una vez que ha pasado San Juan, los d\u00edas soleados y calurosos llegaron para quedarse, as\u00ed que estamos entusiasmadas con el kit tan especial que <strong>Natura Biss\u00e9<\/strong> nos ha preparado.<\/p>\n<p>El neceser no solo se centra en cuidar de nuestra piel, tambi\u00e9n busca que est\u00e9 radiante. \u00a1Seremos la sensaci\u00f3n del chiringuito!<\/p>\n<p>Esto es todo lo que necesitas:<\/p>\n<p><strong>C+C Vitamin Summer Lotion <\/strong><\/p>\n<p>Con \u00e9l tendr\u00e1s una hidratacio\u0301n intensa para rostro y cuerpo. Te recomendamos que te lo eches despu\u00e9s de estar al sol, ya que es ideal para calma la piel y prolonga el bronceado.<\/p>\n<p><img loading=\"lazy\" decoding=\"async\" class=\"aligncenter size-full wp-image-137524\" src=\"https:\/\/graziamagazine.com\/es\/wp-content\/uploads\/sites\/12\/2018\/07\/CC-VITAMIN-SUMMER-LOTION.jpg\" alt=\"\" width=\"778\" height=\"1197\" srcset=\"https:\/\/graziamagazine.com\/es\/wp-content\/uploads\/sites\/12\/2018\/07\/CC-VITAMIN-SUMMER-LOTION.jpg 778w, https:\/\/graziamagazine.com\/es\/wp-content\/uploads\/sites\/12\/2018\/07\/CC-VITAMIN-SUMMER-LOTION.jpg?resize=195,300 195w, https:\/\/graziamagazine.com\/es\/wp-content\/uploads\/sites\/12\/2018\/07\/CC-VITAMIN-SUMMER-LOTION.jpg?resize=768,1182 768w, https:\/\/graziamagazine.com\/es\/wp-content\/uploads\/sites\/12\/2018\/07\/CC-VITAMIN-SUMMER-LOTION.jpg?resize=666,1024 666w, https:\/\/graziamagazine.com\/es\/wp-content\/uploads\/sites\/12\/2018\/07\/CC-VITAMIN-SUMMER-LOTION.jpg?resize=140,215 140w\" sizes=\"(max-width: 778px) 100vw, 778px\" \/><\/p>\n<p><strong>C+C Vitamin Eye <\/strong><\/p>\n<p>Un contorno de ojos con aroma a ci\u0301tricos del Mediterra\u0301neo y textura gel que combate los signos de cansancio y envejecimiento. Perfecto para que luzcas una mirada revitalizada durante todo el verano.<\/p>\n<p><img loading=\"lazy\" decoding=\"async\" class=\"aligncenter size-full wp-image-137523\" src=\"https:\/\/graziamagazine.com\/es\/wp-content\/uploads\/sites\/12\/2018\/07\/NB_CC-VITAMIN-EYE.jpg\" alt=\"\" width=\"2048\" height=\"4607\" srcset=\"https:\/\/graziamagazine.com\/es\/wp-content\/uploads\/sites\/12\/2018\/07\/NB_CC-VITAMIN-EYE.jpg 2048w, https:\/\/graziamagazine.com\/es\/wp-content\/uploads\/sites\/12\/2018\/07\/NB_CC-VITAMIN-EYE-133x300.jpg 133w, https:\/\/graziamagazine.com\/es\/wp-content\/uploads\/sites\/12\/2018\/07\/NB_CC-VITAMIN-EYE-768x1728.jpg 768w, https:\/\/graziamagazine.com\/es\/wp-content\/uploads\/sites\/12\/2018\/07\/NB_CC-VITAMIN-EYE-455x1024.jpg 455w, https:\/\/graziamagazine.com\/es\/wp-content\/uploads\/sites\/12\/2018\/07\/NB_CC-VITAMIN-EYE-720x1620.jpg 720w, https:\/\/graziamagazine.com\/es\/wp-content\/uploads\/sites\/12\/2018\/07\/NB_CC-VITAMIN-EYE-1200x2699.jpg 1200w, https:\/\/graziamagazine.com\/es\/wp-content\/uploads\/sites\/12\/2018\/07\/NB_CC-VITAMIN-EYE-626x1408.jpg 626w, https:\/\/graziamagazine.com\/es\/wp-content\/uploads\/sites\/12\/2018\/07\/NB_CC-VITAMIN-EYE-360x810.jpg 360w\" sizes=\"(max-width: 2048px) 100vw, 2048px\" \/><\/p>\n<p><strong>C+C Dry Oil Antioxidant Sun Protection SPF 30<\/strong><\/p>\n<p>El tercer imprescindible de este kit veraniego es un aceite en seco s\u00faper refrescante e hidratante que protege cuerpo, rostro y cabello de los tan temidos Rayos UV.<\/p>\n<p><img loading=\"lazy\" decoding=\"async\" class=\"aligncenter size-full wp-image-137527\" src=\"https:\/\/graziamagazine.com\/es\/wp-content\/uploads\/sites\/12\/2018\/07\/CC-DRY-OIL-ANTIOXIDANT-SUN-PROTECTION.jpg\" alt=\"\" width=\"1731\" height=\"2349\" srcset=\"https:\/\/graziamagazine.com\/es\/wp-content\/uploads\/sites\/12\/2018\/07\/CC-DRY-OIL-ANTIOXIDANT-SUN-PROTECTION.jpg 1731w, https:\/\/graziamagazine.com\/es\/wp-content\/uploads\/sites\/12\/2018\/07\/CC-DRY-OIL-ANTIOXIDANT-SUN-PROTECTION.jpg?resize=221,300 221w, https:\/\/graziamagazine.com\/es\/wp-content\/uploads\/sites\/12\/2018\/07\/CC-DRY-OIL-ANTIOXIDANT-SUN-PROTECTION.jpg?resize=768,1042 768w, https:\/\/graziamagazine.com\/es\/wp-content\/uploads\/sites\/12\/2018\/07\/CC-DRY-OIL-ANTIOXIDANT-SUN-PROTECTION.jpg?resize=755,1024 755w, https:\/\/graziamagazine.com\/es\/wp-content\/uploads\/sites\/12\/2018\/07\/CC-DRY-OIL-ANTIOXIDANT-SUN-PROTECTION.jpg?resize=1132,1536 1132w, https:\/\/graziamagazine.com\/es\/wp-content\/uploads\/sites\/12\/2018\/07\/CC-DRY-OIL-ANTIOXIDANT-SUN-PROTECTION.jpg?resize=1509,2048 1509w, https:\/\/graziamagazine.com\/es\/wp-content\/uploads\/sites\/12\/2018\/07\/CC-DRY-OIL-ANTIOXIDANT-SUN-PROTECTION.jpg?resize=155,210 155w\" sizes=\"(max-width: 1731px) 100vw, 1731px\" \/><\/p>\n<p><strong>C+C Macroantioxidant Sun Protection SPF 30<\/strong><\/p>\n<p>Parece que estamos obsesionadas con la hidrataci\u00f3n, pero es que es clave en una piel bonita. Con esta crema lograr\u00e1s una hidratacio\u0301n intensa y macroproteccio\u0301n para el rostro con aroma a ci\u0301tricos del Mediterra\u0301neo.<\/p>\n<p><img loading=\"lazy\" decoding=\"async\" class=\"aligncenter size-full wp-image-137528\" src=\"https:\/\/graziamagazine.com\/es\/wp-content\/uploads\/sites\/12\/2018\/07\/CC-OIL-FREE-MACROANTIOXIDANT-SUN-PROTECTION.jpg\" alt=\"\" width=\"1479\" height=\"2887\" srcset=\"https:\/\/graziamagazine.com\/es\/wp-content\/uploads\/sites\/12\/2018\/07\/CC-OIL-FREE-MACROANTIOXIDANT-SUN-PROTECTION.jpg 1479w, https:\/\/graziamagazine.com\/es\/wp-content\/uploads\/sites\/12\/2018\/07\/CC-OIL-FREE-MACROANTIOXIDANT-SUN-PROTECTION.jpg?resize=154,300 154w, https:\/\/graziamagazine.com\/es\/wp-content\/uploads\/sites\/12\/2018\/07\/CC-OIL-FREE-MACROANTIOXIDANT-SUN-PROTECTION.jpg?resize=768,1499 768w, https:\/\/graziamagazine.com\/es\/wp-content\/uploads\/sites\/12\/2018\/07\/CC-OIL-FREE-MACROANTIOXIDANT-SUN-PROTECTION.jpg?resize=525,1024 525w, https:\/\/graziamagazine.com\/es\/wp-content\/uploads\/sites\/12\/2018\/07\/CC-OIL-FREE-MACROANTIOXIDANT-SUN-PROTECTION.jpg?resize=787,1536 787w, https:\/\/graziamagazine.com\/es\/wp-content\/uploads\/sites\/12\/2018\/07\/CC-OIL-FREE-MACROANTIOXIDANT-SUN-PROTECTION.jpg?resize=1049,2048 1049w, https:\/\/graziamagazine.com\/es\/wp-content\/uploads\/sites\/12\/2018\/07\/CC-OIL-FREE-MACROANTIOXIDANT-SUN-PROTECTION.jpg?resize=110,215 110w\" sizes=\"(max-width: 1479px) 100vw, 1479px\" \/><\/p>\n<p><strong>Diamon White Oil Free Brilliant Sun Protection SPF 50<\/strong><\/p>\n<p>Una crema antiedad -s\u00ed, m\u00e9tetelo en la cabeza, \u00a1el sol envejece!- que ofrece ma\u0301xima proteccio\u0301n solar, previene la aparicio\u0301n de manchas y aporta un favorecedor toque de color.<\/p>\n<p><img loading=\"lazy\" decoding=\"async\" class=\"aligncenter size-full wp-image-137526\" src=\"https:\/\/graziamagazine.com\/es\/wp-content\/uploads\/sites\/12\/2018\/07\/DIAMOND-WHITE-OIL-FREE-BRILLIANT-SUN-PROTECTION-SPF50.jpg\" alt=\"\" width=\"1804\" height=\"3605\" srcset=\"https:\/\/graziamagazine.com\/es\/wp-content\/uploads\/sites\/12\/2018\/07\/DIAMOND-WHITE-OIL-FREE-BRILLIANT-SUN-PROTECTION-SPF50.jpg 1804w, https:\/\/graziamagazine.com\/es\/wp-content\/uploads\/sites\/12\/2018\/07\/DIAMOND-WHITE-OIL-FREE-BRILLIANT-SUN-PROTECTION-SPF50.jpg?resize=150,300 150w, https:\/\/graziamagazine.com\/es\/wp-content\/uploads\/sites\/12\/2018\/07\/DIAMOND-WHITE-OIL-FREE-BRILLIANT-SUN-PROTECTION-SPF50.jpg?resize=768,1535 768w, https:\/\/graziamagazine.com\/es\/wp-content\/uploads\/sites\/12\/2018\/07\/DIAMOND-WHITE-OIL-FREE-BRILLIANT-SUN-PROTECTION-SPF50.jpg?resize=512,1024 512w, https:\/\/graziamagazine.com\/es\/wp-content\/uploads\/sites\/12\/2018\/07\/DIAMOND-WHITE-OIL-FREE-BRILLIANT-SUN-PROTECTION-SPF50.jpg?resize=769,1536 769w, https:\/\/graziamagazine.com\/es\/wp-content\/uploads\/sites\/12\/2018\/07\/DIAMOND-WHITE-OIL-FREE-BRILLIANT-SUN-PROTECTION-SPF50.jpg?resize=1025,2048 1025w, https:\/\/graziamagazine.com\/es\/wp-content\/uploads\/sites\/12\/2018\/07\/DIAMOND-WHITE-OIL-FREE-BRILLIANT-SUN-PROTECTION-SPF50.jpg?resize=108,215 108w\" sizes=\"(max-width: 1804px) 100vw, 1804px\" \/><\/p>\n<p><strong>Diamon Lip Booster<\/strong><\/p>\n<p>Los labios tambi\u00e9n son muy sensibles a los rayos de sol. Este se\u0301rum los hidrata, repara y da volumen con un efecto glossy que nos tiene locas.<\/p>\n<p><img loading=\"lazy\" decoding=\"async\" class=\"aligncenter size-full wp-image-137525\" src=\"https:\/\/graziamagazine.com\/es\/wp-content\/uploads\/sites\/12\/2018\/07\/NB_DIAMONDLIPBOOSTER_2.jpg\" alt=\"\" width=\"3658\" height=\"5860\" srcset=\"https:\/\/graziamagazine.com\/es\/wp-content\/uploads\/sites\/12\/2018\/07\/NB_DIAMONDLIPBOOSTER_2.jpg 3658w, https:\/\/graziamagazine.com\/es\/wp-content\/uploads\/sites\/12\/2018\/07\/NB_DIAMONDLIPBOOSTER_2-187x300.jpg 187w, https:\/\/graziamagazine.com\/es\/wp-content\/uploads\/sites\/12\/2018\/07\/NB_DIAMONDLIPBOOSTER_2-768x1230.jpg 768w, https:\/\/graziamagazine.com\/es\/wp-content\/uploads\/sites\/12\/2018\/07\/NB_DIAMONDLIPBOOSTER_2-639x1024.jpg 639w, https:\/\/graziamagazine.com\/es\/wp-content\/uploads\/sites\/12\/2018\/07\/NB_DIAMONDLIPBOOSTER_2-720x1153.jpg 720w, https:\/\/graziamagazine.com\/es\/wp-content\/uploads\/sites\/12\/2018\/07\/NB_DIAMONDLIPBOOSTER_2-1200x1922.jpg 1200w, https:\/\/graziamagazine.com\/es\/wp-content\/uploads\/sites\/12\/2018\/07\/NB_DIAMONDLIPBOOSTER_2-626x1003.jpg 626w, https:\/\/graziamagazine.com\/es\/wp-content\/uploads\/sites\/12\/2018\/07\/NB_DIAMONDLIPBOOSTER_2-360x577.jpg 360w\" sizes=\"(max-width: 3658px) 100vw, 3658px\" \/><\/p>\n<p><strong>Essential Shock Intense Cryo-Gel <\/strong><\/p>\n<p>Para finalizar este kit tan completo, no podr\u00eda faltar un gel crioge\u0301nico con intenso efecto fri\u0301o localizado. Ideal para aliviar piernas cansadas al mismo tiempo que tonifica la piel y mejora la apariencia de la celulitis.<\/p>\n<p><img loading=\"lazy\" decoding=\"async\" class=\"aligncenter size-full wp-image-137522\" src=\"https:\/\/graziamagazine.com\/es\/wp-content\/uploads\/sites\/12\/2018\/07\/NB_ESI-CRYO-GEL.jpg\" alt=\"\" width=\"828\" height=\"1772\" srcset=\"https:\/\/graziamagazine.com\/es\/wp-content\/uploads\/sites\/12\/2018\/07\/NB_ESI-CRYO-GEL.jpg 828w, https:\/\/graziamagazine.com\/es\/wp-content\/uploads\/sites\/12\/2018\/07\/NB_ESI-CRYO-GEL-140x300.jpg 140w, https:\/\/graziamagazine.com\/es\/wp-content\/uploads\/sites\/12\/2018\/07\/NB_ESI-CRYO-GEL-768x1644.jpg 768w, https:\/\/graziamagazine.com\/es\/wp-content\/uploads\/sites\/12\/2018\/07\/NB_ESI-CRYO-GEL-478x1024.jpg 478w, https:\/\/graziamagazine.com\/es\/wp-content\/uploads\/sites\/12\/2018\/07\/NB_ESI-CRYO-GEL-720x1541.jpg 720w, https:\/\/graziamagazine.com\/es\/wp-content\/uploads\/sites\/12\/2018\/07\/NB_ESI-CRYO-GEL-626x1340.jpg 626w, https:\/\/graziamagazine.com\/es\/wp-content\/uploads\/sites\/12\/2018\/07\/NB_ESI-CRYO-GEL-360x770.jpg 360w\" sizes=\"(max-width: 828px) 100vw, 828px\" \/><\/p>\n<p><em>Fotos: Getty Images \/ Cortes\u00eda<\/em><\/p>\n","protected":false},"author":11650,"featured_media":0,"template":"","format":"standard","categories":[7],"acf":[],"yoast_head":"<!-- This site is optimized with the Yoast SEO Premium plugin v18.5 (Yoast SEO v20.4) - https:\/\/yoast.com\/wordpress\/plugins\/seo\/ -->\n<title>Natura Biss\u00e9 quiere que luzcas preciosa este verano | Grazia<\/title>\n<meta name=\"description\" content=\"La firma catalana ha preparado todo un kit de belleza para que tu piel sea el objeto de todas las miradas.\" \/>\n<meta name=\"robots\" content=\"index, follow, max-snippet:-1, max-image-preview:large, max-video-preview:-1\" \/>\n<link rel=\"canonical\" href=\"https:\/\/graziamagazine.com\/es\/articles\/natura-bisse-quiere-que-luzcas-preciosa-este-verano\/\" \/>\n<meta property=\"og:locale\" content=\"es_ES\" \/>\n<meta property=\"og:type\" content=\"article\" \/>\n<meta property=\"og:title\" content=\"Natura Biss\u00e9 quiere que luzcas preciosa este verano\" \/>\n<meta property=\"og:description\" content=\"La firma catalana ha preparado todo un kit de belleza para que tu piel sea el objeto de todas las miradas.\" \/>\n<meta property=\"og:url\" content=\"https:\/\/graziamagazine.com\/es\/articles\/natura-bisse-quiere-que-luzcas-preciosa-este-verano\/\" \/>\n<meta property=\"og:site_name\" content=\"Grazia\" \/>\n<meta property=\"og:image\" content=\"https:\/\/graziamagazine.com\/es\/wp-content\/uploads\/sites\/12\/2018\/07\/15-rihanna.w710.h473.jpg?fit=710%2C473\" \/>\n\t<meta property=\"og:image:width\" content=\"710\" \/>\n\t<meta property=\"og:image:height\" content=\"473\" \/>\n\t<meta property=\"og:image:type\" content=\"image\/jpeg\" \/>\n<meta name=\"twitter:card\" content=\"summary_large_image\" \/>\n<meta name=\"twitter:image\" content=\"http:\/\/s3-eu-west-1.amazonaws.com\/grazia-cdn\/wp-content\/uploads\/sites\/12\/2018\/07\/15-rihanna.w710.h473.jpg\" \/>\n<meta name=\"twitter:label1\" content=\"Est. reading time\" \/>\n\t<meta name=\"twitter:data1\" content=\"2 minutos\" \/>\n<script type=\"application\/ld+json\" class=\"yoast-schema-graph\">{\"@context\":\"https:\/\/schema.org\",\"@graph\":[{\"@type\":\"WebPage\",\"@id\":\"https:\/\/graziamagazine.com\/es\/articles\/natura-bisse-quiere-que-luzcas-preciosa-este-verano\/\",\"url\":\"https:\/\/graziamagazine.com\/es\/articles\/natura-bisse-quiere-que-luzcas-preciosa-este-verano\/\",\"name\":\"Natura Biss\u00e9 quiere que luzcas preciosa este verano | Grazia\",\"isPartOf\":{\"@id\":\"https:\/\/graziamagazine.com\/es\/#website\"},\"datePublished\":\"2018-07-03T16:04:40+00:00\",\"dateModified\":\"2018-07-03T16:04:40+00:00\",\"description\":\"La firma catalana ha preparado todo un kit de belleza para que tu piel sea el objeto de todas las miradas.\",\"breadcrumb\":{\"@id\":\"https:\/\/graziamagazine.com\/es\/articles\/natura-bisse-quiere-que-luzcas-preciosa-este-verano\/#breadcrumb\"},\"inLanguage\":\"es\",\"potentialAction\":[{\"@type\":\"ReadAction\",\"target\":[\"https:\/\/graziamagazine.com\/es\/articles\/natura-bisse-quiere-que-luzcas-preciosa-este-verano\/\"]}]},{\"@type\":\"BreadcrumbList\",\"@id\":\"https:\/\/graziamagazine.com\/es\/articles\/natura-bisse-quiere-que-luzcas-preciosa-este-verano\/#breadcrumb\",\"itemListElement\":[{\"@type\":\"ListItem\",\"position\":1,\"name\":\"Portada\",\"item\":\"https:\/\/graziamagazine.com\/es\/\"},{\"@type\":\"ListItem\",\"position\":2,\"name\":\"Natura Biss\u00e9 quiere que luzcas preciosa este verano\"}]},{\"@type\":\"WebSite\",\"@id\":\"https:\/\/graziamagazine.com\/es\/#website\",\"url\":\"https:\/\/graziamagazine.com\/es\/\",\"name\":\"Grazia\",\"description\":\"Moda, belleza, celebrities, estilo de vida...\",\"potentialAction\":[{\"@type\":\"SearchAction\",\"target\":{\"@type\":\"EntryPoint\",\"urlTemplate\":\"https:\/\/graziamagazine.com\/es\/?s={search_term_string}\"},\"query-input\":\"required name=search_term_string\"}],\"inLanguage\":\"es\"}]}<\/script>\n<!-- \/ Yoast SEO Premium plugin. -->","yoast_head_json":{"title":"Natura Biss\u00e9 quiere que luzcas preciosa este verano | Grazia","description":"La firma catalana ha preparado todo un kit de belleza para que tu piel sea el objeto de todas las miradas.","robots":{"index":"index","follow":"follow","max-snippet":"max-snippet:-1","max-image-preview":"max-image-preview:large","max-video-preview":"max-video-preview:-1"},"canonical":"https:\/\/graziamagazine.com\/es\/articles\/natura-bisse-quiere-que-luzcas-preciosa-este-verano\/","og_locale":"es_ES","og_type":"article","og_title":"Natura Biss\u00e9 quiere que luzcas preciosa este verano","og_description":"La firma catalana ha preparado todo un kit de belleza para que tu piel sea el objeto de todas las miradas.","og_url":"https:\/\/graziamagazine.com\/es\/articles\/natura-bisse-quiere-que-luzcas-preciosa-este-verano\/","og_site_name":"Grazia","og_image":[{"width":710,"height":473,"url":"https:\/\/graziamagazine.com\/es\/wp-content\/uploads\/sites\/12\/2018\/07\/15-rihanna.w710.h473.jpg?fit=710%2C473","type":"image\/jpeg"}],"twitter_card":"summary_large_image","twitter_image":"http:\/\/s3-eu-west-1.amazonaws.com\/grazia-cdn\/wp-content\/uploads\/sites\/12\/2018\/07\/15-rihanna.w710.h473.jpg","twitter_misc":{"Est. reading time":"2 minutos"},"schema":{"@context":"https:\/\/schema.org","@graph":[{"@type":"WebPage","@id":"https:\/\/graziamagazine.com\/es\/articles\/natura-bisse-quiere-que-luzcas-preciosa-este-verano\/","url":"https:\/\/graziamagazine.com\/es\/articles\/natura-bisse-quiere-que-luzcas-preciosa-este-verano\/","name":"Natura Biss\u00e9 quiere que luzcas preciosa este verano | Grazia","isPartOf":{"@id":"https:\/\/graziamagazine.com\/es\/#website"},"datePublished":"2018-07-03T16:04:40+00:00","dateModified":"2018-07-03T16:04:40+00:00","description":"La firma catalana ha preparado todo un kit de belleza para que tu piel sea el objeto de todas las miradas.","breadcrumb":{"@id":"https:\/\/graziamagazine.com\/es\/articles\/natura-bisse-quiere-que-luzcas-preciosa-este-verano\/#breadcrumb"},"inLanguage":"es","potentialAction":[{"@type":"ReadAction","target":["https:\/\/graziamagazine.com\/es\/articles\/natura-bisse-quiere-que-luzcas-preciosa-este-verano\/"]}]},{"@type":"BreadcrumbList","@id":"https:\/\/graziamagazine.com\/es\/articles\/natura-bisse-quiere-que-luzcas-preciosa-este-verano\/#breadcrumb","itemListElement":[{"@type":"ListItem","position":1,"name":"Portada","item":"https:\/\/graziamagazine.com\/es\/"},{"@type":"ListItem","position":2,"name":"Natura Biss\u00e9 quiere que luzcas preciosa este verano"}]},{"@type":"WebSite","@id":"https:\/\/graziamagazine.com\/es\/#website","url":"https:\/\/graziamagazine.com\/es\/","name":"Grazia","description":"Moda, belleza, celebrities, estilo de vida...","potentialAction":[{"@type":"SearchAction","target":{"@type":"EntryPoint","urlTemplate":"https:\/\/graziamagazine.com\/es\/?s={search_term_string}"},"query-input":"required name=search_term_string"}],"inLanguage":"es"}]}},"jetpack_sharing_enabled":true,"distributor_meta":false,"distributor_terms":false,"distributor_media":false,"distributor_original_site_name":"Grazia","distributor_original_site_url":"https:\/\/graziamagazine.com\/es","push-errors":false,"_links":{"self":[{"href":"https:\/\/graziamagazine.com\/es\/wp-json\/wp\/v2\/articles\/137521"}],"collection":[{"href":"https:\/\/graziamagazine.com\/es\/wp-json\/wp\/v2\/articles"}],"about":[{"href":"https:\/\/graziamagazine.com\/es\/wp-json\/wp\/v2\/types\/articles"}],"author":[{"embeddable":true,"href":"https:\/\/graziamagazine.com\/es\/wp-json\/wp\/v2\/users\/11650"}],"wp:attachment":[{"href":"https:\/\/graziamagazine.com\/es\/wp-json\/wp\/v2\/media?parent=137521"}],"wp:term":[{"taxonomy":"category","embeddable":true,"href":"https:\/\/graziamagazine.com\/es\/wp-json\/wp\/v2\/categories?post=137521"}],"curies":[{"name":"wp","href":"https:\/\/api.w.org\/{rel}","templated":true}]}}