{"id":137502,"date":"2018-07-03T21:17:36","date_gmt":"2018-07-03T19:17:36","guid":{"rendered":"https:\/\/graziamagazine.com\/es\/?p=137502"},"modified":"2018-07-03T21:17:37","modified_gmt":"2018-07-03T19:17:37","slug":"tous-propone-un-otono-que-perdura-mas-alla-del-tiempo","status":"publish","type":"articles","link":"https:\/\/graziamagazine.com\/es\/articles\/tous-propone-un-otono-que-perdura-mas-alla-del-tiempo\/","title":{"rendered":"Tous propone un oto\u00f1o que perdura m\u00e1s all\u00e1 del tiempo"},"content":{"rendered":"<div class=\"page\" title=\"Page 1\">\n<div class=\"layoutArea\">\n<div class=\"column\">\n<p>Mientras algunos tienen todos sus objetivos puestos en la operaci\u00f3n rebajas, otros aprovechan para lanzar sus miradas a las primeras colecciones de oto\u00f1o-invierno. Si eres de las que ya est\u00e1 elaborando tu lista de deseos, te recomendamos echar un vistazo a las nuevas propuestas de <strong>Tous<\/strong> para la \u00e9poca de fr\u00edo. Si en primavera-verano la coleccio\u0301n estaba basada en el significado simbo\u0301lico de las joyas, para esta temporada la marca se enfoca en la infinidad de posibilidades que le podemos dar a una misma joya.<\/p>\n<p>Las joyas de la coleccio\u0301n <em>FW18<\/em> hablan de oficio, de metales nobles y gemas naturales que perduran en el tiempo; de te\u0301cnicas perfeccionadas desde la tradicio\u0301n, de tecnologi\u0301as adoptadas con entusiasmo, de profesionales buscando las mejores fuentes de materiales y de las mejores manos para crear un producto de gran calidad que perdure en el tiempo.<\/p>\n<p>Cuatro l\u00edneas definen la nueva temporada de Tous:<\/p>\n<p><strong>HOLD &amp; SWEET DOLLS<\/strong><\/p>\n<p>Gracias al innovador trabajo de los maestros joyeros, nacen nuevas versiones de HOLD, el sistema que permite jugar con joyas de diferentes colecciones y crear tantos <em>looks<\/em> como podamos imaginar.<\/p>\n<\/div>\n<div class=\"column\">\n<p><img loading=\"lazy\" decoding=\"async\" class=\"size-full wp-image-137509\" src=\"https:\/\/graziamagazine.com\/es\/wp-content\/uploads\/sites\/12\/2018\/07\/812343540.jpg\" alt=\"\" width=\"1600\" height=\"1600\" srcset=\"https:\/\/graziamagazine.com\/es\/wp-content\/uploads\/sites\/12\/2018\/07\/812343540.jpg 1600w, https:\/\/graziamagazine.com\/es\/wp-content\/uploads\/sites\/12\/2018\/07\/812343540.jpg?resize=150,150 150w, https:\/\/graziamagazine.com\/es\/wp-content\/uploads\/sites\/12\/2018\/07\/812343540.jpg?resize=300,300 300w, https:\/\/graziamagazine.com\/es\/wp-content\/uploads\/sites\/12\/2018\/07\/812343540.jpg?resize=768,768 768w, https:\/\/graziamagazine.com\/es\/wp-content\/uploads\/sites\/12\/2018\/07\/812343540.jpg?resize=1024,1024 1024w, https:\/\/graziamagazine.com\/es\/wp-content\/uploads\/sites\/12\/2018\/07\/812343540.jpg?resize=1536,1536 1536w, https:\/\/graziamagazine.com\/es\/wp-content\/uploads\/sites\/12\/2018\/07\/812343540.jpg?resize=155,155 155w\" sizes=\"(max-width: 1600px) 100vw, 1600px\" \/><\/p>\n<\/div>\n<div class=\"page\" title=\"Page 2\">\n<div class=\"layoutArea\">\n<div class=\"column\">\n<p><strong>REAL MIX<\/strong><\/p>\n<p>Real Mix es el resultado de reinventar los si\u0301mbolos ma\u0301s sutiles de la marca. Todos ellos trabajados con las te\u0301cnicas ma\u0301s delicadas consiguiendo joyas con diferentes colores de plata. La plata de primera ley es un material noble y duradero y con las te\u0301cnicas de fabricacio\u0301n que la marca ha desarrollado a lo largo de su siglo de experiencia la han convertido en uno de las insignias de la casa.<\/p>\n<\/div>\n<p><img loading=\"lazy\" decoding=\"async\" class=\"aligncenter size-full wp-image-137537\" src=\"https:\/\/graziamagazine.com\/es\/wp-content\/uploads\/sites\/12\/2018\/07\/Screen-Shot-2018-07-03-at-1.14.01-PM.png\" alt=\"\" width=\"695\" height=\"694\" srcset=\"https:\/\/graziamagazine.com\/es\/wp-content\/uploads\/sites\/12\/2018\/07\/Screen-Shot-2018-07-03-at-1.14.01-PM.png 695w, https:\/\/graziamagazine.com\/es\/wp-content\/uploads\/sites\/12\/2018\/07\/Screen-Shot-2018-07-03-at-1.14.01-PM-150x150.png 150w, https:\/\/graziamagazine.com\/es\/wp-content\/uploads\/sites\/12\/2018\/07\/Screen-Shot-2018-07-03-at-1.14.01-PM-300x300.png 300w, https:\/\/graziamagazine.com\/es\/wp-content\/uploads\/sites\/12\/2018\/07\/Screen-Shot-2018-07-03-at-1.14.01-PM-626x625.png 626w, https:\/\/graziamagazine.com\/es\/wp-content\/uploads\/sites\/12\/2018\/07\/Screen-Shot-2018-07-03-at-1.14.01-PM-360x359.png 360w\" sizes=\"(max-width: 695px) 100vw, 695px\" \/><\/p>\n<\/div>\n<div class=\"page\" title=\"Page 2\">\n<div class=\"layoutArea\">\n<div class=\"column\">\n<p><strong>REAL SISY<\/strong><\/p>\n<p>La coleccio\u0301n <strong>Real Sisy<\/strong> fusiona las alti\u0301simas prestaciones del material ma\u0301s contempora\u0301neo, el Titanio, con el romanticismo de su joyeri\u0301a ma\u0301s artesana y tradicional, las Gemas. Los joyeros usan las monturas con grapas para realzar el color y la montura en roseto\u0301n para resaltar el brillo de las gemas.<\/p>\n<p><img loading=\"lazy\" decoding=\"async\" class=\"aligncenter size-full wp-image-137538\" src=\"https:\/\/graziamagazine.com\/es\/wp-content\/uploads\/sites\/12\/2018\/07\/Screen-Shot-2018-07-03-at-1.14.33-PM.png\" alt=\"\" width=\"695\" height=\"693\" srcset=\"https:\/\/graziamagazine.com\/es\/wp-content\/uploads\/sites\/12\/2018\/07\/Screen-Shot-2018-07-03-at-1.14.33-PM.png 695w, https:\/\/graziamagazine.com\/es\/wp-content\/uploads\/sites\/12\/2018\/07\/Screen-Shot-2018-07-03-at-1.14.33-PM-150x150.png 150w, https:\/\/graziamagazine.com\/es\/wp-content\/uploads\/sites\/12\/2018\/07\/Screen-Shot-2018-07-03-at-1.14.33-PM-300x300.png 300w, https:\/\/graziamagazine.com\/es\/wp-content\/uploads\/sites\/12\/2018\/07\/Screen-Shot-2018-07-03-at-1.14.33-PM-626x624.png 626w, https:\/\/graziamagazine.com\/es\/wp-content\/uploads\/sites\/12\/2018\/07\/Screen-Shot-2018-07-03-at-1.14.33-PM-360x359.png 360w\" sizes=\"(max-width: 695px) 100vw, 695px\" \/><\/p>\n<\/div>\n<p>Adem\u00e1s del apartado de joyer\u00eda, Tous nos invita a adentrarnos en la nueva temporada con una amplia y variada propuestas de bolsas, donde los tonos oto\u00f1ales cobran protagonismo en una temporada cargada de diferentes texturas.<\/p>\n<p><img loading=\"lazy\" decoding=\"async\" class=\"aligncenter size-full wp-image-137539\" src=\"https:\/\/graziamagazine.com\/es\/wp-content\/uploads\/sites\/12\/2018\/07\/Screen-Shot-2018-07-03-at-1.15.09-PM.png\" alt=\"\" width=\"695\" height=\"696\" srcset=\"https:\/\/graziamagazine.com\/es\/wp-content\/uploads\/sites\/12\/2018\/07\/Screen-Shot-2018-07-03-at-1.15.09-PM.png 695w, https:\/\/graziamagazine.com\/es\/wp-content\/uploads\/sites\/12\/2018\/07\/Screen-Shot-2018-07-03-at-1.15.09-PM-150x150.png 150w, https:\/\/graziamagazine.com\/es\/wp-content\/uploads\/sites\/12\/2018\/07\/Screen-Shot-2018-07-03-at-1.15.09-PM-300x300.png 300w, https:\/\/graziamagazine.com\/es\/wp-content\/uploads\/sites\/12\/2018\/07\/Screen-Shot-2018-07-03-at-1.15.09-PM-626x627.png 626w, https:\/\/graziamagazine.com\/es\/wp-content\/uploads\/sites\/12\/2018\/07\/Screen-Shot-2018-07-03-at-1.15.09-PM-360x361.png 360w\" sizes=\"(max-width: 695px) 100vw, 695px\" \/><\/p>\n<p><em>Fotos: Cortes\u00eda<\/em><\/p>\n<\/div>\n<\/div>\n<p>&nbsp;<\/p>\n<\/div>\n<\/div>\n<\/div>\n","protected":false},"author":11623,"featured_media":0,"template":"","format":"standard","categories":[1],"acf":[],"yoast_head":"<!-- This site is optimized with the Yoast SEO Premium plugin v18.5 (Yoast SEO v20.4) - https:\/\/yoast.com\/wordpress\/plugins\/seo\/ -->\n<title>Tous propone un oto\u00f1o que perdura m\u00e1s all\u00e1 del tiempo | Grazia<\/title>\n<meta name=\"description\" content=\"Bolsos y joyer\u00eda, la nueva colecci\u00f3n de la firma espa\u00f1ola est\u00e1 llena de sorpresas. \u00a1Con\u00f3celas!\" \/>\n<meta name=\"robots\" content=\"index, follow, max-snippet:-1, max-image-preview:large, max-video-preview:-1\" \/>\n<link rel=\"canonical\" href=\"https:\/\/graziamagazine.com\/es\/articles\/tous-propone-un-otono-que-perdura-mas-alla-del-tiempo\/\" \/>\n<meta property=\"og:locale\" content=\"es_ES\" \/>\n<meta property=\"og:type\" content=\"article\" \/>\n<meta property=\"og:title\" content=\"Tous propone un oto\u00f1o que perdura m\u00e1s all\u00e1 del tiempo\" \/>\n<meta property=\"og:description\" content=\"Bolsos y joyer\u00eda, la nueva colecci\u00f3n de la firma espa\u00f1ola est\u00e1 llena de sorpresas. \u00a1Con\u00f3celas!\" \/>\n<meta property=\"og:url\" content=\"https:\/\/graziamagazine.com\/es\/articles\/tous-propone-un-otono-que-perdura-mas-alla-del-tiempo\/\" \/>\n<meta property=\"og:site_name\" content=\"Grazia\" \/>\n<meta property=\"article:modified_time\" content=\"2018-07-03T19:17:37+00:00\" \/>\n<meta property=\"og:image\" content=\"https:\/\/graziamagazine.com\/es\/wp-content\/uploads\/sites\/12\/2018\/07\/Tous.jpg?fit=540%2C591\" \/>\n\t<meta property=\"og:image:width\" content=\"540\" \/>\n\t<meta property=\"og:image:height\" content=\"591\" \/>\n\t<meta property=\"og:image:type\" content=\"image\/jpeg\" \/>\n<meta name=\"twitter:card\" content=\"summary_large_image\" \/>\n<meta name=\"twitter:image\" content=\"http:\/\/s3-eu-west-1.amazonaws.com\/grazia-cdn\/wp-content\/uploads\/sites\/12\/2018\/07\/Tous.jpg\" \/>\n<meta name=\"twitter:label1\" content=\"Est. reading time\" \/>\n\t<meta name=\"twitter:data1\" content=\"2 minutos\" \/>\n<script type=\"application\/ld+json\" class=\"yoast-schema-graph\">{\"@context\":\"https:\/\/schema.org\",\"@graph\":[{\"@type\":\"WebPage\",\"@id\":\"https:\/\/graziamagazine.com\/es\/articles\/tous-propone-un-otono-que-perdura-mas-alla-del-tiempo\/\",\"url\":\"https:\/\/graziamagazine.com\/es\/articles\/tous-propone-un-otono-que-perdura-mas-alla-del-tiempo\/\",\"name\":\"Tous propone un oto\u00f1o que perdura m\u00e1s all\u00e1 del tiempo | Grazia\",\"isPartOf\":{\"@id\":\"https:\/\/graziamagazine.com\/es\/#website\"},\"datePublished\":\"2018-07-03T19:17:36+00:00\",\"dateModified\":\"2018-07-03T19:17:37+00:00\",\"description\":\"Bolsos y joyer\u00eda, la nueva colecci\u00f3n de la firma espa\u00f1ola est\u00e1 llena de sorpresas. \u00a1Con\u00f3celas!\",\"breadcrumb\":{\"@id\":\"https:\/\/graziamagazine.com\/es\/articles\/tous-propone-un-otono-que-perdura-mas-alla-del-tiempo\/#breadcrumb\"},\"inLanguage\":\"es\",\"potentialAction\":[{\"@type\":\"ReadAction\",\"target\":[\"https:\/\/graziamagazine.com\/es\/articles\/tous-propone-un-otono-que-perdura-mas-alla-del-tiempo\/\"]}]},{\"@type\":\"BreadcrumbList\",\"@id\":\"https:\/\/graziamagazine.com\/es\/articles\/tous-propone-un-otono-que-perdura-mas-alla-del-tiempo\/#breadcrumb\",\"itemListElement\":[{\"@type\":\"ListItem\",\"position\":1,\"name\":\"Portada\",\"item\":\"https:\/\/graziamagazine.com\/es\/\"},{\"@type\":\"ListItem\",\"position\":2,\"name\":\"Tous propone un oto\u00f1o que perdura m\u00e1s all\u00e1 del tiempo\"}]},{\"@type\":\"WebSite\",\"@id\":\"https:\/\/graziamagazine.com\/es\/#website\",\"url\":\"https:\/\/graziamagazine.com\/es\/\",\"name\":\"Grazia\",\"description\":\"Moda, belleza, celebrities, estilo de vida...\",\"potentialAction\":[{\"@type\":\"SearchAction\",\"target\":{\"@type\":\"EntryPoint\",\"urlTemplate\":\"https:\/\/graziamagazine.com\/es\/?s={search_term_string}\"},\"query-input\":\"required name=search_term_string\"}],\"inLanguage\":\"es\"}]}<\/script>\n<!-- \/ Yoast SEO Premium plugin. -->","yoast_head_json":{"title":"Tous propone un oto\u00f1o que perdura m\u00e1s all\u00e1 del tiempo | Grazia","description":"Bolsos y joyer\u00eda, la nueva colecci\u00f3n de la firma espa\u00f1ola est\u00e1 llena de sorpresas. \u00a1Con\u00f3celas!","robots":{"index":"index","follow":"follow","max-snippet":"max-snippet:-1","max-image-preview":"max-image-preview:large","max-video-preview":"max-video-preview:-1"},"canonical":"https:\/\/graziamagazine.com\/es\/articles\/tous-propone-un-otono-que-perdura-mas-alla-del-tiempo\/","og_locale":"es_ES","og_type":"article","og_title":"Tous propone un oto\u00f1o que perdura m\u00e1s all\u00e1 del tiempo","og_description":"Bolsos y joyer\u00eda, la nueva colecci\u00f3n de la firma espa\u00f1ola est\u00e1 llena de sorpresas. \u00a1Con\u00f3celas!","og_url":"https:\/\/graziamagazine.com\/es\/articles\/tous-propone-un-otono-que-perdura-mas-alla-del-tiempo\/","og_site_name":"Grazia","article_modified_time":"2018-07-03T19:17:37+00:00","og_image":[{"width":540,"height":591,"url":"https:\/\/graziamagazine.com\/es\/wp-content\/uploads\/sites\/12\/2018\/07\/Tous.jpg?fit=540%2C591","type":"image\/jpeg"}],"twitter_card":"summary_large_image","twitter_image":"http:\/\/s3-eu-west-1.amazonaws.com\/grazia-cdn\/wp-content\/uploads\/sites\/12\/2018\/07\/Tous.jpg","twitter_misc":{"Est. reading time":"2 minutos"},"schema":{"@context":"https:\/\/schema.org","@graph":[{"@type":"WebPage","@id":"https:\/\/graziamagazine.com\/es\/articles\/tous-propone-un-otono-que-perdura-mas-alla-del-tiempo\/","url":"https:\/\/graziamagazine.com\/es\/articles\/tous-propone-un-otono-que-perdura-mas-alla-del-tiempo\/","name":"Tous propone un oto\u00f1o que perdura m\u00e1s all\u00e1 del tiempo | Grazia","isPartOf":{"@id":"https:\/\/graziamagazine.com\/es\/#website"},"datePublished":"2018-07-03T19:17:36+00:00","dateModified":"2018-07-03T19:17:37+00:00","description":"Bolsos y joyer\u00eda, la nueva colecci\u00f3n de la firma espa\u00f1ola est\u00e1 llena de sorpresas. \u00a1Con\u00f3celas!","breadcrumb":{"@id":"https:\/\/graziamagazine.com\/es\/articles\/tous-propone-un-otono-que-perdura-mas-alla-del-tiempo\/#breadcrumb"},"inLanguage":"es","potentialAction":[{"@type":"ReadAction","target":["https:\/\/graziamagazine.com\/es\/articles\/tous-propone-un-otono-que-perdura-mas-alla-del-tiempo\/"]}]},{"@type":"BreadcrumbList","@id":"https:\/\/graziamagazine.com\/es\/articles\/tous-propone-un-otono-que-perdura-mas-alla-del-tiempo\/#breadcrumb","itemListElement":[{"@type":"ListItem","position":1,"name":"Portada","item":"https:\/\/graziamagazine.com\/es\/"},{"@type":"ListItem","position":2,"name":"Tous propone un oto\u00f1o que perdura m\u00e1s all\u00e1 del tiempo"}]},{"@type":"WebSite","@id":"https:\/\/graziamagazine.com\/es\/#website","url":"https:\/\/graziamagazine.com\/es\/","name":"Grazia","description":"Moda, belleza, celebrities, estilo de vida...","potentialAction":[{"@type":"SearchAction","target":{"@type":"EntryPoint","urlTemplate":"https:\/\/graziamagazine.com\/es\/?s={search_term_string}"},"query-input":"required name=search_term_string"}],"inLanguage":"es"}]}},"jetpack_sharing_enabled":true,"distributor_meta":false,"distributor_terms":false,"distributor_media":false,"distributor_original_site_name":"Grazia","distributor_original_site_url":"https:\/\/graziamagazine.com\/es","push-errors":false,"_links":{"self":[{"href":"https:\/\/graziamagazine.com\/es\/wp-json\/wp\/v2\/articles\/137502"}],"collection":[{"href":"https:\/\/graziamagazine.com\/es\/wp-json\/wp\/v2\/articles"}],"about":[{"href":"https:\/\/graziamagazine.com\/es\/wp-json\/wp\/v2\/types\/articles"}],"author":[{"embeddable":true,"href":"https:\/\/graziamagazine.com\/es\/wp-json\/wp\/v2\/users\/11623"}],"wp:attachment":[{"href":"https:\/\/graziamagazine.com\/es\/wp-json\/wp\/v2\/media?parent=137502"}],"wp:term":[{"taxonomy":"category","embeddable":true,"href":"https:\/\/graziamagazine.com\/es\/wp-json\/wp\/v2\/categories?post=137502"}],"curies":[{"name":"wp","href":"https:\/\/api.w.org\/{rel}","templated":true}]}}