{"id":137134,"date":"2018-06-26T16:24:46","date_gmt":"2018-06-26T14:24:46","guid":{"rendered":"https:\/\/graziamagazine.com\/es\/?p=137134"},"modified":"2018-06-26T16:34:43","modified_gmt":"2018-06-26T14:34:43","slug":"isco-de-gea-y-el-partido-mas-romantico-del-mundial","status":"publish","type":"articles","link":"https:\/\/graziamagazine.com\/es\/articles\/isco-de-gea-y-el-partido-mas-romantico-del-mundial\/","title":{"rendered":"Isco, De Gea y el partido m\u00e1s rom\u00e1ntico del Mundial"},"content":{"rendered":"<p>El encuentro de nuestra selecci\u00f3n el d\u00eda de ayer con Marruecos tuvo un sabor agridulce. Un error (garrafal, si nos permiten hacer juicios de valor) de entendimiento entre <strong>Sergio Ramos<\/strong> y <strong>Andr\u00e9s Iniesta<\/strong> determin\u00f3 el 1 a 0 del equipo africano. Sin embargo; los \u00e1nimos volvieron a su cauce tras un gol (espectacular, si se puede decir) del malague\u00f1o <strong>Isco<\/strong>, aunque se truncaron de nuevo con ese segundo tanto de Marruecos que, seg\u00fan se\u00f1alaron los medios deportivos, fue consecuencia de un <strong>David De Gea<\/strong>\u00a0despistado y desmotivado. Menos mal, despu\u00e9s del rifirrafe de unos y otros sobre si el gol de <strong>Aspas<\/strong> era fuera de juego o no, el \u00e1rbitro, con ayuda del VAR, reconoci\u00f3 el empate final entre ambos contendientes.<\/p>\n<p><iframe loading=\"lazy\" class=\"giphy-embed\" src=\"https:\/\/giphy.com\/embed\/JMV7IKoqzxlrW\" width=\"480\" height=\"360\" frameborder=\"0\" allowfullscreen=\"allowfullscreen\"><\/iframe><\/p>\n<p><a href=\"https:\/\/giphy.com\/gifs\/JMV7IKoqzxlrW\" target=\"_blank\">via GIPHY<\/a><\/p>\n<p>Despu\u00e9s de una monta\u00f1a rusa de emociones, que por poco nos cuesta el pase a octavos de final, Espa\u00f1a se clasificaba como primera de grupo y se alistaba para su recuento de da\u00f1os de cara al siguiente encuentro con la selecci\u00f3n de Rusia. En este punto, y dejando a un lado los consejos y las reprimendas de <strong>Fernando Hierro<\/strong>, nada levanta m\u00e1s el animo que el apoyo y el cari\u00f1o de los tuyos.<\/p>\n<p>Del lado de los que ten\u00edan motivos que celebrar, <strong>Isco<\/strong> hizo uso de su cuenta de Instagram para dedicarle su primera anotaci\u00f3n en el <strong>Mundial de Rusia 2018<\/strong> a su novia, la actriz <strong>Sara S\u00e1lamo<\/strong>.<\/p>\n<p><img loading=\"lazy\" decoding=\"async\" class=\"aligncenter size-full wp-image-137135\" src=\"https:\/\/graziamagazine.com\/es\/wp-content\/uploads\/sites\/12\/2018\/06\/captura-isco-alarcon-a.jpg\" alt=\"\" width=\"459\" height=\"850\" srcset=\"https:\/\/graziamagazine.com\/es\/wp-content\/uploads\/sites\/12\/2018\/06\/captura-isco-alarcon-a.jpg 459w, https:\/\/graziamagazine.com\/es\/wp-content\/uploads\/sites\/12\/2018\/06\/captura-isco-alarcon-a.jpg?resize=162,300 162w, https:\/\/graziamagazine.com\/es\/wp-content\/uploads\/sites\/12\/2018\/06\/captura-isco-alarcon-a.jpg?resize=116,215 116w\" sizes=\"(max-width: 459px) 100vw, 459px\" \/><\/p>\n<p>Y ella, en muestra de su gratitud, comparti\u00f3 su emoci\u00f3n a trav\u00e9s de Twitter.<\/p>\n<blockquote class=\"twitter-tweet\" data-lang=\"es\">\n<p dir=\"ltr\" lang=\"es\"><a href=\"https:\/\/twitter.com\/hashtag\/deaqu%C3%ADAmarte?src=hash&amp;ref_src=twsrc%5Etfw\" target=\"_blank\">#deaqu\u00edAmarte<\/a> <a href=\"https:\/\/twitter.com\/hashtag\/deaqu%C3%ADaRusia?src=hash&amp;ref_src=twsrc%5Etfw\" target=\"_blank\">#deaqu\u00edaRusia<\/a> y a donde sea. Te quiero y \u00a1enhorabuena, vida! <a href=\"https:\/\/twitter.com\/isco_alarcon?ref_src=twsrc%5Etfw\" target=\"_blank\">@isco_alarcon<\/a> <a href=\"https:\/\/t.co\/YVzSYWfesR\" target=\"_blank\">pic.twitter.com\/YVzSYWfesR<\/a><\/p>\n<p>\u2014 Sara S\u00e1lamo (@SaraSalamo) <a href=\"https:\/\/twitter.com\/SaraSalamo\/status\/1011315825171685376?ref_src=twsrc%5Etfw\" target=\"_blank\">25 de junio de 2018<\/a><\/p><\/blockquote>\n<p><script async src=\"https:\/\/platform.twitter.com\/widgets.js\" charset=\"utf-8\"><\/script><\/p>\n<p>Por otro lado, el guardameta madrile\u00f1o recib\u00eda numerosas cr\u00edticas, despu\u00e9s de presumir su paso a octavos de final en su cuenta de Instagram, de varios aficionados que le restaban su m\u00e9rito en la \u00faltima haza\u00f1a de la selecci\u00f3n.<\/p>\n<blockquote class=\"instagram-media\" style=\"background: #FFF; border: 0; border-radius: 3px; box-shadow: 0 0 1px 0 rgba(0,0,0,0.5),0 1px 10px 0 rgba(0,0,0,0.15); margin: 1px; max-width: 658px; padding: 0; width: calc(100% - 2px);\" data-instgrm-captioned=\"\" data-instgrm-permalink=\"https:\/\/www.instagram.com\/p\/BkdqOk9gJVm\/\" data-instgrm-version=\"8\">\n<div style=\"padding: 8px;\">\n<div style=\"background: #F8F8F8; line-height: 0; margin-top: 40px; padding: 29.907407407407405% 0; text-align: center; width: 100%;\"><\/div>\n<p style=\"margin: 8px 0 0 0; padding: 0 4px;\"><a href=\"https:\/\/www.instagram.com\/p\/BkdqOk9gJVm\/\"style=\"color: #000; font-family: Arial,sans-serif; font-size: 14px; font-style: normal; font-weight: normal; line-height: 17px; text-decoration: none; word-wrap: break-word;\"  target=\"_blank\" rel=\"noopener\" target=\"_blank\">Ya estamos en octavos. On to the next round \ud83c\uddea\ud83c\uddf8\ud83d\udcaa\ud83c\udffc @sefutbol<\/a><\/p>\n<p style=\"color: #c9c8cd; font-family: Arial,sans-serif; font-size: 14px; line-height: 17px; margin-bottom: 0; margin-top: 8px; overflow: hidden; padding: 8px 0 7px; text-align: center; text-overflow: ellipsis; white-space: nowrap;\">Una publicaci\u00f3n compartida de <a href=\"https:\/\/www.instagram.com\/d_degeaofficial\/\"style=\"color: #c9c8cd; font-family: Arial,sans-serif; font-size: 14px; font-style: normal; font-weight: normal; line-height: 17px;\"  target=\"_blank\" rel=\"noopener\" target=\"_blank\"> David De Gea<\/a> (@d_degeaofficial) el <time style=\"font-family: Arial,sans-serif; font-size: 14px; line-height: 17px;\" datetime=\"2018-06-25T21:53:24+00:00\">25 Jun, 2018 a las 2:53 PDT<\/time><\/p>\n<\/div>\n<\/blockquote>\n<p><script async defer src=\"\/\/www.instagram.com\/embed.js\"><\/script><\/p>\n<p>Despu\u00e9s del golpe, <strong>Edurne<\/strong> no tard\u00f3 en salir al rescate con una foto, tan cuestionada como la de su chico, en la que presum\u00eda de tener a su lado al mejor portero del mundo.<\/p>\n<blockquote class=\"instagram-media\" style=\"background: #FFF; border: 0; border-radius: 3px; box-shadow: 0 0 1px 0 rgba(0,0,0,0.5),0 1px 10px 0 rgba(0,0,0,0.15); margin: 1px; max-width: 658px; padding: 0; width: calc(100% - 2px);\" data-instgrm-captioned=\"\" data-instgrm-permalink=\"https:\/\/www.instagram.com\/p\/BkdNXMsnBIU\/\" data-instgrm-version=\"8\">\n<div style=\"padding: 8px;\">\n<div style=\"background: #F8F8F8; line-height: 0; margin-top: 40px; padding: 50.0% 0; text-align: center; width: 100%;\"><\/div>\n<p style=\"margin: 8px 0 0 0; padding: 0 4px;\"><a href=\"https:\/\/www.instagram.com\/p\/BkdNXMsnBIU\/\"style=\"color: #000; font-family: Arial,sans-serif; font-size: 14px; font-style: normal; font-weight: normal; line-height: 17px; text-decoration: none; word-wrap: break-word;\"  target=\"_blank\" rel=\"noopener\" target=\"_blank\">The number one, my number one!!! \ud83d\ude0d\u2764\ufe0f\ud83d\ude4c\ud83c\udffc @d_degeaofficial \ud83d\udcaa\ud83c\udffc\ud83c\uddea\ud83c\uddf8\u26bd\ufe0f #VamosEspa\u00f1a #SuperGoalkeeper #HagamosQueOcurra #Rusia2018<\/a><\/p>\n<p style=\"color: #c9c8cd; font-family: Arial,sans-serif; font-size: 14px; line-height: 17px; margin-bottom: 0; margin-top: 8px; overflow: hidden; padding: 8px 0 7px; text-align: center; text-overflow: ellipsis; white-space: nowrap;\">Una publicaci\u00f3n compartida de <a href=\"https:\/\/www.instagram.com\/edurnity\/\"style=\"color: #c9c8cd; font-family: Arial,sans-serif; font-size: 14px; font-style: normal; font-weight: normal; line-height: 17px;\"  target=\"_blank\" rel=\"noopener\" target=\"_blank\"> Edurne<\/a> (@edurnity) el <time style=\"font-family: Arial,sans-serif; font-size: 14px; line-height: 17px;\" datetime=\"2018-06-25T17:41:10+00:00\">25 Jun, 2018 a las 10:41 PDT<\/time><\/p>\n<\/div>\n<\/blockquote>\n<p><script async defer src=\"\/\/www.instagram.com\/embed.js\"><\/script><\/p>\n<p>En definitiva, aunque el encuentro deportivo estuvo sembrado de sufrimiento para <strong>La Roja<\/strong>, parece que el amor de las <strong>WAGs<\/strong> siempre est\u00e1 en primera l\u00ednea de juego para levantar los \u00e1nimos de los futbolistas. \u00bfSer\u00e1 suficiente para que Espa\u00f1a vuelva a brillar como antes?<\/p>\n<p><em>Foto: Getty Images<\/em><\/p>\n","protected":false},"author":11623,"featured_media":0,"template":"","format":"standard","categories":[13],"acf":[],"yoast_head":"<!-- This site is optimized with the Yoast SEO Premium plugin v18.5 (Yoast SEO v20.4) - https:\/\/yoast.com\/wordpress\/plugins\/seo\/ -->\n<title>Isco, De Gea y el partido m\u00e1s rom\u00e1ntico del Mundial | Grazia<\/title>\n<meta name=\"description\" content=\"Nada como el apoyo de tu amada para seguir adelante m\u00e1s motivado que nunca.\" \/>\n<meta name=\"robots\" content=\"index, follow, max-snippet:-1, max-image-preview:large, max-video-preview:-1\" \/>\n<link rel=\"canonical\" href=\"https:\/\/graziamagazine.com\/es\/articles\/isco-de-gea-y-el-partido-mas-romantico-del-mundial\/\" \/>\n<meta property=\"og:locale\" content=\"es_ES\" \/>\n<meta property=\"og:type\" content=\"article\" \/>\n<meta property=\"og:title\" content=\"Isco, De Gea y el partido m\u00e1s rom\u00e1ntico del Mundial\" \/>\n<meta property=\"og:description\" content=\"Nada como el apoyo de tu amada para seguir adelante m\u00e1s motivado que nunca.\" \/>\n<meta property=\"og:url\" content=\"https:\/\/graziamagazine.com\/es\/articles\/isco-de-gea-y-el-partido-mas-romantico-del-mundial\/\" \/>\n<meta property=\"og:site_name\" content=\"Grazia\" \/>\n<meta property=\"article:modified_time\" content=\"2018-06-26T14:34:43+00:00\" \/>\n<meta property=\"og:image\" content=\"https:\/\/graziamagazine.com\/es\/wp-content\/uploads\/sites\/12\/2018\/06\/isco-getty-a.jpg?fit=850%2C567\" \/>\n\t<meta property=\"og:image:width\" content=\"850\" \/>\n\t<meta property=\"og:image:height\" content=\"567\" \/>\n\t<meta property=\"og:image:type\" content=\"image\/jpeg\" \/>\n<meta name=\"twitter:card\" content=\"summary_large_image\" \/>\n<meta name=\"twitter:image\" content=\"http:\/\/s3-eu-west-1.amazonaws.com\/grazia-cdn\/wp-content\/uploads\/sites\/12\/2018\/06\/isco-getty-a.jpg\" \/>\n<meta name=\"twitter:label1\" content=\"Est. reading time\" \/>\n\t<meta name=\"twitter:data1\" content=\"2 minutos\" \/>\n<script type=\"application\/ld+json\" class=\"yoast-schema-graph\">{\"@context\":\"https:\/\/schema.org\",\"@graph\":[{\"@type\":\"WebPage\",\"@id\":\"https:\/\/graziamagazine.com\/es\/articles\/isco-de-gea-y-el-partido-mas-romantico-del-mundial\/\",\"url\":\"https:\/\/graziamagazine.com\/es\/articles\/isco-de-gea-y-el-partido-mas-romantico-del-mundial\/\",\"name\":\"Isco, De Gea y el partido m\u00e1s rom\u00e1ntico del Mundial | Grazia\",\"isPartOf\":{\"@id\":\"https:\/\/graziamagazine.com\/es\/#website\"},\"datePublished\":\"2018-06-26T14:24:46+00:00\",\"dateModified\":\"2018-06-26T14:34:43+00:00\",\"description\":\"Nada como el apoyo de tu amada para seguir adelante m\u00e1s motivado que nunca.\",\"breadcrumb\":{\"@id\":\"https:\/\/graziamagazine.com\/es\/articles\/isco-de-gea-y-el-partido-mas-romantico-del-mundial\/#breadcrumb\"},\"inLanguage\":\"es\",\"potentialAction\":[{\"@type\":\"ReadAction\",\"target\":[\"https:\/\/graziamagazine.com\/es\/articles\/isco-de-gea-y-el-partido-mas-romantico-del-mundial\/\"]}]},{\"@type\":\"BreadcrumbList\",\"@id\":\"https:\/\/graziamagazine.com\/es\/articles\/isco-de-gea-y-el-partido-mas-romantico-del-mundial\/#breadcrumb\",\"itemListElement\":[{\"@type\":\"ListItem\",\"position\":1,\"name\":\"Portada\",\"item\":\"https:\/\/graziamagazine.com\/es\/\"},{\"@type\":\"ListItem\",\"position\":2,\"name\":\"Isco, De Gea y el partido m\u00e1s rom\u00e1ntico del Mundial\"}]},{\"@type\":\"WebSite\",\"@id\":\"https:\/\/graziamagazine.com\/es\/#website\",\"url\":\"https:\/\/graziamagazine.com\/es\/\",\"name\":\"Grazia\",\"description\":\"Moda, belleza, celebrities, estilo de vida...\",\"potentialAction\":[{\"@type\":\"SearchAction\",\"target\":{\"@type\":\"EntryPoint\",\"urlTemplate\":\"https:\/\/graziamagazine.com\/es\/?s={search_term_string}\"},\"query-input\":\"required name=search_term_string\"}],\"inLanguage\":\"es\"}]}<\/script>\n<!-- \/ Yoast SEO Premium plugin. -->","yoast_head_json":{"title":"Isco, De Gea y el partido m\u00e1s rom\u00e1ntico del Mundial | Grazia","description":"Nada como el apoyo de tu amada para seguir adelante m\u00e1s motivado que nunca.","robots":{"index":"index","follow":"follow","max-snippet":"max-snippet:-1","max-image-preview":"max-image-preview:large","max-video-preview":"max-video-preview:-1"},"canonical":"https:\/\/graziamagazine.com\/es\/articles\/isco-de-gea-y-el-partido-mas-romantico-del-mundial\/","og_locale":"es_ES","og_type":"article","og_title":"Isco, De Gea y el partido m\u00e1s rom\u00e1ntico del Mundial","og_description":"Nada como el apoyo de tu amada para seguir adelante m\u00e1s motivado que nunca.","og_url":"https:\/\/graziamagazine.com\/es\/articles\/isco-de-gea-y-el-partido-mas-romantico-del-mundial\/","og_site_name":"Grazia","article_modified_time":"2018-06-26T14:34:43+00:00","og_image":[{"width":850,"height":567,"url":"https:\/\/graziamagazine.com\/es\/wp-content\/uploads\/sites\/12\/2018\/06\/isco-getty-a.jpg?fit=850%2C567","type":"image\/jpeg"}],"twitter_card":"summary_large_image","twitter_image":"http:\/\/s3-eu-west-1.amazonaws.com\/grazia-cdn\/wp-content\/uploads\/sites\/12\/2018\/06\/isco-getty-a.jpg","twitter_misc":{"Est. reading time":"2 minutos"},"schema":{"@context":"https:\/\/schema.org","@graph":[{"@type":"WebPage","@id":"https:\/\/graziamagazine.com\/es\/articles\/isco-de-gea-y-el-partido-mas-romantico-del-mundial\/","url":"https:\/\/graziamagazine.com\/es\/articles\/isco-de-gea-y-el-partido-mas-romantico-del-mundial\/","name":"Isco, De Gea y el partido m\u00e1s rom\u00e1ntico del Mundial | Grazia","isPartOf":{"@id":"https:\/\/graziamagazine.com\/es\/#website"},"datePublished":"2018-06-26T14:24:46+00:00","dateModified":"2018-06-26T14:34:43+00:00","description":"Nada como el apoyo de tu amada para seguir adelante m\u00e1s motivado que nunca.","breadcrumb":{"@id":"https:\/\/graziamagazine.com\/es\/articles\/isco-de-gea-y-el-partido-mas-romantico-del-mundial\/#breadcrumb"},"inLanguage":"es","potentialAction":[{"@type":"ReadAction","target":["https:\/\/graziamagazine.com\/es\/articles\/isco-de-gea-y-el-partido-mas-romantico-del-mundial\/"]}]},{"@type":"BreadcrumbList","@id":"https:\/\/graziamagazine.com\/es\/articles\/isco-de-gea-y-el-partido-mas-romantico-del-mundial\/#breadcrumb","itemListElement":[{"@type":"ListItem","position":1,"name":"Portada","item":"https:\/\/graziamagazine.com\/es\/"},{"@type":"ListItem","position":2,"name":"Isco, De Gea y el partido m\u00e1s rom\u00e1ntico del Mundial"}]},{"@type":"WebSite","@id":"https:\/\/graziamagazine.com\/es\/#website","url":"https:\/\/graziamagazine.com\/es\/","name":"Grazia","description":"Moda, belleza, celebrities, estilo de vida...","potentialAction":[{"@type":"SearchAction","target":{"@type":"EntryPoint","urlTemplate":"https:\/\/graziamagazine.com\/es\/?s={search_term_string}"},"query-input":"required name=search_term_string"}],"inLanguage":"es"}]}},"jetpack_sharing_enabled":true,"distributor_meta":false,"distributor_terms":false,"distributor_media":false,"distributor_original_site_name":"Grazia","distributor_original_site_url":"https:\/\/graziamagazine.com\/es","push-errors":false,"_links":{"self":[{"href":"https:\/\/graziamagazine.com\/es\/wp-json\/wp\/v2\/articles\/137134"}],"collection":[{"href":"https:\/\/graziamagazine.com\/es\/wp-json\/wp\/v2\/articles"}],"about":[{"href":"https:\/\/graziamagazine.com\/es\/wp-json\/wp\/v2\/types\/articles"}],"author":[{"embeddable":true,"href":"https:\/\/graziamagazine.com\/es\/wp-json\/wp\/v2\/users\/11623"}],"wp:attachment":[{"href":"https:\/\/graziamagazine.com\/es\/wp-json\/wp\/v2\/media?parent=137134"}],"wp:term":[{"taxonomy":"category","embeddable":true,"href":"https:\/\/graziamagazine.com\/es\/wp-json\/wp\/v2\/categories?post=137134"}],"curies":[{"name":"wp","href":"https:\/\/api.w.org\/{rel}","templated":true}]}}