{"id":137111,"date":"2018-06-25T18:44:15","date_gmt":"2018-06-25T16:44:15","guid":{"rendered":"https:\/\/graziamagazine.com\/es\/?p=137111"},"modified":"2018-06-25T18:44:15","modified_gmt":"2018-06-25T16:44:15","slug":"balmain-revive-a-michael-jackson-a-9-anos-de-su-muerte","status":"publish","type":"articles","link":"https:\/\/graziamagazine.com\/es\/articles\/balmain-revive-a-michael-jackson-a-9-anos-de-su-muerte\/","title":{"rendered":"Balmain revive a Michael Jackson a 9 a\u00f1os de su muerte"},"content":{"rendered":"<p>Hace nueve a\u00f1os que perdimos a la mayor figura del pop, <strong>Michael Jackson<\/strong>. Seguimos llorando su ausencia, pero gracias a <strong>Balmain<\/strong> podremos rendirle un gran homenaje al usar piezas inspiradas en su figura gracias a su director creativo, <strong>Olivier Rousteing<\/strong>.<\/p>\n<p>La colecci\u00f3n primavera verano 2019 de Balmain llega muy colorida y hace claros gui\u00f1os a Jackson a trav\u00e9s del uso de cuero rojo, cardigans preppy, camiseta con la leyenda \u201cBalmain On Tour\u201d\u2026<\/p>\n<p><iframe loading=\"lazy\" src=\"https:\/\/www.youtube.com\/embed\/ueJxVo4sO2o\" width=\"560\" height=\"315\" frameborder=\"0\" allowfullscreen=\"allowfullscreen\"><\/iframe><\/p>\n<p>Y, por supuesto, la cl\u00e1sica chaqueta de Brandebourg que inmortaliz\u00f3 el cantante durante sus conciertos, pero siempre con el toque franc\u00e9s caracter\u00edstico de Balmain que esta vez llega con colores azul, blanco y rojo.<\/p>\n<p>Una vez finalizado el desfile, Rosteing le dijo a la prensa: \u00abPara m\u00ed, la m\u00fasica de <strong>Michael Jackson<\/strong> siempre ha ofrecido un mensaje estimulante de celebraci\u00f3n, de esperanza y la posibilidad de cambios necesarios. Durante el mismo per\u00edodo en que gran parte del mundo de la moda se centr\u00f3 en una visi\u00f3n de exclusividad para aquellos que no se parec\u00edan a m\u00ed, Jackson present\u00f3 un poderoso y convincente mensaje alternativo de inclusi\u00f3n, basado en reglas de ruptura y l\u00edmites, as\u00ed como buena dosis de enojo ante las injusticias \u00ab.<\/p>\n<p>Y es que <strong>Olivier Rousteing<\/strong> nos tiene m\u00e1s que acostumbradas a mezclar el mundo de la moda con el mundo de la m\u00fasica ya que en anteriores desfiles el director creativo de Balmain se sirvi\u00f3 de grandes figuras del mundo del rap.<\/p>\n<p><em>Foto: Getty Images<\/em><\/p>\n","protected":false},"author":11623,"featured_media":0,"template":"","format":"standard","categories":[1],"acf":[],"yoast_head":"<!-- This site is optimized with the Yoast SEO Premium plugin v18.5 (Yoast SEO v20.4) - https:\/\/yoast.com\/wordpress\/plugins\/seo\/ -->\n<title>Balmain revive a Michael Jackson a 9 a\u00f1os de su muerte | Grazia<\/title>\n<meta name=\"description\" content=\"La firma ha presentado la colecci\u00f3n primavera verano 2019 con claras inspiraciones al Rey del pop.\" \/>\n<meta name=\"robots\" content=\"index, follow, max-snippet:-1, max-image-preview:large, max-video-preview:-1\" \/>\n<link rel=\"canonical\" href=\"https:\/\/graziamagazine.com\/es\/articles\/balmain-revive-a-michael-jackson-a-9-anos-de-su-muerte\/\" \/>\n<meta property=\"og:locale\" content=\"es_ES\" \/>\n<meta property=\"og:type\" content=\"article\" \/>\n<meta property=\"og:title\" content=\"Balmain revive a Michael Jackson a 9 a\u00f1os de su muerte\" \/>\n<meta property=\"og:description\" content=\"La firma ha presentado la colecci\u00f3n primavera verano 2019 con claras inspiraciones al Rey del pop.\" \/>\n<meta property=\"og:url\" content=\"https:\/\/graziamagazine.com\/es\/articles\/balmain-revive-a-michael-jackson-a-9-anos-de-su-muerte\/\" \/>\n<meta property=\"og:site_name\" content=\"Grazia\" \/>\n<meta name=\"twitter:card\" content=\"summary_large_image\" \/>\n<meta name=\"twitter:image\" content=\"http:\/\/s3-eu-west-1.amazonaws.com\/grazia-cdn\/wp-content\/uploads\/sites\/12\/2018\/06\/GettyImages-982697520_master-768x528.jpg\" \/>\n<meta name=\"twitter:label1\" content=\"Est. reading time\" \/>\n\t<meta name=\"twitter:data1\" content=\"1 minuto\" \/>\n<script type=\"application\/ld+json\" class=\"yoast-schema-graph\">{\"@context\":\"https:\/\/schema.org\",\"@graph\":[{\"@type\":\"WebPage\",\"@id\":\"https:\/\/graziamagazine.com\/es\/articles\/balmain-revive-a-michael-jackson-a-9-anos-de-su-muerte\/\",\"url\":\"https:\/\/graziamagazine.com\/es\/articles\/balmain-revive-a-michael-jackson-a-9-anos-de-su-muerte\/\",\"name\":\"Balmain revive a Michael Jackson a 9 a\u00f1os de su muerte | Grazia\",\"isPartOf\":{\"@id\":\"https:\/\/graziamagazine.com\/es\/#website\"},\"datePublished\":\"2018-06-25T16:44:15+00:00\",\"dateModified\":\"2018-06-25T16:44:15+00:00\",\"description\":\"La firma ha presentado la colecci\u00f3n primavera verano 2019 con claras inspiraciones al Rey del pop.\",\"breadcrumb\":{\"@id\":\"https:\/\/graziamagazine.com\/es\/articles\/balmain-revive-a-michael-jackson-a-9-anos-de-su-muerte\/#breadcrumb\"},\"inLanguage\":\"es\",\"potentialAction\":[{\"@type\":\"ReadAction\",\"target\":[\"https:\/\/graziamagazine.com\/es\/articles\/balmain-revive-a-michael-jackson-a-9-anos-de-su-muerte\/\"]}]},{\"@type\":\"BreadcrumbList\",\"@id\":\"https:\/\/graziamagazine.com\/es\/articles\/balmain-revive-a-michael-jackson-a-9-anos-de-su-muerte\/#breadcrumb\",\"itemListElement\":[{\"@type\":\"ListItem\",\"position\":1,\"name\":\"Portada\",\"item\":\"https:\/\/graziamagazine.com\/es\/\"},{\"@type\":\"ListItem\",\"position\":2,\"name\":\"Balmain revive a Michael Jackson a 9 a\u00f1os de su muerte\"}]},{\"@type\":\"WebSite\",\"@id\":\"https:\/\/graziamagazine.com\/es\/#website\",\"url\":\"https:\/\/graziamagazine.com\/es\/\",\"name\":\"Grazia\",\"description\":\"Moda, belleza, celebrities, estilo de vida...\",\"potentialAction\":[{\"@type\":\"SearchAction\",\"target\":{\"@type\":\"EntryPoint\",\"urlTemplate\":\"https:\/\/graziamagazine.com\/es\/?s={search_term_string}\"},\"query-input\":\"required name=search_term_string\"}],\"inLanguage\":\"es\"}]}<\/script>\n<!-- \/ Yoast SEO Premium plugin. -->","yoast_head_json":{"title":"Balmain revive a Michael Jackson a 9 a\u00f1os de su muerte | Grazia","description":"La firma ha presentado la colecci\u00f3n primavera verano 2019 con claras inspiraciones al Rey del pop.","robots":{"index":"index","follow":"follow","max-snippet":"max-snippet:-1","max-image-preview":"max-image-preview:large","max-video-preview":"max-video-preview:-1"},"canonical":"https:\/\/graziamagazine.com\/es\/articles\/balmain-revive-a-michael-jackson-a-9-anos-de-su-muerte\/","og_locale":"es_ES","og_type":"article","og_title":"Balmain revive a Michael Jackson a 9 a\u00f1os de su muerte","og_description":"La firma ha presentado la colecci\u00f3n primavera verano 2019 con claras inspiraciones al Rey del pop.","og_url":"https:\/\/graziamagazine.com\/es\/articles\/balmain-revive-a-michael-jackson-a-9-anos-de-su-muerte\/","og_site_name":"Grazia","twitter_card":"summary_large_image","twitter_image":"http:\/\/s3-eu-west-1.amazonaws.com\/grazia-cdn\/wp-content\/uploads\/sites\/12\/2018\/06\/GettyImages-982697520_master-768x528.jpg","twitter_misc":{"Est. reading time":"1 minuto"},"schema":{"@context":"https:\/\/schema.org","@graph":[{"@type":"WebPage","@id":"https:\/\/graziamagazine.com\/es\/articles\/balmain-revive-a-michael-jackson-a-9-anos-de-su-muerte\/","url":"https:\/\/graziamagazine.com\/es\/articles\/balmain-revive-a-michael-jackson-a-9-anos-de-su-muerte\/","name":"Balmain revive a Michael Jackson a 9 a\u00f1os de su muerte | Grazia","isPartOf":{"@id":"https:\/\/graziamagazine.com\/es\/#website"},"datePublished":"2018-06-25T16:44:15+00:00","dateModified":"2018-06-25T16:44:15+00:00","description":"La firma ha presentado la colecci\u00f3n primavera verano 2019 con claras inspiraciones al Rey del pop.","breadcrumb":{"@id":"https:\/\/graziamagazine.com\/es\/articles\/balmain-revive-a-michael-jackson-a-9-anos-de-su-muerte\/#breadcrumb"},"inLanguage":"es","potentialAction":[{"@type":"ReadAction","target":["https:\/\/graziamagazine.com\/es\/articles\/balmain-revive-a-michael-jackson-a-9-anos-de-su-muerte\/"]}]},{"@type":"BreadcrumbList","@id":"https:\/\/graziamagazine.com\/es\/articles\/balmain-revive-a-michael-jackson-a-9-anos-de-su-muerte\/#breadcrumb","itemListElement":[{"@type":"ListItem","position":1,"name":"Portada","item":"https:\/\/graziamagazine.com\/es\/"},{"@type":"ListItem","position":2,"name":"Balmain revive a Michael Jackson a 9 a\u00f1os de su muerte"}]},{"@type":"WebSite","@id":"https:\/\/graziamagazine.com\/es\/#website","url":"https:\/\/graziamagazine.com\/es\/","name":"Grazia","description":"Moda, belleza, celebrities, estilo de vida...","potentialAction":[{"@type":"SearchAction","target":{"@type":"EntryPoint","urlTemplate":"https:\/\/graziamagazine.com\/es\/?s={search_term_string}"},"query-input":"required name=search_term_string"}],"inLanguage":"es"}]}},"jetpack_sharing_enabled":true,"distributor_meta":false,"distributor_terms":false,"distributor_media":false,"distributor_original_site_name":"Grazia","distributor_original_site_url":"https:\/\/graziamagazine.com\/es","push-errors":false,"_links":{"self":[{"href":"https:\/\/graziamagazine.com\/es\/wp-json\/wp\/v2\/articles\/137111"}],"collection":[{"href":"https:\/\/graziamagazine.com\/es\/wp-json\/wp\/v2\/articles"}],"about":[{"href":"https:\/\/graziamagazine.com\/es\/wp-json\/wp\/v2\/types\/articles"}],"author":[{"embeddable":true,"href":"https:\/\/graziamagazine.com\/es\/wp-json\/wp\/v2\/users\/11623"}],"wp:attachment":[{"href":"https:\/\/graziamagazine.com\/es\/wp-json\/wp\/v2\/media?parent=137111"}],"wp:term":[{"taxonomy":"category","embeddable":true,"href":"https:\/\/graziamagazine.com\/es\/wp-json\/wp\/v2\/categories?post=137111"}],"curies":[{"name":"wp","href":"https:\/\/api.w.org\/{rel}","templated":true}]}}