{"id":137076,"date":"2018-06-25T15:02:51","date_gmt":"2018-06-25T13:02:51","guid":{"rendered":"https:\/\/graziamagazine.com\/es\/?p=137076"},"modified":"2018-06-25T17:32:58","modified_gmt":"2018-06-25T15:32:58","slug":"el-sitio-el-vestido-y-los-invitados-asi-fue-la-boda-de-kit-harington-y-leslie-rose","status":"publish","type":"articles","link":"https:\/\/graziamagazine.com\/es\/articles\/el-sitio-el-vestido-y-los-invitados-asi-fue-la-boda-de-kit-harington-y-leslie-rose\/","title":{"rendered":"El sitio, el vestido y los invitados. As\u00ed fue la boda de Kit Harington y Rose Leslie"},"content":{"rendered":"<p>Al igual que los personajes de<em> Juego de Tronos<\/em>, la serie donde se conocieron, <strong>Kit Harington<\/strong> y\u00a0<strong>Rose<\/strong> <strong>Leslie<\/strong>\u00a0son una pareja de tradiciones. La pareja se cas\u00f3 este s\u00e1bado en la misma capilla escocesa donde varias generaciones atr\u00e1s de la novia contrajeron matrimonio en el pasado. Jon Snow fue el primero en llegar a la cita, acompa\u00f1ado por su <em>bestman<\/em> y luciendo un elegante chaqu\u00e9 negro, a juego con la corbata, y chaleco en tono blanco roto. Eso s\u00ed, por si te lo estabas preguntando, ni se cort\u00f3 el pelo, ni se recort\u00f3 la barba. As\u00ed son los Snow&#8230;<\/p>\n<p><img loading=\"lazy\" decoding=\"async\" class=\"aligncenter size-full wp-image-137080\" src=\"https:\/\/graziamagazine.com\/es\/wp-content\/uploads\/sites\/12\/2018\/06\/kit-harington-wedding.jpg\" alt=\"\" width=\"403\" height=\"606\" srcset=\"https:\/\/graziamagazine.com\/es\/wp-content\/uploads\/sites\/12\/2018\/06\/kit-harington-wedding.jpg 403w, https:\/\/graziamagazine.com\/es\/wp-content\/uploads\/sites\/12\/2018\/06\/kit-harington-wedding-200x300.jpg 200w, https:\/\/graziamagazine.com\/es\/wp-content\/uploads\/sites\/12\/2018\/06\/kit-harington-wedding-151x227.jpg 151w, https:\/\/graziamagazine.com\/es\/wp-content\/uploads\/sites\/12\/2018\/06\/kit-harington-wedding-157x236.jpg 157w, https:\/\/graziamagazine.com\/es\/wp-content\/uploads\/sites\/12\/2018\/06\/kit-harington-wedding-360x541.jpg 360w, https:\/\/graziamagazine.com\/es\/wp-content\/uploads\/sites\/12\/2018\/06\/kit-harington-wedding-298x448.jpg 298w, https:\/\/graziamagazine.com\/es\/wp-content\/uploads\/sites\/12\/2018\/06\/kit-harington-wedding-128x192.jpg 128w, https:\/\/graziamagazine.com\/es\/wp-content\/uploads\/sites\/12\/2018\/06\/kit-harington-wedding-364x546.jpg 364w, https:\/\/graziamagazine.com\/es\/wp-content\/uploads\/sites\/12\/2018\/06\/kit-harington-wedding-220x330.jpg 220w\" sizes=\"(max-width: 403px) 100vw, 403px\" \/><\/p>\n<p>Minutos despu\u00e9s, del brazo de su padre, <strong>Sebastian Leslie<\/strong>, quien luc\u00eda la t\u00edpica falda escocesa, y ataviada con un dram\u00e1tico vestido de <strong>Elie Saab<\/strong>, la novia sali\u00f3 del Castillo Wardhill para llegar, sonriente y visiblemente emocionada, a la capilla de Rayne.<\/p>\n<p><iframe loading=\"lazy\" id=\"molvideoplayer\" title=\"MailOnline Embed Player\" src=\"http:\/\/www.dailymail.co.uk\/embed\/video\/1713490.html\" width=\"698\" height=\"573\" frameborder=\"0\" scrolling=\"no\" allowfullscreen=\"allowfullscreen\"><\/iframe><\/p>\n<p>En la ceremonia estuvieron presentes varios miembros del elenco de la popular serie como <strong>Sophie Turner<\/strong> (sin rastro de <strong>Joe Jonas<\/strong>), <strong>Emilia Clarke<\/strong> y <strong>Peter Dinklage<\/strong>. Nuestra querida Sansa Stark lleg\u00f3 acompa\u00f1ada de su gran amiga y compa\u00f1era, <strong>Maisie Williams<\/strong> con un <em>look<\/em> tan comentado como combinado con el de su colega, en un <em>miss and match<\/em> perfecto en rojo y negro. \u00bfQu\u00e9 te parece?<\/p>\n<p><img loading=\"lazy\" decoding=\"async\" class=\"aligncenter size-full wp-image-137078\" src=\"https:\/\/graziamagazine.com\/es\/wp-content\/uploads\/sites\/12\/2018\/06\/sophie-turner-maisie-williams-wedding.jpg\" alt=\"\" width=\"438\" height=\"606\" srcset=\"https:\/\/graziamagazine.com\/es\/wp-content\/uploads\/sites\/12\/2018\/06\/sophie-turner-maisie-williams-wedding.jpg 438w, https:\/\/graziamagazine.com\/es\/wp-content\/uploads\/sites\/12\/2018\/06\/sophie-turner-maisie-williams-wedding-217x300.jpg 217w, https:\/\/graziamagazine.com\/es\/wp-content\/uploads\/sites\/12\/2018\/06\/sophie-turner-maisie-williams-wedding-360x498.jpg 360w\" sizes=\"(max-width: 438px) 100vw, 438px\" \/><\/p>\n<p class=\"mol-para-with-font\"><strong>Peter Dinklage, John Bradley-West, Liam Cunningham, Gemma Whelan, Liam Cunningham, Ben Crompton <\/strong>y<strong> Eddison Tollett<\/strong> fueron otros de los integrantes del elenco de <em>Juego de Tronos<\/em> que acudieron al enlace. Por otro lado, despu\u00e9s de verla desfilar con sus mejores galas en la gala del MET y despu\u00e9s en la <a href=\"https:\/\/graziamagazine.com\/es\/moda\/el-estilo-de-emilia-clarke-en-cannes\/\">alfombra roja de Cannes<\/a>, agradecimos una faceta algo m\u00e1s informal, aunque sin perder su estilo y elegancia, de <strong>Emilia Clarke<\/strong>.<\/p>\n<p><img loading=\"lazy\" decoding=\"async\" class=\"aligncenter size-full wp-image-137079\" src=\"https:\/\/graziamagazine.com\/es\/wp-content\/uploads\/sites\/12\/2018\/06\/emilia-clarke-peter-dinklage-wedding.jpg\" alt=\"\" width=\"690\" height=\"518\" srcset=\"https:\/\/graziamagazine.com\/es\/wp-content\/uploads\/sites\/12\/2018\/06\/emilia-clarke-peter-dinklage-wedding.jpg 690w, https:\/\/graziamagazine.com\/es\/wp-content\/uploads\/sites\/12\/2018\/06\/emilia-clarke-peter-dinklage-wedding-300x225.jpg 300w, https:\/\/graziamagazine.com\/es\/wp-content\/uploads\/sites\/12\/2018\/06\/emilia-clarke-peter-dinklage-wedding-626x470.jpg 626w, https:\/\/graziamagazine.com\/es\/wp-content\/uploads\/sites\/12\/2018\/06\/emilia-clarke-peter-dinklage-wedding-360x270.jpg 360w\" sizes=\"(max-width: 690px) 100vw, 690px\" \/><\/p>\n<p>Tras el cl\u00e1sico \u00abpuedes besar a la novia\u00bb y despu\u00e9s de un ba\u00f1o (literal) en p\u00e9talos blancos, la pareja se subi\u00f3 a un Lange Rover Defender, con el cartel de <em>just married<\/em> (reci\u00e9n casados) y latas en la parte trasera incluidas, conducido por el propio Kit, para dirigirse a la recepci\u00f3n de la boda en el Castillo de Wardhill perteneciente a la familia de la novia.<\/p>\n<p><img loading=\"lazy\" decoding=\"async\" class=\"aligncenter size-full wp-image-137082\" src=\"https:\/\/graziamagazine.com\/es\/wp-content\/uploads\/sites\/12\/2018\/06\/rs_634x1024-180623100112-634-kit-rose.cm_.62318.jpg\" alt=\"\" width=\"634\" height=\"1024\" srcset=\"https:\/\/graziamagazine.com\/es\/wp-content\/uploads\/sites\/12\/2018\/06\/rs_634x1024-180623100112-634-kit-rose.cm_.62318.jpg 634w, https:\/\/graziamagazine.com\/es\/wp-content\/uploads\/sites\/12\/2018\/06\/rs_634x1024-180623100112-634-kit-rose.cm_.62318-186x300.jpg 186w, https:\/\/graziamagazine.com\/es\/wp-content\/uploads\/sites\/12\/2018\/06\/rs_634x1024-180623100112-634-kit-rose.cm_.62318-626x1011.jpg 626w, https:\/\/graziamagazine.com\/es\/wp-content\/uploads\/sites\/12\/2018\/06\/rs_634x1024-180623100112-634-kit-rose.cm_.62318-360x581.jpg 360w\" sizes=\"(max-width: 634px) 100vw, 634px\" \/><\/p>\n<p>&nbsp;<\/p>\n<p><img loading=\"lazy\" decoding=\"async\" class=\"size-full wp-image-137085\" src=\"https:\/\/graziamagazine.com\/es\/wp-content\/uploads\/sites\/12\/2018\/06\/picture-of-kit-harington-just-married-photo.jpg\" alt=\"\" width=\"1024\" height=\"689\" srcset=\"https:\/\/graziamagazine.com\/es\/wp-content\/uploads\/sites\/12\/2018\/06\/picture-of-kit-harington-just-married-photo.jpg 1024w, https:\/\/graziamagazine.com\/es\/wp-content\/uploads\/sites\/12\/2018\/06\/picture-of-kit-harington-just-married-photo-300x202.jpg 300w, https:\/\/graziamagazine.com\/es\/wp-content\/uploads\/sites\/12\/2018\/06\/picture-of-kit-harington-just-married-photo-768x517.jpg 768w, https:\/\/graziamagazine.com\/es\/wp-content\/uploads\/sites\/12\/2018\/06\/picture-of-kit-harington-just-married-photo-720x484.jpg 720w, https:\/\/graziamagazine.com\/es\/wp-content\/uploads\/sites\/12\/2018\/06\/picture-of-kit-harington-just-married-photo-626x421.jpg 626w, https:\/\/graziamagazine.com\/es\/wp-content\/uploads\/sites\/12\/2018\/06\/picture-of-kit-harington-just-married-photo-360x242.jpg 360w\" sizes=\"(max-width: 1024px) 100vw, 1024px\" \/><\/p>\n<p><img decoding=\"async\" class=\"aligncenter size-full wp-image-137086\" src=\"https:\/\/graziamagazine.com\/es\/wp-content\/uploads\/sites\/12\/2018\/06\/15298577665b2fc6e64d390.jpeg\" alt=\"\" \/><\/p>\n<p><img loading=\"lazy\" decoding=\"async\" class=\"aligncenter size-full wp-image-137087\" src=\"https:\/\/graziamagazine.com\/es\/wp-content\/uploads\/sites\/12\/2018\/06\/kit-harington-rose-leslie-1529867103.jpg\" alt=\"\" width=\"768\" height=\"384\" srcset=\"https:\/\/graziamagazine.com\/es\/wp-content\/uploads\/sites\/12\/2018\/06\/kit-harington-rose-leslie-1529867103.jpg 768w, https:\/\/graziamagazine.com\/es\/wp-content\/uploads\/sites\/12\/2018\/06\/kit-harington-rose-leslie-1529867103-300x150.jpg 300w, https:\/\/graziamagazine.com\/es\/wp-content\/uploads\/sites\/12\/2018\/06\/kit-harington-rose-leslie-1529867103-720x360.jpg 720w, https:\/\/graziamagazine.com\/es\/wp-content\/uploads\/sites\/12\/2018\/06\/kit-harington-rose-leslie-1529867103-626x313.jpg 626w, https:\/\/graziamagazine.com\/es\/wp-content\/uploads\/sites\/12\/2018\/06\/kit-harington-rose-leslie-1529867103-360x180.jpg 360w\" sizes=\"(max-width: 768px) 100vw, 768px\" \/><\/p>\n<p><img loading=\"lazy\" decoding=\"async\" class=\"aligncenter size-full wp-image-137083\" src=\"https:\/\/graziamagazine.com\/es\/wp-content\/uploads\/sites\/12\/2018\/06\/rs_1024x759-180623102114-1024-rose-kit.cm_.62318.jpg\" alt=\"\" width=\"1024\" height=\"759\" srcset=\"https:\/\/graziamagazine.com\/es\/wp-content\/uploads\/sites\/12\/2018\/06\/rs_1024x759-180623102114-1024-rose-kit.cm_.62318.jpg 1024w, https:\/\/graziamagazine.com\/es\/wp-content\/uploads\/sites\/12\/2018\/06\/rs_1024x759-180623102114-1024-rose-kit.cm_.62318-300x222.jpg 300w, https:\/\/graziamagazine.com\/es\/wp-content\/uploads\/sites\/12\/2018\/06\/rs_1024x759-180623102114-1024-rose-kit.cm_.62318-768x569.jpg 768w, https:\/\/graziamagazine.com\/es\/wp-content\/uploads\/sites\/12\/2018\/06\/rs_1024x759-180623102114-1024-rose-kit.cm_.62318-720x534.jpg 720w, https:\/\/graziamagazine.com\/es\/wp-content\/uploads\/sites\/12\/2018\/06\/rs_1024x759-180623102114-1024-rose-kit.cm_.62318-626x464.jpg 626w, https:\/\/graziamagazine.com\/es\/wp-content\/uploads\/sites\/12\/2018\/06\/rs_1024x759-180623102114-1024-rose-kit.cm_.62318-360x267.jpg 360w\" sizes=\"(max-width: 1024px) 100vw, 1024px\" \/><\/p>\n<p>De dicha recepci\u00f3n a\u00fan no hay im\u00e1genes aunque esperemos que pronto alguien filtre \u00absin querer\u00bb alguno de los momentos m\u00e1s entra\u00f1ables de la velada.<\/p>\n<p><em>Fotos: Getty Images<\/em><\/p>\n<p>&nbsp;<\/p>\n","protected":false},"author":11623,"featured_media":0,"template":"","format":"standard","categories":[13],"acf":[],"yoast_head":"<!-- This site is optimized with the Yoast SEO Premium plugin v18.5 (Yoast SEO v20.4) - https:\/\/yoast.com\/wordpress\/plugins\/seo\/ -->\n<title>El sitio, el vestido y los invitados. As\u00ed fue la boda de Kit Harington y Rose Leslie | Grazia<\/title>\n<meta name=\"description\" content=\"Los protagonistas de &#039;Juego de Tronos&#039; se casaron este fin de semana en Escocia.\" \/>\n<meta name=\"robots\" content=\"index, follow, max-snippet:-1, max-image-preview:large, max-video-preview:-1\" \/>\n<link rel=\"canonical\" href=\"https:\/\/graziamagazine.com\/es\/articles\/el-sitio-el-vestido-y-los-invitados-asi-fue-la-boda-de-kit-harington-y-leslie-rose\/\" \/>\n<meta property=\"og:locale\" content=\"es_ES\" \/>\n<meta property=\"og:type\" content=\"article\" \/>\n<meta property=\"og:title\" content=\"El sitio, el vestido y los invitados. As\u00ed fue la boda de Kit Harington y Rose Leslie\" \/>\n<meta property=\"og:description\" content=\"Los protagonistas de &#039;Juego de Tronos&#039; se casaron este fin de semana en Escocia.\" \/>\n<meta property=\"og:url\" content=\"https:\/\/graziamagazine.com\/es\/articles\/el-sitio-el-vestido-y-los-invitados-asi-fue-la-boda-de-kit-harington-y-leslie-rose\/\" \/>\n<meta property=\"og:site_name\" content=\"Grazia\" \/>\n<meta property=\"article:modified_time\" content=\"2018-06-25T15:32:58+00:00\" \/>\n<meta property=\"og:image\" content=\"https:\/\/graziamagazine.com\/es\/wp-content\/uploads\/sites\/12\/2018\/06\/rs_1024x759-180623102114-1024-rose-kit.cm_.62318.jpg?fit=1024%2C759\" \/>\n\t<meta property=\"og:image:width\" content=\"1024\" \/>\n\t<meta property=\"og:image:height\" content=\"759\" \/>\n\t<meta property=\"og:image:type\" content=\"image\/jpeg\" \/>\n<meta name=\"twitter:card\" content=\"summary_large_image\" \/>\n<meta name=\"twitter:image\" content=\"http:\/\/s3-eu-west-1.amazonaws.com\/grazia-cdn\/wp-content\/uploads\/sites\/12\/2018\/06\/rs_634x1024-180623100112-634-kit-rose.cm_.62318.jpg\" \/>\n<meta name=\"twitter:label1\" content=\"Est. reading time\" \/>\n\t<meta name=\"twitter:data1\" content=\"2 minutos\" \/>\n<script type=\"application\/ld+json\" class=\"yoast-schema-graph\">{\"@context\":\"https:\/\/schema.org\",\"@graph\":[{\"@type\":\"WebPage\",\"@id\":\"https:\/\/graziamagazine.com\/es\/articles\/el-sitio-el-vestido-y-los-invitados-asi-fue-la-boda-de-kit-harington-y-leslie-rose\/\",\"url\":\"https:\/\/graziamagazine.com\/es\/articles\/el-sitio-el-vestido-y-los-invitados-asi-fue-la-boda-de-kit-harington-y-leslie-rose\/\",\"name\":\"El sitio, el vestido y los invitados. As\u00ed fue la boda de Kit Harington y Rose Leslie | Grazia\",\"isPartOf\":{\"@id\":\"https:\/\/graziamagazine.com\/es\/#website\"},\"datePublished\":\"2018-06-25T13:02:51+00:00\",\"dateModified\":\"2018-06-25T15:32:58+00:00\",\"description\":\"Los protagonistas de 'Juego de Tronos' se casaron este fin de semana en Escocia.\",\"breadcrumb\":{\"@id\":\"https:\/\/graziamagazine.com\/es\/articles\/el-sitio-el-vestido-y-los-invitados-asi-fue-la-boda-de-kit-harington-y-leslie-rose\/#breadcrumb\"},\"inLanguage\":\"es\",\"potentialAction\":[{\"@type\":\"ReadAction\",\"target\":[\"https:\/\/graziamagazine.com\/es\/articles\/el-sitio-el-vestido-y-los-invitados-asi-fue-la-boda-de-kit-harington-y-leslie-rose\/\"]}]},{\"@type\":\"BreadcrumbList\",\"@id\":\"https:\/\/graziamagazine.com\/es\/articles\/el-sitio-el-vestido-y-los-invitados-asi-fue-la-boda-de-kit-harington-y-leslie-rose\/#breadcrumb\",\"itemListElement\":[{\"@type\":\"ListItem\",\"position\":1,\"name\":\"Portada\",\"item\":\"https:\/\/graziamagazine.com\/es\/\"},{\"@type\":\"ListItem\",\"position\":2,\"name\":\"El sitio, el vestido y los invitados. As\u00ed fue la boda de Kit Harington y Rose Leslie\"}]},{\"@type\":\"WebSite\",\"@id\":\"https:\/\/graziamagazine.com\/es\/#website\",\"url\":\"https:\/\/graziamagazine.com\/es\/\",\"name\":\"Grazia\",\"description\":\"Moda, belleza, celebrities, estilo de vida...\",\"potentialAction\":[{\"@type\":\"SearchAction\",\"target\":{\"@type\":\"EntryPoint\",\"urlTemplate\":\"https:\/\/graziamagazine.com\/es\/?s={search_term_string}\"},\"query-input\":\"required name=search_term_string\"}],\"inLanguage\":\"es\"}]}<\/script>\n<!-- \/ Yoast SEO Premium plugin. -->","yoast_head_json":{"title":"El sitio, el vestido y los invitados. As\u00ed fue la boda de Kit Harington y Rose Leslie | Grazia","description":"Los protagonistas de 'Juego de Tronos' se casaron este fin de semana en Escocia.","robots":{"index":"index","follow":"follow","max-snippet":"max-snippet:-1","max-image-preview":"max-image-preview:large","max-video-preview":"max-video-preview:-1"},"canonical":"https:\/\/graziamagazine.com\/es\/articles\/el-sitio-el-vestido-y-los-invitados-asi-fue-la-boda-de-kit-harington-y-leslie-rose\/","og_locale":"es_ES","og_type":"article","og_title":"El sitio, el vestido y los invitados. As\u00ed fue la boda de Kit Harington y Rose Leslie","og_description":"Los protagonistas de 'Juego de Tronos' se casaron este fin de semana en Escocia.","og_url":"https:\/\/graziamagazine.com\/es\/articles\/el-sitio-el-vestido-y-los-invitados-asi-fue-la-boda-de-kit-harington-y-leslie-rose\/","og_site_name":"Grazia","article_modified_time":"2018-06-25T15:32:58+00:00","og_image":[{"width":1024,"height":759,"url":"https:\/\/graziamagazine.com\/es\/wp-content\/uploads\/sites\/12\/2018\/06\/rs_1024x759-180623102114-1024-rose-kit.cm_.62318.jpg?fit=1024%2C759","type":"image\/jpeg"}],"twitter_card":"summary_large_image","twitter_image":"http:\/\/s3-eu-west-1.amazonaws.com\/grazia-cdn\/wp-content\/uploads\/sites\/12\/2018\/06\/rs_634x1024-180623100112-634-kit-rose.cm_.62318.jpg","twitter_misc":{"Est. reading time":"2 minutos"},"schema":{"@context":"https:\/\/schema.org","@graph":[{"@type":"WebPage","@id":"https:\/\/graziamagazine.com\/es\/articles\/el-sitio-el-vestido-y-los-invitados-asi-fue-la-boda-de-kit-harington-y-leslie-rose\/","url":"https:\/\/graziamagazine.com\/es\/articles\/el-sitio-el-vestido-y-los-invitados-asi-fue-la-boda-de-kit-harington-y-leslie-rose\/","name":"El sitio, el vestido y los invitados. As\u00ed fue la boda de Kit Harington y Rose Leslie | Grazia","isPartOf":{"@id":"https:\/\/graziamagazine.com\/es\/#website"},"datePublished":"2018-06-25T13:02:51+00:00","dateModified":"2018-06-25T15:32:58+00:00","description":"Los protagonistas de 'Juego de Tronos' se casaron este fin de semana en Escocia.","breadcrumb":{"@id":"https:\/\/graziamagazine.com\/es\/articles\/el-sitio-el-vestido-y-los-invitados-asi-fue-la-boda-de-kit-harington-y-leslie-rose\/#breadcrumb"},"inLanguage":"es","potentialAction":[{"@type":"ReadAction","target":["https:\/\/graziamagazine.com\/es\/articles\/el-sitio-el-vestido-y-los-invitados-asi-fue-la-boda-de-kit-harington-y-leslie-rose\/"]}]},{"@type":"BreadcrumbList","@id":"https:\/\/graziamagazine.com\/es\/articles\/el-sitio-el-vestido-y-los-invitados-asi-fue-la-boda-de-kit-harington-y-leslie-rose\/#breadcrumb","itemListElement":[{"@type":"ListItem","position":1,"name":"Portada","item":"https:\/\/graziamagazine.com\/es\/"},{"@type":"ListItem","position":2,"name":"El sitio, el vestido y los invitados. As\u00ed fue la boda de Kit Harington y Rose Leslie"}]},{"@type":"WebSite","@id":"https:\/\/graziamagazine.com\/es\/#website","url":"https:\/\/graziamagazine.com\/es\/","name":"Grazia","description":"Moda, belleza, celebrities, estilo de vida...","potentialAction":[{"@type":"SearchAction","target":{"@type":"EntryPoint","urlTemplate":"https:\/\/graziamagazine.com\/es\/?s={search_term_string}"},"query-input":"required name=search_term_string"}],"inLanguage":"es"}]}},"jetpack_sharing_enabled":true,"distributor_meta":false,"distributor_terms":false,"distributor_media":false,"distributor_original_site_name":"Grazia","distributor_original_site_url":"https:\/\/graziamagazine.com\/es","push-errors":false,"_links":{"self":[{"href":"https:\/\/graziamagazine.com\/es\/wp-json\/wp\/v2\/articles\/137076"}],"collection":[{"href":"https:\/\/graziamagazine.com\/es\/wp-json\/wp\/v2\/articles"}],"about":[{"href":"https:\/\/graziamagazine.com\/es\/wp-json\/wp\/v2\/types\/articles"}],"author":[{"embeddable":true,"href":"https:\/\/graziamagazine.com\/es\/wp-json\/wp\/v2\/users\/11623"}],"wp:attachment":[{"href":"https:\/\/graziamagazine.com\/es\/wp-json\/wp\/v2\/media?parent=137076"}],"wp:term":[{"taxonomy":"category","embeddable":true,"href":"https:\/\/graziamagazine.com\/es\/wp-json\/wp\/v2\/categories?post=137076"}],"curies":[{"name":"wp","href":"https:\/\/api.w.org\/{rel}","templated":true}]}}