{"id":136986,"date":"2018-06-22T15:25:02","date_gmt":"2018-06-22T13:25:02","guid":{"rendered":"https:\/\/graziamagazine.com\/es\/?p=136986"},"modified":"2018-06-22T21:15:51","modified_gmt":"2018-06-22T19:15:51","slug":"jeremy-scott-y-la-magica-industria-de-la-creatividad","status":"publish","type":"articles","link":"https:\/\/graziamagazine.com\/es\/articles\/jeremy-scott-y-la-magica-industria-de-la-creatividad\/","title":{"rendered":"Jeremy Scott y la m\u00e1gica industria de la creatividad"},"content":{"rendered":"<p><b>Jeremy Scott<\/b>\u00a0es de esos personajes que no se guardan nada \u2014y cuando nos referimos a nada, esto es literalmente\u2014. Uno de los dise\u00f1adores m\u00e1s aplaudidos por la cultura Pop est\u00e1 en la cima de su carrera, una que inici\u00f3 en Par\u00eds en 1997 con un desfile en un bar que indagaba en la deconstrucci\u00f3n y el minimalismo. Ahora, Scott es director creativo de <strong>Moschino<\/strong> y tambi\u00e9n dirige su hom\u00f3nima firma, misma que es favorita de celebridades como <strong>Miley Cyrus, Rita Ora, Rihanna<\/strong> y <strong>Katy Perry<\/strong>.<\/p>\n<p>Si hay algo que define a este personaje es precisamente su extravagancia. El color es b\u00e1sico cuando se trata de crear una nueva colecci\u00f3n, temporada tras temporada, y la nostalgia es uno de los pilares de su est\u00e9tica. De ah\u00ed que su colaboraci\u00f3n con\u00a0<b>MAC<\/b>\u00a0concluy\u00f3 en un\u00a0<em>packaging<\/em>\u00a0inspirado en la m\u00fasica de las d\u00e9cadas de los ochenta y noventa \u2014<i>CDs<\/i>,\u00a0<i>boom boxes<\/i>\u00a0e incluso\u00a0<i>cassettes<\/i>\u2014 con las tonalidades que crean el v\u00ednculo especial entre el creativo y estos momentos melanc\u00f3licos. \u201cHonestamente me inspir\u00e9 en la idea de hacer un empaque en forma de\u00a0<i>boom box<\/i>\u00a0y pensando en qu\u00e9 medida la moda y la m\u00fasica son parte de mi carrera. [Adem\u00e1s hay] muchos m\u00fasicos a los que visto y\u00a0<i>performers<\/i>\u00a0con los que colaboro que me inspiran y a quienes tambi\u00e9n inspiro\u201d, declar\u00f3 el nativo de Kansas City sobre la concepci\u00f3n del proyecto que inici\u00f3 hace dos a\u00f1os.<\/p>\n<p>\u201cLa m\u00fasica es muy importante en mis creaciones [\u2026] y quer\u00eda crear esta paleta [de colores] que reflejaran un\u00a0<i>boom box<\/i>\u00a0y luego [agregar] el ecualizador, y despu\u00e9s pens\u00e9: \u2018podemos agregar un\u00a0<i>cassette<\/i>\u00a0y un\u00a0<i>CD<\/i>\u2019. As\u00ed que de ah\u00ed viene toda esta idea que captura la m\u00fasica\u201d, agreg\u00f3.<\/p>\n<p><img decoding=\"async\" class=\"alignnone size-full wp-image-52419\" src=\"http:\/\/grazia.mx\/wp-content\/uploads\/sites\/12\/2018\/06\/j3.gif\" alt=\"\" \/><\/p>\n<p>Para Jeremy la m\u00fasica tambi\u00e9n juega un papel importante dentro de sus pasarelas. Junto a su amigo y colaborador,\u00a0<strong>Michel Gaubert<\/strong>\u00a0(el famoso DJ de la moda), y por quien se declara afortunado de tener a su lado, el d\u00fao hace que la colecci\u00f3n y el tema compaginen para promover el extraordinario mundo que el creativo est\u00e1 buscando comunicar.<\/p>\n<p>Al igual que con MAC \u2014en contexto, todo viene a ra\u00edz de la m\u00fasica\u2014 el proceso creativo con Gaubert es org\u00e1nico. Para crear el tema de cada pasarela, Scott explica que la magia empieza con el DJ conociendo la idea general, la escenograf\u00eda y los peque\u00f1os detalles de la colecci\u00f3n. Declarando que sus <em>shows<\/em> son teatrales, la sinerg\u00eda entre estos dos elementos engrandecen su excentricidad.<\/p>\n<p><img decoding=\"async\" class=\"alignnone size-full wp-image-52421\" src=\"http:\/\/grazia.mx\/wp-content\/uploads\/sites\/12\/2018\/06\/j2.gif\" alt=\"\" \/><\/p>\n<p>A decir verdad, nada de esto ser\u00eda posible sin la imaginaci\u00f3n de <strong>Jeremy Scott<\/strong> que, como lo pone con una sonrisa: \u201cEsa es la m\u00e1gica industria de la creatividad. Eso es algo que yo, probablemente, no me puedo explicar. Son solo estas cosas que suceden en mi cerebro y la manera en la que veo al mundo\u201d.<\/p>\n<p>No existe una receta que marque el destino, m\u00e1s bien, es un m\u00e9todo de responder a los \u00edconos y la iconograf\u00eda del momento y agrega: \u201cPara m\u00ed, como dise\u00f1ador, mi meta es comunicar. M\u00e1s all\u00e1 del idioma, est\u00e1n los visuales\u201d. Siendo tan literal, es como Scott comprende llegar a las masas. Y aunque no todos sepan sobre el verdadero concepto de los elementos que hay detr\u00e1s de sus colecciones y de esta colaboraci\u00f3n con MAC, para \u00e9l, el ser humano relaciona ciertos s\u00edmbolos con la vida cotidiana. As\u00ed es como su fantas\u00eda se edifica y promueve sus valores b\u00e1sicos.<\/p>\n<p><img decoding=\"async\" class=\"alignnone size-full wp-image-52420\" src=\"http:\/\/grazia.mx\/wp-content\/uploads\/sites\/12\/2018\/06\/j1.gif\" alt=\"\" \/><\/p>\n<p><em>Fotos: Getty Images<\/em><\/p>\n","protected":false},"author":11641,"featured_media":0,"template":"","format":"standard","categories":[7,1],"acf":[],"yoast_head":"<!-- This site is optimized with the Yoast SEO Premium plugin v18.5 (Yoast SEO v20.4) - https:\/\/yoast.com\/wordpress\/plugins\/seo\/ -->\n<title>Jeremy Scott y la m\u00e1gica industria de la creatividad | Grazia<\/title>\n<meta name=\"description\" content=\"El director creativo de Moschino ha hecho una colaboraci\u00f3n con MAC Cosmetics.\" \/>\n<meta name=\"robots\" content=\"index, follow, max-snippet:-1, max-image-preview:large, max-video-preview:-1\" \/>\n<link rel=\"canonical\" href=\"https:\/\/graziamagazine.com\/es\/articles\/jeremy-scott-y-la-magica-industria-de-la-creatividad\/\" \/>\n<meta property=\"og:locale\" content=\"es_ES\" \/>\n<meta property=\"og:type\" content=\"article\" \/>\n<meta property=\"og:title\" content=\"Jeremy Scott y la m\u00e1gica industria de la creatividad\" \/>\n<meta property=\"og:description\" content=\"El director creativo de Moschino ha hecho una colaboraci\u00f3n con MAC Cosmetics.\" \/>\n<meta property=\"og:url\" content=\"https:\/\/graziamagazine.com\/es\/articles\/jeremy-scott-y-la-magica-industria-de-la-creatividad\/\" \/>\n<meta property=\"og:site_name\" content=\"Grazia\" \/>\n<meta property=\"article:modified_time\" content=\"2018-06-22T19:15:51+00:00\" \/>\n<meta property=\"og:image\" content=\"https:\/\/graziamagazine.com\/es\/wp-content\/uploads\/sites\/12\/2018\/06\/jeremy-scott-moschino_2015_06.0.0.jpg?fit=1200%2C800\" \/>\n\t<meta property=\"og:image:width\" content=\"1200\" \/>\n\t<meta property=\"og:image:height\" content=\"800\" \/>\n\t<meta property=\"og:image:type\" content=\"image\/jpeg\" \/>\n<meta name=\"twitter:card\" content=\"summary_large_image\" \/>\n<meta name=\"twitter:image\" content=\"http:\/\/s3-eu-west-1.amazonaws.com\/grazia-cdn\/wp-content\/uploads\/sites\/12\/2018\/06\/002-jeremy-scott-vogue-int-getty-images.jpg\" \/>\n<meta name=\"twitter:label1\" content=\"Est. reading time\" \/>\n\t<meta name=\"twitter:data1\" content=\"3 minutos\" \/>\n<script type=\"application\/ld+json\" class=\"yoast-schema-graph\">{\"@context\":\"https:\/\/schema.org\",\"@graph\":[{\"@type\":\"WebPage\",\"@id\":\"https:\/\/graziamagazine.com\/es\/articles\/jeremy-scott-y-la-magica-industria-de-la-creatividad\/\",\"url\":\"https:\/\/graziamagazine.com\/es\/articles\/jeremy-scott-y-la-magica-industria-de-la-creatividad\/\",\"name\":\"Jeremy Scott y la m\u00e1gica industria de la creatividad | Grazia\",\"isPartOf\":{\"@id\":\"https:\/\/graziamagazine.com\/es\/#website\"},\"datePublished\":\"2018-06-22T13:25:02+00:00\",\"dateModified\":\"2018-06-22T19:15:51+00:00\",\"description\":\"El director creativo de Moschino ha hecho una colaboraci\u00f3n con MAC Cosmetics.\",\"breadcrumb\":{\"@id\":\"https:\/\/graziamagazine.com\/es\/articles\/jeremy-scott-y-la-magica-industria-de-la-creatividad\/#breadcrumb\"},\"inLanguage\":\"es\",\"potentialAction\":[{\"@type\":\"ReadAction\",\"target\":[\"https:\/\/graziamagazine.com\/es\/articles\/jeremy-scott-y-la-magica-industria-de-la-creatividad\/\"]}]},{\"@type\":\"BreadcrumbList\",\"@id\":\"https:\/\/graziamagazine.com\/es\/articles\/jeremy-scott-y-la-magica-industria-de-la-creatividad\/#breadcrumb\",\"itemListElement\":[{\"@type\":\"ListItem\",\"position\":1,\"name\":\"Portada\",\"item\":\"https:\/\/graziamagazine.com\/es\/\"},{\"@type\":\"ListItem\",\"position\":2,\"name\":\"Jeremy Scott y la m\u00e1gica industria de la creatividad\"}]},{\"@type\":\"WebSite\",\"@id\":\"https:\/\/graziamagazine.com\/es\/#website\",\"url\":\"https:\/\/graziamagazine.com\/es\/\",\"name\":\"Grazia\",\"description\":\"Moda, belleza, celebrities, estilo de vida...\",\"potentialAction\":[{\"@type\":\"SearchAction\",\"target\":{\"@type\":\"EntryPoint\",\"urlTemplate\":\"https:\/\/graziamagazine.com\/es\/?s={search_term_string}\"},\"query-input\":\"required name=search_term_string\"}],\"inLanguage\":\"es\"}]}<\/script>\n<!-- \/ Yoast SEO Premium plugin. -->","yoast_head_json":{"title":"Jeremy Scott y la m\u00e1gica industria de la creatividad | Grazia","description":"El director creativo de Moschino ha hecho una colaboraci\u00f3n con MAC Cosmetics.","robots":{"index":"index","follow":"follow","max-snippet":"max-snippet:-1","max-image-preview":"max-image-preview:large","max-video-preview":"max-video-preview:-1"},"canonical":"https:\/\/graziamagazine.com\/es\/articles\/jeremy-scott-y-la-magica-industria-de-la-creatividad\/","og_locale":"es_ES","og_type":"article","og_title":"Jeremy Scott y la m\u00e1gica industria de la creatividad","og_description":"El director creativo de Moschino ha hecho una colaboraci\u00f3n con MAC Cosmetics.","og_url":"https:\/\/graziamagazine.com\/es\/articles\/jeremy-scott-y-la-magica-industria-de-la-creatividad\/","og_site_name":"Grazia","article_modified_time":"2018-06-22T19:15:51+00:00","og_image":[{"width":1200,"height":800,"url":"https:\/\/graziamagazine.com\/es\/wp-content\/uploads\/sites\/12\/2018\/06\/jeremy-scott-moschino_2015_06.0.0.jpg?fit=1200%2C800","type":"image\/jpeg"}],"twitter_card":"summary_large_image","twitter_image":"http:\/\/s3-eu-west-1.amazonaws.com\/grazia-cdn\/wp-content\/uploads\/sites\/12\/2018\/06\/002-jeremy-scott-vogue-int-getty-images.jpg","twitter_misc":{"Est. reading time":"3 minutos"},"schema":{"@context":"https:\/\/schema.org","@graph":[{"@type":"WebPage","@id":"https:\/\/graziamagazine.com\/es\/articles\/jeremy-scott-y-la-magica-industria-de-la-creatividad\/","url":"https:\/\/graziamagazine.com\/es\/articles\/jeremy-scott-y-la-magica-industria-de-la-creatividad\/","name":"Jeremy Scott y la m\u00e1gica industria de la creatividad | Grazia","isPartOf":{"@id":"https:\/\/graziamagazine.com\/es\/#website"},"datePublished":"2018-06-22T13:25:02+00:00","dateModified":"2018-06-22T19:15:51+00:00","description":"El director creativo de Moschino ha hecho una colaboraci\u00f3n con MAC Cosmetics.","breadcrumb":{"@id":"https:\/\/graziamagazine.com\/es\/articles\/jeremy-scott-y-la-magica-industria-de-la-creatividad\/#breadcrumb"},"inLanguage":"es","potentialAction":[{"@type":"ReadAction","target":["https:\/\/graziamagazine.com\/es\/articles\/jeremy-scott-y-la-magica-industria-de-la-creatividad\/"]}]},{"@type":"BreadcrumbList","@id":"https:\/\/graziamagazine.com\/es\/articles\/jeremy-scott-y-la-magica-industria-de-la-creatividad\/#breadcrumb","itemListElement":[{"@type":"ListItem","position":1,"name":"Portada","item":"https:\/\/graziamagazine.com\/es\/"},{"@type":"ListItem","position":2,"name":"Jeremy Scott y la m\u00e1gica industria de la creatividad"}]},{"@type":"WebSite","@id":"https:\/\/graziamagazine.com\/es\/#website","url":"https:\/\/graziamagazine.com\/es\/","name":"Grazia","description":"Moda, belleza, celebrities, estilo de vida...","potentialAction":[{"@type":"SearchAction","target":{"@type":"EntryPoint","urlTemplate":"https:\/\/graziamagazine.com\/es\/?s={search_term_string}"},"query-input":"required name=search_term_string"}],"inLanguage":"es"}]}},"jetpack_sharing_enabled":true,"distributor_meta":false,"distributor_terms":false,"distributor_media":false,"distributor_original_site_name":"Grazia","distributor_original_site_url":"https:\/\/graziamagazine.com\/es","push-errors":false,"_links":{"self":[{"href":"https:\/\/graziamagazine.com\/es\/wp-json\/wp\/v2\/articles\/136986"}],"collection":[{"href":"https:\/\/graziamagazine.com\/es\/wp-json\/wp\/v2\/articles"}],"about":[{"href":"https:\/\/graziamagazine.com\/es\/wp-json\/wp\/v2\/types\/articles"}],"author":[{"embeddable":true,"href":"https:\/\/graziamagazine.com\/es\/wp-json\/wp\/v2\/users\/11641"}],"wp:attachment":[{"href":"https:\/\/graziamagazine.com\/es\/wp-json\/wp\/v2\/media?parent=136986"}],"wp:term":[{"taxonomy":"category","embeddable":true,"href":"https:\/\/graziamagazine.com\/es\/wp-json\/wp\/v2\/categories?post=136986"}],"curies":[{"name":"wp","href":"https:\/\/api.w.org\/{rel}","templated":true}]}}