{"id":136968,"date":"2018-06-21T21:35:05","date_gmt":"2018-06-21T19:35:05","guid":{"rendered":"https:\/\/graziamagazine.com\/es\/?p=136968"},"modified":"2018-06-21T21:35:12","modified_gmt":"2018-06-21T19:35:12","slug":"david-de-gea-se-reivindica-gracias-al-sugerente-baile-de-edurne","status":"publish","type":"articles","link":"https:\/\/graziamagazine.com\/es\/articles\/david-de-gea-se-reivindica-gracias-al-sugerente-baile-de-edurne\/","title":{"rendered":"David De Gea se reivindica gracias al sugerente baile de Edurne"},"content":{"rendered":"<p>El primer partido de la selecci\u00f3n espa\u00f1ola en el Mundial de Rusia 2018 tuvo como resultado un empate a 3 con el equipo de Portugal. Aunque en realidad fue un duelo de titanes entre <strong>David de Gea<\/strong> y <strong>Cristiano Ronaldo<\/strong>. El segundo gol del delantero del Real Madrid fue motivo de duras cr\u00edticas hacia el arquero espa\u00f1ol, quien consigui\u00f3 reivindicarse con el encuentro de ayer frente a Ir\u00e1n. \u00bfQu\u00e9 hab\u00eda pasado con de Gea? La respuesta a esta pregunta nos la ha dado el Instagram de su novia.<\/p>\n<blockquote class=\"instagram-media\" style=\"background: #FFF; border: 0; border-radius: 3px; box-shadow: 0 0 1px 0 rgba(0,0,0,0.5),0 1px 10px 0 rgba(0,0,0,0.15); margin: 1px; max-width: 658px; padding: 0; width: calc(100% - 2px);\" data-instgrm-captioned=\"\" data-instgrm-permalink=\"https:\/\/www.instagram.com\/p\/BkQVYPGn-GJ\/\" data-instgrm-version=\"8\">\n<div style=\"padding: 8px;\">\n<div style=\"background: #F8F8F8; line-height: 0; margin-top: 40px; padding: 50.0% 0; text-align: center; width: 100%;\"><\/div>\n<p style=\"margin: 8px 0 0 0; padding: 0 4px;\"><a href=\"https:\/\/www.instagram.com\/p\/BkQVYPGn-GJ\/\"style=\"color: #000; font-family: Arial,sans-serif; font-size: 14px; font-style: normal; font-weight: normal; line-height: 17px; text-decoration: none; word-wrap: break-word;\"  target=\"_blank\" rel=\"noopener\" target=\"_blank\">VAMOS ESPA\u00d1A!!!\ud83c\uddea\ud83c\uddf8 A POR TODAS!!\ud83d\udcaa\ud83c\udffc\ud83d\ude4c\ud83c\udffc\ud83d\udc4f\ud83c\udffc #HagamosQueOcurra #Rusia2018<\/a><\/p>\n<p style=\"color: #c9c8cd; font-family: Arial,sans-serif; font-size: 14px; line-height: 17px; margin-bottom: 0; margin-top: 8px; overflow: hidden; padding: 8px 0 7px; text-align: center; text-overflow: ellipsis; white-space: nowrap;\">Una publicaci\u00f3n compartida de <a href=\"https:\/\/www.instagram.com\/edurnity\/\"style=\"color: #c9c8cd; font-family: Arial,sans-serif; font-size: 14px; font-style: normal; font-weight: normal; line-height: 17px;\"  target=\"_blank\" rel=\"noopener\" target=\"_blank\"> Edurne<\/a> (@edurnity) el <time style=\"font-family: Arial,sans-serif; font-size: 14px; line-height: 17px;\" datetime=\"2018-06-20T17:44:05+00:00\">20 Jun, 2018 a las 10:44 PDT<\/time><\/p>\n<\/div>\n<\/blockquote>\n<p><script async defer src=\"\/\/www.instagram.com\/embed.js\"><\/script><\/p>\n<p>Con un sugerente baile, la cantante y exintegrante de La Academia animaba a su chico, <a href=\"https:\/\/graziamagazine.com\/es\/celebs\/10-jugadores-mas-sexys-del-mundial\/\">calificado como uno de los m\u00e1s sexys de Rusia 2018<\/a>, y a la selecci\u00f3n espa\u00f1ola con banderas de Espa\u00f1a en las mejillas incluidas.<\/p>\n<p>&nbsp;<\/p>\n<p>El guardameta, por su parte, se mostraba optimista desde el principio asumiendo que para brillar tambi\u00e9n hay que hacerse responsable de los errores.<\/p>\n<blockquote class=\"twitter-tweet\" data-lang=\"es\">\n<p dir=\"ltr\" lang=\"es\">Para aprender a triunfar primero tienes que aprender a fallar. Seguimos \ud83d\udcaa <a href=\"https:\/\/t.co\/fKmWEXSs0W\" target=\"_blank\">pic.twitter.com\/fKmWEXSs0W<\/a><\/p>\n<p>\u2014 David de Gea (@D_DeGea) <a href=\"https:\/\/twitter.com\/D_DeGea\/status\/1007740408196141056?ref_src=twsrc%5Etfw\" target=\"_blank\">15 de junio de 2018<\/a><\/p><\/blockquote>\n<p><script async src=\"https:\/\/platform.twitter.com\/widgets.js\" charset=\"utf-8\"><\/script><\/p>\n<p>A trav\u00e9s de su cuenta de Twitter, fuimos part\u00edcipes de su empe\u00f1o en llevar a la roja a lo m\u00e1s alto.\u00a0Esperemos que ese empuje nos regale m\u00e1s alegr\u00edas para nuestra selecci\u00f3n, como la victoria contra Ir\u00e1n, y que las <a href=\"https:\/\/graziamagazine.com\/es\/celebs\/estas-son-las-wags-mas-hot-que-veremos-en-rusia-2018\/\">WAGs espa\u00f1olas<\/a> sigan apoyando a sus chicos a seguir d\u00e1ndolo todo en este Mundial.<\/p>\n<blockquote class=\"twitter-tweet\" data-lang=\"es\">\n<p dir=\"ltr\" lang=\"es\">No hay victoria sin sufrimiento \ud83d\udcaa\ud83c\udffb \ud83c\uddea\ud83c\uddf8<a href=\"https:\/\/twitter.com\/hashtag\/HagamosQueOcurra?src=hash&amp;ref_src=twsrc%5Etfw\" target=\"_blank\">#HagamosQueOcurra<\/a> <a href=\"https:\/\/twitter.com\/hashtag\/Rusia2018?src=hash&amp;ref_src=twsrc%5Etfw\" target=\"_blank\">#Rusia2018<\/a> <a href=\"https:\/\/t.co\/bsFcXhXk62\" target=\"_blank\">pic.twitter.com\/bsFcXhXk62<\/a><\/p>\n<p>\u2014 David de Gea (@D_DeGea) <a href=\"https:\/\/twitter.com\/D_DeGea\/status\/1009552278083264513?ref_src=twsrc%5Etfw\" target=\"_blank\">20 de junio de 2018<\/a><\/p><\/blockquote>\n<p><script async src=\"https:\/\/platform.twitter.com\/widgets.js\" charset=\"utf-8\"><\/script><\/p>\n<p>La pareja se conoci\u00f3 en 2010 durante la grabaci\u00f3n de un villancico en Madrid y hoy, aunque sus carreras los han separado f\u00edsicamente varias veces, su amor sigue igual que el primer d\u00eda. Y eso que el 2016 no fue un a\u00f1o f\u00e1cil para la cantante y el futbolista tras el esc\u00e1ndalo del guardameta por el caso Torbe. Edurne defendi\u00f3 a David y la polic\u00eda, tras una exhaustiva investigaci\u00f3n, no encontr\u00f3 que el futbolista estuviera implicado.<\/p>\n<p>\u00bfSonar\u00e1n campanas de boda despu\u00e9s del mundial? Estaremos a la expectativa\u2026<\/p>\n<p><em>Foto: Getty Images<\/em><\/p>\n","protected":false},"author":22173,"featured_media":0,"template":"","format":"standard","categories":[13],"acf":[],"yoast_head":"<!-- This site is optimized with the Yoast SEO Premium plugin v18.5 (Yoast SEO v20.4) - https:\/\/yoast.com\/wordpress\/plugins\/seo\/ -->\n<title>David De Gea se reivindica gracias al sugerente baile de Edurne | Grazia<\/title>\n<meta name=\"description\" content=\"La cantante anim\u00f3 al equipo de su chico a trav\u00e9s de sus redes sociales.\" \/>\n<meta name=\"robots\" content=\"index, follow, max-snippet:-1, max-image-preview:large, max-video-preview:-1\" \/>\n<link rel=\"canonical\" href=\"https:\/\/graziamagazine.com\/es\/articles\/david-de-gea-se-reivindica-gracias-al-sugerente-baile-de-edurne\/\" \/>\n<meta property=\"og:locale\" content=\"es_ES\" \/>\n<meta property=\"og:type\" content=\"article\" \/>\n<meta property=\"og:title\" content=\"David De Gea se reivindica gracias al sugerente baile de Edurne\" \/>\n<meta property=\"og:description\" content=\"La cantante anim\u00f3 al equipo de su chico a trav\u00e9s de sus redes sociales.\" \/>\n<meta property=\"og:url\" content=\"https:\/\/graziamagazine.com\/es\/articles\/david-de-gea-se-reivindica-gracias-al-sugerente-baile-de-edurne\/\" \/>\n<meta property=\"og:site_name\" content=\"Grazia\" \/>\n<meta property=\"article:modified_time\" content=\"2018-06-21T19:35:12+00:00\" \/>\n<meta name=\"twitter:card\" content=\"summary_large_image\" \/>\n<meta name=\"twitter:image\" content=\"http:\/\/s3-eu-west-1.amazonaws.com\/grazia-cdn\/wp-content\/uploads\/sites\/12\/2018\/06\/Edurne-Garcia.jpg\" \/>\n<meta name=\"twitter:label1\" content=\"Est. reading time\" \/>\n\t<meta name=\"twitter:data1\" content=\"2 minutos\" \/>\n<script type=\"application\/ld+json\" class=\"yoast-schema-graph\">{\"@context\":\"https:\/\/schema.org\",\"@graph\":[{\"@type\":\"WebPage\",\"@id\":\"https:\/\/graziamagazine.com\/es\/articles\/david-de-gea-se-reivindica-gracias-al-sugerente-baile-de-edurne\/\",\"url\":\"https:\/\/graziamagazine.com\/es\/articles\/david-de-gea-se-reivindica-gracias-al-sugerente-baile-de-edurne\/\",\"name\":\"David De Gea se reivindica gracias al sugerente baile de Edurne | Grazia\",\"isPartOf\":{\"@id\":\"https:\/\/graziamagazine.com\/es\/#website\"},\"datePublished\":\"2018-06-21T19:35:05+00:00\",\"dateModified\":\"2018-06-21T19:35:12+00:00\",\"description\":\"La cantante anim\u00f3 al equipo de su chico a trav\u00e9s de sus redes sociales.\",\"breadcrumb\":{\"@id\":\"https:\/\/graziamagazine.com\/es\/articles\/david-de-gea-se-reivindica-gracias-al-sugerente-baile-de-edurne\/#breadcrumb\"},\"inLanguage\":\"es\",\"potentialAction\":[{\"@type\":\"ReadAction\",\"target\":[\"https:\/\/graziamagazine.com\/es\/articles\/david-de-gea-se-reivindica-gracias-al-sugerente-baile-de-edurne\/\"]}]},{\"@type\":\"BreadcrumbList\",\"@id\":\"https:\/\/graziamagazine.com\/es\/articles\/david-de-gea-se-reivindica-gracias-al-sugerente-baile-de-edurne\/#breadcrumb\",\"itemListElement\":[{\"@type\":\"ListItem\",\"position\":1,\"name\":\"Portada\",\"item\":\"https:\/\/graziamagazine.com\/es\/\"},{\"@type\":\"ListItem\",\"position\":2,\"name\":\"David De Gea se reivindica gracias al sugerente baile de Edurne\"}]},{\"@type\":\"WebSite\",\"@id\":\"https:\/\/graziamagazine.com\/es\/#website\",\"url\":\"https:\/\/graziamagazine.com\/es\/\",\"name\":\"Grazia\",\"description\":\"Moda, belleza, celebrities, estilo de vida...\",\"potentialAction\":[{\"@type\":\"SearchAction\",\"target\":{\"@type\":\"EntryPoint\",\"urlTemplate\":\"https:\/\/graziamagazine.com\/es\/?s={search_term_string}\"},\"query-input\":\"required name=search_term_string\"}],\"inLanguage\":\"es\"}]}<\/script>\n<!-- \/ Yoast SEO Premium plugin. -->","yoast_head_json":{"title":"David De Gea se reivindica gracias al sugerente baile de Edurne | Grazia","description":"La cantante anim\u00f3 al equipo de su chico a trav\u00e9s de sus redes sociales.","robots":{"index":"index","follow":"follow","max-snippet":"max-snippet:-1","max-image-preview":"max-image-preview:large","max-video-preview":"max-video-preview:-1"},"canonical":"https:\/\/graziamagazine.com\/es\/articles\/david-de-gea-se-reivindica-gracias-al-sugerente-baile-de-edurne\/","og_locale":"es_ES","og_type":"article","og_title":"David De Gea se reivindica gracias al sugerente baile de Edurne","og_description":"La cantante anim\u00f3 al equipo de su chico a trav\u00e9s de sus redes sociales.","og_url":"https:\/\/graziamagazine.com\/es\/articles\/david-de-gea-se-reivindica-gracias-al-sugerente-baile-de-edurne\/","og_site_name":"Grazia","article_modified_time":"2018-06-21T19:35:12+00:00","twitter_card":"summary_large_image","twitter_image":"http:\/\/s3-eu-west-1.amazonaws.com\/grazia-cdn\/wp-content\/uploads\/sites\/12\/2018\/06\/Edurne-Garcia.jpg","twitter_misc":{"Est. reading time":"2 minutos"},"schema":{"@context":"https:\/\/schema.org","@graph":[{"@type":"WebPage","@id":"https:\/\/graziamagazine.com\/es\/articles\/david-de-gea-se-reivindica-gracias-al-sugerente-baile-de-edurne\/","url":"https:\/\/graziamagazine.com\/es\/articles\/david-de-gea-se-reivindica-gracias-al-sugerente-baile-de-edurne\/","name":"David De Gea se reivindica gracias al sugerente baile de Edurne | Grazia","isPartOf":{"@id":"https:\/\/graziamagazine.com\/es\/#website"},"datePublished":"2018-06-21T19:35:05+00:00","dateModified":"2018-06-21T19:35:12+00:00","description":"La cantante anim\u00f3 al equipo de su chico a trav\u00e9s de sus redes sociales.","breadcrumb":{"@id":"https:\/\/graziamagazine.com\/es\/articles\/david-de-gea-se-reivindica-gracias-al-sugerente-baile-de-edurne\/#breadcrumb"},"inLanguage":"es","potentialAction":[{"@type":"ReadAction","target":["https:\/\/graziamagazine.com\/es\/articles\/david-de-gea-se-reivindica-gracias-al-sugerente-baile-de-edurne\/"]}]},{"@type":"BreadcrumbList","@id":"https:\/\/graziamagazine.com\/es\/articles\/david-de-gea-se-reivindica-gracias-al-sugerente-baile-de-edurne\/#breadcrumb","itemListElement":[{"@type":"ListItem","position":1,"name":"Portada","item":"https:\/\/graziamagazine.com\/es\/"},{"@type":"ListItem","position":2,"name":"David De Gea se reivindica gracias al sugerente baile de Edurne"}]},{"@type":"WebSite","@id":"https:\/\/graziamagazine.com\/es\/#website","url":"https:\/\/graziamagazine.com\/es\/","name":"Grazia","description":"Moda, belleza, celebrities, estilo de vida...","potentialAction":[{"@type":"SearchAction","target":{"@type":"EntryPoint","urlTemplate":"https:\/\/graziamagazine.com\/es\/?s={search_term_string}"},"query-input":"required name=search_term_string"}],"inLanguage":"es"}]}},"jetpack_sharing_enabled":true,"distributor_meta":false,"distributor_terms":false,"distributor_media":false,"distributor_original_site_name":"Grazia","distributor_original_site_url":"https:\/\/graziamagazine.com\/es","push-errors":false,"_links":{"self":[{"href":"https:\/\/graziamagazine.com\/es\/wp-json\/wp\/v2\/articles\/136968"}],"collection":[{"href":"https:\/\/graziamagazine.com\/es\/wp-json\/wp\/v2\/articles"}],"about":[{"href":"https:\/\/graziamagazine.com\/es\/wp-json\/wp\/v2\/types\/articles"}],"author":[{"embeddable":true,"href":"https:\/\/graziamagazine.com\/es\/wp-json\/wp\/v2\/users\/22173"}],"wp:attachment":[{"href":"https:\/\/graziamagazine.com\/es\/wp-json\/wp\/v2\/media?parent=136968"}],"wp:term":[{"taxonomy":"category","embeddable":true,"href":"https:\/\/graziamagazine.com\/es\/wp-json\/wp\/v2\/categories?post=136968"}],"curies":[{"name":"wp","href":"https:\/\/api.w.org\/{rel}","templated":true}]}}