{"id":136936,"date":"2018-06-21T14:25:11","date_gmt":"2018-06-21T12:25:11","guid":{"rendered":"https:\/\/graziamagazine.com\/es\/?p=136936"},"modified":"2018-06-21T14:25:50","modified_gmt":"2018-06-21T12:25:50","slug":"la-cita-africana-de-paula-echevarria-y-maxi-iglesias","status":"publish","type":"articles","link":"https:\/\/graziamagazine.com\/es\/articles\/la-cita-africana-de-paula-echevarria-y-maxi-iglesias\/","title":{"rendered":"La cita africana de Paula Echevarr\u00eda y Maxi Iglesias"},"content":{"rendered":"<p>De todos es bien sabido el gusto de <strong>Paula Echevarr\u00eda<\/strong> por cuidar su cuerpo. La actriz acostumbra a compartir en sus redes sociales tanto sus rutinas de ejercicio como sus tratamientos de belleza. Para estos \u00faltimos, suele recurrir a un conocido centro de belleza de Madrid, no solo por ofrecer uno de los mejores servicios del mercado, sino por la asiduidad con la que reciben caras famosas.<\/p>\n<p>Por ello, no es de extra\u00f1ar que nuestra querida Ana Rivera haya hecho un alto en el rodaje de la segunda temporada de <em>Los Nuestros<\/em> para asistir a la velada organizada por <a href=\"https:\/\/tacha.es\/\" target=\"_blank\"><strong>Tacha Beauty<\/strong><\/a> para celebrar la llegada del verano. Y, de paso, dar una lecci\u00f3n de estilo, adapt\u00e1ndose a la tem\u00e1tica de la cita sin perder ni un \u00e1pice de la elegancia que la caracteriza. Un sofisticado turbante en la cabeza, una falda de volantes con motivos salvajes, combinados con topos, y una sencilla camiseta atada a la cintura, le dieron la etiqueta de la mejor vestida.<\/p>\n<blockquote class=\"instagram-media\" style=\"background: #FFF; border: 0; border-radius: 3px; box-shadow: 0 0 1px 0 rgba(0,0,0,0.5),0 1px 10px 0 rgba(0,0,0,0.15); margin: 1px; max-width: 658px; padding: 0; width: calc(100% - 2px);\" data-instgrm-captioned=\"\" data-instgrm-permalink=\"https:\/\/www.instagram.com\/p\/BkOYkqXl1PH\/\" data-instgrm-version=\"8\">\n<div style=\"padding: 8px;\">\n<div style=\"background: #F8F8F8; line-height: 0; margin-top: 40px; padding: 50% 0; text-align: center; width: 100%;\"><\/div>\n<p style=\"margin: 8px 0 0 0; padding: 0 4px;\"><a href=\"https:\/\/www.instagram.com\/p\/BkOYkqXl1PH\/\"style=\"color: #000; font-family: Arial,sans-serif; font-size: 14px; font-style: normal; font-weight: normal; line-height: 17px; text-decoration: none; word-wrap: break-word;\"  target=\"_blank\" rel=\"noopener\" target=\"_blank\">Esto empieza a ser un cl\u00e1sico! Dar la bienvenida al verano con la fiesta de @tachabeauty! Esta vez toc\u00f3 fiesta africana, muchos amigos y muchas risas! Gracias Nata por este rato tan bueno! Enhorabuena a @justbecomunicacion_es por una organizaci\u00f3n y una decoraci\u00f3n maravillosa! #TachaAfricanParty \ud83e\udd93\ud83d\udc06\ud83e\udd81\ud83d\udc12\ud83e\udd92<\/a><\/p>\n<p style=\"color: #c9c8cd; font-family: Arial,sans-serif; font-size: 14px; line-height: 17px; margin-bottom: 0; margin-top: 8px; overflow: hidden; padding: 8px 0 7px; text-align: center; text-overflow: ellipsis; white-space: nowrap;\">Una publicaci\u00f3n compartida de <a href=\"https:\/\/www.instagram.com\/pau_eche\/\"style=\"color: #c9c8cd; font-family: Arial,sans-serif; font-size: 14px; font-style: normal; font-weight: normal; line-height: 17px;\"  target=\"_blank\" rel=\"noopener\" target=\"_blank\"> Paula Echevarria<\/a> (@pau_eche) el <time style=\"font-family: Arial,sans-serif; font-size: 14px; line-height: 17px;\" datetime=\"2018-06-19T23:30:31+00:00\">19 Jun, 2018 a las 4:30 PDT<\/time><\/p>\n<\/div>\n<\/blockquote>\n<p><script async defer src=\"\/\/www.instagram.com\/embed.js\"><\/script><\/p>\n<p><strong>Natalia de la Vega<\/strong>, CEO del centro, ofreci\u00f3 una original fiesta africana (de ah\u00ed el atuendo de nuestra musa de estilo) con sus clientes VIP entre los que se encontraban, no solo la actriz asturiana, sino tambi\u00e9n una de sus excompa\u00f1eras de Velvet, <strong>Marta Hazas<\/strong> quien, por cierto, nos acabamos de enterar que <a href=\"https:\/\/graziamagazine.com\/es\/lifestyle\/don-mateo-cambia-las-galerias-por-la-comisaria\/\">se quedar\u00e1 un poco sola<\/a> (en la ficci\u00f3n), tras el anuncio de <strong>Javier Rey<\/strong> como fichaje para la nueva serie policiaca de Netflix.<\/p>\n<blockquote class=\"instagram-media\" style=\"background: #FFF; border: 0; border-radius: 3px; box-shadow: 0 0 1px 0 rgba(0,0,0,0.5),0 1px 10px 0 rgba(0,0,0,0.15); margin: 1px; max-width: 658px; padding: 0; width: calc(100% - 2px);\" data-instgrm-captioned=\"\" data-instgrm-permalink=\"https:\/\/www.instagram.com\/p\/BkOGvGEg-XC\/\" data-instgrm-version=\"8\">\n<div style=\"padding: 8px;\">\n<div style=\"background: #F8F8F8; line-height: 0; margin-top: 40px; padding: 50.0% 0; text-align: center; width: 100%;\"><\/div>\n<p style=\"margin: 8px 0 0 0; padding: 0 4px;\"><a href=\"https:\/\/www.instagram.com\/p\/BkOGvGEg-XC\/\"style=\"color: #000; font-family: Arial,sans-serif; font-size: 14px; font-style: normal; font-weight: normal; line-height: 17px; text-decoration: none; word-wrap: break-word;\"  target=\"_blank\" rel=\"noopener\" target=\"_blank\">Cuando encuentras a tu amiga en la fiesta de @tachabeauty \ud83d\udc95 todo lo bueno se junta siempre @pau_eche #africantachaparty #nochesdemadrid #nosfaltaceci<\/a><\/p>\n<p style=\"color: #c9c8cd; font-family: Arial,sans-serif; font-size: 14px; line-height: 17px; margin-bottom: 0; margin-top: 8px; overflow: hidden; padding: 8px 0 7px; text-align: center; text-overflow: ellipsis; white-space: nowrap;\">Una publicaci\u00f3n compartida de <a href=\"https:\/\/www.instagram.com\/martahazas\/\"style=\"color: #c9c8cd; font-family: Arial,sans-serif; font-size: 14px; font-style: normal; font-weight: normal; line-height: 17px;\"  target=\"_blank\" rel=\"noopener\" target=\"_blank\"> Marta Hazas<\/a> (@martahazas) el <time style=\"font-family: Arial,sans-serif; font-size: 14px; line-height: 17px;\" datetime=\"2018-06-19T20:54:40+00:00\">19 Jun, 2018 a las 1:54 PDT<\/time><\/p>\n<\/div>\n<\/blockquote>\n<p><script async defer src=\"\/\/www.instagram.com\/embed.js\"><\/script><\/p>\n<p>Por otra parte, y como bien dice la canci\u00f3n, \u00abmucha ni\u00f1a mona pero ninguna sola\u00bb en esta velada preveraniega. Tr\u00edo de guapos para completar la ecuaci\u00f3n: <strong>Maxi Iglesias<\/strong>, <strong>Alejo Sauras<\/strong> y <strong>David Ascanio<\/strong>. El exprotagonista de <em>F\u00edsica o Qu\u00edmica<\/em>, recuperado ya del accidente sufrido en plena actuaci\u00f3n del musical<em> El Guardaespaldas,<\/em>\u00a0se atrevi\u00f3 incluso con la percusi\u00f3n, presumiendo sus periplos con los bongos a sus casi 900.000 seguidores.<\/p>\n<blockquote class=\"instagram-media\" style=\"background: #FFF; border: 0; border-radius: 3px; box-shadow: 0 0 1px 0 rgba(0,0,0,0.5),0 1px 10px 0 rgba(0,0,0,0.15); margin: 1px; max-width: 658px; padding: 0; width: calc(100% - 2px);\" data-instgrm-captioned=\"\" data-instgrm-permalink=\"https:\/\/www.instagram.com\/p\/BkOQQ7wA78l\/\" data-instgrm-version=\"8\">\n<div style=\"padding: 8px;\">\n<div style=\"background: #F8F8F8; line-height: 0; margin-top: 40px; padding: 44.074074074074076% 0; text-align: center; width: 100%;\"><\/div>\n<p style=\"margin: 8px 0 0 0; padding: 0 4px;\"><a href=\"https:\/\/www.instagram.com\/p\/BkOQQ7wA78l\/\"style=\"color: #000; font-family: Arial,sans-serif; font-size: 14px; font-style: normal; font-weight: normal; line-height: 17px; text-decoration: none; word-wrap: break-word;\"  target=\"_blank\" rel=\"noopener\" target=\"_blank\">De esto que te escapas a \u00c1frica en un momento.. #TachaAfricanParty #Pencas<\/a><\/p>\n<p style=\"color: #c9c8cd; font-family: Arial,sans-serif; font-size: 14px; line-height: 17px; margin-bottom: 0; margin-top: 8px; overflow: hidden; padding: 8px 0 7px; text-align: center; text-overflow: ellipsis; white-space: nowrap;\">Una publicaci\u00f3n compartida de <a href=\"https:\/\/www.instagram.com\/maxi_iglesias\/\"style=\"color: #c9c8cd; font-family: Arial,sans-serif; font-size: 14px; font-style: normal; font-weight: normal; line-height: 17px;\"  target=\"_blank\" rel=\"noopener\" target=\"_blank\"> Maxi Iglesias<\/a> (@maxi_iglesias) el <time style=\"font-family: Arial,sans-serif; font-size: 14px; line-height: 17px;\" datetime=\"2018-06-19T22:17:55+00:00\">19 Jun, 2018 a las 3:17 PDT<\/time><\/p>\n<\/div>\n<\/blockquote>\n<p><script async defer src=\"\/\/www.instagram.com\/embed.js\"><\/script><\/p>\n<p>Del lado de las damas, completaban la ex\u00f3tica estampa la dise\u00f1adora <strong>Vicky Mart\u00edn Berrocal<\/strong>, con un <em>outfit<\/em> de Mango, su colega <strong>Ali Promesas<\/strong> y la modelo <strong>Laura S\u00e1nchez<\/strong>.<\/p>\n<blockquote class=\"instagram-media\" style=\"background: #FFF; border: 0; border-radius: 3px; box-shadow: 0 0 1px 0 rgba(0,0,0,0.5),0 1px 10px 0 rgba(0,0,0,0.15); margin: 1px; max-width: 658px; padding: 0; width: calc(100% - 2px);\" data-instgrm-captioned=\"\" data-instgrm-permalink=\"https:\/\/www.instagram.com\/p\/BkPRMBNl-E8\/\" data-instgrm-version=\"8\">\n<div style=\"padding: 8px;\">\n<div style=\"background: #F8F8F8; line-height: 0; margin-top: 40px; padding: 50% 0; text-align: center; width: 100%;\"><\/div>\n<p style=\"margin: 8px 0 0 0; padding: 0 4px;\"><a href=\"https:\/\/www.instagram.com\/p\/BkPRMBNl-E8\/\"style=\"color: #000; font-family: Arial,sans-serif; font-size: 14px; font-style: normal; font-weight: normal; line-height: 17px; text-decoration: none; word-wrap: break-word;\"  target=\"_blank\" rel=\"noopener\" target=\"_blank\">Nosotras ya le hemos dado la bienvenida al verano con la fiesta de @tachabeauty Gracias Natalia por todo y por tanto! Que buen rato!!!!! #tachaafricanparty \ud83e\udd92<\/a><\/p>\n<p style=\"color: #c9c8cd; font-family: Arial,sans-serif; font-size: 14px; line-height: 17px; margin-bottom: 0; margin-top: 8px; overflow: hidden; padding: 8px 0 7px; text-align: center; text-overflow: ellipsis; white-space: nowrap;\">Una publicaci\u00f3n compartida de <a href=\"https:\/\/www.instagram.com\/vickymartinberrocal\/\"style=\"color: #c9c8cd; font-family: Arial,sans-serif; font-size: 14px; font-style: normal; font-weight: normal; line-height: 17px;\"  target=\"_blank\" rel=\"noopener\" target=\"_blank\"> Vicky Mart\u00edn Berrocal<\/a> (@vickymartinberrocal) el <time style=\"font-family: Arial,sans-serif; font-size: 14px; line-height: 17px;\" datetime=\"2018-06-20T07:45:14+00:00\">20 Jun, 2018 a las 12:45 PDT<\/time><\/p>\n<\/div>\n<\/blockquote>\n<p><script async defer src=\"\/\/www.instagram.com\/embed.js\"><\/script><\/p>\n<p>\u00bfSe te ocurre una forma mejor de dar la bienvenida al verano?<\/p>\n<p><em>Fotos: Getty Images<\/em><\/p>\n","protected":false},"author":11623,"featured_media":0,"template":"","format":"standard","categories":[13],"acf":[],"yoast_head":"<!-- This site is optimized with the Yoast SEO Premium plugin v18.5 (Yoast SEO v20.4) - https:\/\/yoast.com\/wordpress\/plugins\/seo\/ -->\n<title>La cita africana de Paula Echevarr\u00eda y Maxi Iglesias | Grazia<\/title>\n<meta name=\"description\" content=\"Tambi\u00e9n estaban Marta Hazas, Alejo Sauras y otros conocidos artistas.\" \/>\n<meta name=\"robots\" content=\"index, follow, max-snippet:-1, max-image-preview:large, max-video-preview:-1\" \/>\n<link rel=\"canonical\" href=\"https:\/\/graziamagazine.com\/es\/articles\/la-cita-africana-de-paula-echevarria-y-maxi-iglesias\/\" \/>\n<meta property=\"og:locale\" content=\"es_ES\" \/>\n<meta property=\"og:type\" content=\"article\" \/>\n<meta property=\"og:title\" content=\"La cita africana de Paula Echevarr\u00eda y Maxi Iglesias\" \/>\n<meta property=\"og:description\" content=\"Tambi\u00e9n estaban Marta Hazas, Alejo Sauras y otros conocidos artistas.\" \/>\n<meta property=\"og:url\" content=\"https:\/\/graziamagazine.com\/es\/articles\/la-cita-africana-de-paula-echevarria-y-maxi-iglesias\/\" \/>\n<meta property=\"og:site_name\" content=\"Grazia\" \/>\n<meta property=\"article:modified_time\" content=\"2018-06-21T12:25:50+00:00\" \/>\n<meta property=\"og:image\" content=\"https:\/\/graziamagazine.com\/es\/wp-content\/uploads\/sites\/12\/2018\/06\/PAULA-07.jpeg?fit=706%2C1024\" \/>\n\t<meta property=\"og:image:width\" content=\"706\" \/>\n\t<meta property=\"og:image:height\" content=\"1024\" \/>\n\t<meta property=\"og:image:type\" content=\"image\/jpeg\" \/>\n<meta name=\"twitter:card\" content=\"summary_large_image\" \/>\n<meta name=\"twitter:image\" content=\"http:\/\/s3-eu-west-1.amazonaws.com\/grazia-cdn\/wp-content\/uploads\/sites\/12\/2018\/06\/PAULA-07.jpeg\" \/>\n<meta name=\"twitter:label1\" content=\"Est. reading time\" \/>\n\t<meta name=\"twitter:data1\" content=\"3 minutos\" \/>\n<script type=\"application\/ld+json\" class=\"yoast-schema-graph\">{\"@context\":\"https:\/\/schema.org\",\"@graph\":[{\"@type\":\"WebPage\",\"@id\":\"https:\/\/graziamagazine.com\/es\/articles\/la-cita-africana-de-paula-echevarria-y-maxi-iglesias\/\",\"url\":\"https:\/\/graziamagazine.com\/es\/articles\/la-cita-africana-de-paula-echevarria-y-maxi-iglesias\/\",\"name\":\"La cita africana de Paula Echevarr\u00eda y Maxi Iglesias | Grazia\",\"isPartOf\":{\"@id\":\"https:\/\/graziamagazine.com\/es\/#website\"},\"datePublished\":\"2018-06-21T12:25:11+00:00\",\"dateModified\":\"2018-06-21T12:25:50+00:00\",\"description\":\"Tambi\u00e9n estaban Marta Hazas, Alejo Sauras y otros conocidos artistas.\",\"breadcrumb\":{\"@id\":\"https:\/\/graziamagazine.com\/es\/articles\/la-cita-africana-de-paula-echevarria-y-maxi-iglesias\/#breadcrumb\"},\"inLanguage\":\"es\",\"potentialAction\":[{\"@type\":\"ReadAction\",\"target\":[\"https:\/\/graziamagazine.com\/es\/articles\/la-cita-africana-de-paula-echevarria-y-maxi-iglesias\/\"]}]},{\"@type\":\"BreadcrumbList\",\"@id\":\"https:\/\/graziamagazine.com\/es\/articles\/la-cita-africana-de-paula-echevarria-y-maxi-iglesias\/#breadcrumb\",\"itemListElement\":[{\"@type\":\"ListItem\",\"position\":1,\"name\":\"Portada\",\"item\":\"https:\/\/graziamagazine.com\/es\/\"},{\"@type\":\"ListItem\",\"position\":2,\"name\":\"La cita africana de Paula Echevarr\u00eda y Maxi Iglesias\"}]},{\"@type\":\"WebSite\",\"@id\":\"https:\/\/graziamagazine.com\/es\/#website\",\"url\":\"https:\/\/graziamagazine.com\/es\/\",\"name\":\"Grazia\",\"description\":\"Moda, belleza, celebrities, estilo de vida...\",\"potentialAction\":[{\"@type\":\"SearchAction\",\"target\":{\"@type\":\"EntryPoint\",\"urlTemplate\":\"https:\/\/graziamagazine.com\/es\/?s={search_term_string}\"},\"query-input\":\"required name=search_term_string\"}],\"inLanguage\":\"es\"}]}<\/script>\n<!-- \/ Yoast SEO Premium plugin. -->","yoast_head_json":{"title":"La cita africana de Paula Echevarr\u00eda y Maxi Iglesias | Grazia","description":"Tambi\u00e9n estaban Marta Hazas, Alejo Sauras y otros conocidos artistas.","robots":{"index":"index","follow":"follow","max-snippet":"max-snippet:-1","max-image-preview":"max-image-preview:large","max-video-preview":"max-video-preview:-1"},"canonical":"https:\/\/graziamagazine.com\/es\/articles\/la-cita-africana-de-paula-echevarria-y-maxi-iglesias\/","og_locale":"es_ES","og_type":"article","og_title":"La cita africana de Paula Echevarr\u00eda y Maxi Iglesias","og_description":"Tambi\u00e9n estaban Marta Hazas, Alejo Sauras y otros conocidos artistas.","og_url":"https:\/\/graziamagazine.com\/es\/articles\/la-cita-africana-de-paula-echevarria-y-maxi-iglesias\/","og_site_name":"Grazia","article_modified_time":"2018-06-21T12:25:50+00:00","og_image":[{"width":706,"height":1024,"url":"https:\/\/graziamagazine.com\/es\/wp-content\/uploads\/sites\/12\/2018\/06\/PAULA-07.jpeg?fit=706%2C1024","type":"image\/jpeg"}],"twitter_card":"summary_large_image","twitter_image":"http:\/\/s3-eu-west-1.amazonaws.com\/grazia-cdn\/wp-content\/uploads\/sites\/12\/2018\/06\/PAULA-07.jpeg","twitter_misc":{"Est. reading time":"3 minutos"},"schema":{"@context":"https:\/\/schema.org","@graph":[{"@type":"WebPage","@id":"https:\/\/graziamagazine.com\/es\/articles\/la-cita-africana-de-paula-echevarria-y-maxi-iglesias\/","url":"https:\/\/graziamagazine.com\/es\/articles\/la-cita-africana-de-paula-echevarria-y-maxi-iglesias\/","name":"La cita africana de Paula Echevarr\u00eda y Maxi Iglesias | Grazia","isPartOf":{"@id":"https:\/\/graziamagazine.com\/es\/#website"},"datePublished":"2018-06-21T12:25:11+00:00","dateModified":"2018-06-21T12:25:50+00:00","description":"Tambi\u00e9n estaban Marta Hazas, Alejo Sauras y otros conocidos artistas.","breadcrumb":{"@id":"https:\/\/graziamagazine.com\/es\/articles\/la-cita-africana-de-paula-echevarria-y-maxi-iglesias\/#breadcrumb"},"inLanguage":"es","potentialAction":[{"@type":"ReadAction","target":["https:\/\/graziamagazine.com\/es\/articles\/la-cita-africana-de-paula-echevarria-y-maxi-iglesias\/"]}]},{"@type":"BreadcrumbList","@id":"https:\/\/graziamagazine.com\/es\/articles\/la-cita-africana-de-paula-echevarria-y-maxi-iglesias\/#breadcrumb","itemListElement":[{"@type":"ListItem","position":1,"name":"Portada","item":"https:\/\/graziamagazine.com\/es\/"},{"@type":"ListItem","position":2,"name":"La cita africana de Paula Echevarr\u00eda y Maxi Iglesias"}]},{"@type":"WebSite","@id":"https:\/\/graziamagazine.com\/es\/#website","url":"https:\/\/graziamagazine.com\/es\/","name":"Grazia","description":"Moda, belleza, celebrities, estilo de vida...","potentialAction":[{"@type":"SearchAction","target":{"@type":"EntryPoint","urlTemplate":"https:\/\/graziamagazine.com\/es\/?s={search_term_string}"},"query-input":"required name=search_term_string"}],"inLanguage":"es"}]}},"jetpack_sharing_enabled":true,"distributor_meta":false,"distributor_terms":false,"distributor_media":false,"distributor_original_site_name":"Grazia","distributor_original_site_url":"https:\/\/graziamagazine.com\/es","push-errors":false,"_links":{"self":[{"href":"https:\/\/graziamagazine.com\/es\/wp-json\/wp\/v2\/articles\/136936"}],"collection":[{"href":"https:\/\/graziamagazine.com\/es\/wp-json\/wp\/v2\/articles"}],"about":[{"href":"https:\/\/graziamagazine.com\/es\/wp-json\/wp\/v2\/types\/articles"}],"author":[{"embeddable":true,"href":"https:\/\/graziamagazine.com\/es\/wp-json\/wp\/v2\/users\/11623"}],"wp:attachment":[{"href":"https:\/\/graziamagazine.com\/es\/wp-json\/wp\/v2\/media?parent=136936"}],"wp:term":[{"taxonomy":"category","embeddable":true,"href":"https:\/\/graziamagazine.com\/es\/wp-json\/wp\/v2\/categories?post=136936"}],"curies":[{"name":"wp","href":"https:\/\/api.w.org\/{rel}","templated":true}]}}