{"id":136903,"date":"2018-06-20T22:41:05","date_gmt":"2018-06-20T20:41:05","guid":{"rendered":"https:\/\/graziamagazine.com\/es\/?p=136903"},"modified":"2018-06-20T22:41:05","modified_gmt":"2018-06-20T20:41:05","slug":"las-calles-de-milan-se-convierten-en-la-mejor-pasarela-de-la-fashion-week","status":"publish","type":"articles","link":"https:\/\/graziamagazine.com\/es\/articles\/las-calles-de-milan-se-convierten-en-la-mejor-pasarela-de-la-fashion-week\/","title":{"rendered":"Las calles de Mil\u00e1n se convierten en la mejor pasarela de la Fashion Week"},"content":{"rendered":"<p><strong>Mil\u00e1n<\/strong> fue tomado por los hombres m\u00e1s elegantes de la moda y esta edici\u00f3n primavera-verano 2019 de <strong>Fashion Week<\/strong> estuvo repleta de buen gusto. Comenzando por las tendencias que se apoderaron de las calles \u2014las rayas, las camisas sobre<em> T-Shirts<\/em> y las gafas de sol al m\u00e1s puro estilo de los a\u00f1os ochenta\u2014 hasta aquellos conjuntos que no dudaron en incluir prendas cl\u00e1sicas, esta fue una pasarela en la que los estilos se mezclaron como una exquisita sinfon\u00eda visual. Aqu\u00ed una muestra de nuestros favoritos.<\/p>\n<p>[galeria]<\/p>\n<p><em>Fotos: Mondadori Photo<\/em><\/p>\n","protected":false},"author":22173,"featured_media":0,"template":"","format":"standard","categories":[1],"acf":[],"yoast_head":"<!-- This site is optimized with the Yoast SEO Premium plugin v18.5 (Yoast SEO v20.4) - https:\/\/yoast.com\/wordpress\/plugins\/seo\/ -->\n<title>Las calles de Mil\u00e1n se convierten en la mejor pasarela de la Fashion Week | Grazia<\/title>\n<meta name=\"description\" content=\"Una mezcla de estilos se apoder\u00f3 de la esencia de la ciudad en una perfecta sinfon\u00eda visual.\" \/>\n<meta name=\"robots\" content=\"index, follow, max-snippet:-1, max-image-preview:large, max-video-preview:-1\" \/>\n<link rel=\"canonical\" href=\"https:\/\/graziamagazine.com\/es\/articles\/las-calles-de-milan-se-convierten-en-la-mejor-pasarela-de-la-fashion-week\/\" \/>\n<meta property=\"og:locale\" content=\"es_ES\" \/>\n<meta property=\"og:type\" content=\"article\" \/>\n<meta property=\"og:title\" content=\"Las calles de Mil\u00e1n se convierten en la mejor pasarela de la Fashion Week\" \/>\n<meta property=\"og:description\" content=\"Una mezcla de estilos se apoder\u00f3 de la esencia de la ciudad en una perfecta sinfon\u00eda visual.\" \/>\n<meta property=\"og:url\" content=\"https:\/\/graziamagazine.com\/es\/articles\/las-calles-de-milan-se-convierten-en-la-mejor-pasarela-de-la-fashion-week\/\" \/>\n<meta property=\"og:site_name\" content=\"Grazia\" \/>\n<meta property=\"og:image\" content=\"https:\/\/graziamagazine.com\/es\/wp-content\/uploads\/sites\/12\/2018\/06\/DSquared2_ppl_M_S19_MI_029_2957567.jpg?fit=4252%2C2835\" \/>\n\t<meta property=\"og:image:width\" content=\"4252\" \/>\n\t<meta property=\"og:image:height\" content=\"2835\" \/>\n\t<meta property=\"og:image:type\" content=\"image\/jpeg\" \/>\n<meta name=\"twitter:card\" content=\"summary_large_image\" \/>\n<meta name=\"twitter:image\" content=\"http:\/\/s3-eu-west-1.amazonaws.com\/grazia-cdn\/wp-content\/uploads\/sites\/12\/2018\/06\/Billionaire_ppl_M_S19_MI_034_2957391.jpg\" \/>\n<script type=\"application\/ld+json\" class=\"yoast-schema-graph\">{\"@context\":\"https:\/\/schema.org\",\"@graph\":[{\"@type\":\"WebPage\",\"@id\":\"https:\/\/graziamagazine.com\/es\/articles\/las-calles-de-milan-se-convierten-en-la-mejor-pasarela-de-la-fashion-week\/\",\"url\":\"https:\/\/graziamagazine.com\/es\/articles\/las-calles-de-milan-se-convierten-en-la-mejor-pasarela-de-la-fashion-week\/\",\"name\":\"Las calles de Mil\u00e1n se convierten en la mejor pasarela de la Fashion Week | Grazia\",\"isPartOf\":{\"@id\":\"https:\/\/graziamagazine.com\/es\/#website\"},\"datePublished\":\"2018-06-20T20:41:05+00:00\",\"dateModified\":\"2018-06-20T20:41:05+00:00\",\"description\":\"Una mezcla de estilos se apoder\u00f3 de la esencia de la ciudad en una perfecta sinfon\u00eda visual.\",\"breadcrumb\":{\"@id\":\"https:\/\/graziamagazine.com\/es\/articles\/las-calles-de-milan-se-convierten-en-la-mejor-pasarela-de-la-fashion-week\/#breadcrumb\"},\"inLanguage\":\"es\",\"potentialAction\":[{\"@type\":\"ReadAction\",\"target\":[\"https:\/\/graziamagazine.com\/es\/articles\/las-calles-de-milan-se-convierten-en-la-mejor-pasarela-de-la-fashion-week\/\"]}]},{\"@type\":\"BreadcrumbList\",\"@id\":\"https:\/\/graziamagazine.com\/es\/articles\/las-calles-de-milan-se-convierten-en-la-mejor-pasarela-de-la-fashion-week\/#breadcrumb\",\"itemListElement\":[{\"@type\":\"ListItem\",\"position\":1,\"name\":\"Portada\",\"item\":\"https:\/\/graziamagazine.com\/es\/\"},{\"@type\":\"ListItem\",\"position\":2,\"name\":\"Las calles de Mil\u00e1n se convierten en la mejor pasarela de la Fashion Week\"}]},{\"@type\":\"WebSite\",\"@id\":\"https:\/\/graziamagazine.com\/es\/#website\",\"url\":\"https:\/\/graziamagazine.com\/es\/\",\"name\":\"Grazia\",\"description\":\"Moda, belleza, celebrities, estilo de vida...\",\"potentialAction\":[{\"@type\":\"SearchAction\",\"target\":{\"@type\":\"EntryPoint\",\"urlTemplate\":\"https:\/\/graziamagazine.com\/es\/?s={search_term_string}\"},\"query-input\":\"required name=search_term_string\"}],\"inLanguage\":\"es\"}]}<\/script>\n<!-- \/ Yoast SEO Premium plugin. -->","yoast_head_json":{"title":"Las calles de Mil\u00e1n se convierten en la mejor pasarela de la Fashion Week | Grazia","description":"Una mezcla de estilos se apoder\u00f3 de la esencia de la ciudad en una perfecta sinfon\u00eda visual.","robots":{"index":"index","follow":"follow","max-snippet":"max-snippet:-1","max-image-preview":"max-image-preview:large","max-video-preview":"max-video-preview:-1"},"canonical":"https:\/\/graziamagazine.com\/es\/articles\/las-calles-de-milan-se-convierten-en-la-mejor-pasarela-de-la-fashion-week\/","og_locale":"es_ES","og_type":"article","og_title":"Las calles de Mil\u00e1n se convierten en la mejor pasarela de la Fashion Week","og_description":"Una mezcla de estilos se apoder\u00f3 de la esencia de la ciudad en una perfecta sinfon\u00eda visual.","og_url":"https:\/\/graziamagazine.com\/es\/articles\/las-calles-de-milan-se-convierten-en-la-mejor-pasarela-de-la-fashion-week\/","og_site_name":"Grazia","og_image":[{"width":4252,"height":2835,"url":"https:\/\/graziamagazine.com\/es\/wp-content\/uploads\/sites\/12\/2018\/06\/DSquared2_ppl_M_S19_MI_029_2957567.jpg?fit=4252%2C2835","type":"image\/jpeg"}],"twitter_card":"summary_large_image","twitter_image":"http:\/\/s3-eu-west-1.amazonaws.com\/grazia-cdn\/wp-content\/uploads\/sites\/12\/2018\/06\/Billionaire_ppl_M_S19_MI_034_2957391.jpg","schema":{"@context":"https:\/\/schema.org","@graph":[{"@type":"WebPage","@id":"https:\/\/graziamagazine.com\/es\/articles\/las-calles-de-milan-se-convierten-en-la-mejor-pasarela-de-la-fashion-week\/","url":"https:\/\/graziamagazine.com\/es\/articles\/las-calles-de-milan-se-convierten-en-la-mejor-pasarela-de-la-fashion-week\/","name":"Las calles de Mil\u00e1n se convierten en la mejor pasarela de la Fashion Week | Grazia","isPartOf":{"@id":"https:\/\/graziamagazine.com\/es\/#website"},"datePublished":"2018-06-20T20:41:05+00:00","dateModified":"2018-06-20T20:41:05+00:00","description":"Una mezcla de estilos se apoder\u00f3 de la esencia de la ciudad en una perfecta sinfon\u00eda visual.","breadcrumb":{"@id":"https:\/\/graziamagazine.com\/es\/articles\/las-calles-de-milan-se-convierten-en-la-mejor-pasarela-de-la-fashion-week\/#breadcrumb"},"inLanguage":"es","potentialAction":[{"@type":"ReadAction","target":["https:\/\/graziamagazine.com\/es\/articles\/las-calles-de-milan-se-convierten-en-la-mejor-pasarela-de-la-fashion-week\/"]}]},{"@type":"BreadcrumbList","@id":"https:\/\/graziamagazine.com\/es\/articles\/las-calles-de-milan-se-convierten-en-la-mejor-pasarela-de-la-fashion-week\/#breadcrumb","itemListElement":[{"@type":"ListItem","position":1,"name":"Portada","item":"https:\/\/graziamagazine.com\/es\/"},{"@type":"ListItem","position":2,"name":"Las calles de Mil\u00e1n se convierten en la mejor pasarela de la Fashion Week"}]},{"@type":"WebSite","@id":"https:\/\/graziamagazine.com\/es\/#website","url":"https:\/\/graziamagazine.com\/es\/","name":"Grazia","description":"Moda, belleza, celebrities, estilo de vida...","potentialAction":[{"@type":"SearchAction","target":{"@type":"EntryPoint","urlTemplate":"https:\/\/graziamagazine.com\/es\/?s={search_term_string}"},"query-input":"required name=search_term_string"}],"inLanguage":"es"}]}},"jetpack_sharing_enabled":true,"distributor_meta":false,"distributor_terms":false,"distributor_media":false,"distributor_original_site_name":"Grazia","distributor_original_site_url":"https:\/\/graziamagazine.com\/es","push-errors":false,"_links":{"self":[{"href":"https:\/\/graziamagazine.com\/es\/wp-json\/wp\/v2\/articles\/136903"}],"collection":[{"href":"https:\/\/graziamagazine.com\/es\/wp-json\/wp\/v2\/articles"}],"about":[{"href":"https:\/\/graziamagazine.com\/es\/wp-json\/wp\/v2\/types\/articles"}],"author":[{"embeddable":true,"href":"https:\/\/graziamagazine.com\/es\/wp-json\/wp\/v2\/users\/22173"}],"wp:attachment":[{"href":"https:\/\/graziamagazine.com\/es\/wp-json\/wp\/v2\/media?parent=136903"}],"wp:term":[{"taxonomy":"category","embeddable":true,"href":"https:\/\/graziamagazine.com\/es\/wp-json\/wp\/v2\/categories?post=136903"}],"curies":[{"name":"wp","href":"https:\/\/api.w.org\/{rel}","templated":true}]}}