{"id":136861,"date":"2018-06-20T14:11:39","date_gmt":"2018-06-20T12:11:39","guid":{"rendered":"https:\/\/graziamagazine.com\/es\/?p=136861"},"modified":"2018-06-20T14:12:20","modified_gmt":"2018-06-20T12:12:20","slug":"sara-carbonero-disfruta-de-su-mejor-mundial-de-futbol","status":"publish","type":"articles","link":"https:\/\/graziamagazine.com\/es\/articles\/sara-carbonero-disfruta-de-su-mejor-mundial-de-futbol\/","title":{"rendered":"Sara Carbonero disfruta de su mejor Mundial de F\u00fatbol"},"content":{"rendered":"<p>Por primera vez, <strong>Iker Casillas<\/strong> y <strong>Sara Carbonero<\/strong> acuden a un mundial de F\u00fatbol sin la responsabilidad de una cobertura televisiva o la presi\u00f3n por ser el mejor portero del mundo. Una aventura, curricular y personal, que incluye, desde una escapada con amigos, hasta una mini luna de miel en el ex pa\u00eds sovi\u00e9tico.<\/p>\n<blockquote class=\"instagram-media\" style=\"background: #FFF; border: 0; border-radius: 3px; box-shadow: 0 0 1px 0 rgba(0,0,0,0.5),0 1px 10px 0 rgba(0,0,0,0.15); margin: 1px; max-width: 658px; padding: 0; width: calc(100% - 2px);\" data-instgrm-captioned=\"\" data-instgrm-permalink=\"https:\/\/www.instagram.com\/p\/BkLozsnlO8A\/\" data-instgrm-version=\"8\">\n<div style=\"padding: 8px;\">\n<div style=\"background: #F8F8F8; line-height: 0; margin-top: 40px; padding: 62.5% 0; text-align: center; width: 100%;\"><\/div>\n<p style=\"margin: 8px 0 0 0; padding: 0 4px;\"><a href=\"https:\/\/www.instagram.com\/p\/BkLozsnlO8A\/\"style=\"color: #000; font-family: Arial,sans-serif; font-size: 14px; font-style: normal; font-weight: normal; line-height: 17px; text-decoration: none; word-wrap: break-word;\"  target=\"_blank\" rel=\"noopener\" target=\"_blank\">Desde Rusia con amor. #thebestisyettocome #Mosc\u00fa #creandorecuerdos #slowlife<\/a><\/p>\n<p style=\"color: #c9c8cd; font-family: Arial,sans-serif; font-size: 14px; line-height: 17px; margin-bottom: 0; margin-top: 8px; overflow: hidden; padding: 8px 0 7px; text-align: center; text-overflow: ellipsis; white-space: nowrap;\">Una publicaci\u00f3n compartida de <a href=\"https:\/\/www.instagram.com\/saracarbonero\/\"style=\"color: #c9c8cd; font-family: Arial,sans-serif; font-size: 14px; font-style: normal; font-weight: normal; line-height: 17px;\"  target=\"_blank\" rel=\"noopener\" target=\"_blank\"> Sara Carbonero<\/a> (@saracarbonero) el <time style=\"font-family: Arial,sans-serif; font-size: 14px; line-height: 17px;\" datetime=\"2018-06-18T21:54:40+00:00\">18 Jun, 2018 a las 2:54 PDT<\/time><\/p>\n<\/div>\n<\/blockquote>\n<p><script async defer src=\"\/\/www.instagram.com\/embed.js\"><\/script><\/p>\n<p>Hace una semana ve\u00edamos <a href=\"https:\/\/graziamagazine.com\/es\/celebs\/los-mejores-momentos-del-mundial-se-viven-en-las-gradas\/\">al exportero de la Selecci\u00f3n Espa\u00f1ola presentar<\/a>, junto a la modelo oriunda del pa\u00eds anfitri\u00f3n, <strong>Natalia Vodianova<\/strong>, el trofeo con el que sue\u00f1a cualquier futbolista\u00a0 y cuya imagen dio la vuelta al mundo, en 2010, alzado por el propio Casillas. Mientras tanto, en las gradas, Carbonero disfrutada de un encuentro muy conmovedor con <strong>Vanesa Lorenzo<\/strong>, la mujer del exseleccionado nacional, <strong>Puyol<\/strong>.<\/p>\n<blockquote class=\"instagram-media\" style=\"background: #FFF; border: 0; border-radius: 3px; box-shadow: 0 0 1px 0 rgba(0,0,0,0.5),0 1px 10px 0 rgba(0,0,0,0.15); margin: 1px; max-width: 658px; padding: 0; width: calc(100% - 2px);\" data-instgrm-captioned=\"\" data-instgrm-permalink=\"https:\/\/www.instagram.com\/p\/BkA6V_XlCYb\/\" data-instgrm-version=\"8\">\n<div style=\"padding: 8px;\">\n<div style=\"background: #F8F8F8; line-height: 0; margin-top: 40px; padding: 37.4537037037037% 0; text-align: center; width: 100%;\"><\/div>\n<p style=\"margin: 8px 0 0 0; padding: 0 4px;\"><a href=\"https:\/\/www.instagram.com\/p\/BkA6V_XlCYb\/\"style=\"color: #000; font-family: Arial,sans-serif; font-size: 14px; font-style: normal; font-weight: normal; line-height: 17px; text-decoration: none; word-wrap: break-word;\"  target=\"_blank\" rel=\"noopener\" target=\"_blank\">Una foto, muchos recuerdos y emociones. #c\u00f3mopasaeltiempo #worldcup2018 #vamosEspa\u00f1a #hagamosqueocurra<\/a><\/p>\n<p style=\"color: #c9c8cd; font-family: Arial,sans-serif; font-size: 14px; line-height: 17px; margin-bottom: 0; margin-top: 8px; overflow: hidden; padding: 8px 0 7px; text-align: center; text-overflow: ellipsis; white-space: nowrap;\">Una publicaci\u00f3n compartida de <a href=\"https:\/\/www.instagram.com\/saracarbonero\/\"style=\"color: #c9c8cd; font-family: Arial,sans-serif; font-size: 14px; font-style: normal; font-weight: normal; line-height: 17px;\"  target=\"_blank\" rel=\"noopener\" target=\"_blank\"> Sara Carbonero<\/a> (@saracarbonero) el <time style=\"font-family: Arial,sans-serif; font-size: 14px; line-height: 17px;\" datetime=\"2018-06-14T17:56:15+00:00\">14 Jun, 2018 a las 10:56 PDT<\/time><\/p>\n<\/div>\n<\/blockquote>\n<p><script async defer src=\"\/\/www.instagram.com\/embed.js\"><\/script><\/p>\n<p>Despu\u00e9s de las citas oficiales, nuestra particular primera dama del f\u00fatbol aprovech\u00f3 para darse una vuelta por la urbe y comparti\u00f3 con sus poco menos de dos millones de seguidores algunos datos curiosos de la localidad. \u00bfAlguno conoc\u00eda la leyenda de que una vez terminada, Iv\u00e1n \u201cel Terrible\u201d mand\u00f3 cegar a los arquitectos y constructores de la Catedral de San Basilio para que nunca pudieran hacer algo m\u00e1s bonito? Si quieres convertirte en un experto de la cultura rusa, el perfil de Sara es tu nuevo <em>must<\/em>.<\/p>\n<blockquote class=\"instagram-media\" style=\"background: #FFF; border: 0; border-radius: 3px; box-shadow: 0 0 1px 0 rgba(0,0,0,0.5),0 1px 10px 0 rgba(0,0,0,0.15); margin: 1px; max-width: 658px; padding: 0; width: calc(100% - 2px);\" data-instgrm-captioned=\"\" data-instgrm-permalink=\"https:\/\/www.instagram.com\/p\/BkDHwg2FKHb\/\" data-instgrm-version=\"8\">\n<div style=\"padding: 8px;\">\n<div style=\"background: #F8F8F8; line-height: 0; margin-top: 40px; padding: 62.5% 0; text-align: center; width: 100%;\"><\/div>\n<p style=\"margin: 8px 0 0 0; padding: 0 4px;\"><a href=\"https:\/\/www.instagram.com\/p\/BkDHwg2FKHb\/\"style=\"color: #000; font-family: Arial,sans-serif; font-size: 14px; font-style: normal; font-weight: normal; line-height: 17px; text-decoration: none; word-wrap: break-word;\"  target=\"_blank\" rel=\"noopener\" target=\"_blank\">Cuenta la leyenda que una vez terminada, Iv\u00e1n \u201cel Terrible\u201d mand\u00f3 cegar a los arquitectos y constructores de la Catedral de San Basilio para que nunca pudieran hacer algo m\u00e1s bonito . #turisteando #sitiosquemerecenlapena #RedSquare #Mosc\u00fa<\/a><\/p>\n<p style=\"color: #c9c8cd; font-family: Arial,sans-serif; font-size: 14px; line-height: 17px; margin-bottom: 0; margin-top: 8px; overflow: hidden; padding: 8px 0 7px; text-align: center; text-overflow: ellipsis; white-space: nowrap;\">Una publicaci\u00f3n compartida de <a href=\"https:\/\/www.instagram.com\/saracarbonero\/\"style=\"color: #c9c8cd; font-family: Arial,sans-serif; font-size: 14px; font-style: normal; font-weight: normal; line-height: 17px;\"  target=\"_blank\" rel=\"noopener\" target=\"_blank\"> Sara Carbonero<\/a> (@saracarbonero) el <time style=\"font-family: Arial,sans-serif; font-size: 14px; line-height: 17px;\" datetime=\"2018-06-15T14:31:57+00:00\">15 Jun, 2018 a las 7:31 PDT<\/time><\/p>\n<\/div>\n<\/blockquote>\n<p><script async defer src=\"\/\/www.instagram.com\/embed.js\"><\/script><\/p>\n<p>Por otra parte, la mujer de Casillas ha dado una lecci\u00f3n de estilo por las calles de Mosc\u00fa. Siempre atinada, impuso el <em>dress cod<\/em>e de la jornada inaugural con un <em>little black dress<\/em> y aprovech\u00f3 las jornadas m\u00e1s relajadas para lucir una divertida camisa vaquera con estrellas y modelos m\u00e1s sofisticados cuando la cita lo ameritaba. Eso s\u00ed, siempre haciendo referencia a nuestra selecci\u00f3n. \u00bfCu\u00e1l es tu favorito?<\/p>\n<blockquote class=\"instagram-media\" style=\"background: #FFF; border: 0; border-radius: 3px; box-shadow: 0 0 1px 0 rgba(0,0,0,0.5),0 1px 10px 0 rgba(0,0,0,0.15); margin: 1px; max-width: 658px; padding: 0; width: calc(100% - 2px);\" data-instgrm-captioned=\"\" data-instgrm-permalink=\"https:\/\/www.instagram.com\/p\/BkGL6mNl7uQ\/\" data-instgrm-version=\"8\">\n<div style=\"padding: 8px;\">\n<div style=\"background: #F8F8F8; line-height: 0; margin-top: 40px; padding: 62.5% 0; text-align: center; width: 100%;\"><\/div>\n<p style=\"margin: 8px 0 0 0; padding: 0 4px;\"><a href=\"https:\/\/www.instagram.com\/p\/BkGL6mNl7uQ\/\"style=\"color: #000; font-family: Arial,sans-serif; font-size: 14px; font-style: normal; font-weight: normal; line-height: 17px; text-decoration: none; word-wrap: break-word;\"  target=\"_blank\" rel=\"noopener\" target=\"_blank\">Que se noten los colores.\ud83c\uddea\ud83c\uddf8 #worldcup2018 #ambiente\u00fanico #Mosc\u00fa<\/a><\/p>\n<p style=\"color: #c9c8cd; font-family: Arial,sans-serif; font-size: 14px; line-height: 17px; margin-bottom: 0; margin-top: 8px; overflow: hidden; padding: 8px 0 7px; text-align: center; text-overflow: ellipsis; white-space: nowrap;\">Una publicaci\u00f3n compartida de <a href=\"https:\/\/www.instagram.com\/saracarbonero\/\"style=\"color: #c9c8cd; font-family: Arial,sans-serif; font-size: 14px; font-style: normal; font-weight: normal; line-height: 17px;\"  target=\"_blank\" rel=\"noopener\" target=\"_blank\"> Sara Carbonero<\/a> (@saracarbonero) el <time style=\"font-family: Arial,sans-serif; font-size: 14px; line-height: 17px;\" datetime=\"2018-06-16T19:06:00+00:00\">16 Jun, 2018 a las 12:06 PDT<\/time><\/p>\n<\/div>\n<\/blockquote>\n<p><script async defer src=\"\/\/www.instagram.com\/embed.js\"><\/script><\/p>\n<p>En definitiva, dejando a un lado que este a\u00f1o no cerrar\u00e1n el encuentro con un beso de pel\u00edcula, este parece ser el mundial que m\u00e1s est\u00e1 disfrutando esta pareja. O, al menos, el m\u00e1s relajado. \u00a1Les seguiremos la pista!<\/p>\n<p><em>Foto: Getty Images<\/em><\/p>\n","protected":false},"author":11623,"featured_media":0,"template":"","format":"standard","categories":[13],"acf":[],"yoast_head":"<!-- This site is optimized with the Yoast SEO Premium plugin v18.5 (Yoast SEO v20.4) - https:\/\/yoast.com\/wordpress\/plugins\/seo\/ -->\n<title>Sara Carbonero disfruta de su mejor Mundial de F\u00fatbol | Grazia<\/title>\n<meta name=\"description\" content=\"La presentadora aprovecha su andadura en Rusia para hacer algo de turismo y dar, de paso, alguna que otra clase de estilo.\" \/>\n<meta name=\"robots\" content=\"index, follow, max-snippet:-1, max-image-preview:large, max-video-preview:-1\" \/>\n<link rel=\"canonical\" href=\"https:\/\/graziamagazine.com\/es\/articles\/sara-carbonero-disfruta-de-su-mejor-mundial-de-futbol\/\" \/>\n<meta property=\"og:locale\" content=\"es_ES\" \/>\n<meta property=\"og:type\" content=\"article\" \/>\n<meta property=\"og:title\" content=\"Sara Carbonero disfruta de su mejor Mundial de F\u00fatbol\" \/>\n<meta property=\"og:description\" content=\"La presentadora aprovecha su andadura en Rusia para hacer algo de turismo y dar, de paso, alguna que otra clase de estilo.\" \/>\n<meta property=\"og:url\" content=\"https:\/\/graziamagazine.com\/es\/articles\/sara-carbonero-disfruta-de-su-mejor-mundial-de-futbol\/\" \/>\n<meta property=\"og:site_name\" content=\"Grazia\" \/>\n<meta property=\"article:modified_time\" content=\"2018-06-20T12:12:20+00:00\" \/>\n<meta name=\"twitter:card\" content=\"summary_large_image\" \/>\n<meta name=\"twitter:image\" content=\"http:\/\/s3-eu-west-1.amazonaws.com\/grazia-cdn\/wp-content\/uploads\/sites\/12\/2018\/06\/gettyimages-102685302-1600x800.jpg\" \/>\n<meta name=\"twitter:label1\" content=\"Est. reading time\" \/>\n\t<meta name=\"twitter:data1\" content=\"2 minutos\" \/>\n<script type=\"application\/ld+json\" class=\"yoast-schema-graph\">{\"@context\":\"https:\/\/schema.org\",\"@graph\":[{\"@type\":\"WebPage\",\"@id\":\"https:\/\/graziamagazine.com\/es\/articles\/sara-carbonero-disfruta-de-su-mejor-mundial-de-futbol\/\",\"url\":\"https:\/\/graziamagazine.com\/es\/articles\/sara-carbonero-disfruta-de-su-mejor-mundial-de-futbol\/\",\"name\":\"Sara Carbonero disfruta de su mejor Mundial de F\u00fatbol | Grazia\",\"isPartOf\":{\"@id\":\"https:\/\/graziamagazine.com\/es\/#website\"},\"datePublished\":\"2018-06-20T12:11:39+00:00\",\"dateModified\":\"2018-06-20T12:12:20+00:00\",\"description\":\"La presentadora aprovecha su andadura en Rusia para hacer algo de turismo y dar, de paso, alguna que otra clase de estilo.\",\"breadcrumb\":{\"@id\":\"https:\/\/graziamagazine.com\/es\/articles\/sara-carbonero-disfruta-de-su-mejor-mundial-de-futbol\/#breadcrumb\"},\"inLanguage\":\"es\",\"potentialAction\":[{\"@type\":\"ReadAction\",\"target\":[\"https:\/\/graziamagazine.com\/es\/articles\/sara-carbonero-disfruta-de-su-mejor-mundial-de-futbol\/\"]}]},{\"@type\":\"BreadcrumbList\",\"@id\":\"https:\/\/graziamagazine.com\/es\/articles\/sara-carbonero-disfruta-de-su-mejor-mundial-de-futbol\/#breadcrumb\",\"itemListElement\":[{\"@type\":\"ListItem\",\"position\":1,\"name\":\"Portada\",\"item\":\"https:\/\/graziamagazine.com\/es\/\"},{\"@type\":\"ListItem\",\"position\":2,\"name\":\"Sara Carbonero disfruta de su mejor Mundial de F\u00fatbol\"}]},{\"@type\":\"WebSite\",\"@id\":\"https:\/\/graziamagazine.com\/es\/#website\",\"url\":\"https:\/\/graziamagazine.com\/es\/\",\"name\":\"Grazia\",\"description\":\"Moda, belleza, celebrities, estilo de vida...\",\"potentialAction\":[{\"@type\":\"SearchAction\",\"target\":{\"@type\":\"EntryPoint\",\"urlTemplate\":\"https:\/\/graziamagazine.com\/es\/?s={search_term_string}\"},\"query-input\":\"required name=search_term_string\"}],\"inLanguage\":\"es\"}]}<\/script>\n<!-- \/ Yoast SEO Premium plugin. -->","yoast_head_json":{"title":"Sara Carbonero disfruta de su mejor Mundial de F\u00fatbol | Grazia","description":"La presentadora aprovecha su andadura en Rusia para hacer algo de turismo y dar, de paso, alguna que otra clase de estilo.","robots":{"index":"index","follow":"follow","max-snippet":"max-snippet:-1","max-image-preview":"max-image-preview:large","max-video-preview":"max-video-preview:-1"},"canonical":"https:\/\/graziamagazine.com\/es\/articles\/sara-carbonero-disfruta-de-su-mejor-mundial-de-futbol\/","og_locale":"es_ES","og_type":"article","og_title":"Sara Carbonero disfruta de su mejor Mundial de F\u00fatbol","og_description":"La presentadora aprovecha su andadura en Rusia para hacer algo de turismo y dar, de paso, alguna que otra clase de estilo.","og_url":"https:\/\/graziamagazine.com\/es\/articles\/sara-carbonero-disfruta-de-su-mejor-mundial-de-futbol\/","og_site_name":"Grazia","article_modified_time":"2018-06-20T12:12:20+00:00","twitter_card":"summary_large_image","twitter_image":"http:\/\/s3-eu-west-1.amazonaws.com\/grazia-cdn\/wp-content\/uploads\/sites\/12\/2018\/06\/gettyimages-102685302-1600x800.jpg","twitter_misc":{"Est. reading time":"2 minutos"},"schema":{"@context":"https:\/\/schema.org","@graph":[{"@type":"WebPage","@id":"https:\/\/graziamagazine.com\/es\/articles\/sara-carbonero-disfruta-de-su-mejor-mundial-de-futbol\/","url":"https:\/\/graziamagazine.com\/es\/articles\/sara-carbonero-disfruta-de-su-mejor-mundial-de-futbol\/","name":"Sara Carbonero disfruta de su mejor Mundial de F\u00fatbol | Grazia","isPartOf":{"@id":"https:\/\/graziamagazine.com\/es\/#website"},"datePublished":"2018-06-20T12:11:39+00:00","dateModified":"2018-06-20T12:12:20+00:00","description":"La presentadora aprovecha su andadura en Rusia para hacer algo de turismo y dar, de paso, alguna que otra clase de estilo.","breadcrumb":{"@id":"https:\/\/graziamagazine.com\/es\/articles\/sara-carbonero-disfruta-de-su-mejor-mundial-de-futbol\/#breadcrumb"},"inLanguage":"es","potentialAction":[{"@type":"ReadAction","target":["https:\/\/graziamagazine.com\/es\/articles\/sara-carbonero-disfruta-de-su-mejor-mundial-de-futbol\/"]}]},{"@type":"BreadcrumbList","@id":"https:\/\/graziamagazine.com\/es\/articles\/sara-carbonero-disfruta-de-su-mejor-mundial-de-futbol\/#breadcrumb","itemListElement":[{"@type":"ListItem","position":1,"name":"Portada","item":"https:\/\/graziamagazine.com\/es\/"},{"@type":"ListItem","position":2,"name":"Sara Carbonero disfruta de su mejor Mundial de F\u00fatbol"}]},{"@type":"WebSite","@id":"https:\/\/graziamagazine.com\/es\/#website","url":"https:\/\/graziamagazine.com\/es\/","name":"Grazia","description":"Moda, belleza, celebrities, estilo de vida...","potentialAction":[{"@type":"SearchAction","target":{"@type":"EntryPoint","urlTemplate":"https:\/\/graziamagazine.com\/es\/?s={search_term_string}"},"query-input":"required name=search_term_string"}],"inLanguage":"es"}]}},"jetpack_sharing_enabled":true,"distributor_meta":false,"distributor_terms":false,"distributor_media":false,"distributor_original_site_name":"Grazia","distributor_original_site_url":"https:\/\/graziamagazine.com\/es","push-errors":false,"_links":{"self":[{"href":"https:\/\/graziamagazine.com\/es\/wp-json\/wp\/v2\/articles\/136861"}],"collection":[{"href":"https:\/\/graziamagazine.com\/es\/wp-json\/wp\/v2\/articles"}],"about":[{"href":"https:\/\/graziamagazine.com\/es\/wp-json\/wp\/v2\/types\/articles"}],"author":[{"embeddable":true,"href":"https:\/\/graziamagazine.com\/es\/wp-json\/wp\/v2\/users\/11623"}],"wp:attachment":[{"href":"https:\/\/graziamagazine.com\/es\/wp-json\/wp\/v2\/media?parent=136861"}],"wp:term":[{"taxonomy":"category","embeddable":true,"href":"https:\/\/graziamagazine.com\/es\/wp-json\/wp\/v2\/categories?post=136861"}],"curies":[{"name":"wp","href":"https:\/\/api.w.org\/{rel}","templated":true}]}}