{"id":136757,"date":"2018-06-18T18:52:44","date_gmt":"2018-06-18T16:52:44","guid":{"rendered":"https:\/\/graziamagazine.com\/es\/?p=136757"},"modified":"2018-06-18T18:52:49","modified_gmt":"2018-06-18T16:52:49","slug":"ni-meghan-ni-kate-fueron-las-elegidas-para-portar-la-spencer-tiara","status":"publish","type":"articles","link":"https:\/\/graziamagazine.com\/es\/articles\/ni-meghan-ni-kate-fueron-las-elegidas-para-portar-la-spencer-tiara\/","title":{"rendered":"Ni Meghan ni Kate fueron las elegidas para portar la Spencer Tiara"},"content":{"rendered":"<p>La tiara que marc\u00f3 el evento del siglo (literalmente) fue sin duda la que us\u00f3\u00a0<b>Lady Di<\/b>\u00a0para casarse con el pr\u00edncipe m\u00e1s codiciado de los setenta. Fue la boda m\u00e1s grande de la monarqu\u00eda inglesa (la raz\u00f3n por la que se dio en la catedral de\u00a0<i>St Paul<\/i>\u00a0y no en\u00a0<i>Westminster Abbey<\/i>) y la\u00a0<b><i>Spencer Tiara<\/i><\/b>, la tiara de la familia de <strong>Diana de Gales<\/strong>, pas\u00f3 a la historia.<\/p>\n<p><img decoding=\"async\" class=\"alignnone size-full wp-image-52191\" src=\"http:\/\/grazia.mx\/wp-content\/uploads\/sites\/12\/2018\/06\/la-spencer-tiara-reaparece-en-quien-menos-te-lo-esperas-1.jpg\" sizes=\"(max-width: 696px) 100vw, 696px\" srcset=\"http:\/\/grazia.mx\/wp-content\/uploads\/sites\/12\/2018\/06\/la-spencer-tiara-reaparece-en-quien-menos-te-lo-esperas-1.jpg 696w, http:\/\/grazia.mx\/wp-content\/uploads\/sites\/12\/2018\/06\/la-spencer-tiara-reaparece-en-quien-menos-te-lo-esperas-1-250x296.jpg 250w, http:\/\/grazia.mx\/wp-content\/uploads\/sites\/12\/2018\/06\/la-spencer-tiara-reaparece-en-quien-menos-te-lo-esperas-1-120x142.jpg 120w\" alt=\"la-spencer-tiara-reaparece-en-quien-menos-te-lo-esperas-1\" \/><\/p>\n<p>Aunque la princesa Diana confesar\u00eda despu\u00e9s que durante el d\u00eda de su boda tuvo un terrible dolor de cabeza por la tiara, esta fue vista en la mam\u00e1 de Guillermo y Harry en diversos eventos oficiales. Como una de sus favoritas, adem\u00e1s de la\u00a0<b><i>Queen Mary\u2019s Lover\u2019s Knot Tiara<\/i><\/b>, la\u00a0<i>Spencer Tiara<\/i>\u00a0fue guardada, aunque prestada para diversas exhibiciones, desde la muerte de Diana en 1997.<\/p>\n<p>La primera en usarla frente al ojo p\u00fablico, tras la desaparici\u00f3n de la Princesa, fue la hija de\u00a0<b>Lady\u00a0<i><\/i>Sarah McCorquodale<\/b>, hermana de Lady Di, para su boda el pasado fin de semana. Para el enlace,\u00a0<b>Prince Harry<\/b>\u00a0y\u00a0<b>Meghan Markle\u00a0<\/b><a href=\"https:\/\/graziamagazine.com\/es\/celebs\/meghan-markle-opaca-a-la-novia-de-su-primera-boda-como-royal\/\">estuvieron presentes<\/a>\u00a0representando a su madre y suegra, respectivamente. Y claro que cuando la nueva\u00a0<b>duquesa de Sussex\u00a0<\/b>asiste a tu boda, solo un regreso como este puede quitarle el ojo medi\u00e1tico de encima.<\/p>\n<blockquote class=\"instagram-media\" style=\"background: #FFF; border: 0; border-radius: 3px; box-shadow: 0 0 1px 0 rgba(0,0,0,0.5),0 1px 10px 0 rgba(0,0,0,0.15); margin: 1px; max-width: 658px; padding: 0; width: calc(100% - 2px);\" data-instgrm-captioned=\"\" data-instgrm-permalink=\"https:\/\/www.instagram.com\/p\/BkI1VN_l_HC\/\" data-instgrm-version=\"8\">\n<div style=\"padding: 8px;\">\n<div style=\"background: #F8F8F8; line-height: 0; margin-top: 40px; padding: 62.5% 0; text-align: center; width: 100%;\"><\/div>\n<p style=\"margin: 8px 0 0 0; padding: 0 4px;\"><a href=\"https:\/\/www.instagram.com\/p\/BkI1VN_l_HC\/\"style=\"color: #000; font-family: Arial,sans-serif; font-size: 14px; font-style: normal; font-weight: normal; line-height: 17px; text-decoration: none; word-wrap: break-word;\"  target=\"_blank\" rel=\"noopener\" target=\"_blank\">A society wedding to report&#8230;. The niece of The Late Princess Diana was married this weekend to Mr. George Woodhouse. Congratulations to the couple! Celia wore the family Spencer Tiara as did her aunt, The Late Princess on her wedding day! It is the first time the famed piece has been publicly worn since the Princess\u2019s passing! I was so fortunate to have seen Diana\u2019s wedding gown and ensemble in person including the tiara, and am so thrilled to see it being worn on such a happy family occasion. The Duke and Duchess of Sussex were also in attendance #weddingday #royalwedding #shesaidyes #spencertiara #happycouple<\/a><\/p>\n<p style=\"color: #c9c8cd; font-family: Arial,sans-serif; font-size: 14px; line-height: 17px; margin-bottom: 0; margin-top: 8px; overflow: hidden; padding: 8px 0 7px; text-align: center; text-overflow: ellipsis; white-space: nowrap;\">Una publicaci\u00f3n compartida de @<a href=\"https:\/\/www.instagram.com\/brideandbliss\/\"style=\"color: #c9c8cd; font-family: Arial,sans-serif; font-size: 14px; font-style: normal; font-weight: normal; line-height: 17px;\"  target=\"_blank\" rel=\"noopener\" target=\"_blank\"> brideandbliss<\/a> el <time style=\"font-family: Arial,sans-serif; font-size: 14px; line-height: 17px;\" datetime=\"2018-06-17T19:46:23+00:00\">17 Jun, 2018 a las 12:46 PDT<\/time><\/p>\n<\/div>\n<\/blockquote>\n<p><script async defer src=\"\/\/www.instagram.com\/embed.js\"><\/script><\/p>\n<p>Mientras el mundo se preparaba para la\u00a0<i>royal wedding<\/i>\u00a0de los duques, las especulaciones en torno a qu\u00e9 tiara escoger\u00eda Markle para su gran d\u00eda eran grandes. Entre las contendientes se encontraba la\u00a0<i>Spencer Tiara<\/i>. Sin embargo, y como\u00a0<a href=\"https:\/\/people.com\/royals\/princess-diana-wedding-tiara-worn-niece-celia-mccorquodale-spencer-tiara\/\" target=\"_blank\" rel=\"noopener\" target=\"_blank\"><i>People<\/i><\/a>\u00a0asegura, esta ten\u00eda que ser un pr\u00e9stamo por parte de la familia Spencer.<\/p>\n<p>Por su lado, ambas nueras de la princesa del pueblo le han rendido tributo. <strong>Kate Middleton<\/strong> acostumbra a llevar unos pendientes que le pertenecieron su suegra y que hacen juego con su anillo de compromiso. Tambi\u00e9n acostumbra a recrear\u00a0<em>looks<\/em>\u00a0ic\u00f3nicos. En el caso de Meghan,\u00a0<a href=\"https:\/\/graziamagazine.com\/es\/celebs\/todos-los-detalles-sobre-el-segundo-vestido-de-meghan-markle\/\">ella opt\u00f3 por usar el anillo\u00a0<em>aquamarine<\/em>\u00a0de la princesa para su recepci\u00f3n de\u00a0<em>Frogmore House<\/em><\/a>. Adem\u00e1s, para su primera aparici\u00f3n en el desfile\u00a0<em>Trooping the Colour,<\/em>\u00a0<a href=\"https:\/\/www.popsugar.co.uk\/fashion\/Meghan-Markle-Princess-Diana-Pink-Dresses-44938861\" target=\"_blank\" rel=\"noopener\" target=\"_blank\">la duquesa de Sussex inspir\u00f3 su\u00a0<em>look<\/em><\/a>,<a href=\"https:\/\/www.popsugar.co.uk\/fashion\/Meghan-Markle-Princess-Diana-Pink-Dresses-44938861\" target=\"_blank\">\u00a0en un vestido que Diana llev\u00f3 en 1987<\/a>.<\/p>\n<h5><\/h5>\n<h5><em>*IM\u00c1GENES: Getty Images<\/em><\/h5>\n","protected":false},"author":11641,"featured_media":0,"template":"","format":"standard","categories":[14,13],"acf":[],"yoast_head":"<!-- This site is optimized with the Yoast SEO Premium plugin v18.5 (Yoast SEO v20.4) - https:\/\/yoast.com\/wordpress\/plugins\/seo\/ -->\n<title>Ni Meghan ni Kate fueron las elegidas para portar la Spencer Tiara | Grazia<\/title>\n<meta name=\"description\" content=\"La sobrina de Lady Di fue la elegida para llevarla en el d\u00eda de su boda.\" \/>\n<meta name=\"robots\" content=\"index, follow, max-snippet:-1, max-image-preview:large, max-video-preview:-1\" \/>\n<link rel=\"canonical\" href=\"https:\/\/graziamagazine.com\/es\/articles\/ni-meghan-ni-kate-fueron-las-elegidas-para-portar-la-spencer-tiara\/\" \/>\n<meta property=\"og:locale\" content=\"es_ES\" \/>\n<meta property=\"og:type\" content=\"article\" \/>\n<meta property=\"og:title\" content=\"Ni Meghan ni Kate fueron las elegidas para portar la Spencer Tiara\" \/>\n<meta property=\"og:description\" content=\"La sobrina de Lady Di fue la elegida para llevarla en el d\u00eda de su boda.\" \/>\n<meta property=\"og:url\" content=\"https:\/\/graziamagazine.com\/es\/articles\/ni-meghan-ni-kate-fueron-las-elegidas-para-portar-la-spencer-tiara\/\" \/>\n<meta property=\"og:site_name\" content=\"Grazia\" \/>\n<meta property=\"article:modified_time\" content=\"2018-06-18T16:52:49+00:00\" \/>\n<meta property=\"og:image\" content=\"https:\/\/graziamagazine.com\/es\/wp-content\/uploads\/sites\/12\/2018\/06\/gettyimages-73399843-1525366201.jpg?fit=768%2C1146\" \/>\n\t<meta property=\"og:image:width\" content=\"768\" \/>\n\t<meta property=\"og:image:height\" content=\"1146\" \/>\n\t<meta property=\"og:image:type\" content=\"image\/jpeg\" \/>\n<meta name=\"twitter:card\" content=\"summary_large_image\" \/>\n<meta name=\"twitter:image\" content=\"http:\/\/s3-eu-west-1.amazonaws.com\/grazia-cdn\/wp-content\/uploads\/sites\/12\/2018\/06\/gettyimages-73399843-1525366201.jpg\" \/>\n<meta name=\"twitter:label1\" content=\"Est. reading time\" \/>\n\t<meta name=\"twitter:data1\" content=\"2 minutos\" \/>\n<script type=\"application\/ld+json\" class=\"yoast-schema-graph\">{\"@context\":\"https:\/\/schema.org\",\"@graph\":[{\"@type\":\"WebPage\",\"@id\":\"https:\/\/graziamagazine.com\/es\/articles\/ni-meghan-ni-kate-fueron-las-elegidas-para-portar-la-spencer-tiara\/\",\"url\":\"https:\/\/graziamagazine.com\/es\/articles\/ni-meghan-ni-kate-fueron-las-elegidas-para-portar-la-spencer-tiara\/\",\"name\":\"Ni Meghan ni Kate fueron las elegidas para portar la Spencer Tiara | Grazia\",\"isPartOf\":{\"@id\":\"https:\/\/graziamagazine.com\/es\/#website\"},\"datePublished\":\"2018-06-18T16:52:44+00:00\",\"dateModified\":\"2018-06-18T16:52:49+00:00\",\"description\":\"La sobrina de Lady Di fue la elegida para llevarla en el d\u00eda de su boda.\",\"breadcrumb\":{\"@id\":\"https:\/\/graziamagazine.com\/es\/articles\/ni-meghan-ni-kate-fueron-las-elegidas-para-portar-la-spencer-tiara\/#breadcrumb\"},\"inLanguage\":\"es\",\"potentialAction\":[{\"@type\":\"ReadAction\",\"target\":[\"https:\/\/graziamagazine.com\/es\/articles\/ni-meghan-ni-kate-fueron-las-elegidas-para-portar-la-spencer-tiara\/\"]}]},{\"@type\":\"BreadcrumbList\",\"@id\":\"https:\/\/graziamagazine.com\/es\/articles\/ni-meghan-ni-kate-fueron-las-elegidas-para-portar-la-spencer-tiara\/#breadcrumb\",\"itemListElement\":[{\"@type\":\"ListItem\",\"position\":1,\"name\":\"Portada\",\"item\":\"https:\/\/graziamagazine.com\/es\/\"},{\"@type\":\"ListItem\",\"position\":2,\"name\":\"Ni Meghan ni Kate fueron las elegidas para portar la Spencer Tiara\"}]},{\"@type\":\"WebSite\",\"@id\":\"https:\/\/graziamagazine.com\/es\/#website\",\"url\":\"https:\/\/graziamagazine.com\/es\/\",\"name\":\"Grazia\",\"description\":\"Moda, belleza, celebrities, estilo de vida...\",\"potentialAction\":[{\"@type\":\"SearchAction\",\"target\":{\"@type\":\"EntryPoint\",\"urlTemplate\":\"https:\/\/graziamagazine.com\/es\/?s={search_term_string}\"},\"query-input\":\"required name=search_term_string\"}],\"inLanguage\":\"es\"}]}<\/script>\n<!-- \/ Yoast SEO Premium plugin. -->","yoast_head_json":{"title":"Ni Meghan ni Kate fueron las elegidas para portar la Spencer Tiara | Grazia","description":"La sobrina de Lady Di fue la elegida para llevarla en el d\u00eda de su boda.","robots":{"index":"index","follow":"follow","max-snippet":"max-snippet:-1","max-image-preview":"max-image-preview:large","max-video-preview":"max-video-preview:-1"},"canonical":"https:\/\/graziamagazine.com\/es\/articles\/ni-meghan-ni-kate-fueron-las-elegidas-para-portar-la-spencer-tiara\/","og_locale":"es_ES","og_type":"article","og_title":"Ni Meghan ni Kate fueron las elegidas para portar la Spencer Tiara","og_description":"La sobrina de Lady Di fue la elegida para llevarla en el d\u00eda de su boda.","og_url":"https:\/\/graziamagazine.com\/es\/articles\/ni-meghan-ni-kate-fueron-las-elegidas-para-portar-la-spencer-tiara\/","og_site_name":"Grazia","article_modified_time":"2018-06-18T16:52:49+00:00","og_image":[{"width":768,"height":1146,"url":"https:\/\/graziamagazine.com\/es\/wp-content\/uploads\/sites\/12\/2018\/06\/gettyimages-73399843-1525366201.jpg?fit=768%2C1146","type":"image\/jpeg"}],"twitter_card":"summary_large_image","twitter_image":"http:\/\/s3-eu-west-1.amazonaws.com\/grazia-cdn\/wp-content\/uploads\/sites\/12\/2018\/06\/gettyimages-73399843-1525366201.jpg","twitter_misc":{"Est. reading time":"2 minutos"},"schema":{"@context":"https:\/\/schema.org","@graph":[{"@type":"WebPage","@id":"https:\/\/graziamagazine.com\/es\/articles\/ni-meghan-ni-kate-fueron-las-elegidas-para-portar-la-spencer-tiara\/","url":"https:\/\/graziamagazine.com\/es\/articles\/ni-meghan-ni-kate-fueron-las-elegidas-para-portar-la-spencer-tiara\/","name":"Ni Meghan ni Kate fueron las elegidas para portar la Spencer Tiara | Grazia","isPartOf":{"@id":"https:\/\/graziamagazine.com\/es\/#website"},"datePublished":"2018-06-18T16:52:44+00:00","dateModified":"2018-06-18T16:52:49+00:00","description":"La sobrina de Lady Di fue la elegida para llevarla en el d\u00eda de su boda.","breadcrumb":{"@id":"https:\/\/graziamagazine.com\/es\/articles\/ni-meghan-ni-kate-fueron-las-elegidas-para-portar-la-spencer-tiara\/#breadcrumb"},"inLanguage":"es","potentialAction":[{"@type":"ReadAction","target":["https:\/\/graziamagazine.com\/es\/articles\/ni-meghan-ni-kate-fueron-las-elegidas-para-portar-la-spencer-tiara\/"]}]},{"@type":"BreadcrumbList","@id":"https:\/\/graziamagazine.com\/es\/articles\/ni-meghan-ni-kate-fueron-las-elegidas-para-portar-la-spencer-tiara\/#breadcrumb","itemListElement":[{"@type":"ListItem","position":1,"name":"Portada","item":"https:\/\/graziamagazine.com\/es\/"},{"@type":"ListItem","position":2,"name":"Ni Meghan ni Kate fueron las elegidas para portar la Spencer Tiara"}]},{"@type":"WebSite","@id":"https:\/\/graziamagazine.com\/es\/#website","url":"https:\/\/graziamagazine.com\/es\/","name":"Grazia","description":"Moda, belleza, celebrities, estilo de vida...","potentialAction":[{"@type":"SearchAction","target":{"@type":"EntryPoint","urlTemplate":"https:\/\/graziamagazine.com\/es\/?s={search_term_string}"},"query-input":"required name=search_term_string"}],"inLanguage":"es"}]}},"jetpack_sharing_enabled":true,"distributor_meta":false,"distributor_terms":false,"distributor_media":false,"distributor_original_site_name":"Grazia","distributor_original_site_url":"https:\/\/graziamagazine.com\/es","push-errors":false,"_links":{"self":[{"href":"https:\/\/graziamagazine.com\/es\/wp-json\/wp\/v2\/articles\/136757"}],"collection":[{"href":"https:\/\/graziamagazine.com\/es\/wp-json\/wp\/v2\/articles"}],"about":[{"href":"https:\/\/graziamagazine.com\/es\/wp-json\/wp\/v2\/types\/articles"}],"author":[{"embeddable":true,"href":"https:\/\/graziamagazine.com\/es\/wp-json\/wp\/v2\/users\/11641"}],"wp:attachment":[{"href":"https:\/\/graziamagazine.com\/es\/wp-json\/wp\/v2\/media?parent=136757"}],"wp:term":[{"taxonomy":"category","embeddable":true,"href":"https:\/\/graziamagazine.com\/es\/wp-json\/wp\/v2\/categories?post=136757"}],"curies":[{"name":"wp","href":"https:\/\/api.w.org\/{rel}","templated":true}]}}