{"id":136737,"date":"2018-06-18T16:56:32","date_gmt":"2018-06-18T14:56:32","guid":{"rendered":"https:\/\/graziamagazine.com\/es\/?p=136737"},"modified":"2018-06-18T16:56:32","modified_gmt":"2018-06-18T14:56:32","slug":"don-mateo-cambia-las-galerias-por-la-comisaria","status":"publish","type":"articles","link":"https:\/\/graziamagazine.com\/es\/articles\/don-mateo-cambia-las-galerias-por-la-comisaria\/","title":{"rendered":"Don Mateo cambia las galer\u00edas por la comisar\u00eda"},"content":{"rendered":"<p><strong>Javier Rey<\/strong>, el gal\u00e1n de <em>Velvet Colecci\u00f3n<\/em>, acaba de fichar por la nueva serie original de Netflix. Aunque los seguidores de la serie, en su d\u00eda protagonizada por <strong>Paula Echevarr\u00eda<\/strong> y <strong>Miguel \u00c1ngel Silvestre<\/strong>, probablemente se resistan a despedirse de la imagen de chico guapo y simp\u00e1tico de <strong>Mateo<\/strong>, lo cierto es que ya tenemos ganas de ver al actor en un papel m\u00e1s denso.<\/p>\n<figure id=\"attachment_136738\" aria-describedby=\"caption-attachment-136738\" style=\"width: 5760px\" class=\"wp-caption aligncenter\"><img loading=\"lazy\" decoding=\"async\" class=\"size-full wp-image-136738\" src=\"https:\/\/graziamagazine.com\/es\/wp-content\/uploads\/sites\/12\/2018\/06\/JavierRey.jpg\" alt=\"Javier Rey\" width=\"5760\" height=\"3840\" srcset=\"https:\/\/graziamagazine.com\/es\/wp-content\/uploads\/sites\/12\/2018\/06\/JavierRey.jpg 5760w, https:\/\/graziamagazine.com\/es\/wp-content\/uploads\/sites\/12\/2018\/06\/JavierRey.jpg?resize=300,200 300w, https:\/\/graziamagazine.com\/es\/wp-content\/uploads\/sites\/12\/2018\/06\/JavierRey.jpg?resize=768,512 768w, https:\/\/graziamagazine.com\/es\/wp-content\/uploads\/sites\/12\/2018\/06\/JavierRey.jpg?resize=1024,683 1024w, https:\/\/graziamagazine.com\/es\/wp-content\/uploads\/sites\/12\/2018\/06\/JavierRey.jpg?resize=1536,1024 1536w, https:\/\/graziamagazine.com\/es\/wp-content\/uploads\/sites\/12\/2018\/06\/JavierRey.jpg?resize=2048,1365 2048w, https:\/\/graziamagazine.com\/es\/wp-content\/uploads\/sites\/12\/2018\/06\/JavierRey.jpg?resize=155,103 155w\" sizes=\"(max-width: 5760px) 100vw, 5760px\" \/><figcaption id=\"caption-attachment-136738\" class=\"wp-caption-text\">Javier Rey<\/figcaption><\/figure>\n<p>Creada y escrita por <strong>Ver\u00f3nica Fern\u00e1ndez<\/strong> (<em>Cu\u00e9ntame<\/em>, <em>El Comisario<\/em>, <em>El Pr\u00edncipe<\/em>, <em>Velvet Colecci\u00f3n<\/em>) e inspirada en hechos reales, <em>Hache<\/em> es la historia de una mujer, Helena, (<strong>Adriana Ugarte<\/strong>) catapultada a la jefatura del tr\u00e1fico de hero\u00edna en la Barcelona de los a\u00f1os 60. <em>Hache<\/em> es una serie original de 8 cap\u00edtulos de 60 minutos de duraci\u00f3n que se estrenar\u00e1 globalmente en 2019.<\/p>\n<p><em>\u00a0<\/em><\/p>\n<figure id=\"attachment_136739\" aria-describedby=\"caption-attachment-136739\" style=\"width: 3840px\" class=\"wp-caption aligncenter\"><img loading=\"lazy\" decoding=\"async\" class=\"size-full wp-image-136739\" src=\"https:\/\/graziamagazine.com\/es\/wp-content\/uploads\/sites\/12\/2018\/06\/AdrianaUgarte.jpg\" alt=\"Adriana Ugarte\" width=\"3840\" height=\"5760\" srcset=\"https:\/\/graziamagazine.com\/es\/wp-content\/uploads\/sites\/12\/2018\/06\/AdrianaUgarte.jpg 3840w, https:\/\/graziamagazine.com\/es\/wp-content\/uploads\/sites\/12\/2018\/06\/AdrianaUgarte.jpg?resize=200,300 200w, https:\/\/graziamagazine.com\/es\/wp-content\/uploads\/sites\/12\/2018\/06\/AdrianaUgarte.jpg?resize=768,1152 768w, https:\/\/graziamagazine.com\/es\/wp-content\/uploads\/sites\/12\/2018\/06\/AdrianaUgarte.jpg?resize=683,1024 683w, https:\/\/graziamagazine.com\/es\/wp-content\/uploads\/sites\/12\/2018\/06\/AdrianaUgarte.jpg?resize=1024,1536 1024w, https:\/\/graziamagazine.com\/es\/wp-content\/uploads\/sites\/12\/2018\/06\/AdrianaUgarte.jpg?resize=1365,2048 1365w, https:\/\/graziamagazine.com\/es\/wp-content\/uploads\/sites\/12\/2018\/06\/AdrianaUgarte.jpg?resize=143,215 143w\" sizes=\"(max-width: 3840px) 100vw, 3840px\" \/><figcaption id=\"caption-attachment-136739\" class=\"wp-caption-text\">Adriana Ugarte<\/figcaption><\/figure>\n<p>\u201c<em>Somos grandes admiradores del trabajo de Adriana y Javier, y no podr\u00edamos estar m\u00e1s emocionados de verlos en una serie original de Netflix<\/em>\u00ab, dijo <strong>Erik Barmack<\/strong>, vicepresidente de International Originals en Netflix. \u00ab<em>Y el mundo que Tom\u00e1s y Jorge han creado es \u00fanico, fresco y atractivo para todo el mundo. Estamos listos para agregar &#8216;Hache&#8217; a nuestra creciente lista de series en espa\u00f1ol destinadas a una audiencia global<\/em>\u201d.<\/p>\n<p><strong>Tom\u00e1s Cimadevilla<\/strong> y <strong>Jorge Iglesias<\/strong>, productores ejecutivos de <em>Hache<\/em>, a\u00f1aden: \u201c<em>En WEEKEND STUDIO nos sentimos muy orgullosos de que nuestro primer proyecto sea una serie original de Netflix. Nuestra vocaci\u00f3n como empresa es global y con Netflix ese objetivo est\u00e1 asegurado. Confiamos en que \u00e9sta sea la primera etapa de una larga y fruct\u00edfera colaboraci\u00f3n<\/em>\u201d.<\/p>\n<p><em>Fotos: Cortes\u00eda Netflix<\/em><\/p>\n","protected":false},"author":11623,"featured_media":0,"template":"","format":"standard","categories":[13,18],"acf":[],"yoast_head":"<!-- This site is optimized with the Yoast SEO Premium plugin v18.5 (Yoast SEO v20.4) - https:\/\/yoast.com\/wordpress\/plugins\/seo\/ -->\n<title>Don Mateo cambia las galer\u00edas por la comisar\u00eda | Grazia<\/title>\n<meta name=\"description\" content=\"Javier Rey protagonizar\u00e1 la nueva serie de Netflix junto a Adriana Ugarte.\" \/>\n<meta name=\"robots\" content=\"index, follow, max-snippet:-1, max-image-preview:large, max-video-preview:-1\" \/>\n<link rel=\"canonical\" href=\"https:\/\/graziamagazine.com\/es\/articles\/don-mateo-cambia-las-galerias-por-la-comisaria\/\" \/>\n<meta property=\"og:locale\" content=\"es_ES\" \/>\n<meta property=\"og:type\" content=\"article\" \/>\n<meta property=\"og:title\" content=\"Don Mateo cambia las galer\u00edas por la comisar\u00eda\" \/>\n<meta property=\"og:description\" content=\"Javier Rey protagonizar\u00e1 la nueva serie de Netflix junto a Adriana Ugarte.\" \/>\n<meta property=\"og:url\" content=\"https:\/\/graziamagazine.com\/es\/articles\/don-mateo-cambia-las-galerias-por-la-comisaria\/\" \/>\n<meta property=\"og:site_name\" content=\"Grazia\" \/>\n<meta property=\"og:image\" content=\"https:\/\/graziamagazine.com\/es\/wp-content\/uploads\/sites\/12\/2018\/06\/JavierRey.jpg?resize=1024,683\" \/>\n\t<meta property=\"og:image:width\" content=\"1024\" \/>\n\t<meta property=\"og:image:height\" content=\"683\" \/>\n\t<meta property=\"og:image:type\" content=\"image\/jpeg\" \/>\n<meta name=\"twitter:card\" content=\"summary_large_image\" \/>\n<meta name=\"twitter:image\" content=\"http:\/\/s3-eu-west-1.amazonaws.com\/grazia-cdn\/wp-content\/uploads\/sites\/12\/2018\/06\/JavierRey.jpg\" \/>\n<meta name=\"twitter:label1\" content=\"Est. reading time\" \/>\n\t<meta name=\"twitter:data1\" content=\"1 minuto\" \/>\n<script type=\"application\/ld+json\" class=\"yoast-schema-graph\">{\"@context\":\"https:\/\/schema.org\",\"@graph\":[{\"@type\":\"WebPage\",\"@id\":\"https:\/\/graziamagazine.com\/es\/articles\/don-mateo-cambia-las-galerias-por-la-comisaria\/\",\"url\":\"https:\/\/graziamagazine.com\/es\/articles\/don-mateo-cambia-las-galerias-por-la-comisaria\/\",\"name\":\"Don Mateo cambia las galer\u00edas por la comisar\u00eda | Grazia\",\"isPartOf\":{\"@id\":\"https:\/\/graziamagazine.com\/es\/#website\"},\"datePublished\":\"2018-06-18T14:56:32+00:00\",\"dateModified\":\"2018-06-18T14:56:32+00:00\",\"description\":\"Javier Rey protagonizar\u00e1 la nueva serie de Netflix junto a Adriana Ugarte.\",\"breadcrumb\":{\"@id\":\"https:\/\/graziamagazine.com\/es\/articles\/don-mateo-cambia-las-galerias-por-la-comisaria\/#breadcrumb\"},\"inLanguage\":\"es\",\"potentialAction\":[{\"@type\":\"ReadAction\",\"target\":[\"https:\/\/graziamagazine.com\/es\/articles\/don-mateo-cambia-las-galerias-por-la-comisaria\/\"]}]},{\"@type\":\"BreadcrumbList\",\"@id\":\"https:\/\/graziamagazine.com\/es\/articles\/don-mateo-cambia-las-galerias-por-la-comisaria\/#breadcrumb\",\"itemListElement\":[{\"@type\":\"ListItem\",\"position\":1,\"name\":\"Portada\",\"item\":\"https:\/\/graziamagazine.com\/es\/\"},{\"@type\":\"ListItem\",\"position\":2,\"name\":\"Don Mateo cambia las galer\u00edas por la comisar\u00eda\"}]},{\"@type\":\"WebSite\",\"@id\":\"https:\/\/graziamagazine.com\/es\/#website\",\"url\":\"https:\/\/graziamagazine.com\/es\/\",\"name\":\"Grazia\",\"description\":\"Moda, belleza, celebrities, estilo de vida...\",\"potentialAction\":[{\"@type\":\"SearchAction\",\"target\":{\"@type\":\"EntryPoint\",\"urlTemplate\":\"https:\/\/graziamagazine.com\/es\/?s={search_term_string}\"},\"query-input\":\"required name=search_term_string\"}],\"inLanguage\":\"es\"}]}<\/script>\n<!-- \/ Yoast SEO Premium plugin. -->","yoast_head_json":{"title":"Don Mateo cambia las galer\u00edas por la comisar\u00eda | Grazia","description":"Javier Rey protagonizar\u00e1 la nueva serie de Netflix junto a Adriana Ugarte.","robots":{"index":"index","follow":"follow","max-snippet":"max-snippet:-1","max-image-preview":"max-image-preview:large","max-video-preview":"max-video-preview:-1"},"canonical":"https:\/\/graziamagazine.com\/es\/articles\/don-mateo-cambia-las-galerias-por-la-comisaria\/","og_locale":"es_ES","og_type":"article","og_title":"Don Mateo cambia las galer\u00edas por la comisar\u00eda","og_description":"Javier Rey protagonizar\u00e1 la nueva serie de Netflix junto a Adriana Ugarte.","og_url":"https:\/\/graziamagazine.com\/es\/articles\/don-mateo-cambia-las-galerias-por-la-comisaria\/","og_site_name":"Grazia","og_image":[{"width":1024,"height":683,"url":"https:\/\/graziamagazine.com\/es\/wp-content\/uploads\/sites\/12\/2018\/06\/JavierRey.jpg?resize=1024,683","type":"image\/jpeg"}],"twitter_card":"summary_large_image","twitter_image":"http:\/\/s3-eu-west-1.amazonaws.com\/grazia-cdn\/wp-content\/uploads\/sites\/12\/2018\/06\/JavierRey.jpg","twitter_misc":{"Est. reading time":"1 minuto"},"schema":{"@context":"https:\/\/schema.org","@graph":[{"@type":"WebPage","@id":"https:\/\/graziamagazine.com\/es\/articles\/don-mateo-cambia-las-galerias-por-la-comisaria\/","url":"https:\/\/graziamagazine.com\/es\/articles\/don-mateo-cambia-las-galerias-por-la-comisaria\/","name":"Don Mateo cambia las galer\u00edas por la comisar\u00eda | Grazia","isPartOf":{"@id":"https:\/\/graziamagazine.com\/es\/#website"},"datePublished":"2018-06-18T14:56:32+00:00","dateModified":"2018-06-18T14:56:32+00:00","description":"Javier Rey protagonizar\u00e1 la nueva serie de Netflix junto a Adriana Ugarte.","breadcrumb":{"@id":"https:\/\/graziamagazine.com\/es\/articles\/don-mateo-cambia-las-galerias-por-la-comisaria\/#breadcrumb"},"inLanguage":"es","potentialAction":[{"@type":"ReadAction","target":["https:\/\/graziamagazine.com\/es\/articles\/don-mateo-cambia-las-galerias-por-la-comisaria\/"]}]},{"@type":"BreadcrumbList","@id":"https:\/\/graziamagazine.com\/es\/articles\/don-mateo-cambia-las-galerias-por-la-comisaria\/#breadcrumb","itemListElement":[{"@type":"ListItem","position":1,"name":"Portada","item":"https:\/\/graziamagazine.com\/es\/"},{"@type":"ListItem","position":2,"name":"Don Mateo cambia las galer\u00edas por la comisar\u00eda"}]},{"@type":"WebSite","@id":"https:\/\/graziamagazine.com\/es\/#website","url":"https:\/\/graziamagazine.com\/es\/","name":"Grazia","description":"Moda, belleza, celebrities, estilo de vida...","potentialAction":[{"@type":"SearchAction","target":{"@type":"EntryPoint","urlTemplate":"https:\/\/graziamagazine.com\/es\/?s={search_term_string}"},"query-input":"required name=search_term_string"}],"inLanguage":"es"}]}},"jetpack_sharing_enabled":true,"distributor_meta":false,"distributor_terms":false,"distributor_media":false,"distributor_original_site_name":"Grazia","distributor_original_site_url":"https:\/\/graziamagazine.com\/es","push-errors":false,"_links":{"self":[{"href":"https:\/\/graziamagazine.com\/es\/wp-json\/wp\/v2\/articles\/136737"}],"collection":[{"href":"https:\/\/graziamagazine.com\/es\/wp-json\/wp\/v2\/articles"}],"about":[{"href":"https:\/\/graziamagazine.com\/es\/wp-json\/wp\/v2\/types\/articles"}],"author":[{"embeddable":true,"href":"https:\/\/graziamagazine.com\/es\/wp-json\/wp\/v2\/users\/11623"}],"wp:attachment":[{"href":"https:\/\/graziamagazine.com\/es\/wp-json\/wp\/v2\/media?parent=136737"}],"wp:term":[{"taxonomy":"category","embeddable":true,"href":"https:\/\/graziamagazine.com\/es\/wp-json\/wp\/v2\/categories?post=136737"}],"curies":[{"name":"wp","href":"https:\/\/api.w.org\/{rel}","templated":true}]}}