{"id":136711,"date":"2018-06-18T15:15:50","date_gmt":"2018-06-18T13:15:50","guid":{"rendered":"https:\/\/graziamagazine.com\/es\/?p=136711"},"modified":"2018-06-18T15:15:52","modified_gmt":"2018-06-18T13:15:52","slug":"meghan-markle-opaca-a-la-novia-de-su-primera-boda-como-royal","status":"publish","type":"articles","link":"https:\/\/graziamagazine.com\/es\/articles\/meghan-markle-opaca-a-la-novia-de-su-primera-boda-como-royal\/","title":{"rendered":"Meghan Markle opaca a la novia de su primera boda como &#8216;royal&#8217;"},"content":{"rendered":"<p>La primera vez que vemos a\u00a0<b>Meghan Markle<\/b>\u00a0usando un\u00a0<i>fascinator <\/i>ha sido para acompa\u00f1ar\u00a0un espectacular vestido realizado por\u00a0<b>Laura Kim<\/b>\u00a0y\u00a0<b>Fernando Garcia<\/b>\u00a0para\u00a0<b>Oscar de la Renta<\/b>\u00a0(<a href=\"https:\/\/graziamagazine.com\/es\/celebs\/por-que-doria-ragland-ha-sido-la-verdadera-protagonista\/\">el mismo dise\u00f1ador que eligi\u00f3<\/a> <strong>Doria Ragland<\/strong> para el \u00abs\u00ed, quiero\u00bb de su hija con el <strong>pr\u00edncipe Harry<\/strong>) y bueno, lo dem\u00e1s es historia.\u00a0A casi un mes de su enlace\u00a0y tras haber hecho\u00a0<a href=\"https:\/\/graziamagazine.com\/es\/celebs\/asi-ha-sido-la-primera-cita-oficial-de-meghan-markle-e-isabel-ii\/\">una sorprendente visita a Cheshire junto a la reina<\/a>, la <strong>duquesa de Sussex<\/strong> fue la gran protagonista de otra boda (un gran riesgo por parte de la novia). Y es que, en esta ocasi\u00f3n, Markle opt\u00f3 por este\u00a0<i>wrap dress<\/i>\u00a0con estampado floral que todas necesitamos\u00a0 (desde ya) para el verano.<\/p>\n<blockquote class=\"instagram-media\" style=\"background: #FFF; border: 0; border-radius: 3px; box-shadow: 0 0 1px 0 rgba(0,0,0,0.5),0 1px 10px 0 rgba(0,0,0,0.15); margin: 1px; max-width: 658px; padding: 0; width: calc(100% - 2px);\" data-instgrm-captioned=\"\" data-instgrm-permalink=\"https:\/\/www.instagram.com\/p\/BkImZ8DFNG5\/\" data-instgrm-version=\"8\">\n<div style=\"padding: 8px;\">\n<div style=\"background: #F8F8F8; line-height: 0; margin-top: 40px; padding: 62.54980079681275% 0; text-align: center; width: 100%;\"><\/div>\n<p style=\"margin: 8px 0 0 0; padding: 0 4px;\"><a href=\"https:\/\/www.instagram.com\/p\/BkImZ8DFNG5\/\"style=\"color: #000; font-family: Arial,sans-serif; font-size: 14px; font-style: normal; font-weight: normal; line-height: 17px; text-decoration: none; word-wrap: break-word;\"  target=\"_blank\" rel=\"noopener\" target=\"_blank\">Her Royal Highness the Duchess of Sussex in #oscardelarenta with Prince Harry, Duke of Sussex at the nuptials of Celia Mccorquodale #meghanmarkle #royalkingdom<\/a><\/p>\n<p style=\"color: #c9c8cd; font-family: Arial,sans-serif; font-size: 14px; line-height: 17px; margin-bottom: 0; margin-top: 8px; overflow: hidden; padding: 8px 0 7px; text-align: center; text-overflow: ellipsis; white-space: nowrap;\">Una publicaci\u00f3n compartida de <a href=\"https:\/\/www.instagram.com\/oscardelarenta\/\"style=\"color: #c9c8cd; font-family: Arial,sans-serif; font-size: 14px; font-style: normal; font-weight: normal; line-height: 17px;\"  target=\"_blank\" rel=\"noopener\" target=\"_blank\"> Oscar de la Renta<\/a> (@oscardelarenta) el <time style=\"font-family: Arial,sans-serif; font-size: 14px; line-height: 17px;\" datetime=\"2018-06-17T17:35:57+00:00\">17 Jun, 2018 a las 10:35 PDT<\/time><\/p>\n<\/div>\n<\/blockquote>\n<p><script async defer src=\"\/\/www.instagram.com\/embed.js\"><\/script><\/p>\n<blockquote class=\"instagram-media\" style=\"background: #FFF; border: 0; border-radius: 3px; box-shadow: 0 0 1px 0 rgba(0,0,0,0.5),0 1px 10px 0 rgba(0,0,0,0.15); margin: 1px; max-width: 658px; padding: 0; width: calc(100% - 2px);\" data-instgrm-captioned=\"\" data-instgrm-permalink=\"https:\/\/www.instagram.com\/p\/BkIglJtFWYh\/\" data-instgrm-version=\"8\">\n<div style=\"padding: 8px;\">\n<div style=\"background: #F8F8F8; line-height: 0; margin-top: 40px; padding: 33.33333333333333% 0; text-align: center; width: 100%;\"><\/div>\n<p style=\"margin: 8px 0 0 0; padding: 0 4px;\"><a href=\"https:\/\/www.instagram.com\/p\/BkIglJtFWYh\/\"style=\"color: #000; font-family: Arial,sans-serif; font-size: 14px; font-style: normal; font-weight: normal; line-height: 17px; text-decoration: none; word-wrap: break-word;\"  target=\"_blank\" rel=\"noopener\" target=\"_blank\">Making an entrance. Our white and blue floral toile du jouy velvet dress from #odlrresort2019<\/a><\/p>\n<p style=\"color: #c9c8cd; font-family: Arial,sans-serif; font-size: 14px; line-height: 17px; margin-bottom: 0; margin-top: 8px; overflow: hidden; padding: 8px 0 7px; text-align: center; text-overflow: ellipsis; white-space: nowrap;\">Una publicaci\u00f3n compartida de <a href=\"https:\/\/www.instagram.com\/oscardelarenta\/\"style=\"color: #c9c8cd; font-family: Arial,sans-serif; font-size: 14px; font-style: normal; font-weight: normal; line-height: 17px;\"  target=\"_blank\" rel=\"noopener\" target=\"_blank\"> Oscar de la Renta<\/a> (@oscardelarenta) el <time style=\"font-family: Arial,sans-serif; font-size: 14px; line-height: 17px;\" datetime=\"2018-06-17T16:45:03+00:00\">17 Jun, 2018 a las 9:45 PDT<\/time><\/p>\n<\/div>\n<\/blockquote>\n<p><script async defer src=\"\/\/www.instagram.com\/embed.js\"><\/script><\/p>\n<p>De la mano de su esposo, <strong>Meghan<\/strong> mezcl\u00f3 todo el estilo ingl\u00e9s (muy al estilo de Ascot) con el sutil tocado sobre su <em>messy bun<\/em> (duh!), junto con ese estilo boho chic (bajo protocolo, claro est\u00e1) que todos aqu\u00ed queremos emular. En cuanto a los <em>stilettos<\/em>, mismos que se han vuelto un sello de la duquesa, esta vez opt\u00f3 por un par con cortes de Aquazzura, en tonalidad neutra.<\/p>\n<p>Quiz\u00e1 este sea un <em>sneak peek<\/em> a lo que nos espera por su parte en las carreras de caballos m\u00e1s importantes de Inglaterra. A tan solo dos d\u00edas, no podemos esperar los <em>looks<\/em> que esta nueva musa de estilo traer\u00e1 consigo. Seguramente tendremos toda la inspiraci\u00f3n para lucir ultra chic durante esta temporada de calor que tanto se ha hecho de rogar este a\u00f1o.<\/p>\n<p><em>Foto: Getty Images<\/em><\/p>\n","protected":false},"author":22173,"featured_media":0,"template":"","format":"standard","categories":[13],"acf":[],"yoast_head":"<!-- This site is optimized with the Yoast SEO Premium plugin v18.5 (Yoast SEO v20.4) - https:\/\/yoast.com\/wordpress\/plugins\/seo\/ -->\n<title>Meghan Markle opaca a la novia de su primera boda como &#039;royal&#039; | Grazia<\/title>\n<meta name=\"description\" content=\"La duquesa de Sussex opt\u00f3 por un vestido del mismo dise\u00f1ador que eligi\u00f3 su madre para acompa\u00f1ar a su hija en su enlace con el pr\u00edncipe Harry.\" \/>\n<meta name=\"robots\" content=\"index, follow, max-snippet:-1, max-image-preview:large, max-video-preview:-1\" \/>\n<link rel=\"canonical\" href=\"https:\/\/graziamagazine.com\/es\/articles\/meghan-markle-opaca-a-la-novia-de-su-primera-boda-como-royal\/\" \/>\n<meta property=\"og:locale\" content=\"es_ES\" \/>\n<meta property=\"og:type\" content=\"article\" \/>\n<meta property=\"og:title\" content=\"Meghan Markle opaca a la novia de su primera boda como &#039;royal&#039;\" \/>\n<meta property=\"og:description\" content=\"La duquesa de Sussex opt\u00f3 por un vestido del mismo dise\u00f1ador que eligi\u00f3 su madre para acompa\u00f1ar a su hija en su enlace con el pr\u00edncipe Harry.\" \/>\n<meta property=\"og:url\" content=\"https:\/\/graziamagazine.com\/es\/articles\/meghan-markle-opaca-a-la-novia-de-su-primera-boda-como-royal\/\" \/>\n<meta property=\"og:site_name\" content=\"Grazia\" \/>\n<meta property=\"article:modified_time\" content=\"2018-06-18T13:15:52+00:00\" \/>\n<meta property=\"og:image\" content=\"https:\/\/graziamagazine.com\/es\/wp-content\/uploads\/sites\/12\/2018\/06\/Prince-Harry-Meghan-Markle-Neil-McCorquodale-KOKO-TV-Nigeria-2.jpg?fit=696%2C464\" \/>\n\t<meta property=\"og:image:width\" content=\"696\" \/>\n\t<meta property=\"og:image:height\" content=\"464\" \/>\n\t<meta property=\"og:image:type\" content=\"image\/jpeg\" \/>\n<meta name=\"twitter:card\" content=\"summary_large_image\" \/>\n<meta name=\"twitter:image\" content=\"http:\/\/s3-eu-west-1.amazonaws.com\/grazia-cdn\/wp-content\/uploads\/sites\/12\/2018\/06\/Prince-Harry-Meghan-Markle-Neil-McCorquodale-KOKO-TV-Nigeria-1.jpg\" \/>\n<meta name=\"twitter:label1\" content=\"Est. reading time\" \/>\n\t<meta name=\"twitter:data1\" content=\"2 minutos\" \/>\n<script type=\"application\/ld+json\" class=\"yoast-schema-graph\">{\"@context\":\"https:\/\/schema.org\",\"@graph\":[{\"@type\":\"WebPage\",\"@id\":\"https:\/\/graziamagazine.com\/es\/articles\/meghan-markle-opaca-a-la-novia-de-su-primera-boda-como-royal\/\",\"url\":\"https:\/\/graziamagazine.com\/es\/articles\/meghan-markle-opaca-a-la-novia-de-su-primera-boda-como-royal\/\",\"name\":\"Meghan Markle opaca a la novia de su primera boda como 'royal' | Grazia\",\"isPartOf\":{\"@id\":\"https:\/\/graziamagazine.com\/es\/#website\"},\"datePublished\":\"2018-06-18T13:15:50+00:00\",\"dateModified\":\"2018-06-18T13:15:52+00:00\",\"description\":\"La duquesa de Sussex opt\u00f3 por un vestido del mismo dise\u00f1ador que eligi\u00f3 su madre para acompa\u00f1ar a su hija en su enlace con el pr\u00edncipe Harry.\",\"breadcrumb\":{\"@id\":\"https:\/\/graziamagazine.com\/es\/articles\/meghan-markle-opaca-a-la-novia-de-su-primera-boda-como-royal\/#breadcrumb\"},\"inLanguage\":\"es\",\"potentialAction\":[{\"@type\":\"ReadAction\",\"target\":[\"https:\/\/graziamagazine.com\/es\/articles\/meghan-markle-opaca-a-la-novia-de-su-primera-boda-como-royal\/\"]}]},{\"@type\":\"BreadcrumbList\",\"@id\":\"https:\/\/graziamagazine.com\/es\/articles\/meghan-markle-opaca-a-la-novia-de-su-primera-boda-como-royal\/#breadcrumb\",\"itemListElement\":[{\"@type\":\"ListItem\",\"position\":1,\"name\":\"Portada\",\"item\":\"https:\/\/graziamagazine.com\/es\/\"},{\"@type\":\"ListItem\",\"position\":2,\"name\":\"Meghan Markle opaca a la novia de su primera boda como &#8216;royal&#8217;\"}]},{\"@type\":\"WebSite\",\"@id\":\"https:\/\/graziamagazine.com\/es\/#website\",\"url\":\"https:\/\/graziamagazine.com\/es\/\",\"name\":\"Grazia\",\"description\":\"Moda, belleza, celebrities, estilo de vida...\",\"potentialAction\":[{\"@type\":\"SearchAction\",\"target\":{\"@type\":\"EntryPoint\",\"urlTemplate\":\"https:\/\/graziamagazine.com\/es\/?s={search_term_string}\"},\"query-input\":\"required name=search_term_string\"}],\"inLanguage\":\"es\"}]}<\/script>\n<!-- \/ Yoast SEO Premium plugin. -->","yoast_head_json":{"title":"Meghan Markle opaca a la novia de su primera boda como 'royal' | Grazia","description":"La duquesa de Sussex opt\u00f3 por un vestido del mismo dise\u00f1ador que eligi\u00f3 su madre para acompa\u00f1ar a su hija en su enlace con el pr\u00edncipe Harry.","robots":{"index":"index","follow":"follow","max-snippet":"max-snippet:-1","max-image-preview":"max-image-preview:large","max-video-preview":"max-video-preview:-1"},"canonical":"https:\/\/graziamagazine.com\/es\/articles\/meghan-markle-opaca-a-la-novia-de-su-primera-boda-como-royal\/","og_locale":"es_ES","og_type":"article","og_title":"Meghan Markle opaca a la novia de su primera boda como 'royal'","og_description":"La duquesa de Sussex opt\u00f3 por un vestido del mismo dise\u00f1ador que eligi\u00f3 su madre para acompa\u00f1ar a su hija en su enlace con el pr\u00edncipe Harry.","og_url":"https:\/\/graziamagazine.com\/es\/articles\/meghan-markle-opaca-a-la-novia-de-su-primera-boda-como-royal\/","og_site_name":"Grazia","article_modified_time":"2018-06-18T13:15:52+00:00","og_image":[{"width":696,"height":464,"url":"https:\/\/graziamagazine.com\/es\/wp-content\/uploads\/sites\/12\/2018\/06\/Prince-Harry-Meghan-Markle-Neil-McCorquodale-KOKO-TV-Nigeria-2.jpg?fit=696%2C464","type":"image\/jpeg"}],"twitter_card":"summary_large_image","twitter_image":"http:\/\/s3-eu-west-1.amazonaws.com\/grazia-cdn\/wp-content\/uploads\/sites\/12\/2018\/06\/Prince-Harry-Meghan-Markle-Neil-McCorquodale-KOKO-TV-Nigeria-1.jpg","twitter_misc":{"Est. reading time":"2 minutos"},"schema":{"@context":"https:\/\/schema.org","@graph":[{"@type":"WebPage","@id":"https:\/\/graziamagazine.com\/es\/articles\/meghan-markle-opaca-a-la-novia-de-su-primera-boda-como-royal\/","url":"https:\/\/graziamagazine.com\/es\/articles\/meghan-markle-opaca-a-la-novia-de-su-primera-boda-como-royal\/","name":"Meghan Markle opaca a la novia de su primera boda como 'royal' | Grazia","isPartOf":{"@id":"https:\/\/graziamagazine.com\/es\/#website"},"datePublished":"2018-06-18T13:15:50+00:00","dateModified":"2018-06-18T13:15:52+00:00","description":"La duquesa de Sussex opt\u00f3 por un vestido del mismo dise\u00f1ador que eligi\u00f3 su madre para acompa\u00f1ar a su hija en su enlace con el pr\u00edncipe Harry.","breadcrumb":{"@id":"https:\/\/graziamagazine.com\/es\/articles\/meghan-markle-opaca-a-la-novia-de-su-primera-boda-como-royal\/#breadcrumb"},"inLanguage":"es","potentialAction":[{"@type":"ReadAction","target":["https:\/\/graziamagazine.com\/es\/articles\/meghan-markle-opaca-a-la-novia-de-su-primera-boda-como-royal\/"]}]},{"@type":"BreadcrumbList","@id":"https:\/\/graziamagazine.com\/es\/articles\/meghan-markle-opaca-a-la-novia-de-su-primera-boda-como-royal\/#breadcrumb","itemListElement":[{"@type":"ListItem","position":1,"name":"Portada","item":"https:\/\/graziamagazine.com\/es\/"},{"@type":"ListItem","position":2,"name":"Meghan Markle opaca a la novia de su primera boda como &#8216;royal&#8217;"}]},{"@type":"WebSite","@id":"https:\/\/graziamagazine.com\/es\/#website","url":"https:\/\/graziamagazine.com\/es\/","name":"Grazia","description":"Moda, belleza, celebrities, estilo de vida...","potentialAction":[{"@type":"SearchAction","target":{"@type":"EntryPoint","urlTemplate":"https:\/\/graziamagazine.com\/es\/?s={search_term_string}"},"query-input":"required name=search_term_string"}],"inLanguage":"es"}]}},"jetpack_sharing_enabled":true,"distributor_meta":false,"distributor_terms":false,"distributor_media":false,"distributor_original_site_name":"Grazia","distributor_original_site_url":"https:\/\/graziamagazine.com\/es","push-errors":false,"_links":{"self":[{"href":"https:\/\/graziamagazine.com\/es\/wp-json\/wp\/v2\/articles\/136711"}],"collection":[{"href":"https:\/\/graziamagazine.com\/es\/wp-json\/wp\/v2\/articles"}],"about":[{"href":"https:\/\/graziamagazine.com\/es\/wp-json\/wp\/v2\/types\/articles"}],"author":[{"embeddable":true,"href":"https:\/\/graziamagazine.com\/es\/wp-json\/wp\/v2\/users\/22173"}],"wp:attachment":[{"href":"https:\/\/graziamagazine.com\/es\/wp-json\/wp\/v2\/media?parent=136711"}],"wp:term":[{"taxonomy":"category","embeddable":true,"href":"https:\/\/graziamagazine.com\/es\/wp-json\/wp\/v2\/categories?post=136711"}],"curies":[{"name":"wp","href":"https:\/\/api.w.org\/{rel}","templated":true}]}}