{"id":136674,"date":"2018-06-15T18:06:40","date_gmt":"2018-06-15T16:06:40","guid":{"rendered":"https:\/\/graziamagazine.com\/es\/?p=136674"},"modified":"2018-06-15T18:06:43","modified_gmt":"2018-06-15T16:06:43","slug":"salma-hayek-revive-a-frida-kahlo-en-londres","status":"publish","type":"articles","link":"https:\/\/graziamagazine.com\/es\/articles\/salma-hayek-revive-a-frida-kahlo-en-londres\/","title":{"rendered":"Salma Hayek revive a Frida Kahlo en Londres"},"content":{"rendered":"<p>Pareciera como si la imagen de la mujer que inici\u00f3 una revoluci\u00f3n feminista en la d\u00e9cada de los cincuenta no se borrara. Ahora, el legado art\u00edstico e ideol\u00f3gico de\u00a0<strong>Frida Kahlo<\/strong>\u00a0se reactiva con\u00a0la nueva exposici\u00f3n del\u00a0<b><i>Victoria &amp; Albert Museum<\/i><\/b>,\u00a0<b><i>Frida Kahlo: Making Her Self Up<\/i><\/b>. Y como fan\u00e1tica de la vida y obra de la reconocida artista mexicana,\u00a0<b>Salma Hayek<\/b>\u00a0\u2014quien le dio vida en la\u00a0<i>biopic<\/i>\u00a0de 2002\u2014 acudi\u00f3 a la inauguraci\u00f3n con todo el esplendor mexicano que esta muestra se merece.<\/p>\n<p>Luciendo un\u00a0<b>traje de gala de Tehuana<\/b>, mismo que fue trasladado a la capital inglesa por el mexicano\u00a0<b>Polo S\u00e1nchez<\/b>\u00a0y el espa\u00f1ol\u00a0<b>Luis Parejo<\/b>, la actriz no escatim\u00f3 en mostrar sus ra\u00edces tradicionales. La prenda artesanal fue confeccionada en Santo Domingo Tehuantepec, Oaxaca, utilizando la t\u00e9cnica de bordado en gancho con hilo de seda. Un trabajo elaborado a mano y que llev\u00f3 un a\u00f1o en realizarse sin saber su destino final; Londres.<\/p>\n<p>Polo S\u00e1nchez declar\u00f3 al peri\u00f3dico mexicano\u00a0<a href=\"http:\/\/www.eluniversal.com.mx\/espectaculos\/salma-hayek-impacta-vestida-al-estilo-frida-kahlo\" target=\"_blank\" rel=\"noopener\" target=\"_blank\"><i>El Universal<\/i><\/a>\u00a0que fue en un reciente viaje al estado de Oaxaca donde encontr\u00f3 esta majestuosa prenda. Hayek coron\u00f3 su vestimenta de gala con un tocado de flores de\u00a0<b>Philip Treacy<\/b>.<\/p>\n<p><img loading=\"lazy\" decoding=\"async\" class=\"aligncenter size-full wp-image-136677\" src=\"https:\/\/graziamagazine.com\/es\/wp-content\/uploads\/sites\/12\/2018\/06\/35283682_10215490114462629_4720946043657650176_n.jpg\" alt=\"\" width=\"1363\" height=\"2048\" srcset=\"https:\/\/graziamagazine.com\/es\/wp-content\/uploads\/sites\/12\/2018\/06\/35283682_10215490114462629_4720946043657650176_n.jpg 1363w, https:\/\/graziamagazine.com\/es\/wp-content\/uploads\/sites\/12\/2018\/06\/35283682_10215490114462629_4720946043657650176_n.jpg?resize=200,300 200w, https:\/\/graziamagazine.com\/es\/wp-content\/uploads\/sites\/12\/2018\/06\/35283682_10215490114462629_4720946043657650176_n.jpg?resize=768,1154 768w, https:\/\/graziamagazine.com\/es\/wp-content\/uploads\/sites\/12\/2018\/06\/35283682_10215490114462629_4720946043657650176_n.jpg?resize=682,1024 682w, https:\/\/graziamagazine.com\/es\/wp-content\/uploads\/sites\/12\/2018\/06\/35283682_10215490114462629_4720946043657650176_n.jpg?resize=1022,1536 1022w, https:\/\/graziamagazine.com\/es\/wp-content\/uploads\/sites\/12\/2018\/06\/35283682_10215490114462629_4720946043657650176_n.jpg?resize=143,215 143w\" sizes=\"(max-width: 1363px) 100vw, 1363px\" \/><\/p>\n<blockquote class=\"instagram-media\" style=\"background: #FFF; border: 0; border-radius: 3px; box-shadow: 0 0 1px 0 rgba(0,0,0,0.5),0 1px 10px 0 rgba(0,0,0,0.15); margin: 1px; max-width: 658px; padding: 0; width: calc(100% - 2px);\" data-instgrm-captioned=\"\" data-instgrm-permalink=\"https:\/\/www.instagram.com\/p\/BkAdfxUA0-B\/\" data-instgrm-version=\"8\">\n<div style=\"padding: 8px;\">\n<div style=\"background: #F8F8F8; line-height: 0; margin-top: 40px; padding: 50.0% 0; text-align: center; width: 100%;\"><\/div>\n<p style=\"margin: 8px 0 0 0; padding: 0 4px;\"><a href=\"https:\/\/www.instagram.com\/p\/BkAdfxUA0-B\/\"style=\"color: #000; font-family: Arial,sans-serif; font-size: 14px; font-style: normal; font-weight: normal; line-height: 17px; text-decoration: none; word-wrap: break-word;\"  target=\"_blank\" rel=\"noopener\" target=\"_blank\">#philiptreacy doing the last touches to my head piece which he named bleeding roses \ud83c\udf39 #fridakahlo mi amigo Philip Treacy dando los \u00faltimos retoques a su creaci\u00f3n a la que llamo rosas sangrientas<\/a><\/p>\n<p style=\"color: #c9c8cd; font-family: Arial,sans-serif; font-size: 14px; line-height: 17px; margin-bottom: 0; margin-top: 8px; overflow: hidden; padding: 8px 0 7px; text-align: center; text-overflow: ellipsis; white-space: nowrap;\">Una publicaci\u00f3n compartida de <a href=\"https:\/\/www.instagram.com\/salmahayek\/\"style=\"color: #c9c8cd; font-family: Arial,sans-serif; font-size: 14px; font-style: normal; font-weight: normal; line-height: 17px;\"  target=\"_blank\" rel=\"noopener\" target=\"_blank\"> Salma Hayek Pinault<\/a> (@salmahayek) el <time style=\"font-family: Arial,sans-serif; font-size: 14px; line-height: 17px;\" datetime=\"2018-06-14T13:57:03+00:00\">14 Jun, 2018 a las 6:57 PDT<\/time><\/p>\n<\/div>\n<\/blockquote>\n<p><script async defer src=\"\/\/www.instagram.com\/embed.js\"><\/script><\/p>\n<p>Siendo un gran momento para la cultura mexicana, <strong>Salma Hayek<\/strong> le dio la bienvenida a los invitados de la gala de inauguraci\u00f3n con la expresi\u00f3n que tanto distingue al pa\u00eds azteca; \u201c\u00a1Viva M\u00e9xico!\u201d.<\/p>\n<p>Glorificando a quien fuera esposa de <strong>Diego Rivera<\/strong>, Hayek destac\u00f3 la manera en que Kahlo disfrut\u00f3 la vida. Y siendo el filme que relata la vida y obra de la artista un parteaguas en su carrera como actriz y productora, la mexicana declar\u00f3 que es esta, su obra de arte, un tributo a todas las mujeres que han pasado por episodios dif\u00edciles en su vida \u2014recordando aquel que vivi\u00f3 cuando se encontraba en grabaciones con <strong>Harvey Weinstein<\/strong>\u2014.<\/p>\n<p>Nadie mejor para representar a M\u00e9xico y a Kahlo que una de las actrices m\u00e1s aclamadas del pa\u00eds. \u00a1Viva M\u00e9xico!<\/p>\n<blockquote class=\"instagram-media\" style=\"background: #FFF; border: 0; border-radius: 3px; box-shadow: 0 0 1px 0 rgba(0,0,0,0.5),0 1px 10px 0 rgba(0,0,0,0.15); margin: 1px; max-width: 658px; padding: 0; width: calc(100% - 2px);\" data-instgrm-captioned=\"\" data-instgrm-permalink=\"https:\/\/www.instagram.com\/p\/BkAfgFNjQMW\/\" data-instgrm-version=\"8\">\n<div style=\"padding: 8px;\">\n<div style=\"background: #F8F8F8; line-height: 0; margin-top: 40px; padding: 50.0% 0; text-align: center; width: 100%;\"><\/div>\n<p style=\"margin: 8px 0 0 0; padding: 0 4px;\"><a href=\"https:\/\/www.instagram.com\/p\/BkAfgFNjQMW\/\"style=\"color: #000; font-family: Arial,sans-serif; font-size: 14px; font-style: normal; font-weight: normal; line-height: 17px; text-decoration: none; word-wrap: break-word;\"  target=\"_blank\" rel=\"noopener\" target=\"_blank\">Thanks again to @salmahayek for opening the private view for Frida Kahlo: Making Her Self Up last night! The exhibition opens this Saturday. Tickets are all sold out for the first few weeks, but there are plenty more from 10 July! #InspiredbyFrida #FridaKahlo #regram<\/a><\/p>\n<p style=\"color: #c9c8cd; font-family: Arial,sans-serif; font-size: 14px; line-height: 17px; margin-bottom: 0; margin-top: 8px; overflow: hidden; padding: 8px 0 7px; text-align: center; text-overflow: ellipsis; white-space: nowrap;\">Una publicaci\u00f3n compartida de <a href=\"https:\/\/www.instagram.com\/vamuseum\/\"style=\"color: #c9c8cd; font-family: Arial,sans-serif; font-size: 14px; font-style: normal; font-weight: normal; line-height: 17px;\"  target=\"_blank\" rel=\"noopener\" target=\"_blank\"> Victoria and Albert Museum<\/a> (@vamuseum) el <time style=\"font-family: Arial,sans-serif; font-size: 14px; line-height: 17px;\" datetime=\"2018-06-14T14:01:42+00:00\">14 Jun, 2018 a las 7:01 PDT<\/time><\/p>\n<\/div>\n<\/blockquote>\n<p><script async defer src=\"\/\/www.instagram.com\/embed.js\"><\/script><\/p>\n<p><em>Fotos: Getty Images \/ The Grosby Group<\/em><\/p>\n","protected":false},"author":22173,"featured_media":0,"template":"","format":"standard","categories":[13,1],"acf":[],"yoast_head":"<!-- This site is optimized with the Yoast SEO Premium plugin v18.5 (Yoast SEO v20.4) - https:\/\/yoast.com\/wordpress\/plugins\/seo\/ -->\n<title>Salma Hayek revive a Frida Kahlo en Londres | Grazia<\/title>\n<meta name=\"description\" content=\"La actriz se caracteriz\u00f3 igual que la conocida pintora mexicana, a la que alg\u00fan d\u00eda encarn\u00f3 en el cine, para la inauguraci\u00f3n de la \u00faltima muestra en honor a la artista.\" \/>\n<meta name=\"robots\" content=\"index, follow, max-snippet:-1, max-image-preview:large, max-video-preview:-1\" \/>\n<link rel=\"canonical\" href=\"https:\/\/graziamagazine.com\/es\/articles\/salma-hayek-revive-a-frida-kahlo-en-londres\/\" \/>\n<meta property=\"og:locale\" content=\"es_ES\" \/>\n<meta property=\"og:type\" content=\"article\" \/>\n<meta property=\"og:title\" content=\"Salma Hayek revive a Frida Kahlo en Londres\" \/>\n<meta property=\"og:description\" content=\"La actriz se caracteriz\u00f3 igual que la conocida pintora mexicana, a la que alg\u00fan d\u00eda encarn\u00f3 en el cine, para la inauguraci\u00f3n de la \u00faltima muestra en honor a la artista.\" \/>\n<meta property=\"og:url\" content=\"https:\/\/graziamagazine.com\/es\/articles\/salma-hayek-revive-a-frida-kahlo-en-londres\/\" \/>\n<meta property=\"og:site_name\" content=\"Grazia\" \/>\n<meta property=\"article:modified_time\" content=\"2018-06-15T16:06:43+00:00\" \/>\n<meta property=\"og:image\" content=\"https:\/\/graziamagazine.com\/es\/wp-content\/uploads\/sites\/12\/2018\/06\/35283682_10215490114462629_4720946043657650176_n.jpg?fit=1363%2C2048\" \/>\n\t<meta property=\"og:image:width\" content=\"1363\" \/>\n\t<meta property=\"og:image:height\" content=\"2048\" \/>\n\t<meta property=\"og:image:type\" content=\"image\/jpeg\" \/>\n<meta name=\"twitter:card\" content=\"summary_large_image\" \/>\n<meta name=\"twitter:image\" content=\"http:\/\/s3-eu-west-1.amazonaws.com\/grazia-cdn\/wp-content\/uploads\/sites\/12\/2018\/06\/35283682_10215490114462629_4720946043657650176_n.jpg\" \/>\n<meta name=\"twitter:label1\" content=\"Est. reading time\" \/>\n\t<meta name=\"twitter:data1\" content=\"2 minutos\" \/>\n<script type=\"application\/ld+json\" class=\"yoast-schema-graph\">{\"@context\":\"https:\/\/schema.org\",\"@graph\":[{\"@type\":\"WebPage\",\"@id\":\"https:\/\/graziamagazine.com\/es\/articles\/salma-hayek-revive-a-frida-kahlo-en-londres\/\",\"url\":\"https:\/\/graziamagazine.com\/es\/articles\/salma-hayek-revive-a-frida-kahlo-en-londres\/\",\"name\":\"Salma Hayek revive a Frida Kahlo en Londres | Grazia\",\"isPartOf\":{\"@id\":\"https:\/\/graziamagazine.com\/es\/#website\"},\"datePublished\":\"2018-06-15T16:06:40+00:00\",\"dateModified\":\"2018-06-15T16:06:43+00:00\",\"description\":\"La actriz se caracteriz\u00f3 igual que la conocida pintora mexicana, a la que alg\u00fan d\u00eda encarn\u00f3 en el cine, para la inauguraci\u00f3n de la \u00faltima muestra en honor a la artista.\",\"breadcrumb\":{\"@id\":\"https:\/\/graziamagazine.com\/es\/articles\/salma-hayek-revive-a-frida-kahlo-en-londres\/#breadcrumb\"},\"inLanguage\":\"es\",\"potentialAction\":[{\"@type\":\"ReadAction\",\"target\":[\"https:\/\/graziamagazine.com\/es\/articles\/salma-hayek-revive-a-frida-kahlo-en-londres\/\"]}]},{\"@type\":\"BreadcrumbList\",\"@id\":\"https:\/\/graziamagazine.com\/es\/articles\/salma-hayek-revive-a-frida-kahlo-en-londres\/#breadcrumb\",\"itemListElement\":[{\"@type\":\"ListItem\",\"position\":1,\"name\":\"Portada\",\"item\":\"https:\/\/graziamagazine.com\/es\/\"},{\"@type\":\"ListItem\",\"position\":2,\"name\":\"Salma Hayek revive a Frida Kahlo en Londres\"}]},{\"@type\":\"WebSite\",\"@id\":\"https:\/\/graziamagazine.com\/es\/#website\",\"url\":\"https:\/\/graziamagazine.com\/es\/\",\"name\":\"Grazia\",\"description\":\"Moda, belleza, celebrities, estilo de vida...\",\"potentialAction\":[{\"@type\":\"SearchAction\",\"target\":{\"@type\":\"EntryPoint\",\"urlTemplate\":\"https:\/\/graziamagazine.com\/es\/?s={search_term_string}\"},\"query-input\":\"required name=search_term_string\"}],\"inLanguage\":\"es\"}]}<\/script>\n<!-- \/ Yoast SEO Premium plugin. -->","yoast_head_json":{"title":"Salma Hayek revive a Frida Kahlo en Londres | Grazia","description":"La actriz se caracteriz\u00f3 igual que la conocida pintora mexicana, a la que alg\u00fan d\u00eda encarn\u00f3 en el cine, para la inauguraci\u00f3n de la \u00faltima muestra en honor a la artista.","robots":{"index":"index","follow":"follow","max-snippet":"max-snippet:-1","max-image-preview":"max-image-preview:large","max-video-preview":"max-video-preview:-1"},"canonical":"https:\/\/graziamagazine.com\/es\/articles\/salma-hayek-revive-a-frida-kahlo-en-londres\/","og_locale":"es_ES","og_type":"article","og_title":"Salma Hayek revive a Frida Kahlo en Londres","og_description":"La actriz se caracteriz\u00f3 igual que la conocida pintora mexicana, a la que alg\u00fan d\u00eda encarn\u00f3 en el cine, para la inauguraci\u00f3n de la \u00faltima muestra en honor a la artista.","og_url":"https:\/\/graziamagazine.com\/es\/articles\/salma-hayek-revive-a-frida-kahlo-en-londres\/","og_site_name":"Grazia","article_modified_time":"2018-06-15T16:06:43+00:00","og_image":[{"width":1363,"height":2048,"url":"https:\/\/graziamagazine.com\/es\/wp-content\/uploads\/sites\/12\/2018\/06\/35283682_10215490114462629_4720946043657650176_n.jpg?fit=1363%2C2048","type":"image\/jpeg"}],"twitter_card":"summary_large_image","twitter_image":"http:\/\/s3-eu-west-1.amazonaws.com\/grazia-cdn\/wp-content\/uploads\/sites\/12\/2018\/06\/35283682_10215490114462629_4720946043657650176_n.jpg","twitter_misc":{"Est. reading time":"2 minutos"},"schema":{"@context":"https:\/\/schema.org","@graph":[{"@type":"WebPage","@id":"https:\/\/graziamagazine.com\/es\/articles\/salma-hayek-revive-a-frida-kahlo-en-londres\/","url":"https:\/\/graziamagazine.com\/es\/articles\/salma-hayek-revive-a-frida-kahlo-en-londres\/","name":"Salma Hayek revive a Frida Kahlo en Londres | Grazia","isPartOf":{"@id":"https:\/\/graziamagazine.com\/es\/#website"},"datePublished":"2018-06-15T16:06:40+00:00","dateModified":"2018-06-15T16:06:43+00:00","description":"La actriz se caracteriz\u00f3 igual que la conocida pintora mexicana, a la que alg\u00fan d\u00eda encarn\u00f3 en el cine, para la inauguraci\u00f3n de la \u00faltima muestra en honor a la artista.","breadcrumb":{"@id":"https:\/\/graziamagazine.com\/es\/articles\/salma-hayek-revive-a-frida-kahlo-en-londres\/#breadcrumb"},"inLanguage":"es","potentialAction":[{"@type":"ReadAction","target":["https:\/\/graziamagazine.com\/es\/articles\/salma-hayek-revive-a-frida-kahlo-en-londres\/"]}]},{"@type":"BreadcrumbList","@id":"https:\/\/graziamagazine.com\/es\/articles\/salma-hayek-revive-a-frida-kahlo-en-londres\/#breadcrumb","itemListElement":[{"@type":"ListItem","position":1,"name":"Portada","item":"https:\/\/graziamagazine.com\/es\/"},{"@type":"ListItem","position":2,"name":"Salma Hayek revive a Frida Kahlo en Londres"}]},{"@type":"WebSite","@id":"https:\/\/graziamagazine.com\/es\/#website","url":"https:\/\/graziamagazine.com\/es\/","name":"Grazia","description":"Moda, belleza, celebrities, estilo de vida...","potentialAction":[{"@type":"SearchAction","target":{"@type":"EntryPoint","urlTemplate":"https:\/\/graziamagazine.com\/es\/?s={search_term_string}"},"query-input":"required name=search_term_string"}],"inLanguage":"es"}]}},"jetpack_sharing_enabled":true,"distributor_meta":false,"distributor_terms":false,"distributor_media":false,"distributor_original_site_name":"Grazia","distributor_original_site_url":"https:\/\/graziamagazine.com\/es","push-errors":false,"_links":{"self":[{"href":"https:\/\/graziamagazine.com\/es\/wp-json\/wp\/v2\/articles\/136674"}],"collection":[{"href":"https:\/\/graziamagazine.com\/es\/wp-json\/wp\/v2\/articles"}],"about":[{"href":"https:\/\/graziamagazine.com\/es\/wp-json\/wp\/v2\/types\/articles"}],"author":[{"embeddable":true,"href":"https:\/\/graziamagazine.com\/es\/wp-json\/wp\/v2\/users\/22173"}],"wp:attachment":[{"href":"https:\/\/graziamagazine.com\/es\/wp-json\/wp\/v2\/media?parent=136674"}],"wp:term":[{"taxonomy":"category","embeddable":true,"href":"https:\/\/graziamagazine.com\/es\/wp-json\/wp\/v2\/categories?post=136674"}],"curies":[{"name":"wp","href":"https:\/\/api.w.org\/{rel}","templated":true}]}}