{"id":136646,"date":"2018-06-15T15:19:25","date_gmt":"2018-06-15T13:19:25","guid":{"rendered":"https:\/\/graziamagazine.com\/es\/?p=136646"},"modified":"2018-06-15T15:19:55","modified_gmt":"2018-06-15T13:19:55","slug":"los-mejores-momentos-del-mundial-se-viven-en-las-gradas","status":"publish","type":"articles","link":"https:\/\/graziamagazine.com\/es\/articles\/los-mejores-momentos-del-mundial-se-viven-en-las-gradas\/","title":{"rendered":"Los mejores momentos del Mundial se viven en las gradas"},"content":{"rendered":"<p>La fiebre mundialista ha empezado a invadir Rusia, Europa y el resto del extranjero. Solo unos pocos han sido bendecidos con la posibilidad de vivir el <strong>Mundial<\/strong> <em>in situ<\/em> en el expa\u00eds sovi\u00e9tico. Sin embargo, por suerte, muchos de ellos poseen las cuentas m\u00e1s seguidas de Instagram y gracias a sus redes sociales podemos seguir, casi de primera mano, lo mejor de este encuentro internacional dentro y fuera de la cancha de juego.<\/p>\n<p>Ayer, <a href=\"https:\/\/graziamagazine.com\/es\/lifestyle\/robbie-williams-lo-borda-en-la-inauguracion-del-mundial\/\">durante la ceremonia de inauguraci\u00f3n de Rusia 2018<\/a>, tuvimos el primer adelanto de las estrellas invitadas al Mundial. Y no nos referimos solo a la actuaci\u00f3n del siempre irreverente y muy bien conservado <strong>Robbie Williams<\/strong>, vestido con un traje <strong>Givenchy<\/strong> de <em>animal print<\/em>, ni al deleite vocal de la\u00a0soprano nacional\u00a0<strong>Aida Garifullina<\/strong>, enfundada en un\u00a0vestido de\u00a0<strong>Zuhair Murad<\/strong>,\u00a0<em>sneakers<\/em>\u00a0de<strong>\u00a0Valentino<\/strong>\u00a0y joyer\u00eda de\u00a0<strong>Bulgari<\/strong>. Estamos hablando de lo que ocurr\u00eda en los palcos m\u00e1s exclusivos del estadio Luzhniki mientras <strong>Iker Casillas<\/strong> y <strong>Natalia Vodianova<\/strong> daban la bienvenida al objeto m\u00e1s deseado del momento, <a href=\"https:\/\/www.instagram.com\/p\/BkAkbNmFurb\/?hl=es-la&amp;taken-by=natasupernova\" target=\"_blank\">resguardado por un incre\u00edble ba\u00fal de <strong>Louis Vuitton<\/strong><\/a>.<\/p>\n<blockquote class=\"instagram-media\" style=\"background: #FFF; border: 0; border-radius: 3px; box-shadow: 0 0 1px 0 rgba(0,0,0,0.5),0 1px 10px 0 rgba(0,0,0,0.15); margin: 1px; max-width: 658px; padding: 0; width: calc(100% - 2px);\" data-instgrm-captioned=\"\" data-instgrm-permalink=\"https:\/\/www.instagram.com\/p\/BkAjAFuDwhW\/\" data-instgrm-version=\"8\">\n<div style=\"padding: 8px;\">\n<div style=\"background: #F8F8F8; line-height: 0; margin-top: 40px; padding: 50% 0; text-align: center; width: 100%;\"><\/div>\n<p style=\"margin: 8px 0 0 0; padding: 0 4px;\"><a href=\"https:\/\/www.instagram.com\/p\/BkAjAFuDwhW\/\"style=\"color: #000; font-family: Arial,sans-serif; font-size: 14px; font-style: normal; font-weight: normal; line-height: 17px; text-decoration: none; word-wrap: break-word;\"  target=\"_blank\" rel=\"noopener\" target=\"_blank\">\u202aCuantos recuerdos juntos. Sigues igual que siempre. \ud83d\ude03 #WorldCupRussia2018\u202c<\/a><\/p>\n<p style=\"color: #c9c8cd; font-family: Arial,sans-serif; font-size: 14px; line-height: 17px; margin-bottom: 0; margin-top: 8px; overflow: hidden; padding: 8px 0 7px; text-align: center; text-overflow: ellipsis; white-space: nowrap;\">Una publicaci\u00f3n compartida de <a href=\"https:\/\/www.instagram.com\/ikercasillas\/\"style=\"color: #c9c8cd; font-family: Arial,sans-serif; font-size: 14px; font-style: normal; font-weight: normal; line-height: 17px;\"  target=\"_blank\" rel=\"noopener\" target=\"_blank\"> Iker Casillas<\/a> (@ikercasillas) el <time style=\"font-family: Arial,sans-serif; font-size: 14px; line-height: 17px;\" datetime=\"2018-06-14T14:32:17+00:00\">14 Jun, 2018 a las 7:32 PDT<\/time><\/p>\n<\/div>\n<\/blockquote>\n<p><script async defer src=\"\/\/www.instagram.com\/embed.js\"><\/script><\/p>\n<p>Flanqueado a derecha e izquierda por <strong>Xavi Hern\u00e1ndez<\/strong> y <strong>Carles<\/strong>\u00a0<strong>Puyol<\/strong>, respectivamente, el exarquero de la selecci\u00f3n espa\u00f1ola disfrut\u00f3 del primer partido del Mundial, en el que Rusia literalmente aplast\u00f3 a Arabia Saudita con una victoria de 5 a 0, acompa\u00f1ado por dos leyendas del bal\u00f3npie; <strong>Ronaldo<\/strong> y <strong>Diego Armando Maradona<\/strong>. Una estampa de lo m\u00e1s emblem\u00e1tica que ninguno de los espa\u00f1oles dud\u00f3 en subir a sus respectivas cuentas de Instagram.<\/p>\n<blockquote class=\"instagram-media\" style=\"background: #FFF; border: 0; border-radius: 3px; box-shadow: 0 0 1px 0 rgba(0,0,0,0.5),0 1px 10px 0 rgba(0,0,0,0.15); margin: 1px; max-width: 658px; padding: 0; width: calc(100% - 2px);\" data-instgrm-captioned=\"\" data-instgrm-permalink=\"https:\/\/www.instagram.com\/p\/BkA6ZNblcZv\/\" data-instgrm-version=\"8\">\n<div style=\"padding: 8px;\">\n<div style=\"background: #F8F8F8; line-height: 0; margin-top: 40px; padding: 50% 0; text-align: center; width: 100%;\"><\/div>\n<p style=\"margin: 8px 0 0 0; padding: 0 4px;\"><a href=\"https:\/\/www.instagram.com\/p\/BkA6ZNblcZv\/\"style=\"color: #000; font-family: Arial,sans-serif; font-size: 14px; font-style: normal; font-weight: normal; line-height: 17px; text-decoration: none; word-wrap: break-word;\"  target=\"_blank\" rel=\"noopener\" target=\"_blank\">Is this a good team or what? \u00bfQue os parece este equipo? #WorldCup2018<\/a><\/p>\n<p style=\"color: #c9c8cd; font-family: Arial,sans-serif; font-size: 14px; line-height: 17px; margin-bottom: 0; margin-top: 8px; overflow: hidden; padding: 8px 0 7px; text-align: center; text-overflow: ellipsis; white-space: nowrap;\">Una publicaci\u00f3n compartida de <a href=\"https:\/\/www.instagram.com\/carles5puyol\/\"style=\"color: #c9c8cd; font-family: Arial,sans-serif; font-size: 14px; font-style: normal; font-weight: normal; line-height: 17px;\"  target=\"_blank\" rel=\"noopener\" target=\"_blank\"> Carles Puyol<\/a> (@carles5puyol) el <time style=\"font-family: Arial,sans-serif; font-size: 14px; line-height: 17px;\" datetime=\"2018-06-14T17:56:41+00:00\">14 Jun, 2018 a las 10:56 PDT<\/time><\/p>\n<\/div>\n<\/blockquote>\n<p><script async defer src=\"\/\/www.instagram.com\/embed.js\"><\/script><\/p>\n<p>Por otra parte, y como era de esperar, ninguna de las WAGs convocadas quiso perderse la oportunidad de acompa\u00f1ar a sus respectivos. As\u00ed, gracias a la cuenta de <strong>Vanesa Lorenzo<\/strong>, pudimos ser part\u00edcipes del encuentro entre la mujer de Puyol y <strong>Sara Carbonero<\/strong>, pareja de Casillas.<\/p>\n<blockquote class=\"instagram-media\" style=\"background: #FFF; border: 0; border-radius: 3px; box-shadow: 0 0 1px 0 rgba(0,0,0,0.5),0 1px 10px 0 rgba(0,0,0,0.15); margin: 1px; max-width: 658px; padding: 0; width: calc(100% - 2px);\" data-instgrm-captioned=\"\" data-instgrm-permalink=\"https:\/\/www.instagram.com\/p\/BkA5qcpFc6R\/\" data-instgrm-version=\"8\">\n<div style=\"padding: 8px;\">\n<div style=\"background: #F8F8F8; line-height: 0; margin-top: 40px; padding: 50% 0; text-align: center; width: 100%;\"><\/div>\n<p style=\"margin: 8px 0 0 0; padding: 0 4px;\"><a href=\"https:\/\/www.instagram.com\/p\/BkA5qcpFc6R\/\"style=\"color: #000; font-family: Arial,sans-serif; font-size: 14px; font-style: normal; font-weight: normal; line-height: 17px; text-decoration: none; word-wrap: break-word;\"  target=\"_blank\" rel=\"noopener\" target=\"_blank\">Reencuentros bonitos para un momento especial. #WorldCup2018 begins \ud83c\udf0d#ExperienciasUnicas<\/a><\/p>\n<p style=\"color: #c9c8cd; font-family: Arial,sans-serif; font-size: 14px; line-height: 17px; margin-bottom: 0; margin-top: 8px; overflow: hidden; padding: 8px 0 7px; text-align: center; text-overflow: ellipsis; white-space: nowrap;\">Una publicaci\u00f3n compartida de <a href=\"https:\/\/www.instagram.com\/vanesalorenzo_\/\"style=\"color: #c9c8cd; font-family: Arial,sans-serif; font-size: 14px; font-style: normal; font-weight: normal; line-height: 17px;\"  target=\"_blank\" rel=\"noopener\" target=\"_blank\"> Vanesa Lorenzo<\/a> (@vanesalorenzo_) el <time style=\"font-family: Arial,sans-serif; font-size: 14px; line-height: 17px;\" datetime=\"2018-06-14T17:50:18+00:00\">14 Jun, 2018 a las 10:50 PDT<\/time><\/p>\n<\/div>\n<\/blockquote>\n<p><script async defer src=\"\/\/www.instagram.com\/embed.js\"><\/script><\/p>\n<p>Eso s\u00ed, por mucho que nos guste seguir los cotilleos fuera del terreno de juego (que tambi\u00e9n), todos esperamos que Rusia nos regale una estampa tan medi\u00e1tica y representativa como la que protagonizaron <strong>Iker Casillas<\/strong> y su chica tras la victoria de Espa\u00f1a en el Mundial de Sud\u00e1frica 2010. \u00bfTendr\u00e1 que repetir haza\u00f1a la selecci\u00f3n nacional para volver a ver algo as\u00ed? A nosotros nos parece la mejor idea del mundo.<\/p>\n<p><iframe loading=\"lazy\" src=\"https:\/\/www.youtube.com\/embed\/pnq_HrPqQVw\" width=\"560\" height=\"315\" frameborder=\"0\" allowfullscreen=\"allowfullscreen\"><\/iframe><br \/>\n<em>Foto: Getty Images<\/em><\/p>\n","protected":false},"author":11623,"featured_media":0,"template":"","format":"standard","categories":[13],"acf":[],"yoast_head":"<!-- This site is optimized with the Yoast SEO Premium plugin v18.5 (Yoast SEO v20.4) - https:\/\/yoast.com\/wordpress\/plugins\/seo\/ -->\n<title>Los mejores momentos del Mundial se viven en las gradas | Grazia<\/title>\n<meta name=\"description\" content=\"Y gracias a las cuentas de Instagram de los famosos, nos enteramos de todos los cotilleos dentro y fuera del terreno de juego.\" \/>\n<meta name=\"robots\" content=\"index, follow, max-snippet:-1, max-image-preview:large, max-video-preview:-1\" \/>\n<link rel=\"canonical\" href=\"https:\/\/graziamagazine.com\/es\/articles\/los-mejores-momentos-del-mundial-se-viven-en-las-gradas\/\" \/>\n<meta property=\"og:locale\" content=\"es_ES\" \/>\n<meta property=\"og:type\" content=\"article\" \/>\n<meta property=\"og:title\" content=\"Los mejores momentos del Mundial se viven en las gradas\" \/>\n<meta property=\"og:description\" content=\"Y gracias a las cuentas de Instagram de los famosos, nos enteramos de todos los cotilleos dentro y fuera del terreno de juego.\" \/>\n<meta property=\"og:url\" content=\"https:\/\/graziamagazine.com\/es\/articles\/los-mejores-momentos-del-mundial-se-viven-en-las-gradas\/\" \/>\n<meta property=\"og:site_name\" content=\"Grazia\" \/>\n<meta property=\"article:modified_time\" content=\"2018-06-15T13:19:55+00:00\" \/>\n<meta property=\"og:image\" content=\"https:\/\/graziamagazine.com\/es\/wp-content\/uploads\/sites\/12\/2018\/06\/27.jpg?fit=900%2C400\" \/>\n\t<meta property=\"og:image:width\" content=\"900\" \/>\n\t<meta property=\"og:image:height\" content=\"400\" \/>\n\t<meta property=\"og:image:type\" content=\"image\/jpeg\" \/>\n<meta name=\"twitter:card\" content=\"summary_large_image\" \/>\n<meta name=\"twitter:image\" content=\"http:\/\/s3-eu-west-1.amazonaws.com\/grazia-cdn\/wp-content\/uploads\/sites\/12\/2018\/06\/robbie-williams1-900x485.jpg\" \/>\n<meta name=\"twitter:label1\" content=\"Est. reading time\" \/>\n\t<meta name=\"twitter:data1\" content=\"2 minutos\" \/>\n<script type=\"application\/ld+json\" class=\"yoast-schema-graph\">{\"@context\":\"https:\/\/schema.org\",\"@graph\":[{\"@type\":\"WebPage\",\"@id\":\"https:\/\/graziamagazine.com\/es\/articles\/los-mejores-momentos-del-mundial-se-viven-en-las-gradas\/\",\"url\":\"https:\/\/graziamagazine.com\/es\/articles\/los-mejores-momentos-del-mundial-se-viven-en-las-gradas\/\",\"name\":\"Los mejores momentos del Mundial se viven en las gradas | Grazia\",\"isPartOf\":{\"@id\":\"https:\/\/graziamagazine.com\/es\/#website\"},\"datePublished\":\"2018-06-15T13:19:25+00:00\",\"dateModified\":\"2018-06-15T13:19:55+00:00\",\"description\":\"Y gracias a las cuentas de Instagram de los famosos, nos enteramos de todos los cotilleos dentro y fuera del terreno de juego.\",\"breadcrumb\":{\"@id\":\"https:\/\/graziamagazine.com\/es\/articles\/los-mejores-momentos-del-mundial-se-viven-en-las-gradas\/#breadcrumb\"},\"inLanguage\":\"es\",\"potentialAction\":[{\"@type\":\"ReadAction\",\"target\":[\"https:\/\/graziamagazine.com\/es\/articles\/los-mejores-momentos-del-mundial-se-viven-en-las-gradas\/\"]}]},{\"@type\":\"BreadcrumbList\",\"@id\":\"https:\/\/graziamagazine.com\/es\/articles\/los-mejores-momentos-del-mundial-se-viven-en-las-gradas\/#breadcrumb\",\"itemListElement\":[{\"@type\":\"ListItem\",\"position\":1,\"name\":\"Portada\",\"item\":\"https:\/\/graziamagazine.com\/es\/\"},{\"@type\":\"ListItem\",\"position\":2,\"name\":\"Los mejores momentos del Mundial se viven en las gradas\"}]},{\"@type\":\"WebSite\",\"@id\":\"https:\/\/graziamagazine.com\/es\/#website\",\"url\":\"https:\/\/graziamagazine.com\/es\/\",\"name\":\"Grazia\",\"description\":\"Moda, belleza, celebrities, estilo de vida...\",\"potentialAction\":[{\"@type\":\"SearchAction\",\"target\":{\"@type\":\"EntryPoint\",\"urlTemplate\":\"https:\/\/graziamagazine.com\/es\/?s={search_term_string}\"},\"query-input\":\"required name=search_term_string\"}],\"inLanguage\":\"es\"}]}<\/script>\n<!-- \/ Yoast SEO Premium plugin. -->","yoast_head_json":{"title":"Los mejores momentos del Mundial se viven en las gradas | Grazia","description":"Y gracias a las cuentas de Instagram de los famosos, nos enteramos de todos los cotilleos dentro y fuera del terreno de juego.","robots":{"index":"index","follow":"follow","max-snippet":"max-snippet:-1","max-image-preview":"max-image-preview:large","max-video-preview":"max-video-preview:-1"},"canonical":"https:\/\/graziamagazine.com\/es\/articles\/los-mejores-momentos-del-mundial-se-viven-en-las-gradas\/","og_locale":"es_ES","og_type":"article","og_title":"Los mejores momentos del Mundial se viven en las gradas","og_description":"Y gracias a las cuentas de Instagram de los famosos, nos enteramos de todos los cotilleos dentro y fuera del terreno de juego.","og_url":"https:\/\/graziamagazine.com\/es\/articles\/los-mejores-momentos-del-mundial-se-viven-en-las-gradas\/","og_site_name":"Grazia","article_modified_time":"2018-06-15T13:19:55+00:00","og_image":[{"width":900,"height":400,"url":"https:\/\/graziamagazine.com\/es\/wp-content\/uploads\/sites\/12\/2018\/06\/27.jpg?fit=900%2C400","type":"image\/jpeg"}],"twitter_card":"summary_large_image","twitter_image":"http:\/\/s3-eu-west-1.amazonaws.com\/grazia-cdn\/wp-content\/uploads\/sites\/12\/2018\/06\/robbie-williams1-900x485.jpg","twitter_misc":{"Est. reading time":"2 minutos"},"schema":{"@context":"https:\/\/schema.org","@graph":[{"@type":"WebPage","@id":"https:\/\/graziamagazine.com\/es\/articles\/los-mejores-momentos-del-mundial-se-viven-en-las-gradas\/","url":"https:\/\/graziamagazine.com\/es\/articles\/los-mejores-momentos-del-mundial-se-viven-en-las-gradas\/","name":"Los mejores momentos del Mundial se viven en las gradas | Grazia","isPartOf":{"@id":"https:\/\/graziamagazine.com\/es\/#website"},"datePublished":"2018-06-15T13:19:25+00:00","dateModified":"2018-06-15T13:19:55+00:00","description":"Y gracias a las cuentas de Instagram de los famosos, nos enteramos de todos los cotilleos dentro y fuera del terreno de juego.","breadcrumb":{"@id":"https:\/\/graziamagazine.com\/es\/articles\/los-mejores-momentos-del-mundial-se-viven-en-las-gradas\/#breadcrumb"},"inLanguage":"es","potentialAction":[{"@type":"ReadAction","target":["https:\/\/graziamagazine.com\/es\/articles\/los-mejores-momentos-del-mundial-se-viven-en-las-gradas\/"]}]},{"@type":"BreadcrumbList","@id":"https:\/\/graziamagazine.com\/es\/articles\/los-mejores-momentos-del-mundial-se-viven-en-las-gradas\/#breadcrumb","itemListElement":[{"@type":"ListItem","position":1,"name":"Portada","item":"https:\/\/graziamagazine.com\/es\/"},{"@type":"ListItem","position":2,"name":"Los mejores momentos del Mundial se viven en las gradas"}]},{"@type":"WebSite","@id":"https:\/\/graziamagazine.com\/es\/#website","url":"https:\/\/graziamagazine.com\/es\/","name":"Grazia","description":"Moda, belleza, celebrities, estilo de vida...","potentialAction":[{"@type":"SearchAction","target":{"@type":"EntryPoint","urlTemplate":"https:\/\/graziamagazine.com\/es\/?s={search_term_string}"},"query-input":"required name=search_term_string"}],"inLanguage":"es"}]}},"jetpack_sharing_enabled":true,"distributor_meta":false,"distributor_terms":false,"distributor_media":false,"distributor_original_site_name":"Grazia","distributor_original_site_url":"https:\/\/graziamagazine.com\/es","push-errors":false,"_links":{"self":[{"href":"https:\/\/graziamagazine.com\/es\/wp-json\/wp\/v2\/articles\/136646"}],"collection":[{"href":"https:\/\/graziamagazine.com\/es\/wp-json\/wp\/v2\/articles"}],"about":[{"href":"https:\/\/graziamagazine.com\/es\/wp-json\/wp\/v2\/types\/articles"}],"author":[{"embeddable":true,"href":"https:\/\/graziamagazine.com\/es\/wp-json\/wp\/v2\/users\/11623"}],"wp:attachment":[{"href":"https:\/\/graziamagazine.com\/es\/wp-json\/wp\/v2\/media?parent=136646"}],"wp:term":[{"taxonomy":"category","embeddable":true,"href":"https:\/\/graziamagazine.com\/es\/wp-json\/wp\/v2\/categories?post=136646"}],"curies":[{"name":"wp","href":"https:\/\/api.w.org\/{rel}","templated":true}]}}