{"id":136608,"date":"2018-06-14T19:08:56","date_gmt":"2018-06-14T17:08:56","guid":{"rendered":"https:\/\/graziamagazine.com\/es\/?p=136608"},"modified":"2018-06-14T19:17:49","modified_gmt":"2018-06-14T17:17:49","slug":"robbie-williams-lo-borda-en-la-inauguracion-del-mundial","status":"publish","type":"articles","link":"https:\/\/graziamagazine.com\/es\/articles\/robbie-williams-lo-borda-en-la-inauguracion-del-mundial\/","title":{"rendered":"Robbie Williams lo borda en la inauguraci\u00f3n del Mundial"},"content":{"rendered":"<p>Por fin ha llegado. Despu\u00e9s de cuatro a\u00f1os en <em>stand by<\/em>, la fiebre mundialista ha resurgido de su periodo de hibernaci\u00f3n. Hace tan solo unas horas, el Mundial de Rusia 2018 daba su pistoletazo de salida con una actuaci\u00f3n muy especial; el espect\u00e1culo de un <strong>Robbie Williams<\/strong> al que el paso de los a\u00f1os parecen haber tratado muy bien.<\/p>\n<p>Aunque si bien es cierto, en este caso m\u00e1s que el espect\u00e1culo (la verdad es que no es tan majestuoso como el de las Olimpiadas) lo que realmente nos interesa de esta ceremonia de apertura es el\u00a0<i>outfit<\/i>\u00a0del cantante ingl\u00e9s, sin m\u00e1s ni menos.<\/p>\n<p>En medio de gritos, aplausos y con el esp\u00edritu en alto, el estadio Luzhniki se uni\u00f3 a coro con el int\u00e9rprete de\u00a0<i>Rock DJ<\/i>, quien visti\u00f3 un traje estampado de\u00a0<i>animal print<\/i>\u00a0de\u00a0<b>Givenchy<\/b>\u00a0por\u00a0<b>Clare Waight Keller<\/b>\u00a0(nadie puede negar que esta dise\u00f1adora est\u00e1 en su mejor momento) acompa\u00f1ado de una camisa en tono negro. Sus bailarinas, a juego con el artista, lucieron conjuntos al estilo\u00a0<i>athleisure<\/i>\u00a0en lentejuelas \u2014el brillo est\u00e1 apoder\u00e1ndose de la temporada\u2014.<\/p>\n<blockquote class=\"twitter-tweet\" data-lang=\"es\">\n<p dir=\"ltr\" lang=\"en\">Looking good, Robbie \ud83d\udc4c<a href=\"https:\/\/twitter.com\/hashtag\/WorldCup?src=hash&amp;ref_src=twsrc%5Etfw\" target=\"_blank\">#WorldCup<\/a> <a href=\"https:\/\/t.co\/ZBd82tqXap\" target=\"_blank\">pic.twitter.com\/ZBd82tqXap<\/a><\/p>\n<p>\u2014 FIFA World Cup \ud83c\udfc6 (@FIFAWorldCup) <a href=\"https:\/\/twitter.com\/FIFAWorldCup\/status\/1007272250914099201?ref_src=twsrc%5Etfw\" target=\"_blank\">14 de junio de 2018<\/a><\/p><\/blockquote>\n<p><script async src=\"https:\/\/platform.twitter.com\/widgets.js\" charset=\"utf-8\"><\/script><\/p>\n<p>\u00bfQui\u00e9n puso la nota local? Por una parte, la soprano nacional\u00a0<strong>Aida Garifullina<\/strong>\u00a0(con vestido de\u00a0<strong>Zuhair Murad<\/strong>, <em>sneakers<\/em> de<strong> Valentino<\/strong>\u00a0y joyer\u00eda de\u00a0<strong>Bulgari<\/strong>)<strong>\u00a0<\/strong>se uni\u00f3 al brit\u00e1nico para interpretar el tema de <em>Angels<\/em>.<\/p>\n<blockquote class=\"instagram-media\" style=\"background: #FFF; border: 0; border-radius: 3px; box-shadow: 0 0 1px 0 rgba(0,0,0,0.5),0 1px 10px 0 rgba(0,0,0,0.15); margin: 1px; max-width: 658px; padding: 0; width: calc(100% - 2px);\" data-instgrm-captioned=\"\" data-instgrm-permalink=\"https:\/\/www.instagram.com\/p\/BkArEb5BeNN\/\" data-instgrm-version=\"8\">\n<div style=\"padding: 8px;\">\n<div style=\"background: #F8F8F8; line-height: 0; margin-top: 40px; padding: 55.87962962962963% 0; text-align: center; width: 100%;\"><\/div>\n<p style=\"margin: 8px 0 0 0; padding: 0 4px;\"><a href=\"https:\/\/www.instagram.com\/p\/BkArEb5BeNN\/\"style=\"color: #000; font-family: Arial,sans-serif; font-size: 14px; font-style: normal; font-weight: normal; line-height: 17px; text-decoration: none; word-wrap: break-word;\"  target=\"_blank\" rel=\"noopener\" target=\"_blank\">I\u2019ll never ever forget this moment !!!!!!! \ud83c\udf1f\ud83c\udf1f\ud83c\udf1f Like a DREAM&#8230;.. #worldcup #done #robbiewilliams #aidagarifullina @ronaldo #angels #fifa2018 @lukashmake @s_natalialia @bulgariofficial #bvlgari @zuhairmuradprivate \ud83d\ude18 @zuhairmuradofficial<\/a><\/p>\n<p style=\"color: #c9c8cd; font-family: Arial,sans-serif; font-size: 14px; line-height: 17px; margin-bottom: 0; margin-top: 8px; overflow: hidden; padding: 8px 0 7px; text-align: center; text-overflow: ellipsis; white-space: nowrap;\">Una publicaci\u00f3n compartida de <a href=\"https:\/\/www.instagram.com\/aidagarifullina\/\"style=\"color: #c9c8cd; font-family: Arial,sans-serif; font-size: 14px; font-style: normal; font-weight: normal; line-height: 17px;\"  target=\"_blank\" rel=\"noopener\" target=\"_blank\"> Aida Garifullina<\/a> (@aidagarifullina) el <time style=\"font-family: Arial,sans-serif; font-size: 14px; line-height: 17px;\" datetime=\"2018-06-14T15:42:47+00:00\">14 Jun, 2018 a las 8:42 PDT<\/time><\/p>\n<\/div>\n<\/blockquote>\n<p><script async defer src=\"\/\/www.instagram.com\/embed.js\"><\/script><\/p>\n<p>Por tora parte, para presentar el emblem\u00e1tico trofeo de la copa del mundo de f\u00fatbol estuvo presente la modelo rusa\u00a0<b>Natalia Vodianova\u00a0<\/b>junto al exportero de la selecci\u00f3n espa\u00f1ola de f\u00fatbol,\u00a0<b>Iker Casillas<\/b>.<\/p>\n<blockquote class=\"instagram-media\" style=\"background: #FFF; border: 0; border-radius: 3px; box-shadow: 0 0 1px 0 rgba(0,0,0,0.5),0 1px 10px 0 rgba(0,0,0,0.15); margin: 1px; max-width: 658px; padding: 0; width: calc(100% - 2px);\" data-instgrm-captioned=\"\" data-instgrm-permalink=\"https:\/\/www.instagram.com\/p\/BkAvYHPFmgq\/\" data-instgrm-version=\"8\">\n<div style=\"padding: 8px;\">\n<div style=\"background: #F8F8F8; line-height: 0; margin-top: 40px; padding: 48.98148148148148% 0; text-align: center; width: 100%;\"><\/div>\n<p style=\"margin: 8px 0 0 0; padding: 0 4px;\"><a href=\"https:\/\/www.instagram.com\/p\/BkAvYHPFmgq\/\"style=\"color: #000; font-family: Arial,sans-serif; font-size: 14px; font-style: normal; font-weight: normal; line-height: 17px; text-decoration: none; word-wrap: break-word;\"  target=\"_blank\" rel=\"noopener\" target=\"_blank\">\ud83d\udcaa\ud83c\udffb\ud83d\udcaa\ud83c\udffb\ud83d\udcaa\ud83c\udffbRussia we are with you \u2764\ufe0f\ud83c\udfc6\u26bd\ufe0f<\/a><\/p>\n<p style=\"color: #c9c8cd; font-family: Arial,sans-serif; font-size: 14px; line-height: 17px; margin-bottom: 0; margin-top: 8px; overflow: hidden; padding: 8px 0 7px; text-align: center; text-overflow: ellipsis; white-space: nowrap;\">Una publicaci\u00f3n compartida de <a href=\"https:\/\/www.instagram.com\/natasupernova\/\"style=\"color: #c9c8cd; font-family: Arial,sans-serif; font-size: 14px; font-style: normal; font-weight: normal; line-height: 17px;\"  target=\"_blank\" rel=\"noopener\" target=\"_blank\"> Natalia Vodianova<\/a> (@natasupernova) el <time style=\"font-family: Arial,sans-serif; font-size: 14px; line-height: 17px;\" datetime=\"2018-06-14T16:20:25+00:00\">14 Jun, 2018 a las 9:20 PDT<\/time><\/p>\n<\/div>\n<\/blockquote>\n<p><script async defer src=\"\/\/www.instagram.com\/embed.js\"><\/script><br \/>\nDesvelada de un estuche especial hecho por\u00a0<b>Louis Vuitton<\/b>, la peleada copa fue presentada ante el mundo tras estar cuatro a\u00f1os en manos del equipo alem\u00e1n (campe\u00f3n de Brasil 2014).<\/p>\n<blockquote class=\"instagram-media\" style=\"background: #FFF; border: 0; border-radius: 3px; box-shadow: 0 0 1px 0 rgba(0,0,0,0.5),0 1px 10px 0 rgba(0,0,0,0.15); margin: 1px; max-width: 658px; padding: 0; width: calc(100% - 2px);\" data-instgrm-captioned=\"\" data-instgrm-permalink=\"https:\/\/www.instagram.com\/p\/BkAkbNmFurb\/\" data-instgrm-version=\"8\">\n<div style=\"padding: 8px;\">\n<div style=\"background: #F8F8F8; line-height: 0; margin-top: 40px; padding: 62.5% 0; text-align: center; width: 100%;\"><\/div>\n<p style=\"margin: 8px 0 0 0; padding: 0 4px;\"><a href=\"https:\/\/www.instagram.com\/p\/BkAkbNmFurb\/\"style=\"color: #000; font-family: Arial,sans-serif; font-size: 14px; font-style: normal; font-weight: normal; line-height: 17px; text-decoration: none; word-wrap: break-word;\"  target=\"_blank\" rel=\"noopener\" target=\"_blank\">Let\u2019s do this \ud83d\udcaa\ud83c\udffb\ud83c\udfc6\ud83c\uddf7\ud83c\uddfa\u2764\ufe0fcan\u2019t wait to bring the trophy in the stadium and kickstart Fifa \u26bd\ufe0f #fifa18<\/a><\/p>\n<p style=\"color: #c9c8cd; font-family: Arial,sans-serif; font-size: 14px; line-height: 17px; margin-bottom: 0; margin-top: 8px; overflow: hidden; padding: 8px 0 7px; text-align: center; text-overflow: ellipsis; white-space: nowrap;\">Una publicaci\u00f3n compartida de <a href=\"https:\/\/www.instagram.com\/natasupernova\/\"style=\"color: #c9c8cd; font-family: Arial,sans-serif; font-size: 14px; font-style: normal; font-weight: normal; line-height: 17px;\"  target=\"_blank\" rel=\"noopener\" target=\"_blank\"> Natalia Vodianova<\/a> (@natasupernova) el <time style=\"font-family: Arial,sans-serif; font-size: 14px; line-height: 17px;\" datetime=\"2018-06-14T14:44:43+00:00\">14 Jun, 2018 a las 7:44 PDT<\/time><\/p>\n<\/div>\n<\/blockquote>\n<p><script async defer src=\"\/\/www.instagram.com\/embed.js\"><\/script><\/p>\n<p>A menos de 24 horas del primer partido de nuestra selecci\u00f3n, quien se enfrentar\u00e1 a <strong>Cristiano Ronaldo<\/strong> y el resto del equipo portugu\u00e9s a las 5 de la tarde (hora local), solo nos queda desempolvar la roja y estar muy pendientes de c\u00f3mo resultar\u00e1 ese cambio de \u00faltima hora&#8230; Hierro, confiamos en ti.<\/p>\n<p><em>Fotos: Getty Images<\/em><\/p>\n","protected":false},"author":22173,"featured_media":0,"template":"","format":"standard","categories":[13,18],"acf":[],"yoast_head":"<!-- This site is optimized with the Yoast SEO Premium plugin v18.5 (Yoast SEO v20.4) - https:\/\/yoast.com\/wordpress\/plugins\/seo\/ -->\n<title>Robbie Williams lo borda en la inauguraci\u00f3n del Mundial | Grazia<\/title>\n<meta name=\"description\" content=\"La modelo Natalia Vodianova y el exportero de la selecci\u00f3n, Iker Casillas, tambi\u00e9n fueron parte de la ceremonia de apertura.\" \/>\n<meta name=\"robots\" content=\"index, follow, max-snippet:-1, max-image-preview:large, max-video-preview:-1\" \/>\n<link rel=\"canonical\" href=\"https:\/\/graziamagazine.com\/es\/articles\/robbie-williams-lo-borda-en-la-inauguracion-del-mundial\/\" \/>\n<meta property=\"og:locale\" content=\"es_ES\" \/>\n<meta property=\"og:type\" content=\"article\" \/>\n<meta property=\"og:title\" content=\"Robbie Williams lo borda en la inauguraci\u00f3n del Mundial\" \/>\n<meta property=\"og:description\" content=\"La modelo Natalia Vodianova y el exportero de la selecci\u00f3n, Iker Casillas, tambi\u00e9n fueron parte de la ceremonia de apertura.\" \/>\n<meta property=\"og:url\" content=\"https:\/\/graziamagazine.com\/es\/articles\/robbie-williams-lo-borda-en-la-inauguracion-del-mundial\/\" \/>\n<meta property=\"og:site_name\" content=\"Grazia\" \/>\n<meta property=\"article:modified_time\" content=\"2018-06-14T17:17:49+00:00\" \/>\n<meta property=\"og:image\" content=\"https:\/\/graziamagazine.com\/es\/wp-content\/uploads\/sites\/12\/2018\/06\/GettyImages-974276282.jpg?fit=800%2C533\" \/>\n\t<meta property=\"og:image:width\" content=\"800\" \/>\n\t<meta property=\"og:image:height\" content=\"533\" \/>\n\t<meta property=\"og:image:type\" content=\"image\/jpeg\" \/>\n<meta name=\"twitter:card\" content=\"summary_large_image\" \/>\n<meta name=\"twitter:image\" content=\"http:\/\/s3-eu-west-1.amazonaws.com\/grazia-cdn\/wp-content\/uploads\/sites\/12\/2018\/06\/GettyImages-974276282.jpg\" \/>\n<meta name=\"twitter:label1\" content=\"Est. reading time\" \/>\n\t<meta name=\"twitter:data1\" content=\"2 minutos\" \/>\n<script type=\"application\/ld+json\" class=\"yoast-schema-graph\">{\"@context\":\"https:\/\/schema.org\",\"@graph\":[{\"@type\":\"WebPage\",\"@id\":\"https:\/\/graziamagazine.com\/es\/articles\/robbie-williams-lo-borda-en-la-inauguracion-del-mundial\/\",\"url\":\"https:\/\/graziamagazine.com\/es\/articles\/robbie-williams-lo-borda-en-la-inauguracion-del-mundial\/\",\"name\":\"Robbie Williams lo borda en la inauguraci\u00f3n del Mundial | Grazia\",\"isPartOf\":{\"@id\":\"https:\/\/graziamagazine.com\/es\/#website\"},\"datePublished\":\"2018-06-14T17:08:56+00:00\",\"dateModified\":\"2018-06-14T17:17:49+00:00\",\"description\":\"La modelo Natalia Vodianova y el exportero de la selecci\u00f3n, Iker Casillas, tambi\u00e9n fueron parte de la ceremonia de apertura.\",\"breadcrumb\":{\"@id\":\"https:\/\/graziamagazine.com\/es\/articles\/robbie-williams-lo-borda-en-la-inauguracion-del-mundial\/#breadcrumb\"},\"inLanguage\":\"es\",\"potentialAction\":[{\"@type\":\"ReadAction\",\"target\":[\"https:\/\/graziamagazine.com\/es\/articles\/robbie-williams-lo-borda-en-la-inauguracion-del-mundial\/\"]}]},{\"@type\":\"BreadcrumbList\",\"@id\":\"https:\/\/graziamagazine.com\/es\/articles\/robbie-williams-lo-borda-en-la-inauguracion-del-mundial\/#breadcrumb\",\"itemListElement\":[{\"@type\":\"ListItem\",\"position\":1,\"name\":\"Portada\",\"item\":\"https:\/\/graziamagazine.com\/es\/\"},{\"@type\":\"ListItem\",\"position\":2,\"name\":\"Robbie Williams lo borda en la inauguraci\u00f3n del Mundial\"}]},{\"@type\":\"WebSite\",\"@id\":\"https:\/\/graziamagazine.com\/es\/#website\",\"url\":\"https:\/\/graziamagazine.com\/es\/\",\"name\":\"Grazia\",\"description\":\"Moda, belleza, celebrities, estilo de vida...\",\"potentialAction\":[{\"@type\":\"SearchAction\",\"target\":{\"@type\":\"EntryPoint\",\"urlTemplate\":\"https:\/\/graziamagazine.com\/es\/?s={search_term_string}\"},\"query-input\":\"required name=search_term_string\"}],\"inLanguage\":\"es\"}]}<\/script>\n<!-- \/ Yoast SEO Premium plugin. -->","yoast_head_json":{"title":"Robbie Williams lo borda en la inauguraci\u00f3n del Mundial | Grazia","description":"La modelo Natalia Vodianova y el exportero de la selecci\u00f3n, Iker Casillas, tambi\u00e9n fueron parte de la ceremonia de apertura.","robots":{"index":"index","follow":"follow","max-snippet":"max-snippet:-1","max-image-preview":"max-image-preview:large","max-video-preview":"max-video-preview:-1"},"canonical":"https:\/\/graziamagazine.com\/es\/articles\/robbie-williams-lo-borda-en-la-inauguracion-del-mundial\/","og_locale":"es_ES","og_type":"article","og_title":"Robbie Williams lo borda en la inauguraci\u00f3n del Mundial","og_description":"La modelo Natalia Vodianova y el exportero de la selecci\u00f3n, Iker Casillas, tambi\u00e9n fueron parte de la ceremonia de apertura.","og_url":"https:\/\/graziamagazine.com\/es\/articles\/robbie-williams-lo-borda-en-la-inauguracion-del-mundial\/","og_site_name":"Grazia","article_modified_time":"2018-06-14T17:17:49+00:00","og_image":[{"width":800,"height":533,"url":"https:\/\/graziamagazine.com\/es\/wp-content\/uploads\/sites\/12\/2018\/06\/GettyImages-974276282.jpg?fit=800%2C533","type":"image\/jpeg"}],"twitter_card":"summary_large_image","twitter_image":"http:\/\/s3-eu-west-1.amazonaws.com\/grazia-cdn\/wp-content\/uploads\/sites\/12\/2018\/06\/GettyImages-974276282.jpg","twitter_misc":{"Est. reading time":"2 minutos"},"schema":{"@context":"https:\/\/schema.org","@graph":[{"@type":"WebPage","@id":"https:\/\/graziamagazine.com\/es\/articles\/robbie-williams-lo-borda-en-la-inauguracion-del-mundial\/","url":"https:\/\/graziamagazine.com\/es\/articles\/robbie-williams-lo-borda-en-la-inauguracion-del-mundial\/","name":"Robbie Williams lo borda en la inauguraci\u00f3n del Mundial | Grazia","isPartOf":{"@id":"https:\/\/graziamagazine.com\/es\/#website"},"datePublished":"2018-06-14T17:08:56+00:00","dateModified":"2018-06-14T17:17:49+00:00","description":"La modelo Natalia Vodianova y el exportero de la selecci\u00f3n, Iker Casillas, tambi\u00e9n fueron parte de la ceremonia de apertura.","breadcrumb":{"@id":"https:\/\/graziamagazine.com\/es\/articles\/robbie-williams-lo-borda-en-la-inauguracion-del-mundial\/#breadcrumb"},"inLanguage":"es","potentialAction":[{"@type":"ReadAction","target":["https:\/\/graziamagazine.com\/es\/articles\/robbie-williams-lo-borda-en-la-inauguracion-del-mundial\/"]}]},{"@type":"BreadcrumbList","@id":"https:\/\/graziamagazine.com\/es\/articles\/robbie-williams-lo-borda-en-la-inauguracion-del-mundial\/#breadcrumb","itemListElement":[{"@type":"ListItem","position":1,"name":"Portada","item":"https:\/\/graziamagazine.com\/es\/"},{"@type":"ListItem","position":2,"name":"Robbie Williams lo borda en la inauguraci\u00f3n del Mundial"}]},{"@type":"WebSite","@id":"https:\/\/graziamagazine.com\/es\/#website","url":"https:\/\/graziamagazine.com\/es\/","name":"Grazia","description":"Moda, belleza, celebrities, estilo de vida...","potentialAction":[{"@type":"SearchAction","target":{"@type":"EntryPoint","urlTemplate":"https:\/\/graziamagazine.com\/es\/?s={search_term_string}"},"query-input":"required name=search_term_string"}],"inLanguage":"es"}]}},"jetpack_sharing_enabled":true,"distributor_meta":false,"distributor_terms":false,"distributor_media":false,"distributor_original_site_name":"Grazia","distributor_original_site_url":"https:\/\/graziamagazine.com\/es","push-errors":false,"_links":{"self":[{"href":"https:\/\/graziamagazine.com\/es\/wp-json\/wp\/v2\/articles\/136608"}],"collection":[{"href":"https:\/\/graziamagazine.com\/es\/wp-json\/wp\/v2\/articles"}],"about":[{"href":"https:\/\/graziamagazine.com\/es\/wp-json\/wp\/v2\/types\/articles"}],"author":[{"embeddable":true,"href":"https:\/\/graziamagazine.com\/es\/wp-json\/wp\/v2\/users\/22173"}],"wp:attachment":[{"href":"https:\/\/graziamagazine.com\/es\/wp-json\/wp\/v2\/media?parent=136608"}],"wp:term":[{"taxonomy":"category","embeddable":true,"href":"https:\/\/graziamagazine.com\/es\/wp-json\/wp\/v2\/categories?post=136608"}],"curies":[{"name":"wp","href":"https:\/\/api.w.org\/{rel}","templated":true}]}}