{"id":136415,"date":"2018-06-12T16:14:25","date_gmt":"2018-06-12T14:14:25","guid":{"rendered":"https:\/\/graziamagazine.com\/es\/?p=136415"},"modified":"2018-06-12T16:14:25","modified_gmt":"2018-06-12T14:14:25","slug":"paco-leon-se-vuelve-mujer","status":"publish","type":"articles","link":"https:\/\/graziamagazine.com\/es\/articles\/paco-leon-se-vuelve-mujer\/","title":{"rendered":"Paco Le\u00f3n se vuelve mujer"},"content":{"rendered":"<p><strong>Pac\u00f3 Le\u00f3n<\/strong> se transforma en una dama, al menos en la ficci\u00f3n. El actor da el salto a M\u00e9xico con su nuevo proyecto, en el que interpreta al exmarido de una de las protagonistas, el cual se vuelve mujer tras la separaci\u00f3n.<\/p>\n<p><img loading=\"lazy\" decoding=\"async\" class=\"size-full wp-image-136416\" src=\"https:\/\/graziamagazine.com\/es\/wp-content\/uploads\/sites\/12\/2018\/06\/La-Casa-de-las-Flores.jpg\" alt=\"La casa de las flores\" width=\"2520\" height=\"1418\" srcset=\"https:\/\/graziamagazine.com\/es\/wp-content\/uploads\/sites\/12\/2018\/06\/La-Casa-de-las-Flores.jpg 2520w, https:\/\/graziamagazine.com\/es\/wp-content\/uploads\/sites\/12\/2018\/06\/La-Casa-de-las-Flores.jpg?resize=300,169 300w, https:\/\/graziamagazine.com\/es\/wp-content\/uploads\/sites\/12\/2018\/06\/La-Casa-de-las-Flores.jpg?resize=768,432 768w, https:\/\/graziamagazine.com\/es\/wp-content\/uploads\/sites\/12\/2018\/06\/La-Casa-de-las-Flores.jpg?resize=1024,576 1024w, https:\/\/graziamagazine.com\/es\/wp-content\/uploads\/sites\/12\/2018\/06\/La-Casa-de-las-Flores.jpg?resize=1536,864 1536w, https:\/\/graziamagazine.com\/es\/wp-content\/uploads\/sites\/12\/2018\/06\/La-Casa-de-las-Flores.jpg?resize=2048,1152 2048w, https:\/\/graziamagazine.com\/es\/wp-content\/uploads\/sites\/12\/2018\/06\/La-Casa-de-las-Flores.jpg?resize=155,87 155w\" sizes=\"(max-width: 2520px) 100vw, 2520px\" \/><\/p>\n<p>&nbsp;<\/p>\n<p><em>La Casa de las flores<\/em> es la nueva serie original mexicana de Netflix, creada y dirigida por <strong>Manolo Caro<\/strong>. La trama se desenvuelve en una florister\u00eda familiar supuestamente id\u00edlica y exitosa llena de secretos. Tras revelarse la muerte de su amante, el padre de la familia decide reunir a todos sus hijos bajo el mismo techo para que convivan junto a \u00e9l y su actual esposa que desconoc\u00edan de su existencia. Una serie con mucho trasfondo que explora la necesidad de proteger y perdonar a los seres queridos, sin importar lo inc\u00f3modo que pueda llegar a ser.<\/p>\n<p><iframe loading=\"lazy\" src=\"https:\/\/www.youtube.com\/embed\/J0pqbNvebXo\" width=\"560\" height=\"315\" frameborder=\"0\" allowfullscreen=\"allowfullscreen\"><\/iframe><\/p>\n<p>Tal y como os cont\u00e1bamos, el protagonista y director de <em>Kiki El amor se hace<\/em> interpreta el papel de Mar\u00eda Jos\u00e9, una mujer transg\u00e9nero en esta comedia de humor negro, de 13 episodios de 30 minutos de duraci\u00f3n.<\/p>\n<p>Otros miembros del reparto de este nuevo proyecto de la plataforma de <em>streaming<\/em> incluyen a reconocidos actores y actrices del s\u00e9ptimo arte mexicano como la ic\u00f3nica <strong>Ver\u00f3nica Castro<\/strong> (<em>Los ricos tambi\u00e9n lloran<\/em>), <strong>Cecilia Su\u00e1rez<\/strong> (<em>Capadocia, La vida inmoral de la pareja ideal<\/em>), <strong>Aislinn Derbez<\/strong> (<em>A la mala, Todo o nada<\/em>), <strong>Sawandi Wilson<\/strong> (<em>Faith Under Fire, Ley y Orden<\/em>), <strong>David Ostrosky<\/strong> (<em>Mujeres asesinas, Como agua para chocolate<\/em>), <strong>Francisco de la Reguera<\/strong> (<em>Cuando los hijos regresan, Ni\u00f1o Santo<\/em>) y <strong>Natasha Dupeyron<\/strong> (<em>La vida inmoral de la pareja ideal, Treintona soltera<\/em>), <strong>Arturo R\u00edos<\/strong> (<em>Entre Pancho Villa y una Mujer Desnuda, Y Tu Mam\u00e1 Tambi\u00e9n<\/em>) y <strong>Sof\u00eda Sisniega<\/strong> (<em>Club de Cuervos, Gossip Girl: Acapulco<\/em>) entre otros.<\/p>\n<p>Despu\u00e9s de ver este primer tr\u00e1iler, seguro t\u00fa tambi\u00e9n est\u00e1s deseando que llegue el 10 de agosto para ver en acci\u00f3n a <strong>Paco Le\u00f3n<\/strong> en esta telenovela moderna con un un ingrediente extra de humor negro.<\/p>\n<p><em>Fotos: Cortes\u00eda Netflix<\/em><\/p>\n","protected":false},"author":11623,"featured_media":0,"template":"","format":"standard","categories":[18],"acf":[],"yoast_head":"<!-- This site is optimized with the Yoast SEO Premium plugin v18.5 (Yoast SEO v20.4) - https:\/\/yoast.com\/wordpress\/plugins\/seo\/ -->\n<title>Paco Le\u00f3n se vuelve mujer | Grazia<\/title>\n<meta name=\"description\" content=\"El actor participa en la serie original de Netflix, &#039;La casa de las flores&#039;.\" \/>\n<meta name=\"robots\" content=\"index, follow, max-snippet:-1, max-image-preview:large, max-video-preview:-1\" \/>\n<link rel=\"canonical\" href=\"https:\/\/graziamagazine.com\/es\/articles\/paco-leon-se-vuelve-mujer\/\" \/>\n<meta property=\"og:locale\" content=\"es_ES\" \/>\n<meta property=\"og:type\" content=\"article\" \/>\n<meta property=\"og:title\" content=\"Paco Le\u00f3n se vuelve mujer\" \/>\n<meta property=\"og:description\" content=\"El actor participa en la serie original de Netflix, &#039;La casa de las flores&#039;.\" \/>\n<meta property=\"og:url\" content=\"https:\/\/graziamagazine.com\/es\/articles\/paco-leon-se-vuelve-mujer\/\" \/>\n<meta property=\"og:site_name\" content=\"Grazia\" \/>\n<meta property=\"og:image\" content=\"https:\/\/graziamagazine.com\/es\/wp-content\/uploads\/sites\/12\/2018\/06\/La-Casa-de-las-Flores.jpg?fit=2520%2C1418\" \/>\n\t<meta property=\"og:image:width\" content=\"2520\" \/>\n\t<meta property=\"og:image:height\" content=\"1418\" \/>\n\t<meta property=\"og:image:type\" content=\"image\/jpeg\" \/>\n<meta name=\"twitter:card\" content=\"summary_large_image\" \/>\n<meta name=\"twitter:image\" content=\"http:\/\/s3-eu-west-1.amazonaws.com\/grazia-cdn\/wp-content\/uploads\/sites\/12\/2018\/06\/La-Casa-de-las-Flores.jpg\" \/>\n<meta name=\"twitter:label1\" content=\"Est. reading time\" \/>\n\t<meta name=\"twitter:data1\" content=\"2 minutos\" \/>\n<script type=\"application\/ld+json\" class=\"yoast-schema-graph\">{\"@context\":\"https:\/\/schema.org\",\"@graph\":[{\"@type\":\"WebPage\",\"@id\":\"https:\/\/graziamagazine.com\/es\/articles\/paco-leon-se-vuelve-mujer\/\",\"url\":\"https:\/\/graziamagazine.com\/es\/articles\/paco-leon-se-vuelve-mujer\/\",\"name\":\"Paco Le\u00f3n se vuelve mujer | Grazia\",\"isPartOf\":{\"@id\":\"https:\/\/graziamagazine.com\/es\/#website\"},\"datePublished\":\"2018-06-12T14:14:25+00:00\",\"dateModified\":\"2018-06-12T14:14:25+00:00\",\"description\":\"El actor participa en la serie original de Netflix, 'La casa de las flores'.\",\"breadcrumb\":{\"@id\":\"https:\/\/graziamagazine.com\/es\/articles\/paco-leon-se-vuelve-mujer\/#breadcrumb\"},\"inLanguage\":\"es\",\"potentialAction\":[{\"@type\":\"ReadAction\",\"target\":[\"https:\/\/graziamagazine.com\/es\/articles\/paco-leon-se-vuelve-mujer\/\"]}]},{\"@type\":\"BreadcrumbList\",\"@id\":\"https:\/\/graziamagazine.com\/es\/articles\/paco-leon-se-vuelve-mujer\/#breadcrumb\",\"itemListElement\":[{\"@type\":\"ListItem\",\"position\":1,\"name\":\"Portada\",\"item\":\"https:\/\/graziamagazine.com\/es\/\"},{\"@type\":\"ListItem\",\"position\":2,\"name\":\"Paco Le\u00f3n se vuelve mujer\"}]},{\"@type\":\"WebSite\",\"@id\":\"https:\/\/graziamagazine.com\/es\/#website\",\"url\":\"https:\/\/graziamagazine.com\/es\/\",\"name\":\"Grazia\",\"description\":\"Moda, belleza, celebrities, estilo de vida...\",\"potentialAction\":[{\"@type\":\"SearchAction\",\"target\":{\"@type\":\"EntryPoint\",\"urlTemplate\":\"https:\/\/graziamagazine.com\/es\/?s={search_term_string}\"},\"query-input\":\"required name=search_term_string\"}],\"inLanguage\":\"es\"}]}<\/script>\n<!-- \/ Yoast SEO Premium plugin. -->","yoast_head_json":{"title":"Paco Le\u00f3n se vuelve mujer | Grazia","description":"El actor participa en la serie original de Netflix, 'La casa de las flores'.","robots":{"index":"index","follow":"follow","max-snippet":"max-snippet:-1","max-image-preview":"max-image-preview:large","max-video-preview":"max-video-preview:-1"},"canonical":"https:\/\/graziamagazine.com\/es\/articles\/paco-leon-se-vuelve-mujer\/","og_locale":"es_ES","og_type":"article","og_title":"Paco Le\u00f3n se vuelve mujer","og_description":"El actor participa en la serie original de Netflix, 'La casa de las flores'.","og_url":"https:\/\/graziamagazine.com\/es\/articles\/paco-leon-se-vuelve-mujer\/","og_site_name":"Grazia","og_image":[{"width":2520,"height":1418,"url":"https:\/\/graziamagazine.com\/es\/wp-content\/uploads\/sites\/12\/2018\/06\/La-Casa-de-las-Flores.jpg?fit=2520%2C1418","type":"image\/jpeg"}],"twitter_card":"summary_large_image","twitter_image":"http:\/\/s3-eu-west-1.amazonaws.com\/grazia-cdn\/wp-content\/uploads\/sites\/12\/2018\/06\/La-Casa-de-las-Flores.jpg","twitter_misc":{"Est. reading time":"2 minutos"},"schema":{"@context":"https:\/\/schema.org","@graph":[{"@type":"WebPage","@id":"https:\/\/graziamagazine.com\/es\/articles\/paco-leon-se-vuelve-mujer\/","url":"https:\/\/graziamagazine.com\/es\/articles\/paco-leon-se-vuelve-mujer\/","name":"Paco Le\u00f3n se vuelve mujer | Grazia","isPartOf":{"@id":"https:\/\/graziamagazine.com\/es\/#website"},"datePublished":"2018-06-12T14:14:25+00:00","dateModified":"2018-06-12T14:14:25+00:00","description":"El actor participa en la serie original de Netflix, 'La casa de las flores'.","breadcrumb":{"@id":"https:\/\/graziamagazine.com\/es\/articles\/paco-leon-se-vuelve-mujer\/#breadcrumb"},"inLanguage":"es","potentialAction":[{"@type":"ReadAction","target":["https:\/\/graziamagazine.com\/es\/articles\/paco-leon-se-vuelve-mujer\/"]}]},{"@type":"BreadcrumbList","@id":"https:\/\/graziamagazine.com\/es\/articles\/paco-leon-se-vuelve-mujer\/#breadcrumb","itemListElement":[{"@type":"ListItem","position":1,"name":"Portada","item":"https:\/\/graziamagazine.com\/es\/"},{"@type":"ListItem","position":2,"name":"Paco Le\u00f3n se vuelve mujer"}]},{"@type":"WebSite","@id":"https:\/\/graziamagazine.com\/es\/#website","url":"https:\/\/graziamagazine.com\/es\/","name":"Grazia","description":"Moda, belleza, celebrities, estilo de vida...","potentialAction":[{"@type":"SearchAction","target":{"@type":"EntryPoint","urlTemplate":"https:\/\/graziamagazine.com\/es\/?s={search_term_string}"},"query-input":"required name=search_term_string"}],"inLanguage":"es"}]}},"jetpack_sharing_enabled":true,"distributor_meta":false,"distributor_terms":false,"distributor_media":false,"distributor_original_site_name":"Grazia","distributor_original_site_url":"https:\/\/graziamagazine.com\/es","push-errors":false,"_links":{"self":[{"href":"https:\/\/graziamagazine.com\/es\/wp-json\/wp\/v2\/articles\/136415"}],"collection":[{"href":"https:\/\/graziamagazine.com\/es\/wp-json\/wp\/v2\/articles"}],"about":[{"href":"https:\/\/graziamagazine.com\/es\/wp-json\/wp\/v2\/types\/articles"}],"author":[{"embeddable":true,"href":"https:\/\/graziamagazine.com\/es\/wp-json\/wp\/v2\/users\/11623"}],"wp:attachment":[{"href":"https:\/\/graziamagazine.com\/es\/wp-json\/wp\/v2\/media?parent=136415"}],"wp:term":[{"taxonomy":"category","embeddable":true,"href":"https:\/\/graziamagazine.com\/es\/wp-json\/wp\/v2\/categories?post=136415"}],"curies":[{"name":"wp","href":"https:\/\/api.w.org\/{rel}","templated":true}]}}