{"id":136257,"date":"2018-06-08T15:33:43","date_gmt":"2018-06-08T13:33:43","guid":{"rendered":"https:\/\/graziamagazine.com\/es\/?p=136257"},"modified":"2018-06-08T15:33:45","modified_gmt":"2018-06-08T13:33:45","slug":"la-ultima-colaboracion-de-ikea-hara-de-tu-casa-el-nuevo-hot-spot-de-la-ciudad","status":"publish","type":"articles","link":"https:\/\/graziamagazine.com\/es\/articles\/la-ultima-colaboracion-de-ikea-hara-de-tu-casa-el-nuevo-hot-spot-de-la-ciudad\/","title":{"rendered":"La \u00faltima colaboraci\u00f3n de Ikea har\u00e1 de tu casa el nuevo &#8216;hot spot&#8217; de la ciudad"},"content":{"rendered":"<p>Desde que\u00a0<b>IKEA<\/b>\u00a0anunci\u00f3 su colaboraci\u00f3n con el dise\u00f1ador de culto,\u00a0<b>Virgil Abloh<\/b>, la generaci\u00f3n\u00a0<i>millennial<\/i>\u00a0no ha podido contener la emoci\u00f3n de so\u00f1ar con tener una casa\u00a0<i>\u00e0 la mode<\/i>. Y ahora que ya tenemos una idea casi completa de la colecci\u00f3n, y tras comprobar que el particular ADN del artista est\u00e1 plasmado en cada uno de los art\u00edculos, ya podemos entonar, alto y claro, el cl\u00e1sico \u00ab\u00a1Me lo pido todo!\u00bb.<\/p>\n<p>Comenzando por la bolsa muy Off-White (pues claro) y terminando con una alfombra que es, literalmente, un ticket de la tienda; esta colecci\u00f3n no puede ser m\u00e1s literal ni divertida.<\/p>\n<blockquote class=\"instagram-media\" style=\"background: #FFF; border: 0; border-radius: 3px; box-shadow: 0 0 1px 0 rgba(0,0,0,0.5),0 1px 10px 0 rgba(0,0,0,0.15); margin: 1px; max-width: 658px; padding: 0; width: calc(100% - 2px);\" data-instgrm-captioned=\"\" data-instgrm-permalink=\"https:\/\/www.instagram.com\/p\/BVCo6NphB7-\/\" data-instgrm-version=\"8\">\n<div style=\"padding: 8px;\">\n<div style=\"background: #F8F8F8; line-height: 0; margin-top: 40px; padding: 59.30555555555556% 0; text-align: center; width: 100%;\"><\/div>\n<p style=\"margin: 8px 0 0 0; padding: 0 4px;\"><a href=\"https:\/\/www.instagram.com\/p\/BVCo6NphB7-\/\"style=\"color: #000; font-family: Arial,sans-serif; font-size: 14px; font-style: normal; font-weight: normal; line-height: 17px; text-decoration: none; word-wrap: break-word;\"  target=\"_blank\" rel=\"noopener\" target=\"_blank\">Some of you guessed it! @virgilabloh @off____white prototyping a fresh take on the FRAKTA bag in IKEA\u2019s very own prototype shop in \u00c4lmhult. \u00abWe\u2019re in a moment where IKEA is transcending, and people are bringing this \u201cdo it yourself\u201d culture\u201d to the blue bag. What I\u2019m most interested in is doing that process in partnership with the brand. It\u2019s allowing me to put my opinion on a classic. It\u2019s unique, and distinctly as much of off-white as it&#8217;s IKEA\u00bb. Photo @piotrniepsuj . #IKEAtoday #Collaborationpartner #virgilabloh #offwhite #IKEADDD<\/a><\/p>\n<p style=\"color: #c9c8cd; font-family: Arial,sans-serif; font-size: 14px; line-height: 17px; margin-bottom: 0; margin-top: 8px; overflow: hidden; padding: 8px 0 7px; text-align: center; text-overflow: ellipsis; white-space: nowrap;\">Una publicaci\u00f3n compartida de <a href=\"https:\/\/www.instagram.com\/ikeatoday\/\"style=\"color: #c9c8cd; font-family: Arial,sans-serif; font-size: 14px; font-style: normal; font-weight: normal; line-height: 17px;\"  target=\"_blank\" rel=\"noopener\" target=\"_blank\"> IKEA Today<\/a> (@ikeatoday) el <time style=\"font-family: Arial,sans-serif; font-size: 14px; line-height: 17px;\" datetime=\"2017-06-07T14:11:29+00:00\">7 Jun, 2017 a las 7:11 PDT<\/time><\/p>\n<\/div>\n<\/blockquote>\n<p><script async defer src=\"\/\/www.instagram.com\/embed.js\"><\/script><\/p>\n<blockquote class=\"instagram-media\" style=\"background: #FFF; border: 0; border-radius: 3px; box-shadow: 0 0 1px 0 rgba(0,0,0,0.5),0 1px 10px 0 rgba(0,0,0,0.15); margin: 1px; max-width: 658px; padding: 0; width: calc(100% - 2px);\" data-instgrm-captioned=\"\" data-instgrm-permalink=\"https:\/\/www.instagram.com\/p\/Bjt2ZZOHK9n\/\" data-instgrm-version=\"8\">\n<div style=\"padding: 8px;\">\n<div style=\"background: #F8F8F8; line-height: 0; margin-top: 40px; padding: 50% 0; text-align: center; width: 100%;\"><\/div>\n<p style=\"margin: 8px 0 0 0; padding: 0 4px;\"><a href=\"https:\/\/www.instagram.com\/p\/Bjt2ZZOHK9n\/\"style=\"color: #000; font-family: Arial,sans-serif; font-size: 14px; font-style: normal; font-weight: normal; line-height: 17px; text-decoration: none; word-wrap: break-word;\"  target=\"_blank\" rel=\"noopener\" target=\"_blank\">Make a statement with \u201cCABINET\u201d, \u201cRUG\u201d, \u201cDOOR STOP\u201d @virgilabloh #IKEAtoday<\/a><\/p>\n<p style=\"color: #c9c8cd; font-family: Arial,sans-serif; font-size: 14px; line-height: 17px; margin-bottom: 0; margin-top: 8px; overflow: hidden; padding: 8px 0 7px; text-align: center; text-overflow: ellipsis; white-space: nowrap;\">Una publicaci\u00f3n compartida de <a href=\"https:\/\/www.instagram.com\/ikeatoday\/\"style=\"color: #c9c8cd; font-family: Arial,sans-serif; font-size: 14px; font-style: normal; font-weight: normal; line-height: 17px;\"  target=\"_blank\" rel=\"noopener\" target=\"_blank\"> IKEA Today<\/a> (@ikeatoday) el <time style=\"font-family: Arial,sans-serif; font-size: 14px; line-height: 17px;\" datetime=\"2018-06-07T08:16:11+00:00\">7 Jun, 2018 a las 1:16 PDT<\/time><\/p>\n<\/div>\n<\/blockquote>\n<p><script async defer src=\"\/\/www.instagram.com\/embed.js\"><\/script><\/p>\n<p>Abloh ha dejado claro que es el dise\u00f1ador del momento. Su <a href=\"https:\/\/graziamagazine.com\/es\/moda\/significa-nombramiento-virgil-abloh-director-artistico-louis-vuitton-menswear\/\">reciente nombramiento como director creativo de\u00a0<i>menswear<\/i>\u00a0de <strong>Louis Vuitton<\/strong><\/a>\u00a0coron\u00f3 su carrera, adem\u00e1s de que acaba de colaborar con\u00a0<strong>Rimowa<\/strong>\u00a0para crear una maleta totalmente transparente \u2014en palabras del creativo, 100% personalizable\u2014. Y claro que no debemos dejar de lado sus brillantes creaciones para Nike y Converse, mismas que han sido un rotundo \u00e9xito.<\/p>\n<p>Haciendo alarde de su esencia 360, Virgil trae para ti esos objetos est\u00e9ticamente bonitos para decorar tu casa y hacer que tu espacio sea \u00fanico. Claro que siendo una colecci\u00f3n tan anticipada, estamos seguros de que colgar\u00e1 la etiqueta de\u00a0<i>sold-out<\/i>\u00a0en minutos. Pero no te preocupes, la colecci\u00f3n no saldr\u00e1 hasta 2019, as\u00ed que tendr\u00e1s todo el tiempo de ahorrar para adquirir la colecci\u00f3n completa.<\/p>\n<p>Mientras tanto imagina tu casa con estos art\u00edculos\u00a0<i>s\u00faperultracool<\/i>\u2026<\/p>\n<blockquote class=\"instagram-media\" style=\"background: #FFF; border: 0; border-radius: 3px; box-shadow: 0 0 1px 0 rgba(0,0,0,0.5),0 1px 10px 0 rgba(0,0,0,0.15); margin: 1px; max-width: 658px; padding: 0; width: calc(100% - 2px);\" data-instgrm-captioned=\"\" data-instgrm-permalink=\"https:\/\/www.instagram.com\/p\/BjuAIlSAuhc\/\" data-instgrm-version=\"8\">\n<div style=\"padding: 8px;\">\n<div style=\"background: #F8F8F8; line-height: 0; margin-top: 40px; padding: 62.5% 0; text-align: center; width: 100%;\"><\/div>\n<p style=\"margin: 8px 0 0 0; padding: 0 4px;\"><a href=\"https:\/\/www.instagram.com\/p\/BjuAIlSAuhc\/\"style=\"color: #000; font-family: Arial,sans-serif; font-size: 14px; font-style: normal; font-weight: normal; line-height: 17px; text-decoration: none; word-wrap: break-word;\"  target=\"_blank\" rel=\"noopener\" target=\"_blank\">\u201c7 year mirror\u201d &amp; \u201cindoor mat\u201d and more works in progress @ikeatoday.<\/a><\/p>\n<p style=\"color: #c9c8cd; font-family: Arial,sans-serif; font-size: 14px; line-height: 17px; margin-bottom: 0; margin-top: 8px; overflow: hidden; padding: 8px 0 7px; text-align: center; text-overflow: ellipsis; white-space: nowrap;\">Una publicaci\u00f3n compartida de @<a href=\"https:\/\/www.instagram.com\/virgilabloh\/\"style=\"color: #c9c8cd; font-family: Arial,sans-serif; font-size: 14px; font-style: normal; font-weight: normal; line-height: 17px;\"  target=\"_blank\" rel=\"noopener\" target=\"_blank\"> virgilabloh<\/a> el <time style=\"font-family: Arial,sans-serif; font-size: 14px; line-height: 17px;\" datetime=\"2018-06-07T09:41:17+00:00\">7 Jun, 2018 a las 2:41 PDT<\/time><\/p>\n<\/div>\n<\/blockquote>\n<p><script async defer src=\"\/\/www.instagram.com\/embed.js\"><\/script><\/p>\n<blockquote class=\"instagram-media\" style=\"background: #FFF; border: 0; border-radius: 3px; box-shadow: 0 0 1px 0 rgba(0,0,0,0.5),0 1px 10px 0 rgba(0,0,0,0.15); margin: 1px; max-width: 658px; padding: 0; width: calc(100% - 2px);\" data-instgrm-captioned=\"\" data-instgrm-permalink=\"https:\/\/www.instagram.com\/p\/BaUCPd9g3RY\/\" data-instgrm-version=\"8\">\n<div style=\"padding: 8px;\">\n<div style=\"background: #F8F8F8; line-height: 0; margin-top: 40px; padding: 50.0% 0; text-align: center; width: 100%;\"><\/div>\n<p style=\"margin: 8px 0 0 0; padding: 0 4px;\"><a href=\"https:\/\/www.instagram.com\/p\/BaUCPd9g3RY\/\"style=\"color: #000; font-family: Arial,sans-serif; font-size: 14px; font-style: normal; font-weight: normal; line-height: 17px; text-decoration: none; word-wrap: break-word;\"  target=\"_blank\" rel=\"noopener\" target=\"_blank\">taking your input on this @ikeatoday interior design project. live in a second on twitter @virgilabloh via periscope #ikeaxvirgil<\/a><\/p>\n<p style=\"color: #c9c8cd; font-family: Arial,sans-serif; font-size: 14px; line-height: 17px; margin-bottom: 0; margin-top: 8px; overflow: hidden; padding: 8px 0 7px; text-align: center; text-overflow: ellipsis; white-space: nowrap;\">Una publicaci\u00f3n compartida de @<a href=\"https:\/\/www.instagram.com\/virgilabloh\/\"style=\"color: #c9c8cd; font-family: Arial,sans-serif; font-size: 14px; font-style: normal; font-weight: normal; line-height: 17px;\"  target=\"_blank\" rel=\"noopener\" target=\"_blank\"> virgilabloh<\/a> el <time style=\"font-family: Arial,sans-serif; font-size: 14px; line-height: 17px;\" datetime=\"2017-10-16T14:56:53+00:00\">16 Oct, 2017 a las 7:56 PDT<\/time><\/p>\n<\/div>\n<\/blockquote>\n<p><script async defer src=\"\/\/www.instagram.com\/embed.js\"><\/script><\/p>\n<p><em>Fotos: Cortes\u00eda<\/em><\/p>\n","protected":false},"author":11641,"featured_media":0,"template":"","format":"standard","categories":[1],"acf":[],"yoast_head":"<!-- This site is optimized with the Yoast SEO Premium plugin v18.5 (Yoast SEO v20.4) - https:\/\/yoast.com\/wordpress\/plugins\/seo\/ -->\n<title>La \u00faltima colaboraci\u00f3n de Ikea har\u00e1 de tu casa el nuevo &#039;hot spot&#039; de la ciudad | Grazia<\/title>\n<meta name=\"description\" content=\"Virgil Abloh impregna su esencia en una nueva l\u00ednea que saldr\u00e1 a la venta en 2019.\" \/>\n<meta name=\"robots\" content=\"index, follow, max-snippet:-1, max-image-preview:large, max-video-preview:-1\" \/>\n<link rel=\"canonical\" href=\"https:\/\/graziamagazine.com\/es\/articles\/la-ultima-colaboracion-de-ikea-hara-de-tu-casa-el-nuevo-hot-spot-de-la-ciudad\/\" \/>\n<meta property=\"og:locale\" content=\"es_ES\" \/>\n<meta property=\"og:type\" content=\"article\" \/>\n<meta property=\"og:title\" content=\"La \u00faltima colaboraci\u00f3n de Ikea har\u00e1 de tu casa el nuevo &#039;hot spot&#039; de la ciudad\" \/>\n<meta property=\"og:description\" content=\"Virgil Abloh impregna su esencia en una nueva l\u00ednea que saldr\u00e1 a la venta en 2019.\" \/>\n<meta property=\"og:url\" content=\"https:\/\/graziamagazine.com\/es\/articles\/la-ultima-colaboracion-de-ikea-hara-de-tu-casa-el-nuevo-hot-spot-de-la-ciudad\/\" \/>\n<meta property=\"og:site_name\" content=\"Grazia\" \/>\n<meta property=\"article:modified_time\" content=\"2018-06-08T13:33:45+00:00\" \/>\n<meta property=\"og:image\" content=\"https:\/\/graziamagazine.com\/es\/wp-content\/uploads\/sites\/12\/2018\/06\/virgil-ikea-official.jpg?fit=1200%2C800\" \/>\n\t<meta property=\"og:image:width\" content=\"1200\" \/>\n\t<meta property=\"og:image:height\" content=\"800\" \/>\n\t<meta property=\"og:image:type\" content=\"image\/jpeg\" \/>\n<meta name=\"twitter:card\" content=\"summary_large_image\" \/>\n<meta name=\"twitter:image\" content=\"http:\/\/s3-eu-west-1.amazonaws.com\/grazia-cdn\/wp-content\/uploads\/sites\/12\/2018\/06\/virgil-ikea-official.jpg\" \/>\n<meta name=\"twitter:label1\" content=\"Est. reading time\" \/>\n\t<meta name=\"twitter:data1\" content=\"2 minutos\" \/>\n<script type=\"application\/ld+json\" class=\"yoast-schema-graph\">{\"@context\":\"https:\/\/schema.org\",\"@graph\":[{\"@type\":\"WebPage\",\"@id\":\"https:\/\/graziamagazine.com\/es\/articles\/la-ultima-colaboracion-de-ikea-hara-de-tu-casa-el-nuevo-hot-spot-de-la-ciudad\/\",\"url\":\"https:\/\/graziamagazine.com\/es\/articles\/la-ultima-colaboracion-de-ikea-hara-de-tu-casa-el-nuevo-hot-spot-de-la-ciudad\/\",\"name\":\"La \u00faltima colaboraci\u00f3n de Ikea har\u00e1 de tu casa el nuevo 'hot spot' de la ciudad | Grazia\",\"isPartOf\":{\"@id\":\"https:\/\/graziamagazine.com\/es\/#website\"},\"datePublished\":\"2018-06-08T13:33:43+00:00\",\"dateModified\":\"2018-06-08T13:33:45+00:00\",\"description\":\"Virgil Abloh impregna su esencia en una nueva l\u00ednea que saldr\u00e1 a la venta en 2019.\",\"breadcrumb\":{\"@id\":\"https:\/\/graziamagazine.com\/es\/articles\/la-ultima-colaboracion-de-ikea-hara-de-tu-casa-el-nuevo-hot-spot-de-la-ciudad\/#breadcrumb\"},\"inLanguage\":\"es\",\"potentialAction\":[{\"@type\":\"ReadAction\",\"target\":[\"https:\/\/graziamagazine.com\/es\/articles\/la-ultima-colaboracion-de-ikea-hara-de-tu-casa-el-nuevo-hot-spot-de-la-ciudad\/\"]}]},{\"@type\":\"BreadcrumbList\",\"@id\":\"https:\/\/graziamagazine.com\/es\/articles\/la-ultima-colaboracion-de-ikea-hara-de-tu-casa-el-nuevo-hot-spot-de-la-ciudad\/#breadcrumb\",\"itemListElement\":[{\"@type\":\"ListItem\",\"position\":1,\"name\":\"Portada\",\"item\":\"https:\/\/graziamagazine.com\/es\/\"},{\"@type\":\"ListItem\",\"position\":2,\"name\":\"La \u00faltima colaboraci\u00f3n de Ikea har\u00e1 de tu casa el nuevo &#8216;hot spot&#8217; de la ciudad\"}]},{\"@type\":\"WebSite\",\"@id\":\"https:\/\/graziamagazine.com\/es\/#website\",\"url\":\"https:\/\/graziamagazine.com\/es\/\",\"name\":\"Grazia\",\"description\":\"Moda, belleza, celebrities, estilo de vida...\",\"potentialAction\":[{\"@type\":\"SearchAction\",\"target\":{\"@type\":\"EntryPoint\",\"urlTemplate\":\"https:\/\/graziamagazine.com\/es\/?s={search_term_string}\"},\"query-input\":\"required name=search_term_string\"}],\"inLanguage\":\"es\"}]}<\/script>\n<!-- \/ Yoast SEO Premium plugin. -->","yoast_head_json":{"title":"La \u00faltima colaboraci\u00f3n de Ikea har\u00e1 de tu casa el nuevo 'hot spot' de la ciudad | Grazia","description":"Virgil Abloh impregna su esencia en una nueva l\u00ednea que saldr\u00e1 a la venta en 2019.","robots":{"index":"index","follow":"follow","max-snippet":"max-snippet:-1","max-image-preview":"max-image-preview:large","max-video-preview":"max-video-preview:-1"},"canonical":"https:\/\/graziamagazine.com\/es\/articles\/la-ultima-colaboracion-de-ikea-hara-de-tu-casa-el-nuevo-hot-spot-de-la-ciudad\/","og_locale":"es_ES","og_type":"article","og_title":"La \u00faltima colaboraci\u00f3n de Ikea har\u00e1 de tu casa el nuevo 'hot spot' de la ciudad","og_description":"Virgil Abloh impregna su esencia en una nueva l\u00ednea que saldr\u00e1 a la venta en 2019.","og_url":"https:\/\/graziamagazine.com\/es\/articles\/la-ultima-colaboracion-de-ikea-hara-de-tu-casa-el-nuevo-hot-spot-de-la-ciudad\/","og_site_name":"Grazia","article_modified_time":"2018-06-08T13:33:45+00:00","og_image":[{"width":1200,"height":800,"url":"https:\/\/graziamagazine.com\/es\/wp-content\/uploads\/sites\/12\/2018\/06\/virgil-ikea-official.jpg?fit=1200%2C800","type":"image\/jpeg"}],"twitter_card":"summary_large_image","twitter_image":"http:\/\/s3-eu-west-1.amazonaws.com\/grazia-cdn\/wp-content\/uploads\/sites\/12\/2018\/06\/virgil-ikea-official.jpg","twitter_misc":{"Est. reading time":"2 minutos"},"schema":{"@context":"https:\/\/schema.org","@graph":[{"@type":"WebPage","@id":"https:\/\/graziamagazine.com\/es\/articles\/la-ultima-colaboracion-de-ikea-hara-de-tu-casa-el-nuevo-hot-spot-de-la-ciudad\/","url":"https:\/\/graziamagazine.com\/es\/articles\/la-ultima-colaboracion-de-ikea-hara-de-tu-casa-el-nuevo-hot-spot-de-la-ciudad\/","name":"La \u00faltima colaboraci\u00f3n de Ikea har\u00e1 de tu casa el nuevo 'hot spot' de la ciudad | Grazia","isPartOf":{"@id":"https:\/\/graziamagazine.com\/es\/#website"},"datePublished":"2018-06-08T13:33:43+00:00","dateModified":"2018-06-08T13:33:45+00:00","description":"Virgil Abloh impregna su esencia en una nueva l\u00ednea que saldr\u00e1 a la venta en 2019.","breadcrumb":{"@id":"https:\/\/graziamagazine.com\/es\/articles\/la-ultima-colaboracion-de-ikea-hara-de-tu-casa-el-nuevo-hot-spot-de-la-ciudad\/#breadcrumb"},"inLanguage":"es","potentialAction":[{"@type":"ReadAction","target":["https:\/\/graziamagazine.com\/es\/articles\/la-ultima-colaboracion-de-ikea-hara-de-tu-casa-el-nuevo-hot-spot-de-la-ciudad\/"]}]},{"@type":"BreadcrumbList","@id":"https:\/\/graziamagazine.com\/es\/articles\/la-ultima-colaboracion-de-ikea-hara-de-tu-casa-el-nuevo-hot-spot-de-la-ciudad\/#breadcrumb","itemListElement":[{"@type":"ListItem","position":1,"name":"Portada","item":"https:\/\/graziamagazine.com\/es\/"},{"@type":"ListItem","position":2,"name":"La \u00faltima colaboraci\u00f3n de Ikea har\u00e1 de tu casa el nuevo &#8216;hot spot&#8217; de la ciudad"}]},{"@type":"WebSite","@id":"https:\/\/graziamagazine.com\/es\/#website","url":"https:\/\/graziamagazine.com\/es\/","name":"Grazia","description":"Moda, belleza, celebrities, estilo de vida...","potentialAction":[{"@type":"SearchAction","target":{"@type":"EntryPoint","urlTemplate":"https:\/\/graziamagazine.com\/es\/?s={search_term_string}"},"query-input":"required name=search_term_string"}],"inLanguage":"es"}]}},"jetpack_sharing_enabled":true,"distributor_meta":false,"distributor_terms":false,"distributor_media":false,"distributor_original_site_name":"Grazia","distributor_original_site_url":"https:\/\/graziamagazine.com\/es","push-errors":false,"_links":{"self":[{"href":"https:\/\/graziamagazine.com\/es\/wp-json\/wp\/v2\/articles\/136257"}],"collection":[{"href":"https:\/\/graziamagazine.com\/es\/wp-json\/wp\/v2\/articles"}],"about":[{"href":"https:\/\/graziamagazine.com\/es\/wp-json\/wp\/v2\/types\/articles"}],"author":[{"embeddable":true,"href":"https:\/\/graziamagazine.com\/es\/wp-json\/wp\/v2\/users\/11641"}],"wp:attachment":[{"href":"https:\/\/graziamagazine.com\/es\/wp-json\/wp\/v2\/media?parent=136257"}],"wp:term":[{"taxonomy":"category","embeddable":true,"href":"https:\/\/graziamagazine.com\/es\/wp-json\/wp\/v2\/categories?post=136257"}],"curies":[{"name":"wp","href":"https:\/\/api.w.org\/{rel}","templated":true}]}}