{"id":136012,"date":"2018-06-05T16:36:40","date_gmt":"2018-06-05T14:36:40","guid":{"rendered":"https:\/\/graziamagazine.com\/es\/?p=136012"},"modified":"2018-06-05T16:36:40","modified_gmt":"2018-06-05T14:36:40","slug":"sale-a-la-venta-la-bici-de-stranger-things","status":"publish","type":"articles","link":"https:\/\/graziamagazine.com\/es\/articles\/sale-a-la-venta-la-bici-de-stranger-things\/","title":{"rendered":"Sale a la venta la bici de &#8216;Stranger Things&#8217;"},"content":{"rendered":"<p>Mientras esperas a que llegue a Netflix la tercera temporada de <em>Stranger Things<\/em>, qu\u00e9 te parece disfrutar este verano montada en una bicicleta igualita que la que usa Mike Wheeler en la serie.<\/p>\n<p><iframe loading=\"lazy\" src=\"https:\/\/www.youtube.com\/embed\/16sUvkfzFdA\" width=\"560\" height=\"315\" frameborder=\"0\" allowfullscreen=\"allowfullscreen\"><\/iframe><\/p>\n<p>La bici en cuesti\u00f3n recibe el nomnre de \u201cMike\u2019s Bike\u201d y est\u00e1 inspirada en la misma que usa el personaje en las dos temporadas que conocemos de la serie protagonizada por <strong>Millie Bobby Brown<\/strong> y <strong>Winona Rider<\/strong>.<\/p>\n<p>Adem\u00e1s, la bicicleta se presenta en una caja para coleccionistas e incluye todo lo que se esperar\u00eda de este modelo en los a\u00f1os 80, como una horquilla de suspensi\u00f3n delantera <em>springer<\/em>, barras de gran altura, clavijas traseras, una luz delantera y una campana.<\/p>\n<p>Para conseguirla tendr\u00e1s que llamar al 1-800-SCHWINN, igual que se hac\u00eda en aquella \u00e9poca en la que internet ni exist\u00eda, y hasta han hecho un falso anuncio publicitario:<\/p>\n<p><iframe loading=\"lazy\" src=\"https:\/\/www.youtube.com\/embed\/D28ISOCtkBM\" width=\"560\" height=\"315\" frameborder=\"0\" allowfullscreen=\"allowfullscreen\"><\/iframe><\/p>\n<p>Podr\u00e1s hacerte con una de estas exclusivas 500 bicicletas por el \u00abm\u00f3dico\u00bb precio de 379.99 d\u00f3lares. \u00bfTe animas?<\/p>\n<p><em>Foto: Getty Images<\/em><\/p>\n<p>&nbsp;<\/p>\n","protected":false},"author":11650,"featured_media":0,"template":"","format":"standard","categories":[18],"acf":[],"yoast_head":"<!-- This site is optimized with the Yoast SEO Premium plugin v18.5 (Yoast SEO v20.4) - https:\/\/yoast.com\/wordpress\/plugins\/seo\/ -->\n<title>Sale a la venta la bici de &#039;Stranger Things&#039; | Grazia<\/title>\n<meta name=\"description\" content=\"Si la quieres date prisa en conseguirla porque solo har\u00e1n 500 unidades.\" \/>\n<meta name=\"robots\" content=\"index, follow, max-snippet:-1, max-image-preview:large, max-video-preview:-1\" \/>\n<link rel=\"canonical\" href=\"https:\/\/graziamagazine.com\/es\/articles\/sale-a-la-venta-la-bici-de-stranger-things\/\" \/>\n<meta property=\"og:locale\" content=\"es_ES\" \/>\n<meta property=\"og:type\" content=\"article\" \/>\n<meta property=\"og:title\" content=\"Sale a la venta la bici de &#039;Stranger Things&#039;\" \/>\n<meta property=\"og:description\" content=\"Si la quieres date prisa en conseguirla porque solo har\u00e1n 500 unidades.\" \/>\n<meta property=\"og:url\" content=\"https:\/\/graziamagazine.com\/es\/articles\/sale-a-la-venta-la-bici-de-stranger-things\/\" \/>\n<meta property=\"og:site_name\" content=\"Grazia\" \/>\n<meta property=\"og:image\" content=\"https:\/\/graziamagazine.com\/es\/wp-content\/uploads\/sites\/12\/2018\/06\/stranger-things-actores-1521625394.jpg?fit=980%2C714\" \/>\n\t<meta property=\"og:image:width\" content=\"980\" \/>\n\t<meta property=\"og:image:height\" content=\"714\" \/>\n\t<meta property=\"og:image:type\" content=\"image\/jpeg\" \/>\n<meta name=\"twitter:card\" content=\"summary_large_image\" \/>\n<meta name=\"twitter:image\" content=\"http:\/\/s3-eu-west-1.amazonaws.com\/grazia-cdn\/wp-content\/uploads\/sites\/12\/2018\/06\/stranger-things-actores-1521625394.jpg\" \/>\n<meta name=\"twitter:label1\" content=\"Est. reading time\" \/>\n\t<meta name=\"twitter:data1\" content=\"1 minuto\" \/>\n<script type=\"application\/ld+json\" class=\"yoast-schema-graph\">{\"@context\":\"https:\/\/schema.org\",\"@graph\":[{\"@type\":\"WebPage\",\"@id\":\"https:\/\/graziamagazine.com\/es\/articles\/sale-a-la-venta-la-bici-de-stranger-things\/\",\"url\":\"https:\/\/graziamagazine.com\/es\/articles\/sale-a-la-venta-la-bici-de-stranger-things\/\",\"name\":\"Sale a la venta la bici de 'Stranger Things' | Grazia\",\"isPartOf\":{\"@id\":\"https:\/\/graziamagazine.com\/es\/#website\"},\"datePublished\":\"2018-06-05T14:36:40+00:00\",\"dateModified\":\"2018-06-05T14:36:40+00:00\",\"description\":\"Si la quieres date prisa en conseguirla porque solo har\u00e1n 500 unidades.\",\"breadcrumb\":{\"@id\":\"https:\/\/graziamagazine.com\/es\/articles\/sale-a-la-venta-la-bici-de-stranger-things\/#breadcrumb\"},\"inLanguage\":\"es\",\"potentialAction\":[{\"@type\":\"ReadAction\",\"target\":[\"https:\/\/graziamagazine.com\/es\/articles\/sale-a-la-venta-la-bici-de-stranger-things\/\"]}]},{\"@type\":\"BreadcrumbList\",\"@id\":\"https:\/\/graziamagazine.com\/es\/articles\/sale-a-la-venta-la-bici-de-stranger-things\/#breadcrumb\",\"itemListElement\":[{\"@type\":\"ListItem\",\"position\":1,\"name\":\"Portada\",\"item\":\"https:\/\/graziamagazine.com\/es\/\"},{\"@type\":\"ListItem\",\"position\":2,\"name\":\"Sale a la venta la bici de &#8216;Stranger Things&#8217;\"}]},{\"@type\":\"WebSite\",\"@id\":\"https:\/\/graziamagazine.com\/es\/#website\",\"url\":\"https:\/\/graziamagazine.com\/es\/\",\"name\":\"Grazia\",\"description\":\"Moda, belleza, celebrities, estilo de vida...\",\"potentialAction\":[{\"@type\":\"SearchAction\",\"target\":{\"@type\":\"EntryPoint\",\"urlTemplate\":\"https:\/\/graziamagazine.com\/es\/?s={search_term_string}\"},\"query-input\":\"required name=search_term_string\"}],\"inLanguage\":\"es\"}]}<\/script>\n<!-- \/ Yoast SEO Premium plugin. -->","yoast_head_json":{"title":"Sale a la venta la bici de 'Stranger Things' | Grazia","description":"Si la quieres date prisa en conseguirla porque solo har\u00e1n 500 unidades.","robots":{"index":"index","follow":"follow","max-snippet":"max-snippet:-1","max-image-preview":"max-image-preview:large","max-video-preview":"max-video-preview:-1"},"canonical":"https:\/\/graziamagazine.com\/es\/articles\/sale-a-la-venta-la-bici-de-stranger-things\/","og_locale":"es_ES","og_type":"article","og_title":"Sale a la venta la bici de 'Stranger Things'","og_description":"Si la quieres date prisa en conseguirla porque solo har\u00e1n 500 unidades.","og_url":"https:\/\/graziamagazine.com\/es\/articles\/sale-a-la-venta-la-bici-de-stranger-things\/","og_site_name":"Grazia","og_image":[{"width":980,"height":714,"url":"https:\/\/graziamagazine.com\/es\/wp-content\/uploads\/sites\/12\/2018\/06\/stranger-things-actores-1521625394.jpg?fit=980%2C714","type":"image\/jpeg"}],"twitter_card":"summary_large_image","twitter_image":"http:\/\/s3-eu-west-1.amazonaws.com\/grazia-cdn\/wp-content\/uploads\/sites\/12\/2018\/06\/stranger-things-actores-1521625394.jpg","twitter_misc":{"Est. reading time":"1 minuto"},"schema":{"@context":"https:\/\/schema.org","@graph":[{"@type":"WebPage","@id":"https:\/\/graziamagazine.com\/es\/articles\/sale-a-la-venta-la-bici-de-stranger-things\/","url":"https:\/\/graziamagazine.com\/es\/articles\/sale-a-la-venta-la-bici-de-stranger-things\/","name":"Sale a la venta la bici de 'Stranger Things' | Grazia","isPartOf":{"@id":"https:\/\/graziamagazine.com\/es\/#website"},"datePublished":"2018-06-05T14:36:40+00:00","dateModified":"2018-06-05T14:36:40+00:00","description":"Si la quieres date prisa en conseguirla porque solo har\u00e1n 500 unidades.","breadcrumb":{"@id":"https:\/\/graziamagazine.com\/es\/articles\/sale-a-la-venta-la-bici-de-stranger-things\/#breadcrumb"},"inLanguage":"es","potentialAction":[{"@type":"ReadAction","target":["https:\/\/graziamagazine.com\/es\/articles\/sale-a-la-venta-la-bici-de-stranger-things\/"]}]},{"@type":"BreadcrumbList","@id":"https:\/\/graziamagazine.com\/es\/articles\/sale-a-la-venta-la-bici-de-stranger-things\/#breadcrumb","itemListElement":[{"@type":"ListItem","position":1,"name":"Portada","item":"https:\/\/graziamagazine.com\/es\/"},{"@type":"ListItem","position":2,"name":"Sale a la venta la bici de &#8216;Stranger Things&#8217;"}]},{"@type":"WebSite","@id":"https:\/\/graziamagazine.com\/es\/#website","url":"https:\/\/graziamagazine.com\/es\/","name":"Grazia","description":"Moda, belleza, celebrities, estilo de vida...","potentialAction":[{"@type":"SearchAction","target":{"@type":"EntryPoint","urlTemplate":"https:\/\/graziamagazine.com\/es\/?s={search_term_string}"},"query-input":"required name=search_term_string"}],"inLanguage":"es"}]}},"jetpack_sharing_enabled":true,"distributor_meta":false,"distributor_terms":false,"distributor_media":false,"distributor_original_site_name":"Grazia","distributor_original_site_url":"https:\/\/graziamagazine.com\/es","push-errors":false,"_links":{"self":[{"href":"https:\/\/graziamagazine.com\/es\/wp-json\/wp\/v2\/articles\/136012"}],"collection":[{"href":"https:\/\/graziamagazine.com\/es\/wp-json\/wp\/v2\/articles"}],"about":[{"href":"https:\/\/graziamagazine.com\/es\/wp-json\/wp\/v2\/types\/articles"}],"author":[{"embeddable":true,"href":"https:\/\/graziamagazine.com\/es\/wp-json\/wp\/v2\/users\/11650"}],"wp:attachment":[{"href":"https:\/\/graziamagazine.com\/es\/wp-json\/wp\/v2\/media?parent=136012"}],"wp:term":[{"taxonomy":"category","embeddable":true,"href":"https:\/\/graziamagazine.com\/es\/wp-json\/wp\/v2\/categories?post=136012"}],"curies":[{"name":"wp","href":"https:\/\/api.w.org\/{rel}","templated":true}]}}