{"id":135863,"date":"2018-05-31T19:24:18","date_gmt":"2018-05-31T17:24:18","guid":{"rendered":"https:\/\/graziamagazine.com\/es\/?p=135863"},"modified":"2018-05-31T19:24:20","modified_gmt":"2018-05-31T17:24:20","slug":"miguel-torres-sorprende-a-paula-echevarria-en-pleno-rodaje","status":"publish","type":"articles","link":"https:\/\/graziamagazine.com\/es\/articles\/miguel-torres-sorprende-a-paula-echevarria-en-pleno-rodaje\/","title":{"rendered":"Miguel Torres sorprende a Paula Echevarr\u00eda en pleno rodaje"},"content":{"rendered":"<p>Una de nuestras actrices e <em>it girls<\/em> m\u00e1s internacionales sigue de suerte. Despu\u00e9s de firmar su divorcio con <strong>David Bustamante<\/strong> y despedirse definitivamente de <em>Velvet<\/em> en 2017, <strong>Paula Echevarr\u00eda<\/strong> est\u00e1 viviendo un a\u00f1o mucho mejor que el anterior, con nueva pareja y disfrutando de su \u00faltimo proyecto.<\/p>\n<p>Llevamos ya un tiempo viendo c\u00f3mo Echevarr\u00eda est\u00e1 tan inmersa en el rodaje de Los Nuestros 2, que incluso a ofrecido disculpas en sus redes sociales por estar tan ausente. Tambi\u00e9n su blog de moda, referente para muchas <em>fashionistas<\/em>, se ha visto mermado por la gran carga de trabajo de la actriz. De ah\u00ed que nos haga tanta ilusi\u00f3n que la asturiana haya sacado un hueco en su ajetreada agenda para viajar a M\u00e9xico y protagonizar la nueva portada de nuestra edici\u00f3n en ese pa\u00eds.<\/p>\n<blockquote class=\"instagram-media\" style=\"background: #FFF; border: 0; border-radius: 3px; box-shadow: 0 0 1px 0 rgba(0,0,0,0.5),0 1px 10px 0 rgba(0,0,0,0.15); margin: 1px; max-width: 658px; padding: 0; width: calc(100% - 2px);\" data-instgrm-captioned=\"\" data-instgrm-permalink=\"https:\/\/www.instagram.com\/p\/BjZM3h1FEjh\/\" data-instgrm-version=\"8\">\n<div style=\"padding: 8px;\">\n<div style=\"background: #F8F8F8; line-height: 0; margin-top: 40px; padding: 50.0% 0; text-align: center; width: 100%;\"><\/div>\n<p style=\"margin: 8px 0 0 0; padding: 0 4px;\"><a href=\"https:\/\/www.instagram.com\/p\/BjZM3h1FEjh\/\"style=\"color: #000; font-family: Arial,sans-serif; font-size: 14px; font-style: normal; font-weight: normal; line-height: 17px; text-decoration: none; word-wrap: break-word;\"  target=\"_blank\" rel=\"noopener\" target=\"_blank\">Gracias por esta portada @graziamexico!!! \ud83d\udca3\ud83d\udca5\ud83d\udca3 #Repost @graziamexico Paula Echevarr\u00eda protagoniza #GraziaJunio, damos inicio al verano con los esenciales para vivirlo con estilo: joyas, trajes de ba\u00f1o y los mejores productos de belleza. Adem\u00e1s, el encanto de #RossydePalma. #SummerSeduction @pau_eche #paulaechevarria @rossydpalma \u2014\u2014\u2014\u2014\u2014\u2014\u2014\u2014\u2014\u2014\u2014\u2014\u2014\u2014\u2014\u2014\u2014\u2014\u2014\u2014\u2014\u2014\u2014\u2014\u2014\u2014\u2014Fotograf\u00eda: @ivanaguirrefotografo Editora de moda: @annielask Muah: @mikvarez Modelos: Jesus y Ted para @paragonmodelm Grooming: @gusbortolotti Asistentes de coordinaci\u00f3n: @nessdeluna y @andreaurial Locaci\u00f3n: Hotel Presidente<\/a><\/p>\n<p style=\"color: #c9c8cd; font-family: Arial,sans-serif; font-size: 14px; line-height: 17px; margin-bottom: 0; margin-top: 8px; overflow: hidden; padding: 8px 0 7px; text-align: center; text-overflow: ellipsis; white-space: nowrap;\">Una publicaci\u00f3n compartida de <a href=\"https:\/\/www.instagram.com\/pau_eche\/\"style=\"color: #c9c8cd; font-family: Arial,sans-serif; font-size: 14px; font-style: normal; font-weight: normal; line-height: 17px;\"  target=\"_blank\" rel=\"noopener\" target=\"_blank\"> Paula Echevarria<\/a> (@pau_eche) el <time style=\"font-family: Arial,sans-serif; font-size: 14px; line-height: 17px;\" datetime=\"2018-05-30T07:49:45+00:00\">30 May, 2018 a las 12:49 PDT<\/time><\/p>\n<\/div>\n<\/blockquote>\n<p><script async defer src=\"\/\/www.instagram.com\/embed.js\"><\/script><\/p>\n<p>Entre tanto trabajo, y mientras estaba en Toledo grabando algunas escenas, Paula ha recibido una visita que le ha hecho muy feliz. Su novio, el futbolista <strong>Miguel Torres<\/strong> se ha colado en el rodaje de la serie para sorprender a su chica. As\u00ed lo ha afirmado la revista Diez Minutos, quien a\u00f1ade que a los dos se les pudo ver muy enamorados por el set e incluso, en un momento dado, ella se sent\u00f3 en las rodillas de \u00e9l mientras tomaban un descanso.<\/p>\n<p>Afortunada en el amor y tambi\u00e9n en el trabajo, \u00bfqu\u00e9 m\u00e1s se puede pedir?<\/p>\n<p><em>Foto: The Grosby Group<\/em><\/p>\n","protected":false},"author":11650,"featured_media":0,"template":"","format":"standard","categories":[13],"acf":[],"yoast_head":"<!-- This site is optimized with the Yoast SEO Premium plugin v18.5 (Yoast SEO v20.4) - https:\/\/yoast.com\/wordpress\/plugins\/seo\/ -->\n<title>Miguel Torres sorprende a Paula Echevarr\u00eda en pleno rodaje | Grazia<\/title>\n<meta name=\"description\" content=\"La asturiana se encuentra inmersa en el rodaje de la segunda parte de la serie &#039;Los Nuestros&#039;.\" \/>\n<meta name=\"robots\" content=\"index, follow, max-snippet:-1, max-image-preview:large, max-video-preview:-1\" \/>\n<link rel=\"canonical\" href=\"https:\/\/graziamagazine.com\/es\/articles\/miguel-torres-sorprende-a-paula-echevarria-en-pleno-rodaje\/\" \/>\n<meta property=\"og:locale\" content=\"es_ES\" \/>\n<meta property=\"og:type\" content=\"article\" \/>\n<meta property=\"og:title\" content=\"Miguel Torres sorprende a Paula Echevarr\u00eda en pleno rodaje\" \/>\n<meta property=\"og:description\" content=\"La asturiana se encuentra inmersa en el rodaje de la segunda parte de la serie &#039;Los Nuestros&#039;.\" \/>\n<meta property=\"og:url\" content=\"https:\/\/graziamagazine.com\/es\/articles\/miguel-torres-sorprende-a-paula-echevarria-en-pleno-rodaje\/\" \/>\n<meta property=\"og:site_name\" content=\"Grazia\" \/>\n<meta property=\"article:modified_time\" content=\"2018-05-31T17:24:20+00:00\" \/>\n<meta property=\"og:image\" content=\"https:\/\/graziamagazine.com\/es\/wp-content\/uploads\/sites\/12\/2018\/05\/Lagencia_Grosby_GRG1945778.jpg?fit=2456%2C1638\" \/>\n\t<meta property=\"og:image:width\" content=\"2456\" \/>\n\t<meta property=\"og:image:height\" content=\"1638\" \/>\n\t<meta property=\"og:image:type\" content=\"image\/jpeg\" \/>\n<meta name=\"twitter:card\" content=\"summary_large_image\" \/>\n<meta name=\"twitter:image\" content=\"http:\/\/s3-eu-west-1.amazonaws.com\/grazia-cdn\/wp-content\/uploads\/sites\/12\/2018\/05\/Lagencia_Grosby_GRG1945778.jpg\" \/>\n<meta name=\"twitter:label1\" content=\"Est. reading time\" \/>\n\t<meta name=\"twitter:data1\" content=\"2 minutos\" \/>\n<script type=\"application\/ld+json\" class=\"yoast-schema-graph\">{\"@context\":\"https:\/\/schema.org\",\"@graph\":[{\"@type\":\"WebPage\",\"@id\":\"https:\/\/graziamagazine.com\/es\/articles\/miguel-torres-sorprende-a-paula-echevarria-en-pleno-rodaje\/\",\"url\":\"https:\/\/graziamagazine.com\/es\/articles\/miguel-torres-sorprende-a-paula-echevarria-en-pleno-rodaje\/\",\"name\":\"Miguel Torres sorprende a Paula Echevarr\u00eda en pleno rodaje | Grazia\",\"isPartOf\":{\"@id\":\"https:\/\/graziamagazine.com\/es\/#website\"},\"datePublished\":\"2018-05-31T17:24:18+00:00\",\"dateModified\":\"2018-05-31T17:24:20+00:00\",\"description\":\"La asturiana se encuentra inmersa en el rodaje de la segunda parte de la serie 'Los Nuestros'.\",\"breadcrumb\":{\"@id\":\"https:\/\/graziamagazine.com\/es\/articles\/miguel-torres-sorprende-a-paula-echevarria-en-pleno-rodaje\/#breadcrumb\"},\"inLanguage\":\"es\",\"potentialAction\":[{\"@type\":\"ReadAction\",\"target\":[\"https:\/\/graziamagazine.com\/es\/articles\/miguel-torres-sorprende-a-paula-echevarria-en-pleno-rodaje\/\"]}]},{\"@type\":\"BreadcrumbList\",\"@id\":\"https:\/\/graziamagazine.com\/es\/articles\/miguel-torres-sorprende-a-paula-echevarria-en-pleno-rodaje\/#breadcrumb\",\"itemListElement\":[{\"@type\":\"ListItem\",\"position\":1,\"name\":\"Portada\",\"item\":\"https:\/\/graziamagazine.com\/es\/\"},{\"@type\":\"ListItem\",\"position\":2,\"name\":\"Miguel Torres sorprende a Paula Echevarr\u00eda en pleno rodaje\"}]},{\"@type\":\"WebSite\",\"@id\":\"https:\/\/graziamagazine.com\/es\/#website\",\"url\":\"https:\/\/graziamagazine.com\/es\/\",\"name\":\"Grazia\",\"description\":\"Moda, belleza, celebrities, estilo de vida...\",\"potentialAction\":[{\"@type\":\"SearchAction\",\"target\":{\"@type\":\"EntryPoint\",\"urlTemplate\":\"https:\/\/graziamagazine.com\/es\/?s={search_term_string}\"},\"query-input\":\"required name=search_term_string\"}],\"inLanguage\":\"es\"}]}<\/script>\n<!-- \/ Yoast SEO Premium plugin. -->","yoast_head_json":{"title":"Miguel Torres sorprende a Paula Echevarr\u00eda en pleno rodaje | Grazia","description":"La asturiana se encuentra inmersa en el rodaje de la segunda parte de la serie 'Los Nuestros'.","robots":{"index":"index","follow":"follow","max-snippet":"max-snippet:-1","max-image-preview":"max-image-preview:large","max-video-preview":"max-video-preview:-1"},"canonical":"https:\/\/graziamagazine.com\/es\/articles\/miguel-torres-sorprende-a-paula-echevarria-en-pleno-rodaje\/","og_locale":"es_ES","og_type":"article","og_title":"Miguel Torres sorprende a Paula Echevarr\u00eda en pleno rodaje","og_description":"La asturiana se encuentra inmersa en el rodaje de la segunda parte de la serie 'Los Nuestros'.","og_url":"https:\/\/graziamagazine.com\/es\/articles\/miguel-torres-sorprende-a-paula-echevarria-en-pleno-rodaje\/","og_site_name":"Grazia","article_modified_time":"2018-05-31T17:24:20+00:00","og_image":[{"width":2456,"height":1638,"url":"https:\/\/graziamagazine.com\/es\/wp-content\/uploads\/sites\/12\/2018\/05\/Lagencia_Grosby_GRG1945778.jpg?fit=2456%2C1638","type":"image\/jpeg"}],"twitter_card":"summary_large_image","twitter_image":"http:\/\/s3-eu-west-1.amazonaws.com\/grazia-cdn\/wp-content\/uploads\/sites\/12\/2018\/05\/Lagencia_Grosby_GRG1945778.jpg","twitter_misc":{"Est. reading time":"2 minutos"},"schema":{"@context":"https:\/\/schema.org","@graph":[{"@type":"WebPage","@id":"https:\/\/graziamagazine.com\/es\/articles\/miguel-torres-sorprende-a-paula-echevarria-en-pleno-rodaje\/","url":"https:\/\/graziamagazine.com\/es\/articles\/miguel-torres-sorprende-a-paula-echevarria-en-pleno-rodaje\/","name":"Miguel Torres sorprende a Paula Echevarr\u00eda en pleno rodaje | Grazia","isPartOf":{"@id":"https:\/\/graziamagazine.com\/es\/#website"},"datePublished":"2018-05-31T17:24:18+00:00","dateModified":"2018-05-31T17:24:20+00:00","description":"La asturiana se encuentra inmersa en el rodaje de la segunda parte de la serie 'Los Nuestros'.","breadcrumb":{"@id":"https:\/\/graziamagazine.com\/es\/articles\/miguel-torres-sorprende-a-paula-echevarria-en-pleno-rodaje\/#breadcrumb"},"inLanguage":"es","potentialAction":[{"@type":"ReadAction","target":["https:\/\/graziamagazine.com\/es\/articles\/miguel-torres-sorprende-a-paula-echevarria-en-pleno-rodaje\/"]}]},{"@type":"BreadcrumbList","@id":"https:\/\/graziamagazine.com\/es\/articles\/miguel-torres-sorprende-a-paula-echevarria-en-pleno-rodaje\/#breadcrumb","itemListElement":[{"@type":"ListItem","position":1,"name":"Portada","item":"https:\/\/graziamagazine.com\/es\/"},{"@type":"ListItem","position":2,"name":"Miguel Torres sorprende a Paula Echevarr\u00eda en pleno rodaje"}]},{"@type":"WebSite","@id":"https:\/\/graziamagazine.com\/es\/#website","url":"https:\/\/graziamagazine.com\/es\/","name":"Grazia","description":"Moda, belleza, celebrities, estilo de vida...","potentialAction":[{"@type":"SearchAction","target":{"@type":"EntryPoint","urlTemplate":"https:\/\/graziamagazine.com\/es\/?s={search_term_string}"},"query-input":"required name=search_term_string"}],"inLanguage":"es"}]}},"jetpack_sharing_enabled":true,"distributor_meta":false,"distributor_terms":false,"distributor_media":false,"distributor_original_site_name":"Grazia","distributor_original_site_url":"https:\/\/graziamagazine.com\/es","push-errors":false,"_links":{"self":[{"href":"https:\/\/graziamagazine.com\/es\/wp-json\/wp\/v2\/articles\/135863"}],"collection":[{"href":"https:\/\/graziamagazine.com\/es\/wp-json\/wp\/v2\/articles"}],"about":[{"href":"https:\/\/graziamagazine.com\/es\/wp-json\/wp\/v2\/types\/articles"}],"author":[{"embeddable":true,"href":"https:\/\/graziamagazine.com\/es\/wp-json\/wp\/v2\/users\/11650"}],"wp:attachment":[{"href":"https:\/\/graziamagazine.com\/es\/wp-json\/wp\/v2\/media?parent=135863"}],"wp:term":[{"taxonomy":"category","embeddable":true,"href":"https:\/\/graziamagazine.com\/es\/wp-json\/wp\/v2\/categories?post=135863"}],"curies":[{"name":"wp","href":"https:\/\/api.w.org\/{rel}","templated":true}]}}