{"id":135218,"date":"2018-05-19T21:18:16","date_gmt":"2018-05-19T19:18:16","guid":{"rendered":"https:\/\/graziamagazine.com\/es\/?p=135218"},"modified":"2018-05-19T21:18:20","modified_gmt":"2018-05-19T19:18:20","slug":"todos-los-detalles-sobre-el-segundo-vestido-de-meghan-markle","status":"publish","type":"articles","link":"https:\/\/graziamagazine.com\/es\/articles\/todos-los-detalles-sobre-el-segundo-vestido-de-meghan-markle\/","title":{"rendered":"Todos los detalles sobre el segundo vestido de Meghan Markle"},"content":{"rendered":"<p>La recepci\u00f3n en el castillo de Windsor ha terminado. La presi\u00f3n de saber que ten\u00edan a 1,5 millones de personas en todo el mundo siguiendo cada paso de su boda, tambi\u00e9n. Ahora, mucho m\u00e1s relajados, <strong>Meghan Markle<\/strong> y el <strong>pr\u00edncipe Harry<\/strong> aparecieron frente a las c\u00e1maras para trasladarse a su segundo evento en\u00a0<i>Frogmore House<\/i>.<\/p>\n<p>Para la ocasi\u00f3n,\u00a0<b>Meghan Markle<\/b>\u00a0visti\u00f3 una creaci\u00f3n\u00a0<i>bespoke<\/i>\u00a0de\u00a0<b>Stella McCartney<\/b>\u00a0con cuello halter y cola, acompa\u00f1ado de pendientes de diamantes,\u00a0<em>stilettos<\/em>\u00a0<strong>Aquazzura<\/strong>\u00a0y su ya emblem\u00e1tico\u00a0<i>messy bun<\/i>.<\/p>\n<p>Por su parte, el <strong>pr\u00edncipe Harry<\/strong> cambi\u00f3 su atuendo a un\u00a0<i>smoking<\/i>\u00a0a la altura de un evento un evento\u00a0<i>black tie<\/i>.<\/p>\n<p>Ambos\u00a0<i>royal<\/i>\u00a0abordaron un\u00a0<i>Jaguar E-Type<\/i>\u00a0del 68, conducido por el mismo pr\u00edncipe \u2014\u00bfno te recuerda al momento que Kate y Guillermo salieron de Buckingham Palace?<\/p>\n<blockquote class=\"instagram-media\" style=\"background: #FFF; border: 0; border-radius: 3px; box-shadow: 0 0 1px 0 rgba(0,0,0,0.5),0 1px 10px 0 rgba(0,0,0,0.15); margin: 1px; max-width: 658px; padding: 0; width: calc(100% - 2px);\" data-instgrm-captioned=\"\" data-instgrm-permalink=\"https:\/\/www.instagram.com\/p\/Bi-DtLSAvVC\/\" data-instgrm-version=\"8\">\n<div style=\"padding: 8px;\">\n<div style=\"background: #F8F8F8; line-height: 0; margin-top: 40px; padding: 28.26388888888889% 0; text-align: center; width: 100%;\"><\/div>\n<p style=\"margin: 8px 0 0 0; padding: 0 4px;\"><a href=\"https:\/\/www.instagram.com\/p\/Bi-DtLSAvVC\/\"style=\"color: #000; font-family: Arial,sans-serif; font-size: 14px; font-style: normal; font-weight: normal; line-height: 17px; text-decoration: none; word-wrap: break-word;\"  target=\"_blank\" rel=\"noopener\" target=\"_blank\">The Duke and Duchess of Sussex depart Windsor Castle for a reception hosted by The Prince of Wales at Frogmore House, in a silver blue Jaguar E-Type Concept Zero. This vehicle was originally manufactured in 1968, and has since been converted to electric power #RoyalWedding<\/a><\/p>\n<p style=\"color: #c9c8cd; font-family: Arial,sans-serif; font-size: 14px; line-height: 17px; margin-bottom: 0; margin-top: 8px; overflow: hidden; padding: 8px 0 7px; text-align: center; text-overflow: ellipsis; white-space: nowrap;\">Una publicaci\u00f3n compartida de <a href=\"https:\/\/www.instagram.com\/kensingtonroyal\/\"style=\"color: #c9c8cd; font-family: Arial,sans-serif; font-size: 14px; font-style: normal; font-weight: normal; line-height: 17px;\"  target=\"_blank\" rel=\"noopener\" target=\"_blank\"> Kensington Palace<\/a> (@kensingtonroyal) el <time style=\"font-family: Arial,sans-serif; font-size: 14px; line-height: 17px;\" datetime=\"2018-05-19T18:49:52+00:00\">19 May, 2018 a las 11:49 PDT<\/time><\/p>\n<\/div>\n<\/blockquote>\n<p><script async defer src=\"\/\/www.instagram.com\/embed.js\"><\/script><\/p>\n<p>El resto de la noche ser\u00e1 historia. Ya solo nos falta esperar (y lo haremos impacientes) a los retratos oficiales que ser\u00e1n realizados por el aclamado fot\u00f3grafo <strong>Alexi Lubomirski<\/strong>.<\/p>\n<p><em>Fotos: Getty Images<\/em><\/p>\n","protected":false},"author":22173,"featured_media":0,"template":"","format":"standard","categories":[13,1],"acf":[],"yoast_head":"<!-- This site is optimized with the Yoast SEO Premium plugin v18.5 (Yoast SEO v20.4) - https:\/\/yoast.com\/wordpress\/plugins\/seo\/ -->\n<title>Todos los detalles sobre el segundo vestido de Meghan Markle | Grazia<\/title>\n<meta name=\"description\" content=\"Los duques de Sussex abandonaron el castillo de Windsor en un Jaguar E-Type\u00a0del 68, conducido por el mismo pr\u00edncipe Harry.\" \/>\n<meta name=\"robots\" content=\"index, follow, max-snippet:-1, max-image-preview:large, max-video-preview:-1\" \/>\n<link rel=\"canonical\" href=\"https:\/\/graziamagazine.com\/es\/articles\/todos-los-detalles-sobre-el-segundo-vestido-de-meghan-markle\/\" \/>\n<meta property=\"og:locale\" content=\"es_ES\" \/>\n<meta property=\"og:type\" content=\"article\" \/>\n<meta property=\"og:title\" content=\"Todos los detalles sobre el segundo vestido de Meghan Markle\" \/>\n<meta property=\"og:description\" content=\"Los duques de Sussex abandonaron el castillo de Windsor en un Jaguar E-Type\u00a0del 68, conducido por el mismo pr\u00edncipe Harry.\" \/>\n<meta property=\"og:url\" content=\"https:\/\/graziamagazine.com\/es\/articles\/todos-los-detalles-sobre-el-segundo-vestido-de-meghan-markle\/\" \/>\n<meta property=\"og:site_name\" content=\"Grazia\" \/>\n<meta property=\"article:modified_time\" content=\"2018-05-19T19:18:20+00:00\" \/>\n<meta property=\"og:image\" content=\"https:\/\/graziamagazine.com\/es\/wp-content\/uploads\/sites\/12\/2018\/05\/15267554937508.jpg?fit=899%2C605\" \/>\n\t<meta property=\"og:image:width\" content=\"899\" \/>\n\t<meta property=\"og:image:height\" content=\"605\" \/>\n\t<meta property=\"og:image:type\" content=\"image\/jpeg\" \/>\n<meta name=\"twitter:card\" content=\"summary_large_image\" \/>\n<meta name=\"twitter:image\" content=\"http:\/\/s3-eu-west-1.amazonaws.com\/grazia-cdn\/wp-content\/uploads\/sites\/12\/2018\/05\/15267554937508.jpg\" \/>\n<meta name=\"twitter:label1\" content=\"Est. reading time\" \/>\n\t<meta name=\"twitter:data1\" content=\"1 minuto\" \/>\n<script type=\"application\/ld+json\" class=\"yoast-schema-graph\">{\"@context\":\"https:\/\/schema.org\",\"@graph\":[{\"@type\":\"WebPage\",\"@id\":\"https:\/\/graziamagazine.com\/es\/articles\/todos-los-detalles-sobre-el-segundo-vestido-de-meghan-markle\/\",\"url\":\"https:\/\/graziamagazine.com\/es\/articles\/todos-los-detalles-sobre-el-segundo-vestido-de-meghan-markle\/\",\"name\":\"Todos los detalles sobre el segundo vestido de Meghan Markle | Grazia\",\"isPartOf\":{\"@id\":\"https:\/\/graziamagazine.com\/es\/#website\"},\"datePublished\":\"2018-05-19T19:18:16+00:00\",\"dateModified\":\"2018-05-19T19:18:20+00:00\",\"description\":\"Los duques de Sussex abandonaron el castillo de Windsor en un Jaguar E-Type\u00a0del 68, conducido por el mismo pr\u00edncipe Harry.\",\"breadcrumb\":{\"@id\":\"https:\/\/graziamagazine.com\/es\/articles\/todos-los-detalles-sobre-el-segundo-vestido-de-meghan-markle\/#breadcrumb\"},\"inLanguage\":\"es\",\"potentialAction\":[{\"@type\":\"ReadAction\",\"target\":[\"https:\/\/graziamagazine.com\/es\/articles\/todos-los-detalles-sobre-el-segundo-vestido-de-meghan-markle\/\"]}]},{\"@type\":\"BreadcrumbList\",\"@id\":\"https:\/\/graziamagazine.com\/es\/articles\/todos-los-detalles-sobre-el-segundo-vestido-de-meghan-markle\/#breadcrumb\",\"itemListElement\":[{\"@type\":\"ListItem\",\"position\":1,\"name\":\"Portada\",\"item\":\"https:\/\/graziamagazine.com\/es\/\"},{\"@type\":\"ListItem\",\"position\":2,\"name\":\"Todos los detalles sobre el segundo vestido de Meghan Markle\"}]},{\"@type\":\"WebSite\",\"@id\":\"https:\/\/graziamagazine.com\/es\/#website\",\"url\":\"https:\/\/graziamagazine.com\/es\/\",\"name\":\"Grazia\",\"description\":\"Moda, belleza, celebrities, estilo de vida...\",\"potentialAction\":[{\"@type\":\"SearchAction\",\"target\":{\"@type\":\"EntryPoint\",\"urlTemplate\":\"https:\/\/graziamagazine.com\/es\/?s={search_term_string}\"},\"query-input\":\"required name=search_term_string\"}],\"inLanguage\":\"es\"}]}<\/script>\n<!-- \/ Yoast SEO Premium plugin. -->","yoast_head_json":{"title":"Todos los detalles sobre el segundo vestido de Meghan Markle | Grazia","description":"Los duques de Sussex abandonaron el castillo de Windsor en un Jaguar E-Type\u00a0del 68, conducido por el mismo pr\u00edncipe Harry.","robots":{"index":"index","follow":"follow","max-snippet":"max-snippet:-1","max-image-preview":"max-image-preview:large","max-video-preview":"max-video-preview:-1"},"canonical":"https:\/\/graziamagazine.com\/es\/articles\/todos-los-detalles-sobre-el-segundo-vestido-de-meghan-markle\/","og_locale":"es_ES","og_type":"article","og_title":"Todos los detalles sobre el segundo vestido de Meghan Markle","og_description":"Los duques de Sussex abandonaron el castillo de Windsor en un Jaguar E-Type\u00a0del 68, conducido por el mismo pr\u00edncipe Harry.","og_url":"https:\/\/graziamagazine.com\/es\/articles\/todos-los-detalles-sobre-el-segundo-vestido-de-meghan-markle\/","og_site_name":"Grazia","article_modified_time":"2018-05-19T19:18:20+00:00","og_image":[{"width":899,"height":605,"url":"https:\/\/graziamagazine.com\/es\/wp-content\/uploads\/sites\/12\/2018\/05\/15267554937508.jpg?fit=899%2C605","type":"image\/jpeg"}],"twitter_card":"summary_large_image","twitter_image":"http:\/\/s3-eu-west-1.amazonaws.com\/grazia-cdn\/wp-content\/uploads\/sites\/12\/2018\/05\/15267554937508.jpg","twitter_misc":{"Est. reading time":"1 minuto"},"schema":{"@context":"https:\/\/schema.org","@graph":[{"@type":"WebPage","@id":"https:\/\/graziamagazine.com\/es\/articles\/todos-los-detalles-sobre-el-segundo-vestido-de-meghan-markle\/","url":"https:\/\/graziamagazine.com\/es\/articles\/todos-los-detalles-sobre-el-segundo-vestido-de-meghan-markle\/","name":"Todos los detalles sobre el segundo vestido de Meghan Markle | Grazia","isPartOf":{"@id":"https:\/\/graziamagazine.com\/es\/#website"},"datePublished":"2018-05-19T19:18:16+00:00","dateModified":"2018-05-19T19:18:20+00:00","description":"Los duques de Sussex abandonaron el castillo de Windsor en un Jaguar E-Type\u00a0del 68, conducido por el mismo pr\u00edncipe Harry.","breadcrumb":{"@id":"https:\/\/graziamagazine.com\/es\/articles\/todos-los-detalles-sobre-el-segundo-vestido-de-meghan-markle\/#breadcrumb"},"inLanguage":"es","potentialAction":[{"@type":"ReadAction","target":["https:\/\/graziamagazine.com\/es\/articles\/todos-los-detalles-sobre-el-segundo-vestido-de-meghan-markle\/"]}]},{"@type":"BreadcrumbList","@id":"https:\/\/graziamagazine.com\/es\/articles\/todos-los-detalles-sobre-el-segundo-vestido-de-meghan-markle\/#breadcrumb","itemListElement":[{"@type":"ListItem","position":1,"name":"Portada","item":"https:\/\/graziamagazine.com\/es\/"},{"@type":"ListItem","position":2,"name":"Todos los detalles sobre el segundo vestido de Meghan Markle"}]},{"@type":"WebSite","@id":"https:\/\/graziamagazine.com\/es\/#website","url":"https:\/\/graziamagazine.com\/es\/","name":"Grazia","description":"Moda, belleza, celebrities, estilo de vida...","potentialAction":[{"@type":"SearchAction","target":{"@type":"EntryPoint","urlTemplate":"https:\/\/graziamagazine.com\/es\/?s={search_term_string}"},"query-input":"required name=search_term_string"}],"inLanguage":"es"}]}},"jetpack_sharing_enabled":true,"distributor_meta":false,"distributor_terms":false,"distributor_media":false,"distributor_original_site_name":"Grazia","distributor_original_site_url":"https:\/\/graziamagazine.com\/es","push-errors":false,"_links":{"self":[{"href":"https:\/\/graziamagazine.com\/es\/wp-json\/wp\/v2\/articles\/135218"}],"collection":[{"href":"https:\/\/graziamagazine.com\/es\/wp-json\/wp\/v2\/articles"}],"about":[{"href":"https:\/\/graziamagazine.com\/es\/wp-json\/wp\/v2\/types\/articles"}],"author":[{"embeddable":true,"href":"https:\/\/graziamagazine.com\/es\/wp-json\/wp\/v2\/users\/22173"}],"wp:attachment":[{"href":"https:\/\/graziamagazine.com\/es\/wp-json\/wp\/v2\/media?parent=135218"}],"wp:term":[{"taxonomy":"category","embeddable":true,"href":"https:\/\/graziamagazine.com\/es\/wp-json\/wp\/v2\/categories?post=135218"}],"curies":[{"name":"wp","href":"https:\/\/api.w.org\/{rel}","templated":true}]}}