{"id":135211,"date":"2018-05-19T19:42:04","date_gmt":"2018-05-19T17:42:04","guid":{"rendered":"https:\/\/graziamagazine.com\/es\/?p=135211"},"modified":"2018-05-19T19:42:11","modified_gmt":"2018-05-19T17:42:11","slug":"por-que-doria-ragland-ha-sido-la-verdadera-protagonista","status":"publish","type":"articles","link":"https:\/\/graziamagazine.com\/es\/articles\/por-que-doria-ragland-ha-sido-la-verdadera-protagonista\/","title":{"rendered":"\u00bfPor qu\u00e9 Doria Ragland ha sido la verdadera protagonista?"},"content":{"rendered":"<p>Dejando a un lado a los novios, protagonistas indiscutibles del enlace, es momento de hablar de la mujer que m\u00e1s l\u00e1grimas ha derramado en la boda de <strong>Meghan Markle<\/strong> y el <strong>pr\u00edncipe Harry<\/strong>,\u00a0<b>Doria Ragland<\/b>.<\/p>\n<p>La maestra de yoga se ha convertido en una personalidad desde el momento que\u00a0<a href=\"https:\/\/graziamagazine.com\/es\/celebs\/asi-ha-respetado-el-protocolo-la-madre-de-meghan-markle\/\">sali\u00f3 de su casa en Los \u00c1ngeles<\/a>\u00a0<i>en route<\/i>\u00a0a Windsor. Fue ese momento lo que cambiar\u00eda la vida de <strong>Doria Ragland<\/strong> por completo. Y es que muchos le atribuyen por ser la primera mujer de color sentada del lado de la novia jugando un papel protag\u00f3nico. Otros por expresar su felicidad a trav\u00e9s de l\u00e1grimas durante la ceremonia que uni\u00f3 a su hija y al <strong>pr\u00edncipe Harry<\/strong> en matrimonio. Pero la realidad del asunto, es que <strong>Doria Ragland<\/strong> educ\u00f3 a Meghan para ser una mujer tan excepcional como ella.<\/p>\n<p><img decoding=\"async\" class=\"alignnone size-large wp-image-50072\" src=\"http:\/\/grazia.mx\/wp-content\/uploads\/sites\/12\/2018\/05\/The_Grosby_Group_GRG1968691-copy-700x847.jpg\" sizes=\"(max-width: 700px) 100vw, 700px\" srcset=\"http:\/\/grazia.mx\/wp-content\/uploads\/sites\/12\/2018\/05\/The_Grosby_Group_GRG1968691-copy-700x847.jpg 700w, http:\/\/grazia.mx\/wp-content\/uploads\/sites\/12\/2018\/05\/The_Grosby_Group_GRG1968691-copy-250x303.jpg 250w, http:\/\/grazia.mx\/wp-content\/uploads\/sites\/12\/2018\/05\/The_Grosby_Group_GRG1968691-copy-768x929.jpg 768w, http:\/\/grazia.mx\/wp-content\/uploads\/sites\/12\/2018\/05\/The_Grosby_Group_GRG1968691-copy-120x145.jpg 120w\" alt=\"\" \/><\/p>\n<p>Al llegar a la capilla de san Jorge, Doria luci\u00f3 una exquisita creaci\u00f3n por\u00a0<strong>Laura Kim<\/strong>\u00a0y\u00a0<strong>Fernando Garcia<\/strong>\u00a0para\u00a0<strong>Oscar de la Renta<\/strong>. Y de acuerdo a Kim: \u201cFuimos muy afortunados de haber trabajado con la encantadora Doria\u201d.<\/p>\n<blockquote class=\"instagram-media\" style=\"background: #FFF; border: 0; border-radius: 3px; box-shadow: 0 0 1px 0 rgba(0,0,0,0.5),0 1px 10px 0 rgba(0,0,0,0.15); margin: 1px; max-width: 658px; padding: 0; width: calc(100% - 2px);\" data-instgrm-captioned=\"\" data-instgrm-permalink=\"https:\/\/www.instagram.com\/p\/Bi9s8tCnJyl\/\" data-instgrm-version=\"8\">\n<div style=\"padding: 8px;\">\n<div style=\"background: #F8F8F8; line-height: 0; margin-top: 40px; padding: 49.02777777777778% 0; text-align: center; width: 100%;\"><\/div>\n<p style=\"margin: 8px 0 0 0; padding: 0 4px;\"><a href=\"https:\/\/www.instagram.com\/p\/Bi9s8tCnJyl\/\"style=\"color: #000; font-family: Arial,sans-serif; font-size: 14px; font-style: normal; font-weight: normal; line-height: 17px; text-decoration: none; word-wrap: break-word;\"  target=\"_blank\" rel=\"noopener\" target=\"_blank\">Congratulations to Meghan Markle and Doria Ragland on the most special day, we were so lucky to work with sweetest Doria\ud83d\udc95 @oscardelarenta<\/a><\/p>\n<p style=\"color: #c9c8cd; font-family: Arial,sans-serif; font-size: 14px; line-height: 17px; margin-bottom: 0; margin-top: 8px; overflow: hidden; padding: 8px 0 7px; text-align: center; text-overflow: ellipsis; white-space: nowrap;\">Una publicaci\u00f3n compartida de <a href=\"https:\/\/www.instagram.com\/tokibunbun\/\"style=\"color: #c9c8cd; font-family: Arial,sans-serif; font-size: 14px; font-style: normal; font-weight: normal; line-height: 17px;\"  target=\"_blank\" rel=\"noopener\" target=\"_blank\"> Laura kim<\/a> (@tokibunbun) el <time style=\"font-family: Arial,sans-serif; font-size: 14px; line-height: 17px;\" datetime=\"2018-05-19T15:30:05+00:00\">19 May, 2018 a las 8:30 PDT<\/time><\/p>\n<\/div>\n<\/blockquote>\n<p><script async defer src=\"\/\/www.instagram.com\/embed.js\"><\/script><\/p>\n<blockquote class=\"instagram-media\" style=\"background: #FFF; border: 0; border-radius: 3px; box-shadow: 0 0 1px 0 rgba(0,0,0,0.5),0 1px 10px 0 rgba(0,0,0,0.15); margin: 1px; max-width: 658px; padding: 0; width: calc(100% - 2px);\" data-instgrm-captioned=\"\" data-instgrm-permalink=\"https:\/\/www.instagram.com\/p\/Bi9zBaeF5el\/\" data-instgrm-version=\"8\">\n<div style=\"padding: 8px;\">\n<div style=\"background: #F8F8F8; line-height: 0; margin-top: 40px; padding: 50.0% 0; text-align: center; width: 100%;\"><\/div>\n<p style=\"margin: 8px 0 0 0; padding: 0 4px;\"><a href=\"https:\/\/www.instagram.com\/p\/Bi9zBaeF5el\/\"style=\"color: #000; font-family: Arial,sans-serif; font-size: 14px; font-style: normal; font-weight: normal; line-height: 17px; text-decoration: none; word-wrap: break-word;\"  target=\"_blank\" rel=\"noopener\" target=\"_blank\">Doria Ragland with Prince Charles and Camilla at the #royalwedding #oscardelarenta<\/a><\/p>\n<p style=\"color: #c9c8cd; font-family: Arial,sans-serif; font-size: 14px; line-height: 17px; margin-bottom: 0; margin-top: 8px; overflow: hidden; padding: 8px 0 7px; text-align: center; text-overflow: ellipsis; white-space: nowrap;\">Una publicaci\u00f3n compartida de <a href=\"https:\/\/www.instagram.com\/oscardelarenta\/\"style=\"color: #c9c8cd; font-family: Arial,sans-serif; font-size: 14px; font-style: normal; font-weight: normal; line-height: 17px;\"  target=\"_blank\" rel=\"noopener\" target=\"_blank\"> Oscar de la Renta<\/a> (@oscardelarenta) el <time style=\"font-family: Arial,sans-serif; font-size: 14px; line-height: 17px;\" datetime=\"2018-05-19T16:23:09+00:00\">19 May, 2018 a las 9:23 PDT<\/time><\/p>\n<\/div>\n<\/blockquote>\n<p><script async defer src=\"\/\/www.instagram.com\/embed.js\"><\/script><\/p>\n<p>Con la cabeza en alto, Meghan <a href=\"https:\/\/graziamagazine.com\/es\/celebs\/meghan-markle-confirma-que-su-padre-no-ira-a-la-boda\/\">dej\u00f3 pasar el drama de su padre<\/a> y camin\u00f3 al altar sola. \u00bfA qui\u00e9n se lo atribuimos? A su madre, por supuesto. Porque m\u00e1s all\u00e1 de ser quien le haya dado la vida, fue ella quien la empoder\u00f3 e inspir\u00f3 a rehacer su vida sin importar un divorcio o el oscuro pasado.<\/p>\n<p>De ahora en adelante, llam\u00e9mosle el efecto Doria porque el verdadero cuento de hadas es de ella.<\/p>\n<p><em>Fotos: Getty Images<\/em><\/p>\n","protected":false},"author":22173,"featured_media":0,"template":"","format":"standard","categories":[13],"acf":[],"yoast_head":"<!-- This site is optimized with the Yoast SEO Premium plugin v18.5 (Yoast SEO v20.4) - https:\/\/yoast.com\/wordpress\/plugins\/seo\/ -->\n<title>\u00bfPor qu\u00e9 Doria Ragland ha sido la verdadera protagonista? | Grazia<\/title>\n<meta name=\"description\" content=\"La madre de la novia ha sido una de las asistentes m\u00e1s comentadas del enlace.\" \/>\n<meta name=\"robots\" content=\"index, follow, max-snippet:-1, max-image-preview:large, max-video-preview:-1\" \/>\n<link rel=\"canonical\" href=\"https:\/\/graziamagazine.com\/es\/articles\/por-que-doria-ragland-ha-sido-la-verdadera-protagonista\/\" \/>\n<meta property=\"og:locale\" content=\"es_ES\" \/>\n<meta property=\"og:type\" content=\"article\" \/>\n<meta property=\"og:title\" content=\"\u00bfPor qu\u00e9 Doria Ragland ha sido la verdadera protagonista?\" \/>\n<meta property=\"og:description\" content=\"La madre de la novia ha sido una de las asistentes m\u00e1s comentadas del enlace.\" \/>\n<meta property=\"og:url\" content=\"https:\/\/graziamagazine.com\/es\/articles\/por-que-doria-ragland-ha-sido-la-verdadera-protagonista\/\" \/>\n<meta property=\"og:site_name\" content=\"Grazia\" \/>\n<meta property=\"article:modified_time\" content=\"2018-05-19T17:42:11+00:00\" \/>\n<meta property=\"og:image\" content=\"https:\/\/graziamagazine.com\/es\/wp-content\/uploads\/sites\/12\/2018\/05\/gettyimages-960049638-15267283551.jpg?fit=768%2C518\" \/>\n\t<meta property=\"og:image:width\" content=\"768\" \/>\n\t<meta property=\"og:image:height\" content=\"518\" \/>\n\t<meta property=\"og:image:type\" content=\"image\/jpeg\" \/>\n<meta name=\"twitter:card\" content=\"summary_large_image\" \/>\n<meta name=\"twitter:image\" content=\"http:\/\/s3-eu-west-1.amazonaws.com\/grazia-cdn\/wp-content\/uploads\/sites\/12\/2018\/05\/gettyimages-960049638-15267283551.jpg\" \/>\n<meta name=\"twitter:label1\" content=\"Est. reading time\" \/>\n\t<meta name=\"twitter:data1\" content=\"2 minutos\" \/>\n<script type=\"application\/ld+json\" class=\"yoast-schema-graph\">{\"@context\":\"https:\/\/schema.org\",\"@graph\":[{\"@type\":\"WebPage\",\"@id\":\"https:\/\/graziamagazine.com\/es\/articles\/por-que-doria-ragland-ha-sido-la-verdadera-protagonista\/\",\"url\":\"https:\/\/graziamagazine.com\/es\/articles\/por-que-doria-ragland-ha-sido-la-verdadera-protagonista\/\",\"name\":\"\u00bfPor qu\u00e9 Doria Ragland ha sido la verdadera protagonista? | Grazia\",\"isPartOf\":{\"@id\":\"https:\/\/graziamagazine.com\/es\/#website\"},\"datePublished\":\"2018-05-19T17:42:04+00:00\",\"dateModified\":\"2018-05-19T17:42:11+00:00\",\"description\":\"La madre de la novia ha sido una de las asistentes m\u00e1s comentadas del enlace.\",\"breadcrumb\":{\"@id\":\"https:\/\/graziamagazine.com\/es\/articles\/por-que-doria-ragland-ha-sido-la-verdadera-protagonista\/#breadcrumb\"},\"inLanguage\":\"es\",\"potentialAction\":[{\"@type\":\"ReadAction\",\"target\":[\"https:\/\/graziamagazine.com\/es\/articles\/por-que-doria-ragland-ha-sido-la-verdadera-protagonista\/\"]}]},{\"@type\":\"BreadcrumbList\",\"@id\":\"https:\/\/graziamagazine.com\/es\/articles\/por-que-doria-ragland-ha-sido-la-verdadera-protagonista\/#breadcrumb\",\"itemListElement\":[{\"@type\":\"ListItem\",\"position\":1,\"name\":\"Portada\",\"item\":\"https:\/\/graziamagazine.com\/es\/\"},{\"@type\":\"ListItem\",\"position\":2,\"name\":\"\u00bfPor qu\u00e9 Doria Ragland ha sido la verdadera protagonista?\"}]},{\"@type\":\"WebSite\",\"@id\":\"https:\/\/graziamagazine.com\/es\/#website\",\"url\":\"https:\/\/graziamagazine.com\/es\/\",\"name\":\"Grazia\",\"description\":\"Moda, belleza, celebrities, estilo de vida...\",\"potentialAction\":[{\"@type\":\"SearchAction\",\"target\":{\"@type\":\"EntryPoint\",\"urlTemplate\":\"https:\/\/graziamagazine.com\/es\/?s={search_term_string}\"},\"query-input\":\"required name=search_term_string\"}],\"inLanguage\":\"es\"}]}<\/script>\n<!-- \/ Yoast SEO Premium plugin. -->","yoast_head_json":{"title":"\u00bfPor qu\u00e9 Doria Ragland ha sido la verdadera protagonista? | Grazia","description":"La madre de la novia ha sido una de las asistentes m\u00e1s comentadas del enlace.","robots":{"index":"index","follow":"follow","max-snippet":"max-snippet:-1","max-image-preview":"max-image-preview:large","max-video-preview":"max-video-preview:-1"},"canonical":"https:\/\/graziamagazine.com\/es\/articles\/por-que-doria-ragland-ha-sido-la-verdadera-protagonista\/","og_locale":"es_ES","og_type":"article","og_title":"\u00bfPor qu\u00e9 Doria Ragland ha sido la verdadera protagonista?","og_description":"La madre de la novia ha sido una de las asistentes m\u00e1s comentadas del enlace.","og_url":"https:\/\/graziamagazine.com\/es\/articles\/por-que-doria-ragland-ha-sido-la-verdadera-protagonista\/","og_site_name":"Grazia","article_modified_time":"2018-05-19T17:42:11+00:00","og_image":[{"width":768,"height":518,"url":"https:\/\/graziamagazine.com\/es\/wp-content\/uploads\/sites\/12\/2018\/05\/gettyimages-960049638-15267283551.jpg?fit=768%2C518","type":"image\/jpeg"}],"twitter_card":"summary_large_image","twitter_image":"http:\/\/s3-eu-west-1.amazonaws.com\/grazia-cdn\/wp-content\/uploads\/sites\/12\/2018\/05\/gettyimages-960049638-15267283551.jpg","twitter_misc":{"Est. reading time":"2 minutos"},"schema":{"@context":"https:\/\/schema.org","@graph":[{"@type":"WebPage","@id":"https:\/\/graziamagazine.com\/es\/articles\/por-que-doria-ragland-ha-sido-la-verdadera-protagonista\/","url":"https:\/\/graziamagazine.com\/es\/articles\/por-que-doria-ragland-ha-sido-la-verdadera-protagonista\/","name":"\u00bfPor qu\u00e9 Doria Ragland ha sido la verdadera protagonista? | Grazia","isPartOf":{"@id":"https:\/\/graziamagazine.com\/es\/#website"},"datePublished":"2018-05-19T17:42:04+00:00","dateModified":"2018-05-19T17:42:11+00:00","description":"La madre de la novia ha sido una de las asistentes m\u00e1s comentadas del enlace.","breadcrumb":{"@id":"https:\/\/graziamagazine.com\/es\/articles\/por-que-doria-ragland-ha-sido-la-verdadera-protagonista\/#breadcrumb"},"inLanguage":"es","potentialAction":[{"@type":"ReadAction","target":["https:\/\/graziamagazine.com\/es\/articles\/por-que-doria-ragland-ha-sido-la-verdadera-protagonista\/"]}]},{"@type":"BreadcrumbList","@id":"https:\/\/graziamagazine.com\/es\/articles\/por-que-doria-ragland-ha-sido-la-verdadera-protagonista\/#breadcrumb","itemListElement":[{"@type":"ListItem","position":1,"name":"Portada","item":"https:\/\/graziamagazine.com\/es\/"},{"@type":"ListItem","position":2,"name":"\u00bfPor qu\u00e9 Doria Ragland ha sido la verdadera protagonista?"}]},{"@type":"WebSite","@id":"https:\/\/graziamagazine.com\/es\/#website","url":"https:\/\/graziamagazine.com\/es\/","name":"Grazia","description":"Moda, belleza, celebrities, estilo de vida...","potentialAction":[{"@type":"SearchAction","target":{"@type":"EntryPoint","urlTemplate":"https:\/\/graziamagazine.com\/es\/?s={search_term_string}"},"query-input":"required name=search_term_string"}],"inLanguage":"es"}]}},"jetpack_sharing_enabled":true,"distributor_meta":false,"distributor_terms":false,"distributor_media":false,"distributor_original_site_name":"Grazia","distributor_original_site_url":"https:\/\/graziamagazine.com\/es","push-errors":false,"_links":{"self":[{"href":"https:\/\/graziamagazine.com\/es\/wp-json\/wp\/v2\/articles\/135211"}],"collection":[{"href":"https:\/\/graziamagazine.com\/es\/wp-json\/wp\/v2\/articles"}],"about":[{"href":"https:\/\/graziamagazine.com\/es\/wp-json\/wp\/v2\/types\/articles"}],"author":[{"embeddable":true,"href":"https:\/\/graziamagazine.com\/es\/wp-json\/wp\/v2\/users\/22173"}],"wp:attachment":[{"href":"https:\/\/graziamagazine.com\/es\/wp-json\/wp\/v2\/media?parent=135211"}],"wp:term":[{"taxonomy":"category","embeddable":true,"href":"https:\/\/graziamagazine.com\/es\/wp-json\/wp\/v2\/categories?post=135211"}],"curies":[{"name":"wp","href":"https:\/\/api.w.org\/{rel}","templated":true}]}}