{"id":135020,"date":"2018-05-17T16:39:02","date_gmt":"2018-05-17T14:39:02","guid":{"rendered":"https:\/\/graziamagazine.com\/es\/?p=135020"},"modified":"2018-05-17T16:39:04","modified_gmt":"2018-05-17T14:39:04","slug":"meghan-markle-confirma-que-su-padre-no-ira-a-la-boda","status":"publish","type":"articles","link":"https:\/\/graziamagazine.com\/es\/articles\/meghan-markle-confirma-que-su-padre-no-ira-a-la-boda\/","title":{"rendered":"Meghan Markle confirma que su padre no ir\u00e1 a la boda"},"content":{"rendered":"<p>A tan solo dos d\u00edas del enlace real, la pol\u00e9mica sobre si el padre de <strong>Meghan Markle<\/strong> asistir\u00e1 o no a la boda ha sido zanjada. Si bien, <strong>Thomas Markle<\/strong>\u00a0 confirm\u00f3 a\u00a0<a href=\"http:\/\/www.tmz.com\/2018\/05\/15\/thomas-markle-meghan-heart-surgery-wedding\/\" target=\"_blank\" rel=\"noopener\" target=\"_blank\"><i>TMZ<\/i><\/a>\u00a0que no asistir\u00eda a la boda de su hija debido a una cirug\u00eda card\u00edaca, ahora un comunicado emitido por la futura duquesa de Sussex, a trav\u00e9s del <strong>Palacio de Kensington<\/strong>, lo confirma.<\/p>\n<blockquote class=\"twitter-tweet\" data-lang=\"es\">\n<p dir=\"ltr\" lang=\"en\">A statement from Ms. Meghan Markle: <a href=\"https:\/\/t.co\/TjBNarmuBU\" target=\"_blank\">pic.twitter.com\/TjBNarmuBU<\/a><\/p>\n<p>\u2014 Kensington Palace (@KensingtonRoyal) <a href=\"https:\/\/twitter.com\/KensingtonRoyal\/status\/997060884034924544?ref_src=twsrc%5Etfw\" target=\"_blank\">17 de mayo de 2018<\/a><\/p><\/blockquote>\n<p><script async src=\"https:\/\/platform.twitter.com\/widgets.js\" charset=\"utf-8\"><\/script><\/p>\n<p>\u00abTristemente, mi padre no podr\u00e1 asistir a nuestra boda. Siempre he cuidado de mi padre y deseo que se le d\u00e9 el espacio que necesita para centrarse en su salud. Me gustar\u00eda dar las gracias a todos aquellos que nos han mandado mensajes de apoyo. Sabed que <strong>Harry<\/strong> y yo estamos esperando poder compartir nuestro d\u00eda especial con todos vosotros el s\u00e1bado\u00bb, dice el comunicado.<\/p>\n<p>Ahora la pregunta que a todos nos ronda la cabeza es: \u00bfqui\u00e9n llevar\u00e1 a <strong>Meghan Markle<\/strong> al altar? \u00bfSer\u00e1 su madre, quien <a href=\"https:\/\/graziamagazine.com\/es\/celebs\/asi-ha-respetado-el-protocolo-la-madre-de-meghan-markle\/\">parece haber respetado las sugerencias de la casa real <\/a>con un atuendo de <strong>Burberry<\/strong>? Recordemos que la <strong>princesa Margarita<\/strong>, hermana de <strong>Isabel II<\/strong>, entr\u00f3 con su cu\u00f1ado, el duque de Edimburgo. \u00bfTe imaginas a la exintegrante de <em>Suits<\/em> llegando al altar del brazo del p<strong>r\u00edncipe Guillermo<\/strong>? A estas alturas, \u00a1todo puede pasar?<\/p>\n<p><em>Foto: Getty Images<\/em><\/p>\n","protected":false},"author":11623,"featured_media":0,"template":"","format":"standard","categories":[13],"acf":[],"yoast_head":"<!-- This site is optimized with the Yoast SEO Premium plugin v18.5 (Yoast SEO v20.4) - https:\/\/yoast.com\/wordpress\/plugins\/seo\/ -->\n<title>Meghan Markle confirma que su padre no ir\u00e1 a la boda | Grazia<\/title>\n<meta name=\"description\" content=\"Ahora la pregunta es: \u00bfqui\u00e9n llevar\u00e1 a la futura de Sussex al altar?\" \/>\n<meta name=\"robots\" content=\"index, follow, max-snippet:-1, max-image-preview:large, max-video-preview:-1\" \/>\n<link rel=\"canonical\" href=\"https:\/\/graziamagazine.com\/es\/articles\/meghan-markle-confirma-que-su-padre-no-ira-a-la-boda\/\" \/>\n<meta property=\"og:locale\" content=\"es_ES\" \/>\n<meta property=\"og:type\" content=\"article\" \/>\n<meta property=\"og:title\" content=\"Meghan Markle confirma que su padre no ir\u00e1 a la boda\" \/>\n<meta property=\"og:description\" content=\"Ahora la pregunta es: \u00bfqui\u00e9n llevar\u00e1 a la futura de Sussex al altar?\" \/>\n<meta property=\"og:url\" content=\"https:\/\/graziamagazine.com\/es\/articles\/meghan-markle-confirma-que-su-padre-no-ira-a-la-boda\/\" \/>\n<meta property=\"og:site_name\" content=\"Grazia\" \/>\n<meta property=\"article:modified_time\" content=\"2018-05-17T14:39:04+00:00\" \/>\n<meta property=\"og:image\" content=\"https:\/\/graziamagazine.com\/es\/wp-content\/uploads\/sites\/12\/2018\/05\/meghan-markle-1526401559.jpg?fit=980%2C490\" \/>\n\t<meta property=\"og:image:width\" content=\"980\" \/>\n\t<meta property=\"og:image:height\" content=\"490\" \/>\n\t<meta property=\"og:image:type\" content=\"image\/jpeg\" \/>\n<meta name=\"twitter:card\" content=\"summary_large_image\" \/>\n<meta name=\"twitter:image\" content=\"http:\/\/s3-eu-west-1.amazonaws.com\/grazia-cdn\/wp-content\/uploads\/sites\/12\/2018\/05\/meghan-markle-1526401559.jpg\" \/>\n<meta name=\"twitter:label1\" content=\"Est. reading time\" \/>\n\t<meta name=\"twitter:data1\" content=\"1 minuto\" \/>\n<script type=\"application\/ld+json\" class=\"yoast-schema-graph\">{\"@context\":\"https:\/\/schema.org\",\"@graph\":[{\"@type\":\"WebPage\",\"@id\":\"https:\/\/graziamagazine.com\/es\/articles\/meghan-markle-confirma-que-su-padre-no-ira-a-la-boda\/\",\"url\":\"https:\/\/graziamagazine.com\/es\/articles\/meghan-markle-confirma-que-su-padre-no-ira-a-la-boda\/\",\"name\":\"Meghan Markle confirma que su padre no ir\u00e1 a la boda | Grazia\",\"isPartOf\":{\"@id\":\"https:\/\/graziamagazine.com\/es\/#website\"},\"datePublished\":\"2018-05-17T14:39:02+00:00\",\"dateModified\":\"2018-05-17T14:39:04+00:00\",\"description\":\"Ahora la pregunta es: \u00bfqui\u00e9n llevar\u00e1 a la futura de Sussex al altar?\",\"breadcrumb\":{\"@id\":\"https:\/\/graziamagazine.com\/es\/articles\/meghan-markle-confirma-que-su-padre-no-ira-a-la-boda\/#breadcrumb\"},\"inLanguage\":\"es\",\"potentialAction\":[{\"@type\":\"ReadAction\",\"target\":[\"https:\/\/graziamagazine.com\/es\/articles\/meghan-markle-confirma-que-su-padre-no-ira-a-la-boda\/\"]}]},{\"@type\":\"BreadcrumbList\",\"@id\":\"https:\/\/graziamagazine.com\/es\/articles\/meghan-markle-confirma-que-su-padre-no-ira-a-la-boda\/#breadcrumb\",\"itemListElement\":[{\"@type\":\"ListItem\",\"position\":1,\"name\":\"Portada\",\"item\":\"https:\/\/graziamagazine.com\/es\/\"},{\"@type\":\"ListItem\",\"position\":2,\"name\":\"Meghan Markle confirma que su padre no ir\u00e1 a la boda\"}]},{\"@type\":\"WebSite\",\"@id\":\"https:\/\/graziamagazine.com\/es\/#website\",\"url\":\"https:\/\/graziamagazine.com\/es\/\",\"name\":\"Grazia\",\"description\":\"Moda, belleza, celebrities, estilo de vida...\",\"potentialAction\":[{\"@type\":\"SearchAction\",\"target\":{\"@type\":\"EntryPoint\",\"urlTemplate\":\"https:\/\/graziamagazine.com\/es\/?s={search_term_string}\"},\"query-input\":\"required name=search_term_string\"}],\"inLanguage\":\"es\"}]}<\/script>\n<!-- \/ Yoast SEO Premium plugin. -->","yoast_head_json":{"title":"Meghan Markle confirma que su padre no ir\u00e1 a la boda | Grazia","description":"Ahora la pregunta es: \u00bfqui\u00e9n llevar\u00e1 a la futura de Sussex al altar?","robots":{"index":"index","follow":"follow","max-snippet":"max-snippet:-1","max-image-preview":"max-image-preview:large","max-video-preview":"max-video-preview:-1"},"canonical":"https:\/\/graziamagazine.com\/es\/articles\/meghan-markle-confirma-que-su-padre-no-ira-a-la-boda\/","og_locale":"es_ES","og_type":"article","og_title":"Meghan Markle confirma que su padre no ir\u00e1 a la boda","og_description":"Ahora la pregunta es: \u00bfqui\u00e9n llevar\u00e1 a la futura de Sussex al altar?","og_url":"https:\/\/graziamagazine.com\/es\/articles\/meghan-markle-confirma-que-su-padre-no-ira-a-la-boda\/","og_site_name":"Grazia","article_modified_time":"2018-05-17T14:39:04+00:00","og_image":[{"width":980,"height":490,"url":"https:\/\/graziamagazine.com\/es\/wp-content\/uploads\/sites\/12\/2018\/05\/meghan-markle-1526401559.jpg?fit=980%2C490","type":"image\/jpeg"}],"twitter_card":"summary_large_image","twitter_image":"http:\/\/s3-eu-west-1.amazonaws.com\/grazia-cdn\/wp-content\/uploads\/sites\/12\/2018\/05\/meghan-markle-1526401559.jpg","twitter_misc":{"Est. reading time":"1 minuto"},"schema":{"@context":"https:\/\/schema.org","@graph":[{"@type":"WebPage","@id":"https:\/\/graziamagazine.com\/es\/articles\/meghan-markle-confirma-que-su-padre-no-ira-a-la-boda\/","url":"https:\/\/graziamagazine.com\/es\/articles\/meghan-markle-confirma-que-su-padre-no-ira-a-la-boda\/","name":"Meghan Markle confirma que su padre no ir\u00e1 a la boda | Grazia","isPartOf":{"@id":"https:\/\/graziamagazine.com\/es\/#website"},"datePublished":"2018-05-17T14:39:02+00:00","dateModified":"2018-05-17T14:39:04+00:00","description":"Ahora la pregunta es: \u00bfqui\u00e9n llevar\u00e1 a la futura de Sussex al altar?","breadcrumb":{"@id":"https:\/\/graziamagazine.com\/es\/articles\/meghan-markle-confirma-que-su-padre-no-ira-a-la-boda\/#breadcrumb"},"inLanguage":"es","potentialAction":[{"@type":"ReadAction","target":["https:\/\/graziamagazine.com\/es\/articles\/meghan-markle-confirma-que-su-padre-no-ira-a-la-boda\/"]}]},{"@type":"BreadcrumbList","@id":"https:\/\/graziamagazine.com\/es\/articles\/meghan-markle-confirma-que-su-padre-no-ira-a-la-boda\/#breadcrumb","itemListElement":[{"@type":"ListItem","position":1,"name":"Portada","item":"https:\/\/graziamagazine.com\/es\/"},{"@type":"ListItem","position":2,"name":"Meghan Markle confirma que su padre no ir\u00e1 a la boda"}]},{"@type":"WebSite","@id":"https:\/\/graziamagazine.com\/es\/#website","url":"https:\/\/graziamagazine.com\/es\/","name":"Grazia","description":"Moda, belleza, celebrities, estilo de vida...","potentialAction":[{"@type":"SearchAction","target":{"@type":"EntryPoint","urlTemplate":"https:\/\/graziamagazine.com\/es\/?s={search_term_string}"},"query-input":"required name=search_term_string"}],"inLanguage":"es"}]}},"jetpack_sharing_enabled":true,"distributor_meta":false,"distributor_terms":false,"distributor_media":false,"distributor_original_site_name":"Grazia","distributor_original_site_url":"https:\/\/graziamagazine.com\/es","push-errors":false,"_links":{"self":[{"href":"https:\/\/graziamagazine.com\/es\/wp-json\/wp\/v2\/articles\/135020"}],"collection":[{"href":"https:\/\/graziamagazine.com\/es\/wp-json\/wp\/v2\/articles"}],"about":[{"href":"https:\/\/graziamagazine.com\/es\/wp-json\/wp\/v2\/types\/articles"}],"author":[{"embeddable":true,"href":"https:\/\/graziamagazine.com\/es\/wp-json\/wp\/v2\/users\/11623"}],"wp:attachment":[{"href":"https:\/\/graziamagazine.com\/es\/wp-json\/wp\/v2\/media?parent=135020"}],"wp:term":[{"taxonomy":"category","embeddable":true,"href":"https:\/\/graziamagazine.com\/es\/wp-json\/wp\/v2\/categories?post=135020"}],"curies":[{"name":"wp","href":"https:\/\/api.w.org\/{rel}","templated":true}]}}