{"id":134988,"date":"2018-05-17T15:12:24","date_gmt":"2018-05-17T13:12:24","guid":{"rendered":"https:\/\/graziamagazine.com\/es\/?p=134988"},"modified":"2018-05-17T15:12:26","modified_gmt":"2018-05-17T13:12:26","slug":"el-estilo-de-emilia-clarke-en-cannes","status":"publish","type":"articles","link":"https:\/\/graziamagazine.com\/es\/articles\/el-estilo-de-emilia-clarke-en-cannes\/","title":{"rendered":"Emilia Clarke, reina de la galaxia en la Costa Azul"},"content":{"rendered":"<p>La premiere de <em>Solo: A star wars story<\/em> fue una de las citas estelares del Festival de Cine de Cannes. Y no nos referimos solo al hecho de que el mism\u00edsimo <strong>Chewbacca<\/strong> hiciera su aparici\u00f3n en la alfombra roja (que tambi\u00e9n), sino al derroche de estilo de <strong>Emilia Clarke<\/strong> en la misma.<\/p>\n<p><img loading=\"lazy\" decoding=\"async\" class=\"aligncenter size-full wp-image-134993\" src=\"https:\/\/graziamagazine.com\/es\/wp-content\/uploads\/sites\/12\/2018\/05\/image.jpg\" alt=\"\" width=\"620\" height=\"349\" srcset=\"https:\/\/graziamagazine.com\/es\/wp-content\/uploads\/sites\/12\/2018\/05\/image.jpg 620w, https:\/\/graziamagazine.com\/es\/wp-content\/uploads\/sites\/12\/2018\/05\/image-300x169.jpg 300w, https:\/\/graziamagazine.com\/es\/wp-content\/uploads\/sites\/12\/2018\/05\/image-360x203.jpg 360w, https:\/\/graziamagazine.com\/es\/wp-content\/uploads\/sites\/12\/2018\/05\/image-451x254.jpg 451w\" sizes=\"(max-width: 620px) 100vw, 620px\" \/><\/p>\n<p>La protagonista de la pel\u00edcula destac\u00f3 con un vestido de Dior y unos pendientes de Bulgari, pertenecientes a la colecci\u00f3n Festa dell&#8217;Infanzia de Alta Joyer\u00eda en oro rosa con cuatro diamantes, 14 zafiros y pav\u00e9 de diamantes. En su mano destacaba un anillo de oro rosa con elementos turquesa y una rubelita. El combo perfecto para llevarse el aplauso del p\u00fablico.<\/p>\n<blockquote class=\"instagram-media\" style=\"background: #FFF; border: 0; border-radius: 3px; box-shadow: 0 0 1px 0 rgba(0,0,0,0.5),0 1px 10px 0 rgba(0,0,0,0.15); margin: 1px; max-width: 658px; padding: 0; width: calc(100% - 2px);\" data-instgrm-captioned=\"\" data-instgrm-permalink=\"https:\/\/www.instagram.com\/p\/BizrSrfFqRr\/\" data-instgrm-version=\"8\">\n<div style=\"padding: 8px;\">\n<div style=\"background: #F8F8F8; line-height: 0; margin-top: 40px; padding: 62.4537037037037% 0; text-align: center; width: 100%;\"><\/div>\n<p style=\"margin: 8px 0 0 0; padding: 0 4px;\"><a href=\"https:\/\/www.instagram.com\/p\/BizrSrfFqRr\/\"style=\"color: #000; font-family: Arial,sans-serif; font-size: 14px; font-style: normal; font-weight: normal; line-height: 17px; text-decoration: none; word-wrap: break-word;\"  target=\"_blank\" rel=\"noopener\" target=\"_blank\">The striking British actress @Emilia_Clarke was a dramatic presence on the Cannes red carpet this evening, turning heads in a densely-colored couture sweep of tulle designed exclusively for her by #MariaGraziaChiuri. #DiorCannes<\/a><\/p>\n<p style=\"color: #c9c8cd; font-family: Arial,sans-serif; font-size: 14px; line-height: 17px; margin-bottom: 0; margin-top: 8px; overflow: hidden; padding: 8px 0 7px; text-align: center; text-overflow: ellipsis; white-space: nowrap;\">Una publicaci\u00f3n compartida de <a href=\"https:\/\/www.instagram.com\/dior\/\"style=\"color: #c9c8cd; font-family: Arial,sans-serif; font-size: 14px; font-style: normal; font-weight: normal; line-height: 17px;\"  target=\"_blank\" rel=\"noopener\" target=\"_blank\"> Dior Official<\/a> (@dior) el <time style=\"font-family: Arial,sans-serif; font-size: 14px; line-height: 17px;\" datetime=\"2018-05-15T18:03:12+00:00\">15 May, 2018 a las 11:03 PDT<\/time><\/p>\n<\/div>\n<\/blockquote>\n<p><script async defer src=\"\/\/www.instagram.com\/embed.js\"><\/script><\/p>\n<p>Nos habr\u00edamos quedado con la boca abierta si esta no fuera la segunda vez en el mismo mes que nuestra querida\u00a0<em>Khaleesi<\/em>\u00a0 arrasa en una alfombra roja. \u00bfO es que acaso ya te hab\u00edas olvidado de su aparici\u00f3n en la Gala del MET?<\/p>\n<blockquote class=\"instagram-media\" style=\"background: #FFF; border: 0; border-radius: 3px; box-shadow: 0 0 1px 0 rgba(0,0,0,0.5),0 1px 10px 0 rgba(0,0,0,0.15); margin: 1px; max-width: 658px; padding: 0; width: calc(100% - 2px);\" data-instgrm-captioned=\"\" data-instgrm-permalink=\"https:\/\/www.instagram.com\/p\/BiqIMxJlaOc\/\" data-instgrm-version=\"8\">\n<div style=\"padding: 8px;\">\n<div style=\"background: #F8F8F8; line-height: 0; margin-top: 40px; padding: 49.95331465919701% 0; text-align: center; width: 100%;\"><\/div>\n<p style=\"margin: 8px 0 0 0; padding: 0 4px;\"><a href=\"https:\/\/www.instagram.com\/p\/BiqIMxJlaOc\/\"style=\"color: #000; font-family: Arial,sans-serif; font-size: 14px; font-style: normal; font-weight: normal; line-height: 17px; text-decoration: none; word-wrap: break-word;\"  target=\"_blank\" rel=\"noopener\" target=\"_blank\">So&#8230; this one time I entered my own fairytale world of wearing a crown of flowers and gilded trains of needlepoint heaven thanks to @dolcegabbana and the hallowed steps of the #metgala2018. Let the princess fantasy continue baby! #ifonlymy7yearoldselfknewwhatwasinstore&#8230; #dolcedreamingcometrue #fortheloveofmetmagic #\u2764\ufe0f<\/a><\/p>\n<p style=\"color: #c9c8cd; font-family: Arial,sans-serif; font-size: 14px; line-height: 17px; margin-bottom: 0; margin-top: 8px; overflow: hidden; padding: 8px 0 7px; text-align: center; text-overflow: ellipsis; white-space: nowrap;\">Una publicaci\u00f3n compartida de @<a href=\"https:\/\/www.instagram.com\/emilia_clarke\/\"style=\"color: #c9c8cd; font-family: Arial,sans-serif; font-size: 14px; font-style: normal; font-weight: normal; line-height: 17px;\"  target=\"_blank\" rel=\"noopener\" target=\"_blank\"> emilia_clarke<\/a> el <time style=\"font-family: Arial,sans-serif; font-size: 14px; line-height: 17px;\" datetime=\"2018-05-12T01:03:24+00:00\">11 May, 2018 a las 6:03 PDT<\/time><\/p>\n<\/div>\n<\/blockquote>\n<p><script async defer src=\"\/\/www.instagram.com\/embed.js\"><\/script><\/p>\n<p>Igual de despampanante que el de Cannes pero negro, y firmado por <strong>Dolce &amp; Gabbana<\/strong>, la actriz se mimetiz\u00f3 con el resto de participantes con uno de los vestidos m\u00e1s laureados de toda la noche.<\/p>\n<p><img loading=\"lazy\" decoding=\"async\" class=\"aligncenter size-full wp-image-134996\" src=\"https:\/\/graziamagazine.com\/es\/wp-content\/uploads\/sites\/12\/2018\/05\/emilia-clarke-attends-heavenly-bodies-fashion-the-catholic-costume-picture-id955773846-story-large-94d97ad8-0ef1-4111-bb1f-ac0bf7afc493.jpg\" alt=\"\" width=\"1280\" height=\"1799\" srcset=\"https:\/\/graziamagazine.com\/es\/wp-content\/uploads\/sites\/12\/2018\/05\/emilia-clarke-attends-heavenly-bodies-fashion-the-catholic-costume-picture-id955773846-story-large-94d97ad8-0ef1-4111-bb1f-ac0bf7afc493.jpg 1280w, https:\/\/graziamagazine.com\/es\/wp-content\/uploads\/sites\/12\/2018\/05\/emilia-clarke-attends-heavenly-bodies-fashion-the-catholic-costume-picture-id955773846-story-large-94d97ad8-0ef1-4111-bb1f-ac0bf7afc493.jpg?resize=213,300 213w, https:\/\/graziamagazine.com\/es\/wp-content\/uploads\/sites\/12\/2018\/05\/emilia-clarke-attends-heavenly-bodies-fashion-the-catholic-costume-picture-id955773846-story-large-94d97ad8-0ef1-4111-bb1f-ac0bf7afc493.jpg?resize=768,1079 768w, https:\/\/graziamagazine.com\/es\/wp-content\/uploads\/sites\/12\/2018\/05\/emilia-clarke-attends-heavenly-bodies-fashion-the-catholic-costume-picture-id955773846-story-large-94d97ad8-0ef1-4111-bb1f-ac0bf7afc493.jpg?resize=729,1024 729w, https:\/\/graziamagazine.com\/es\/wp-content\/uploads\/sites\/12\/2018\/05\/emilia-clarke-attends-heavenly-bodies-fashion-the-catholic-costume-picture-id955773846-story-large-94d97ad8-0ef1-4111-bb1f-ac0bf7afc493.jpg?resize=1093,1536 1093w, https:\/\/graziamagazine.com\/es\/wp-content\/uploads\/sites\/12\/2018\/05\/emilia-clarke-attends-heavenly-bodies-fashion-the-catholic-costume-picture-id955773846-story-large-94d97ad8-0ef1-4111-bb1f-ac0bf7afc493.jpg?resize=153,215 153w\" sizes=\"(max-width: 1280px) 100vw, 1280px\" \/><\/p>\n<p>En cuanto al maquillaje y al peinado, <strong>Emilia Clarke<\/strong> opt\u00f3 por un look mucho m\u00e1s natural para pasearse por la costa Azul que el elegido para la noche m\u00e1s esperada del a\u00f1o en Nueva York.<\/p>\n<p>\u00bfQu\u00e9 opinas?<\/p>\n<p>\u00bfCu\u00e1l de los dos estilos te gusta m\u00e1s?<\/p>\n<p><em>Fotos: Cortes\u00eda \/ Getty Images<\/em><\/p>\n","protected":false},"author":11623,"featured_media":0,"template":"","format":"standard","categories":[1],"acf":[],"yoast_head":"<!-- This site is optimized with the Yoast SEO Premium plugin v18.5 (Yoast SEO v20.4) - https:\/\/yoast.com\/wordpress\/plugins\/seo\/ -->\n<title>Emilia Clarke, reina de la galaxia en la Costa Azul | Grazia<\/title>\n<meta name=\"description\" content=\"La actriz deslumbr\u00f3 en la premiere de la nueva cinta de &#039;Star Wars&#039; con vestido de Dior y joyas de Bulgari.\" \/>\n<meta name=\"robots\" content=\"index, follow, max-snippet:-1, max-image-preview:large, max-video-preview:-1\" \/>\n<link rel=\"canonical\" href=\"https:\/\/graziamagazine.com\/es\/articles\/el-estilo-de-emilia-clarke-en-cannes\/\" \/>\n<meta property=\"og:locale\" content=\"es_ES\" \/>\n<meta property=\"og:type\" content=\"article\" \/>\n<meta property=\"og:title\" content=\"Emilia Clarke, reina de la galaxia en la Costa Azul\" \/>\n<meta property=\"og:description\" content=\"La actriz deslumbr\u00f3 en la premiere de la nueva cinta de &#039;Star Wars&#039; con vestido de Dior y joyas de Bulgari.\" \/>\n<meta property=\"og:url\" content=\"https:\/\/graziamagazine.com\/es\/articles\/el-estilo-de-emilia-clarke-en-cannes\/\" \/>\n<meta property=\"og:site_name\" content=\"Grazia\" \/>\n<meta property=\"article:modified_time\" content=\"2018-05-17T13:12:26+00:00\" \/>\n<meta property=\"og:image\" content=\"https:\/\/graziamagazine.com\/es\/wp-content\/uploads\/sites\/12\/2018\/05\/CANNES-2018-EMILIA-CLARKE-1.jpg?fit=2060%2C3090\" \/>\n\t<meta property=\"og:image:width\" content=\"2060\" \/>\n\t<meta property=\"og:image:height\" content=\"3090\" \/>\n\t<meta property=\"og:image:type\" content=\"image\/jpeg\" \/>\n<meta name=\"twitter:card\" content=\"summary_large_image\" \/>\n<meta name=\"twitter:image\" content=\"http:\/\/s3-eu-west-1.amazonaws.com\/grazia-cdn\/wp-content\/uploads\/sites\/12\/2018\/05\/CANNES-2018-EMILIA-CLARKE-1.jpg\" \/>\n<meta name=\"twitter:label1\" content=\"Est. reading time\" \/>\n\t<meta name=\"twitter:data1\" content=\"2 minutos\" \/>\n<script type=\"application\/ld+json\" class=\"yoast-schema-graph\">{\"@context\":\"https:\/\/schema.org\",\"@graph\":[{\"@type\":\"WebPage\",\"@id\":\"https:\/\/graziamagazine.com\/es\/articles\/el-estilo-de-emilia-clarke-en-cannes\/\",\"url\":\"https:\/\/graziamagazine.com\/es\/articles\/el-estilo-de-emilia-clarke-en-cannes\/\",\"name\":\"Emilia Clarke, reina de la galaxia en la Costa Azul | Grazia\",\"isPartOf\":{\"@id\":\"https:\/\/graziamagazine.com\/es\/#website\"},\"datePublished\":\"2018-05-17T13:12:24+00:00\",\"dateModified\":\"2018-05-17T13:12:26+00:00\",\"description\":\"La actriz deslumbr\u00f3 en la premiere de la nueva cinta de 'Star Wars' con vestido de Dior y joyas de Bulgari.\",\"breadcrumb\":{\"@id\":\"https:\/\/graziamagazine.com\/es\/articles\/el-estilo-de-emilia-clarke-en-cannes\/#breadcrumb\"},\"inLanguage\":\"es\",\"potentialAction\":[{\"@type\":\"ReadAction\",\"target\":[\"https:\/\/graziamagazine.com\/es\/articles\/el-estilo-de-emilia-clarke-en-cannes\/\"]}]},{\"@type\":\"BreadcrumbList\",\"@id\":\"https:\/\/graziamagazine.com\/es\/articles\/el-estilo-de-emilia-clarke-en-cannes\/#breadcrumb\",\"itemListElement\":[{\"@type\":\"ListItem\",\"position\":1,\"name\":\"Portada\",\"item\":\"https:\/\/graziamagazine.com\/es\/\"},{\"@type\":\"ListItem\",\"position\":2,\"name\":\"Emilia Clarke, reina de la galaxia en la Costa Azul\"}]},{\"@type\":\"WebSite\",\"@id\":\"https:\/\/graziamagazine.com\/es\/#website\",\"url\":\"https:\/\/graziamagazine.com\/es\/\",\"name\":\"Grazia\",\"description\":\"Moda, belleza, celebrities, estilo de vida...\",\"potentialAction\":[{\"@type\":\"SearchAction\",\"target\":{\"@type\":\"EntryPoint\",\"urlTemplate\":\"https:\/\/graziamagazine.com\/es\/?s={search_term_string}\"},\"query-input\":\"required name=search_term_string\"}],\"inLanguage\":\"es\"}]}<\/script>\n<!-- \/ Yoast SEO Premium plugin. -->","yoast_head_json":{"title":"Emilia Clarke, reina de la galaxia en la Costa Azul | Grazia","description":"La actriz deslumbr\u00f3 en la premiere de la nueva cinta de 'Star Wars' con vestido de Dior y joyas de Bulgari.","robots":{"index":"index","follow":"follow","max-snippet":"max-snippet:-1","max-image-preview":"max-image-preview:large","max-video-preview":"max-video-preview:-1"},"canonical":"https:\/\/graziamagazine.com\/es\/articles\/el-estilo-de-emilia-clarke-en-cannes\/","og_locale":"es_ES","og_type":"article","og_title":"Emilia Clarke, reina de la galaxia en la Costa Azul","og_description":"La actriz deslumbr\u00f3 en la premiere de la nueva cinta de 'Star Wars' con vestido de Dior y joyas de Bulgari.","og_url":"https:\/\/graziamagazine.com\/es\/articles\/el-estilo-de-emilia-clarke-en-cannes\/","og_site_name":"Grazia","article_modified_time":"2018-05-17T13:12:26+00:00","og_image":[{"width":2060,"height":3090,"url":"https:\/\/graziamagazine.com\/es\/wp-content\/uploads\/sites\/12\/2018\/05\/CANNES-2018-EMILIA-CLARKE-1.jpg?fit=2060%2C3090","type":"image\/jpeg"}],"twitter_card":"summary_large_image","twitter_image":"http:\/\/s3-eu-west-1.amazonaws.com\/grazia-cdn\/wp-content\/uploads\/sites\/12\/2018\/05\/CANNES-2018-EMILIA-CLARKE-1.jpg","twitter_misc":{"Est. reading time":"2 minutos"},"schema":{"@context":"https:\/\/schema.org","@graph":[{"@type":"WebPage","@id":"https:\/\/graziamagazine.com\/es\/articles\/el-estilo-de-emilia-clarke-en-cannes\/","url":"https:\/\/graziamagazine.com\/es\/articles\/el-estilo-de-emilia-clarke-en-cannes\/","name":"Emilia Clarke, reina de la galaxia en la Costa Azul | Grazia","isPartOf":{"@id":"https:\/\/graziamagazine.com\/es\/#website"},"datePublished":"2018-05-17T13:12:24+00:00","dateModified":"2018-05-17T13:12:26+00:00","description":"La actriz deslumbr\u00f3 en la premiere de la nueva cinta de 'Star Wars' con vestido de Dior y joyas de Bulgari.","breadcrumb":{"@id":"https:\/\/graziamagazine.com\/es\/articles\/el-estilo-de-emilia-clarke-en-cannes\/#breadcrumb"},"inLanguage":"es","potentialAction":[{"@type":"ReadAction","target":["https:\/\/graziamagazine.com\/es\/articles\/el-estilo-de-emilia-clarke-en-cannes\/"]}]},{"@type":"BreadcrumbList","@id":"https:\/\/graziamagazine.com\/es\/articles\/el-estilo-de-emilia-clarke-en-cannes\/#breadcrumb","itemListElement":[{"@type":"ListItem","position":1,"name":"Portada","item":"https:\/\/graziamagazine.com\/es\/"},{"@type":"ListItem","position":2,"name":"Emilia Clarke, reina de la galaxia en la Costa Azul"}]},{"@type":"WebSite","@id":"https:\/\/graziamagazine.com\/es\/#website","url":"https:\/\/graziamagazine.com\/es\/","name":"Grazia","description":"Moda, belleza, celebrities, estilo de vida...","potentialAction":[{"@type":"SearchAction","target":{"@type":"EntryPoint","urlTemplate":"https:\/\/graziamagazine.com\/es\/?s={search_term_string}"},"query-input":"required name=search_term_string"}],"inLanguage":"es"}]}},"jetpack_sharing_enabled":true,"distributor_meta":false,"distributor_terms":false,"distributor_media":false,"distributor_original_site_name":"Grazia","distributor_original_site_url":"https:\/\/graziamagazine.com\/es","push-errors":false,"_links":{"self":[{"href":"https:\/\/graziamagazine.com\/es\/wp-json\/wp\/v2\/articles\/134988"}],"collection":[{"href":"https:\/\/graziamagazine.com\/es\/wp-json\/wp\/v2\/articles"}],"about":[{"href":"https:\/\/graziamagazine.com\/es\/wp-json\/wp\/v2\/types\/articles"}],"author":[{"embeddable":true,"href":"https:\/\/graziamagazine.com\/es\/wp-json\/wp\/v2\/users\/11623"}],"wp:attachment":[{"href":"https:\/\/graziamagazine.com\/es\/wp-json\/wp\/v2\/media?parent=134988"}],"wp:term":[{"taxonomy":"category","embeddable":true,"href":"https:\/\/graziamagazine.com\/es\/wp-json\/wp\/v2\/categories?post=134988"}],"curies":[{"name":"wp","href":"https:\/\/api.w.org\/{rel}","templated":true}]}}