{"id":134969,"date":"2018-05-16T22:00:12","date_gmt":"2018-05-16T20:00:12","guid":{"rendered":"https:\/\/graziamagazine.com\/es\/?p=134969"},"modified":"2018-05-16T22:11:29","modified_gmt":"2018-05-16T20:11:29","slug":"asi-ha-respetado-el-protocolo-la-madre-de-meghan-markle","status":"publish","type":"articles","link":"https:\/\/graziamagazine.com\/es\/articles\/asi-ha-respetado-el-protocolo-la-madre-de-meghan-markle\/","title":{"rendered":"As\u00ed ha respetado el protocolo la madre de Meghan Markle"},"content":{"rendered":"<p>El pr\u00f3ximo s\u00e1bado 19 los ojos de todos los ingleses (y el resto del mundo) estar\u00e1n puestos en la boda real y, m\u00e1s concretamente, en el vestido elegido por la novia para su gran d\u00eda. Eso s\u00ed, aunque <strong>Meghan Markle<\/strong> sea el centro del universo (al menos por ese d\u00eda) el resto de los invitados no se librar\u00e1n del escrutinio de la prensa.<\/p>\n<p><iframe loading=\"lazy\" class=\"giphy-embed\" src=\"https:\/\/giphy.com\/embed\/SZy0uZ1ppeWm4\" width=\"480\" height=\"480\" frameborder=\"0\" allowfullscreen=\"allowfullscreen\"><\/iframe><\/p>\n<p><a href=\"https:\/\/giphy.com\/gifs\/rude-SZy0uZ1ppeWm4\" target=\"_blank\">via GIPHY<\/a><\/p>\n<p>En el caso de <strong>Doria Ragland<\/strong>, la futura suegra del <strong>pr\u00edncipe Harry<\/strong> se ha adelantado a <a href=\"https:\/\/graziamagazine.com\/es\/moda\/consigue-tu-look-lowcost-para-asistir-a-la-boda-del-principe-harry-y-meghan-markle\/\">las normas de etiqueta sugeridas por la Casa Real Inglesa<\/a>, que sugieren\u00a0<strong>no llevar prendas de dise\u00f1adores famosos o americanos<\/strong>, y ha elegido un atuendo de la firma inglesa <strong>Burberry<\/strong>. Y no nos referimos a \u00e9l como vestido porque todo lo que hemos visto de su <em>outfit<\/em> es un portatrajes con el que se la vio abandonando su casa de Los \u00c1ngeles y dirigi\u00e9ndose al aeropuerto.<\/p>\n<figure id=\"attachment_134970\" aria-describedby=\"caption-attachment-134970\" style=\"width: 2200px\" class=\"wp-caption aligncenter\"><img loading=\"lazy\" decoding=\"async\" class=\"size-full wp-image-134970\" src=\"https:\/\/graziamagazine.com\/es\/wp-content\/uploads\/sites\/12\/2018\/05\/Lagencia_Grosby_GRG1965541.jpg\" alt=\"\" width=\"2200\" height=\"3300\" srcset=\"https:\/\/graziamagazine.com\/es\/wp-content\/uploads\/sites\/12\/2018\/05\/Lagencia_Grosby_GRG1965541.jpg 2200w, https:\/\/graziamagazine.com\/es\/wp-content\/uploads\/sites\/12\/2018\/05\/Lagencia_Grosby_GRG1965541.jpg?resize=200,300 200w, https:\/\/graziamagazine.com\/es\/wp-content\/uploads\/sites\/12\/2018\/05\/Lagencia_Grosby_GRG1965541.jpg?resize=768,1152 768w, https:\/\/graziamagazine.com\/es\/wp-content\/uploads\/sites\/12\/2018\/05\/Lagencia_Grosby_GRG1965541.jpg?resize=683,1024 683w, https:\/\/graziamagazine.com\/es\/wp-content\/uploads\/sites\/12\/2018\/05\/Lagencia_Grosby_GRG1965541.jpg?resize=1024,1536 1024w, https:\/\/graziamagazine.com\/es\/wp-content\/uploads\/sites\/12\/2018\/05\/Lagencia_Grosby_GRG1965541.jpg?resize=1365,2048 1365w, https:\/\/graziamagazine.com\/es\/wp-content\/uploads\/sites\/12\/2018\/05\/Lagencia_Grosby_GRG1965541.jpg?resize=143,215 143w\" sizes=\"(max-width: 2200px) 100vw, 2200px\" \/><figcaption id=\"caption-attachment-134970\" class=\"wp-caption-text\">Doria Ragland.<\/figcaption><\/figure>\n<p>Apenas tres d\u00edas de la boda real, los \u00faltimos detalles de la misma se desvelan a cuentagotas y los de vestuario son los m\u00e1s codiciados por los fan\u00e1ticos de la familia real. Ahora que <a href=\"https:\/\/graziamagazine.com\/es\/celebs\/ya-sabemos-quienes-seran-los-pajes-y-las-damitas-de-la-boda-real\/\">sabemos qui\u00e9nes ser\u00e1n los pajes y las damitas de <strong>Meghan Markle<\/strong><\/a>, nos preguntamos c\u00f3mo ir\u00e1n vestidos y si ir\u00e1n en consonancia con la novia. Del lado de <strong>Harry<\/strong>, <a href=\"https:\/\/graziamagazine.com\/es\/celebs\/como-vestira-el-principe-harry-el-dia-de-su-boda\/\">nos hacemos una ligera idea de la ropa con la que aparecer\u00e1 en la capilla de San Jorge<\/a>. Pero nuestras dudas no terminan con los novios&#8230; \u00bfC\u00f3mo ir\u00e1 vestida <strong>Kate Middleton<\/strong>? Y la reina <strong>Isabel II<\/strong>, \u00bfqu\u00e9 se pondr\u00e1?<\/p>\n<p>Y lo m\u00e1s importante: \u00bfSe atrever\u00e1 alguien a no tomar en cuenta las \u00absugerencias\u00bb del palacio de Kensington?<\/p>\n<p><em>Fotos: Grosby Group y Getty Images<\/em><\/p>\n","protected":false},"author":11623,"featured_media":0,"template":"","format":"standard","categories":[13,1],"acf":[],"yoast_head":"<!-- This site is optimized with the Yoast SEO Premium plugin v18.5 (Yoast SEO v20.4) - https:\/\/yoast.com\/wordpress\/plugins\/seo\/ -->\n<title>As\u00ed ha respetado el protocolo la madre de Meghan Markle | Grazia<\/title>\n<meta name=\"description\" content=\"Doria Ragland ha elegido un dise\u00f1ador ingl\u00e9s para acompa\u00f1ar a su hija en el gran d\u00eda.\" \/>\n<meta name=\"robots\" content=\"index, follow, max-snippet:-1, max-image-preview:large, max-video-preview:-1\" \/>\n<link rel=\"canonical\" href=\"https:\/\/graziamagazine.com\/es\/articles\/asi-ha-respetado-el-protocolo-la-madre-de-meghan-markle\/\" \/>\n<meta property=\"og:locale\" content=\"es_ES\" \/>\n<meta property=\"og:type\" content=\"article\" \/>\n<meta property=\"og:title\" content=\"As\u00ed ha respetado el protocolo la madre de Meghan Markle\" \/>\n<meta property=\"og:description\" content=\"Doria Ragland ha elegido un dise\u00f1ador ingl\u00e9s para acompa\u00f1ar a su hija en el gran d\u00eda.\" \/>\n<meta property=\"og:url\" content=\"https:\/\/graziamagazine.com\/es\/articles\/asi-ha-respetado-el-protocolo-la-madre-de-meghan-markle\/\" \/>\n<meta property=\"og:site_name\" content=\"Grazia\" \/>\n<meta property=\"article:modified_time\" content=\"2018-05-16T20:11:29+00:00\" \/>\n<meta property=\"og:image\" content=\"https:\/\/graziamagazine.com\/es\/wp-content\/uploads\/sites\/12\/2018\/05\/hbz-meghan-markle-doria-ragland-index-1525968054.jpg?fit=980%2C490\" \/>\n\t<meta property=\"og:image:width\" content=\"980\" \/>\n\t<meta property=\"og:image:height\" content=\"490\" \/>\n\t<meta property=\"og:image:type\" content=\"image\/jpeg\" \/>\n<meta name=\"twitter:card\" content=\"summary_large_image\" \/>\n<meta name=\"twitter:image\" content=\"http:\/\/s3-eu-west-1.amazonaws.com\/grazia-cdn\/wp-content\/uploads\/sites\/12\/2018\/05\/hbz-meghan-markle-doria-ragland-index-1525968054.jpg\" \/>\n<meta name=\"twitter:label1\" content=\"Est. reading time\" \/>\n\t<meta name=\"twitter:data1\" content=\"2 minutos\" \/>\n<script type=\"application\/ld+json\" class=\"yoast-schema-graph\">{\"@context\":\"https:\/\/schema.org\",\"@graph\":[{\"@type\":\"WebPage\",\"@id\":\"https:\/\/graziamagazine.com\/es\/articles\/asi-ha-respetado-el-protocolo-la-madre-de-meghan-markle\/\",\"url\":\"https:\/\/graziamagazine.com\/es\/articles\/asi-ha-respetado-el-protocolo-la-madre-de-meghan-markle\/\",\"name\":\"As\u00ed ha respetado el protocolo la madre de Meghan Markle | Grazia\",\"isPartOf\":{\"@id\":\"https:\/\/graziamagazine.com\/es\/#website\"},\"datePublished\":\"2018-05-16T20:00:12+00:00\",\"dateModified\":\"2018-05-16T20:11:29+00:00\",\"description\":\"Doria Ragland ha elegido un dise\u00f1ador ingl\u00e9s para acompa\u00f1ar a su hija en el gran d\u00eda.\",\"breadcrumb\":{\"@id\":\"https:\/\/graziamagazine.com\/es\/articles\/asi-ha-respetado-el-protocolo-la-madre-de-meghan-markle\/#breadcrumb\"},\"inLanguage\":\"es\",\"potentialAction\":[{\"@type\":\"ReadAction\",\"target\":[\"https:\/\/graziamagazine.com\/es\/articles\/asi-ha-respetado-el-protocolo-la-madre-de-meghan-markle\/\"]}]},{\"@type\":\"BreadcrumbList\",\"@id\":\"https:\/\/graziamagazine.com\/es\/articles\/asi-ha-respetado-el-protocolo-la-madre-de-meghan-markle\/#breadcrumb\",\"itemListElement\":[{\"@type\":\"ListItem\",\"position\":1,\"name\":\"Portada\",\"item\":\"https:\/\/graziamagazine.com\/es\/\"},{\"@type\":\"ListItem\",\"position\":2,\"name\":\"As\u00ed ha respetado el protocolo la madre de Meghan Markle\"}]},{\"@type\":\"WebSite\",\"@id\":\"https:\/\/graziamagazine.com\/es\/#website\",\"url\":\"https:\/\/graziamagazine.com\/es\/\",\"name\":\"Grazia\",\"description\":\"Moda, belleza, celebrities, estilo de vida...\",\"potentialAction\":[{\"@type\":\"SearchAction\",\"target\":{\"@type\":\"EntryPoint\",\"urlTemplate\":\"https:\/\/graziamagazine.com\/es\/?s={search_term_string}\"},\"query-input\":\"required name=search_term_string\"}],\"inLanguage\":\"es\"}]}<\/script>\n<!-- \/ Yoast SEO Premium plugin. -->","yoast_head_json":{"title":"As\u00ed ha respetado el protocolo la madre de Meghan Markle | Grazia","description":"Doria Ragland ha elegido un dise\u00f1ador ingl\u00e9s para acompa\u00f1ar a su hija en el gran d\u00eda.","robots":{"index":"index","follow":"follow","max-snippet":"max-snippet:-1","max-image-preview":"max-image-preview:large","max-video-preview":"max-video-preview:-1"},"canonical":"https:\/\/graziamagazine.com\/es\/articles\/asi-ha-respetado-el-protocolo-la-madre-de-meghan-markle\/","og_locale":"es_ES","og_type":"article","og_title":"As\u00ed ha respetado el protocolo la madre de Meghan Markle","og_description":"Doria Ragland ha elegido un dise\u00f1ador ingl\u00e9s para acompa\u00f1ar a su hija en el gran d\u00eda.","og_url":"https:\/\/graziamagazine.com\/es\/articles\/asi-ha-respetado-el-protocolo-la-madre-de-meghan-markle\/","og_site_name":"Grazia","article_modified_time":"2018-05-16T20:11:29+00:00","og_image":[{"width":980,"height":490,"url":"https:\/\/graziamagazine.com\/es\/wp-content\/uploads\/sites\/12\/2018\/05\/hbz-meghan-markle-doria-ragland-index-1525968054.jpg?fit=980%2C490","type":"image\/jpeg"}],"twitter_card":"summary_large_image","twitter_image":"http:\/\/s3-eu-west-1.amazonaws.com\/grazia-cdn\/wp-content\/uploads\/sites\/12\/2018\/05\/hbz-meghan-markle-doria-ragland-index-1525968054.jpg","twitter_misc":{"Est. reading time":"2 minutos"},"schema":{"@context":"https:\/\/schema.org","@graph":[{"@type":"WebPage","@id":"https:\/\/graziamagazine.com\/es\/articles\/asi-ha-respetado-el-protocolo-la-madre-de-meghan-markle\/","url":"https:\/\/graziamagazine.com\/es\/articles\/asi-ha-respetado-el-protocolo-la-madre-de-meghan-markle\/","name":"As\u00ed ha respetado el protocolo la madre de Meghan Markle | Grazia","isPartOf":{"@id":"https:\/\/graziamagazine.com\/es\/#website"},"datePublished":"2018-05-16T20:00:12+00:00","dateModified":"2018-05-16T20:11:29+00:00","description":"Doria Ragland ha elegido un dise\u00f1ador ingl\u00e9s para acompa\u00f1ar a su hija en el gran d\u00eda.","breadcrumb":{"@id":"https:\/\/graziamagazine.com\/es\/articles\/asi-ha-respetado-el-protocolo-la-madre-de-meghan-markle\/#breadcrumb"},"inLanguage":"es","potentialAction":[{"@type":"ReadAction","target":["https:\/\/graziamagazine.com\/es\/articles\/asi-ha-respetado-el-protocolo-la-madre-de-meghan-markle\/"]}]},{"@type":"BreadcrumbList","@id":"https:\/\/graziamagazine.com\/es\/articles\/asi-ha-respetado-el-protocolo-la-madre-de-meghan-markle\/#breadcrumb","itemListElement":[{"@type":"ListItem","position":1,"name":"Portada","item":"https:\/\/graziamagazine.com\/es\/"},{"@type":"ListItem","position":2,"name":"As\u00ed ha respetado el protocolo la madre de Meghan Markle"}]},{"@type":"WebSite","@id":"https:\/\/graziamagazine.com\/es\/#website","url":"https:\/\/graziamagazine.com\/es\/","name":"Grazia","description":"Moda, belleza, celebrities, estilo de vida...","potentialAction":[{"@type":"SearchAction","target":{"@type":"EntryPoint","urlTemplate":"https:\/\/graziamagazine.com\/es\/?s={search_term_string}"},"query-input":"required name=search_term_string"}],"inLanguage":"es"}]}},"jetpack_sharing_enabled":true,"distributor_meta":false,"distributor_terms":false,"distributor_media":false,"distributor_original_site_name":"Grazia","distributor_original_site_url":"https:\/\/graziamagazine.com\/es","push-errors":false,"_links":{"self":[{"href":"https:\/\/graziamagazine.com\/es\/wp-json\/wp\/v2\/articles\/134969"}],"collection":[{"href":"https:\/\/graziamagazine.com\/es\/wp-json\/wp\/v2\/articles"}],"about":[{"href":"https:\/\/graziamagazine.com\/es\/wp-json\/wp\/v2\/types\/articles"}],"author":[{"embeddable":true,"href":"https:\/\/graziamagazine.com\/es\/wp-json\/wp\/v2\/users\/11623"}],"wp:attachment":[{"href":"https:\/\/graziamagazine.com\/es\/wp-json\/wp\/v2\/media?parent=134969"}],"wp:term":[{"taxonomy":"category","embeddable":true,"href":"https:\/\/graziamagazine.com\/es\/wp-json\/wp\/v2\/categories?post=134969"}],"curies":[{"name":"wp","href":"https:\/\/api.w.org\/{rel}","templated":true}]}}