{"id":134960,"date":"2018-05-16T20:47:27","date_gmt":"2018-05-16T18:47:27","guid":{"rendered":"https:\/\/graziamagazine.com\/es\/?p=134960"},"modified":"2018-05-16T21:05:07","modified_gmt":"2018-05-16T19:05:07","slug":"consigue-tu-look-lowcost-para-asistir-a-la-boda-del-principe-harry-y-meghan-markle","status":"publish","type":"articles","link":"https:\/\/graziamagazine.com\/es\/articles\/consigue-tu-look-lowcost-para-asistir-a-la-boda-del-principe-harry-y-meghan-markle\/","title":{"rendered":"Consigue tu look &#8216;lowcost&#8217; para asistir a la boda del pr\u00edncipe Harry y Meghan Markle"},"content":{"rendered":"<p>Vestirse para una boda real no es tarea f\u00e1cil debido a las estrictas reglas de protocolo que envuelven este tipo de ceremonias. Y saber que el planeta entero estar\u00e1 pendiente de nuestra indumentaria tampoco lo hace m\u00e1s sencillo.<\/p>\n<p>Entre las normas de etiqueta sugeridas por la Casa Real brit\u00e1nica se encuentra la de \u201c<strong>no llevar prendas de dise\u00f1adores famosos o americanos<\/strong>\u201d. Teniendo en cuenta esta premisa os dejamos varias propuestas para ser la invitada perfecta <em>low cost<\/em> en la boda del <strong>pr\u00edncipe Harry<\/strong> y <strong>Meghan Markle<\/strong>, en el caso hipot\u00e9tico de haber recibido un sobre con el sello de la <strong>Reina Isabel II<\/strong>.<\/p>\n<p>Lo primero que deberemos conocer para no desentonar son algunas normas b\u00e1sicas de etiqueta para invitadas. Entre ellas, encontramos que <strong>las tiaras<\/strong> solo podr\u00e1n ser lucidas por las mujeres casadas y que es m\u00e1s aconsejado llevarlas en eventos de noche. Los <strong>guantes<\/strong> est\u00e1n permitidos siempre y cuando se combinen con vestidos o conjuntos de manga corta o francesa.<\/p>\n<p>Otra de las recomendaciones que dicta el protocolo es que en bodas de ma\u00f1ana siempre deberemos llevar <strong>pantys transparentes<\/strong>. No obstante, se trata de una norma algo m\u00e1s obsoleta que fue incumplida por <strong>Do\u00f1a Letizia<\/strong> o <strong>Victoria Beckham<\/strong> en la boda de <strong>Kate Middleton<\/strong>. As\u00ed que, si ellas pueden, nosotras tambi\u00e9n.<\/p>\n<figure id=\"attachment_134961\" aria-describedby=\"caption-attachment-134961\" style=\"width: 792px\" class=\"wp-caption aligncenter\"><img loading=\"lazy\" decoding=\"async\" class=\"size-full wp-image-134961\" src=\"https:\/\/graziamagazine.com\/es\/wp-content\/uploads\/sites\/12\/2018\/05\/GettyImages-113270521.jpg\" alt=\"Los Beckham en la boda de los duques de Cambridge.\" width=\"792\" height=\"1192\" srcset=\"https:\/\/graziamagazine.com\/es\/wp-content\/uploads\/sites\/12\/2018\/05\/GettyImages-113270521.jpg 792w, https:\/\/graziamagazine.com\/es\/wp-content\/uploads\/sites\/12\/2018\/05\/GettyImages-113270521.jpg?resize=199,300 199w, https:\/\/graziamagazine.com\/es\/wp-content\/uploads\/sites\/12\/2018\/05\/GettyImages-113270521.jpg?resize=768,1156 768w, https:\/\/graziamagazine.com\/es\/wp-content\/uploads\/sites\/12\/2018\/05\/GettyImages-113270521.jpg?resize=680,1024 680w, https:\/\/graziamagazine.com\/es\/wp-content\/uploads\/sites\/12\/2018\/05\/GettyImages-113270521.jpg?resize=143,215 143w\" sizes=\"(max-width: 792px) 100vw, 792px\" \/><figcaption id=\"caption-attachment-134961\" class=\"wp-caption-text\">Los Beckham en la boda de los duques de Cambridge.<\/figcaption><\/figure>\n<p><span style=\"color: #993366;\"><strong>EL TOCADO<\/strong><\/span><\/p>\n<p><img loading=\"lazy\" decoding=\"async\" class=\"aligncenter size-full wp-image-134946\" src=\"https:\/\/graziamagazine.com\/es\/wp-content\/uploads\/sites\/12\/2018\/05\/Vestido-cruzado-rojo-de-Lolali-8-copia.jpg\" alt=\"\" width=\"2016\" height=\"1344\" srcset=\"https:\/\/graziamagazine.com\/es\/wp-content\/uploads\/sites\/12\/2018\/05\/Vestido-cruzado-rojo-de-Lolali-8-copia.jpg 2016w, https:\/\/graziamagazine.com\/es\/wp-content\/uploads\/sites\/12\/2018\/05\/Vestido-cruzado-rojo-de-Lolali-8-copia.jpg?resize=300,200 300w, https:\/\/graziamagazine.com\/es\/wp-content\/uploads\/sites\/12\/2018\/05\/Vestido-cruzado-rojo-de-Lolali-8-copia.jpg?resize=768,512 768w, https:\/\/graziamagazine.com\/es\/wp-content\/uploads\/sites\/12\/2018\/05\/Vestido-cruzado-rojo-de-Lolali-8-copia.jpg?resize=1024,683 1024w, https:\/\/graziamagazine.com\/es\/wp-content\/uploads\/sites\/12\/2018\/05\/Vestido-cruzado-rojo-de-Lolali-8-copia.jpg?resize=1536,1024 1536w, https:\/\/graziamagazine.com\/es\/wp-content\/uploads\/sites\/12\/2018\/05\/Vestido-cruzado-rojo-de-Lolali-8-copia.jpg?resize=155,103 155w\" sizes=\"(max-width: 2016px) 100vw, 2016px\" \/><\/p>\n<p>Si algo es sobradamente conocido es que en una boda de ma\u00f1ana <strong>siempre deberemos llevar tocados<\/strong>, y m\u00e1s si as\u00ed viene indicado en la propia invitaci\u00f3n seg\u00fan comentan fuentes cercanas. Las mujeres siempre deber\u00e1n usar sombreros o pamelas para eventos formales y cuanto m\u00e1s elegantes mejor.<br \/>\nTambi\u00e9n es importante no olvidar que el protocolo indica c\u00f3mo debemos colocar nuestro tocado de forma adecuada. Su posici\u00f3n correcta es en el lado derecho y\/o ligeramente inclinado hacia este lugar. A excepci\u00f3n de la madrina, que deber\u00e1 situarlo en la parte izquierda.<\/p>\n<div class=\"content-gallery\"><div class=\"gallery-placeholder\"><div class=\"spinner\"><\/div><\/div><span class=\"gallery-pagination\"><\/span><div id=\"gallery-1\" class=\"gallery galleryid-134960 gallery-columns-2 gallery-size-full\"><figure class=\"gallery-item grazia-gallery-show-text\"><div class=\"gallery-icon landscape\"><img loading=\"lazy\" decoding=\"async\" width=\"400\" height=\"496\" src=\"https:\/\/graziamagazine.com\/es\/wp-content\/uploads\/sites\/12\/2018\/05\/4373009052_2_2_1.jpg\" class=\"lazy\" alt=\"Pamela plana con lazada, de Zara.\" srcset=\"https:\/\/graziamagazine.com\/es\/wp-content\/uploads\/sites\/12\/2018\/05\/4373009052_2_2_1.jpg 400w, https:\/\/graziamagazine.com\/es\/wp-content\/uploads\/sites\/12\/2018\/05\/4373009052_2_2_1.jpg?resize=242,300 242w, https:\/\/graziamagazine.com\/es\/wp-content\/uploads\/sites\/12\/2018\/05\/4373009052_2_2_1.jpg?resize=155,192 155w\" sizes=\"(max-width: 400px) 100vw, 400px\" \/><\/div><div class=\"grazia-gallery-text\">Pamela plana con lazada, de Zara.<\/div><figcaption class=\"wp-caption-text gallery-caption\" id=\"gallery-1-134902\">Pamela plana con lazada, de Zara.<\/figcaption><\/figure><figure class=\"gallery-item grazia-gallery-show-text\"><div class=\"gallery-icon landscape\"><img loading=\"lazy\" decoding=\"async\" width=\"513\" height=\"655\" src=\"https:\/\/graziamagazine.com\/es\/wp-content\/uploads\/sites\/12\/2018\/05\/9136671-1-black.jpg\" class=\"lazy\" alt=\"Sombrero floppy de paja natural, de Asos.\" srcset=\"https:\/\/graziamagazine.com\/es\/wp-content\/uploads\/sites\/12\/2018\/05\/9136671-1-black.jpg 513w, https:\/\/graziamagazine.com\/es\/wp-content\/uploads\/sites\/12\/2018\/05\/9136671-1-black.jpg?resize=235,300 235w, https:\/\/graziamagazine.com\/es\/wp-content\/uploads\/sites\/12\/2018\/05\/9136671-1-black.jpg?resize=155,198 155w\" sizes=\"(max-width: 513px) 100vw, 513px\" \/><\/div><div class=\"grazia-gallery-text\">Sombrero floppy de paja natural, de Asos.<\/div><figcaption class=\"wp-caption-text gallery-caption\" id=\"gallery-1-134888\">Sombrero floppy de paja natural, de Asos.<\/figcaption><\/figure><figure class=\"gallery-item grazia-gallery-show-text\"><div class=\"gallery-icon landscape\"><img loading=\"lazy\" decoding=\"async\" width=\"513\" height=\"655\" src=\"https:\/\/graziamagazine.com\/es\/wp-content\/uploads\/sites\/12\/2018\/05\/7849868-1-pink.jpg\" class=\"lazy\" alt=\"Diadema con velo y flores, de Asos.\" srcset=\"https:\/\/graziamagazine.com\/es\/wp-content\/uploads\/sites\/12\/2018\/05\/7849868-1-pink.jpg 513w, https:\/\/graziamagazine.com\/es\/wp-content\/uploads\/sites\/12\/2018\/05\/7849868-1-pink.jpg?resize=235,300 235w, https:\/\/graziamagazine.com\/es\/wp-content\/uploads\/sites\/12\/2018\/05\/7849868-1-pink.jpg?resize=155,198 155w\" sizes=\"(max-width: 513px) 100vw, 513px\" \/><\/div><div class=\"grazia-gallery-text\">Diadema con velo y flores, de Asos.<\/div><figcaption class=\"wp-caption-text gallery-caption\" id=\"gallery-1-134887\">Diadema con velo y flores, de Asos.<\/figcaption><\/figure><figure class=\"gallery-item grazia-gallery-show-text\"><div class=\"gallery-icon landscape\"><img loading=\"lazy\" decoding=\"async\" width=\"344\" height=\"438\" src=\"https:\/\/graziamagazine.com\/es\/wp-content\/uploads\/sites\/12\/2018\/05\/Sin-ti\u0301tulo.jpg\" class=\"lazy\" alt=\"Diadema con velo y flores, de Asos.\" srcset=\"https:\/\/graziamagazine.com\/es\/wp-content\/uploads\/sites\/12\/2018\/05\/Sin-ti\u0301tulo.jpg 344w, https:\/\/graziamagazine.com\/es\/wp-content\/uploads\/sites\/12\/2018\/05\/Sin-ti\u0301tulo.jpg?resize=236,300 236w, https:\/\/graziamagazine.com\/es\/wp-content\/uploads\/sites\/12\/2018\/05\/Sin-ti\u0301tulo.jpg?resize=155,197 155w\" sizes=\"(max-width: 344px) 100vw, 344px\" \/><\/div><div class=\"grazia-gallery-text\">Diadema con velo y flores, de Asos.<\/div><figcaption class=\"wp-caption-text gallery-caption\" id=\"gallery-1-134886\">Diadema con velo y flores, de Asos.<\/figcaption><\/figure><\/div><\/div>\n<p><strong><span style=\"color: #993366;\">EL VESTIDO<\/span><\/strong><\/p>\n<p><img loading=\"lazy\" decoding=\"async\" class=\"aligncenter size-full wp-image-134939\" src=\"https:\/\/graziamagazine.com\/es\/wp-content\/uploads\/sites\/12\/2018\/05\/Vestido-midi-verdes-de-Cherubina-1.jpg\" alt=\"\" width=\"1400\" height=\"2100\" srcset=\"https:\/\/graziamagazine.com\/es\/wp-content\/uploads\/sites\/12\/2018\/05\/Vestido-midi-verdes-de-Cherubina-1.jpg 1400w, https:\/\/graziamagazine.com\/es\/wp-content\/uploads\/sites\/12\/2018\/05\/Vestido-midi-verdes-de-Cherubina-1.jpg?resize=200,300 200w, https:\/\/graziamagazine.com\/es\/wp-content\/uploads\/sites\/12\/2018\/05\/Vestido-midi-verdes-de-Cherubina-1.jpg?resize=768,1152 768w, https:\/\/graziamagazine.com\/es\/wp-content\/uploads\/sites\/12\/2018\/05\/Vestido-midi-verdes-de-Cherubina-1.jpg?resize=683,1024 683w, https:\/\/graziamagazine.com\/es\/wp-content\/uploads\/sites\/12\/2018\/05\/Vestido-midi-verdes-de-Cherubina-1.jpg?resize=1024,1536 1024w, https:\/\/graziamagazine.com\/es\/wp-content\/uploads\/sites\/12\/2018\/05\/Vestido-midi-verdes-de-Cherubina-1.jpg?resize=1365,2048 1365w, https:\/\/graziamagazine.com\/es\/wp-content\/uploads\/sites\/12\/2018\/05\/Vestido-midi-verdes-de-Cherubina-1.jpg?resize=143,215 143w\" sizes=\"(max-width: 1400px) 100vw, 1400px\" \/><\/p>\n<p>Seg\u00fan la etiqueta en bodas de ma\u00f1ana se espera que las invitadas deslumbren con sofisticados vestidos, pero evitando siempre los tonos demasiados similares al blanco o beige para no restar protagonismo a la novia. En contraposici\u00f3n el uso de negro no es recomendado, ya que es s\u00edmbolo de los funerales. En cuanto al largo, el protocolo aconseja los de corte midi o por la rodilla, pero nunca por encima de esta. Tambi\u00e9n debemos tener en cuenta que los hombros deber\u00e1n estar cubiertos y nunca lucir escote en ceremonias religiosas.<\/p>\n<div class=\"content-gallery\"><div class=\"gallery-placeholder\"><div class=\"spinner\"><\/div><\/div><span class=\"gallery-pagination\"><\/span><div id=\"gallery-2\" class=\"gallery galleryid-134960 gallery-columns-2 gallery-size-full\"><figure class=\"gallery-item grazia-gallery-show-text\"><div class=\"gallery-icon landscape\"><img loading=\"lazy\" decoding=\"async\" width=\"980\" height=\"1306\" src=\"https:\/\/graziamagazine.com\/es\/wp-content\/uploads\/sites\/12\/2018\/05\/6656526886_2_2_14.jpg\" class=\"lazy\" alt=\"Vestido fluido con pliegues, de Massimo Dutti.\" srcset=\"https:\/\/graziamagazine.com\/es\/wp-content\/uploads\/sites\/12\/2018\/05\/6656526886_2_2_14.jpg 980w, https:\/\/graziamagazine.com\/es\/wp-content\/uploads\/sites\/12\/2018\/05\/6656526886_2_2_14.jpg?resize=225,300 225w, https:\/\/graziamagazine.com\/es\/wp-content\/uploads\/sites\/12\/2018\/05\/6656526886_2_2_14.jpg?resize=768,1024 768w, https:\/\/graziamagazine.com\/es\/wp-content\/uploads\/sites\/12\/2018\/05\/6656526886_2_2_14.jpg?resize=155,207 155w\" sizes=\"(max-width: 980px) 100vw, 980px\" \/><\/div><div class=\"grazia-gallery-text\">Vestido fluido con pliegues, de Massimo Dutti.<\/div><\/figure><figure class=\"gallery-item grazia-gallery-show-text\"><div class=\"gallery-icon landscape\"><img loading=\"lazy\" decoding=\"async\" width=\"900\" height=\"1235\" src=\"https:\/\/graziamagazine.com\/es\/wp-content\/uploads\/sites\/12\/2018\/05\/0318255600_2_2_2.jpg\" class=\"lazy\" alt=\"Vestido corte mide con escote en V, de Uterq\u00fce.\" srcset=\"https:\/\/graziamagazine.com\/es\/wp-content\/uploads\/sites\/12\/2018\/05\/0318255600_2_2_2.jpg 900w, https:\/\/graziamagazine.com\/es\/wp-content\/uploads\/sites\/12\/2018\/05\/0318255600_2_2_2.jpg?resize=219,300 219w, https:\/\/graziamagazine.com\/es\/wp-content\/uploads\/sites\/12\/2018\/05\/0318255600_2_2_2.jpg?resize=768,1054 768w, https:\/\/graziamagazine.com\/es\/wp-content\/uploads\/sites\/12\/2018\/05\/0318255600_2_2_2.jpg?resize=746,1024 746w, https:\/\/graziamagazine.com\/es\/wp-content\/uploads\/sites\/12\/2018\/05\/0318255600_2_2_2.jpg?resize=155,213 155w\" sizes=\"(max-width: 900px) 100vw, 900px\" \/><\/div><div class=\"grazia-gallery-text\">Vestido corte mide con escote en V, de Uterq\u00fce.<\/div><figcaption class=\"wp-caption-text gallery-caption\" id=\"gallery-2-134900\">Vestido corte mide con escote en V, de Uterq\u00fce.<\/figcaption><\/figure><figure class=\"gallery-item grazia-gallery-show-text\"><div class=\"gallery-icon landscape\"><img loading=\"lazy\" decoding=\"async\" width=\"1920\" height=\"2379\" src=\"https:\/\/graziamagazine.com\/es\/wp-content\/uploads\/sites\/12\/2018\/05\/5644315020_2_1_1.jpg\" class=\"lazy\" alt=\"Vestido el\u00e1stico de lunares, de Zara.\" srcset=\"https:\/\/graziamagazine.com\/es\/wp-content\/uploads\/sites\/12\/2018\/05\/5644315020_2_1_1.jpg 1920w, https:\/\/graziamagazine.com\/es\/wp-content\/uploads\/sites\/12\/2018\/05\/5644315020_2_1_1.jpg?resize=242,300 242w, https:\/\/graziamagazine.com\/es\/wp-content\/uploads\/sites\/12\/2018\/05\/5644315020_2_1_1.jpg?resize=768,952 768w, https:\/\/graziamagazine.com\/es\/wp-content\/uploads\/sites\/12\/2018\/05\/5644315020_2_1_1.jpg?resize=826,1024 826w, https:\/\/graziamagazine.com\/es\/wp-content\/uploads\/sites\/12\/2018\/05\/5644315020_2_1_1.jpg?resize=1240,1536 1240w, https:\/\/graziamagazine.com\/es\/wp-content\/uploads\/sites\/12\/2018\/05\/5644315020_2_1_1.jpg?resize=1653,2048 1653w, https:\/\/graziamagazine.com\/es\/wp-content\/uploads\/sites\/12\/2018\/05\/5644315020_2_1_1.jpg?resize=155,192 155w\" sizes=\"(max-width: 1920px) 100vw, 1920px\" \/><\/div><div class=\"grazia-gallery-text\">Vestido el\u00e1stico de lunares, de Zara.<\/div><figcaption class=\"wp-caption-text gallery-caption\" id=\"gallery-2-134899\">Vestido el\u00e1stico de lunares, de Zara.<\/figcaption><\/figure><figure class=\"gallery-item grazia-gallery-show-text\"><div class=\"gallery-icon landscape\"><img loading=\"lazy\" decoding=\"async\" width=\"1920\" height=\"2379\" src=\"https:\/\/graziamagazine.com\/es\/wp-content\/uploads\/sites\/12\/2018\/05\/2712019600_1_1_1.jpg\" class=\"lazy\" alt=\"Vestido de rombos, de Zara.\" srcset=\"https:\/\/graziamagazine.com\/es\/wp-content\/uploads\/sites\/12\/2018\/05\/2712019600_1_1_1.jpg 1920w, https:\/\/graziamagazine.com\/es\/wp-content\/uploads\/sites\/12\/2018\/05\/2712019600_1_1_1.jpg?resize=242,300 242w, https:\/\/graziamagazine.com\/es\/wp-content\/uploads\/sites\/12\/2018\/05\/2712019600_1_1_1.jpg?resize=768,952 768w, https:\/\/graziamagazine.com\/es\/wp-content\/uploads\/sites\/12\/2018\/05\/2712019600_1_1_1.jpg?resize=826,1024 826w, https:\/\/graziamagazine.com\/es\/wp-content\/uploads\/sites\/12\/2018\/05\/2712019600_1_1_1.jpg?resize=1240,1536 1240w, https:\/\/graziamagazine.com\/es\/wp-content\/uploads\/sites\/12\/2018\/05\/2712019600_1_1_1.jpg?resize=1653,2048 1653w, https:\/\/graziamagazine.com\/es\/wp-content\/uploads\/sites\/12\/2018\/05\/2712019600_1_1_1.jpg?resize=155,192 155w\" sizes=\"(max-width: 1920px) 100vw, 1920px\" \/><\/div><div class=\"grazia-gallery-text\">Vestido de rombos, de Zara.<\/div><figcaption class=\"wp-caption-text gallery-caption\" id=\"gallery-2-134898\">Vestido de rombos, de Zara.<\/figcaption><\/figure><figure class=\"gallery-item grazia-gallery-show-text\"><div class=\"gallery-icon landscape\"><img loading=\"lazy\" decoding=\"async\" width=\"1920\" height=\"2379\" src=\"https:\/\/graziamagazine.com\/es\/wp-content\/uploads\/sites\/12\/2018\/05\/2805847644_2_1_1.jpg\" class=\"lazy\" alt=\"Vestido de volantes con estampado floral, de Zara.\" srcset=\"https:\/\/graziamagazine.com\/es\/wp-content\/uploads\/sites\/12\/2018\/05\/2805847644_2_1_1.jpg 1920w, https:\/\/graziamagazine.com\/es\/wp-content\/uploads\/sites\/12\/2018\/05\/2805847644_2_1_1.jpg?resize=242,300 242w, https:\/\/graziamagazine.com\/es\/wp-content\/uploads\/sites\/12\/2018\/05\/2805847644_2_1_1.jpg?resize=768,952 768w, https:\/\/graziamagazine.com\/es\/wp-content\/uploads\/sites\/12\/2018\/05\/2805847644_2_1_1.jpg?resize=826,1024 826w, https:\/\/graziamagazine.com\/es\/wp-content\/uploads\/sites\/12\/2018\/05\/2805847644_2_1_1.jpg?resize=1240,1536 1240w, https:\/\/graziamagazine.com\/es\/wp-content\/uploads\/sites\/12\/2018\/05\/2805847644_2_1_1.jpg?resize=1653,2048 1653w, https:\/\/graziamagazine.com\/es\/wp-content\/uploads\/sites\/12\/2018\/05\/2805847644_2_1_1.jpg?resize=155,192 155w\" sizes=\"(max-width: 1920px) 100vw, 1920px\" \/><\/div><div class=\"grazia-gallery-text\">Vestido de volantes con estampado floral, de Zara.<\/div><figcaption class=\"wp-caption-text gallery-caption\" id=\"gallery-2-134897\">Vestido de volantes con estampado floral, de Zara.<\/figcaption><\/figure><figure class=\"gallery-item grazia-gallery-show-text\"><div class=\"gallery-icon landscape\"><img loading=\"lazy\" decoding=\"async\" width=\"273\" height=\"382\" src=\"https:\/\/graziamagazine.com\/es\/wp-content\/uploads\/sites\/12\/2018\/05\/2.jpg\" class=\"lazy\" alt=\"Vestido con apliques, de Mango.\" srcset=\"https:\/\/graziamagazine.com\/es\/wp-content\/uploads\/sites\/12\/2018\/05\/2.jpg 273w, https:\/\/graziamagazine.com\/es\/wp-content\/uploads\/sites\/12\/2018\/05\/2.jpg?resize=214,300 214w\" sizes=\"(max-width: 273px) 100vw, 273px\" \/><\/div><div class=\"grazia-gallery-text\">Vestido con apliques, de Mango.<\/div><figcaption class=\"wp-caption-text gallery-caption\" id=\"gallery-2-134884\">Vestido con apliques, de Mango.<\/figcaption><\/figure><figure class=\"gallery-item grazia-gallery-show-text\"><div class=\"gallery-icon landscape\"><img loading=\"lazy\" decoding=\"async\" width=\"426\" height=\"595\" src=\"https:\/\/graziamagazine.com\/es\/wp-content\/uploads\/sites\/12\/2018\/05\/3.jpg\" class=\"lazy\" alt=\"Vestido estampado de flores, de Mango.\" srcset=\"https:\/\/graziamagazine.com\/es\/wp-content\/uploads\/sites\/12\/2018\/05\/3.jpg 426w, https:\/\/graziamagazine.com\/es\/wp-content\/uploads\/sites\/12\/2018\/05\/3.jpg?resize=215,300 215w, https:\/\/graziamagazine.com\/es\/wp-content\/uploads\/sites\/12\/2018\/05\/3.jpg?resize=155,215 155w\" sizes=\"(max-width: 426px) 100vw, 426px\" \/><\/div><div class=\"grazia-gallery-text\">Vestido estampado de flores, de Mango.<\/div><figcaption class=\"wp-caption-text gallery-caption\" id=\"gallery-2-134883\">Vestido estampado de flores, de Mango.<\/figcaption><\/figure><figure class=\"gallery-item grazia-gallery-show-text\"><div class=\"gallery-icon landscape\"><img loading=\"lazy\" decoding=\"async\" width=\"384\" height=\"491\" src=\"https:\/\/graziamagazine.com\/es\/wp-content\/uploads\/sites\/12\/2018\/05\/4.jpg\" class=\"lazy\" alt=\"Vestido de corte midi, plisado y con volantes, de Asos.\" srcset=\"https:\/\/graziamagazine.com\/es\/wp-content\/uploads\/sites\/12\/2018\/05\/4.jpg 384w, https:\/\/graziamagazine.com\/es\/wp-content\/uploads\/sites\/12\/2018\/05\/4.jpg?resize=235,300 235w, https:\/\/graziamagazine.com\/es\/wp-content\/uploads\/sites\/12\/2018\/05\/4.jpg?resize=155,198 155w\" sizes=\"(max-width: 384px) 100vw, 384px\" \/><\/div><div class=\"grazia-gallery-text\">Vestido de corte midi, plisado y con volantes, de Asos.<\/div><figcaption class=\"wp-caption-text gallery-caption\" id=\"gallery-2-134882\">Vestido de corte midi, plisado y con volantes, de Asos.<\/figcaption><\/figure><figure class=\"gallery-item grazia-gallery-show-text\"><div class=\"gallery-icon landscape\"><img loading=\"lazy\" decoding=\"async\" width=\"384\" height=\"491\" src=\"https:\/\/graziamagazine.com\/es\/wp-content\/uploads\/sites\/12\/2018\/05\/5.jpg\" class=\"lazy\" alt=\"Vestido de croch\u00e9 con hombros descubiertos, de Asos.\" srcset=\"https:\/\/graziamagazine.com\/es\/wp-content\/uploads\/sites\/12\/2018\/05\/5.jpg 384w, https:\/\/graziamagazine.com\/es\/wp-content\/uploads\/sites\/12\/2018\/05\/5.jpg?resize=235,300 235w, https:\/\/graziamagazine.com\/es\/wp-content\/uploads\/sites\/12\/2018\/05\/5.jpg?resize=155,198 155w\" sizes=\"(max-width: 384px) 100vw, 384px\" \/><\/div><div class=\"grazia-gallery-text\">Vestido de croch\u00e9 con hombros descubiertos, de Asos.<\/div><figcaption class=\"wp-caption-text gallery-caption\" id=\"gallery-2-134881\">Vestido de croch\u00e9 con hombros descubiertos, de Asos.<\/figcaption><\/figure><\/div><\/div>\n<p><strong><span style=\"color: #993366;\">LOS ZAPATOS<\/span><\/strong><\/p>\n<p><img loading=\"lazy\" decoding=\"async\" class=\"aligncenter size-full wp-image-134940\" src=\"https:\/\/graziamagazine.com\/es\/wp-content\/uploads\/sites\/12\/2018\/05\/Vestido-Matilde-Cano-con-flores-3D-27.jpg\" alt=\"\" width=\"2016\" height=\"1344\" srcset=\"https:\/\/graziamagazine.com\/es\/wp-content\/uploads\/sites\/12\/2018\/05\/Vestido-Matilde-Cano-con-flores-3D-27.jpg 2016w, https:\/\/graziamagazine.com\/es\/wp-content\/uploads\/sites\/12\/2018\/05\/Vestido-Matilde-Cano-con-flores-3D-27.jpg?resize=300,200 300w, https:\/\/graziamagazine.com\/es\/wp-content\/uploads\/sites\/12\/2018\/05\/Vestido-Matilde-Cano-con-flores-3D-27.jpg?resize=768,512 768w, https:\/\/graziamagazine.com\/es\/wp-content\/uploads\/sites\/12\/2018\/05\/Vestido-Matilde-Cano-con-flores-3D-27.jpg?resize=1024,683 1024w, https:\/\/graziamagazine.com\/es\/wp-content\/uploads\/sites\/12\/2018\/05\/Vestido-Matilde-Cano-con-flores-3D-27.jpg?resize=1536,1024 1536w, https:\/\/graziamagazine.com\/es\/wp-content\/uploads\/sites\/12\/2018\/05\/Vestido-Matilde-Cano-con-flores-3D-27.jpg?resize=155,103 155w\" sizes=\"(max-width: 2016px) 100vw, 2016px\" \/><\/p>\n<p>Una parte fundamental de cualquier outfit de invitada, sea para boda real o no, es la elecci\u00f3n de los zapatos. El protocolo dicta que deberemos usar <strong>calzado de tac\u00f3n m\u00e1s bajo en celebraciones de ma\u00f1ana<\/strong>, mientras que los diez cent\u00edmetros ser\u00edan recomendados solo para eventos de tarde noche. Sin embargo, esta norma de etiqueta no suele cumplirse en la actualidad ni en las celebraciones m\u00e1s oficiales.<\/p>\n<div class=\"content-gallery\"><div class=\"gallery-placeholder\"><div class=\"spinner\"><\/div><\/div><span class=\"gallery-pagination\"><\/span><div id=\"gallery-3\" class=\"gallery galleryid-134960 gallery-columns-2 gallery-size-full\"><figure class=\"gallery-item grazia-gallery-show-text\"><div class=\"gallery-icon landscape\"><img loading=\"lazy\" decoding=\"async\" width=\"560\" height=\"694\" src=\"https:\/\/graziamagazine.com\/es\/wp-content\/uploads\/sites\/12\/2018\/05\/6324301057_2_1_1.jpg\" class=\"lazy\" alt=\"Sandalia, de Zara.\" srcset=\"https:\/\/graziamagazine.com\/es\/wp-content\/uploads\/sites\/12\/2018\/05\/6324301057_2_1_1.jpg 560w, https:\/\/graziamagazine.com\/es\/wp-content\/uploads\/sites\/12\/2018\/05\/6324301057_2_1_1.jpg?resize=242,300 242w, https:\/\/graziamagazine.com\/es\/wp-content\/uploads\/sites\/12\/2018\/05\/6324301057_2_1_1.jpg?resize=155,192 155w\" sizes=\"(max-width: 560px) 100vw, 560px\" \/><\/div><div class=\"grazia-gallery-text\">Sandalia, de Zara.<\/div><figcaption class=\"wp-caption-text gallery-caption\" id=\"gallery-3-134896\">Sandalia, de Zara.<\/figcaption><\/figure><figure class=\"gallery-item grazia-gallery-show-text\"><div class=\"gallery-icon landscape\"><img loading=\"lazy\" decoding=\"async\" width=\"560\" height=\"694\" src=\"https:\/\/graziamagazine.com\/es\/wp-content\/uploads\/sites\/12\/2018\/05\/2324301070_2_2_1.jpg\" class=\"lazy\" alt=\"Sandalia con tiras, de Zara.\" srcset=\"https:\/\/graziamagazine.com\/es\/wp-content\/uploads\/sites\/12\/2018\/05\/2324301070_2_2_1.jpg 560w, https:\/\/graziamagazine.com\/es\/wp-content\/uploads\/sites\/12\/2018\/05\/2324301070_2_2_1.jpg?resize=242,300 242w, https:\/\/graziamagazine.com\/es\/wp-content\/uploads\/sites\/12\/2018\/05\/2324301070_2_2_1.jpg?resize=155,192 155w\" sizes=\"(max-width: 560px) 100vw, 560px\" \/><\/div><div class=\"grazia-gallery-text\">Sandalia con tiras, de Zara.<\/div><figcaption class=\"wp-caption-text gallery-caption\" id=\"gallery-3-134895\">Sandalia con tiras, de Zara.<\/figcaption><\/figure><figure class=\"gallery-item grazia-gallery-show-text\"><div class=\"gallery-icon landscape\"><img loading=\"lazy\" decoding=\"async\" width=\"560\" height=\"694\" src=\"https:\/\/graziamagazine.com\/es\/wp-content\/uploads\/sites\/12\/2018\/05\/6200301050_2_1_1.jpg\" class=\"lazy\" alt=\"Zapato de raso con lazo, de Zara.Zapato de raso con lazo, de Zara.\" srcset=\"https:\/\/graziamagazine.com\/es\/wp-content\/uploads\/sites\/12\/2018\/05\/6200301050_2_1_1.jpg 560w, https:\/\/graziamagazine.com\/es\/wp-content\/uploads\/sites\/12\/2018\/05\/6200301050_2_1_1.jpg?resize=242,300 242w, https:\/\/graziamagazine.com\/es\/wp-content\/uploads\/sites\/12\/2018\/05\/6200301050_2_1_1.jpg?resize=155,192 155w\" sizes=\"(max-width: 560px) 100vw, 560px\" \/><\/div><div class=\"grazia-gallery-text\">Zapato de raso con lazo, de Zara.<\/div><figcaption class=\"wp-caption-text gallery-caption\" id=\"gallery-3-134894\">Zapato de raso con lazo, de Zara.<\/figcaption><\/figure><figure class=\"gallery-item grazia-gallery-show-text\"><div class=\"gallery-icon landscape\"><img loading=\"lazy\" decoding=\"async\" width=\"560\" height=\"694\" src=\"https:\/\/graziamagazine.com\/es\/wp-content\/uploads\/sites\/12\/2018\/05\/1233301040_2_1_1.jpg\" class=\"lazy\" alt=\"Zapato de piel con brillos, de Zara.\" srcset=\"https:\/\/graziamagazine.com\/es\/wp-content\/uploads\/sites\/12\/2018\/05\/1233301040_2_1_1.jpg 560w, https:\/\/graziamagazine.com\/es\/wp-content\/uploads\/sites\/12\/2018\/05\/1233301040_2_1_1.jpg?resize=242,300 242w, https:\/\/graziamagazine.com\/es\/wp-content\/uploads\/sites\/12\/2018\/05\/1233301040_2_1_1.jpg?resize=155,192 155w\" sizes=\"(max-width: 560px) 100vw, 560px\" \/><\/div><div class=\"grazia-gallery-text\">Zapato de piel con brillos, de Zara.<\/div><figcaption class=\"wp-caption-text gallery-caption\" id=\"gallery-3-134893\">Zapato de piel con brillos, de Zara.<\/figcaption><\/figure><figure class=\"gallery-item grazia-gallery-show-text\"><div class=\"gallery-icon landscape\"><img loading=\"lazy\" decoding=\"async\" width=\"426\" height=\"323\" src=\"https:\/\/graziamagazine.com\/es\/wp-content\/uploads\/sites\/12\/2018\/05\/7.jpg\" class=\"lazy\" alt=\"Zapato de tac\u00f3n destalonado, de Mango.\" srcset=\"https:\/\/graziamagazine.com\/es\/wp-content\/uploads\/sites\/12\/2018\/05\/7.jpg 426w, https:\/\/graziamagazine.com\/es\/wp-content\/uploads\/sites\/12\/2018\/05\/7.jpg?resize=300,227 300w, https:\/\/graziamagazine.com\/es\/wp-content\/uploads\/sites\/12\/2018\/05\/7.jpg?resize=155,118 155w\" sizes=\"(max-width: 426px) 100vw, 426px\" \/><\/div><div class=\"grazia-gallery-text\">Zapato de tac\u00f3n destalonado, de Mango.<\/div><figcaption class=\"wp-caption-text gallery-caption\" id=\"gallery-3-134879\">Zapato de tac\u00f3n destalonado, de Mango.<\/figcaption><\/figure><figure class=\"gallery-item grazia-gallery-show-text\"><div class=\"gallery-icon landscape\"><img loading=\"lazy\" decoding=\"async\" width=\"384\" height=\"491\" src=\"https:\/\/graziamagazine.com\/es\/wp-content\/uploads\/sites\/12\/2018\/05\/8.jpg\" class=\"lazy\" alt=\"Tacones en punta primrose, de Asos.\" srcset=\"https:\/\/graziamagazine.com\/es\/wp-content\/uploads\/sites\/12\/2018\/05\/8.jpg 384w, https:\/\/graziamagazine.com\/es\/wp-content\/uploads\/sites\/12\/2018\/05\/8.jpg?resize=235,300 235w, https:\/\/graziamagazine.com\/es\/wp-content\/uploads\/sites\/12\/2018\/05\/8.jpg?resize=155,198 155w\" sizes=\"(max-width: 384px) 100vw, 384px\" \/><\/div><div class=\"grazia-gallery-text\">Tacones en punta primrose, de Asos.<\/div><figcaption class=\"wp-caption-text gallery-caption\" id=\"gallery-3-134878\">Tacones en punta primrose, de Asos.<\/figcaption><\/figure><figure class=\"gallery-item grazia-gallery-show-text\"><div class=\"gallery-icon landscape\"><img loading=\"lazy\" decoding=\"async\" width=\"426\" height=\"638\" src=\"https:\/\/graziamagazine.com\/es\/wp-content\/uploads\/sites\/12\/2018\/05\/9.jpg\" class=\"lazy\" alt=\"Sandalias polkadot, de Topshop.\" srcset=\"https:\/\/graziamagazine.com\/es\/wp-content\/uploads\/sites\/12\/2018\/05\/9.jpg 426w, https:\/\/graziamagazine.com\/es\/wp-content\/uploads\/sites\/12\/2018\/05\/9.jpg?resize=200,300 200w, https:\/\/graziamagazine.com\/es\/wp-content\/uploads\/sites\/12\/2018\/05\/9.jpg?resize=144,215 144w\" sizes=\"(max-width: 426px) 100vw, 426px\" \/><\/div><div class=\"grazia-gallery-text\">Sandalias polkadot, de Topshop.<\/div><figcaption class=\"wp-caption-text gallery-caption\" id=\"gallery-3-134877\">Sandalias polkadot, de Topshop.<\/figcaption><\/figure><figure class=\"gallery-item grazia-gallery-show-text\"><div class=\"gallery-icon landscape\"><img loading=\"lazy\" decoding=\"async\" width=\"426\" height=\"638\" src=\"https:\/\/graziamagazine.com\/es\/wp-content\/uploads\/sites\/12\/2018\/05\/10.jpg\" class=\"lazy\" alt=\"Sandalias con pomp\u00f3n, de Topshop.\" srcset=\"https:\/\/graziamagazine.com\/es\/wp-content\/uploads\/sites\/12\/2018\/05\/10.jpg 426w, https:\/\/graziamagazine.com\/es\/wp-content\/uploads\/sites\/12\/2018\/05\/10.jpg?resize=200,300 200w, https:\/\/graziamagazine.com\/es\/wp-content\/uploads\/sites\/12\/2018\/05\/10.jpg?resize=144,215 144w\" sizes=\"(max-width: 426px) 100vw, 426px\" \/><\/div><div class=\"grazia-gallery-text\">Sandalias con pomp\u00f3n, de Topshop.<\/div><figcaption class=\"wp-caption-text gallery-caption\" id=\"gallery-3-134876\">Sandalias con pomp\u00f3n, de Topshop.<\/figcaption><\/figure><\/div><\/div>\n<p><span style=\"color: #993366;\"><strong>EL BOLSO<\/strong><\/span><\/p>\n<p><img loading=\"lazy\" decoding=\"async\" class=\"aligncenter size-full wp-image-134947\" src=\"https:\/\/graziamagazine.com\/es\/wp-content\/uploads\/sites\/12\/2018\/05\/Vestido-rosa-largo-de-Apparentia-2.jpg\" alt=\"\" width=\"1008\" height=\"1512\" srcset=\"https:\/\/graziamagazine.com\/es\/wp-content\/uploads\/sites\/12\/2018\/05\/Vestido-rosa-largo-de-Apparentia-2.jpg 1008w, https:\/\/graziamagazine.com\/es\/wp-content\/uploads\/sites\/12\/2018\/05\/Vestido-rosa-largo-de-Apparentia-2.jpg?resize=200,300 200w, https:\/\/graziamagazine.com\/es\/wp-content\/uploads\/sites\/12\/2018\/05\/Vestido-rosa-largo-de-Apparentia-2.jpg?resize=768,1152 768w, https:\/\/graziamagazine.com\/es\/wp-content\/uploads\/sites\/12\/2018\/05\/Vestido-rosa-largo-de-Apparentia-2.jpg?resize=683,1024 683w, https:\/\/graziamagazine.com\/es\/wp-content\/uploads\/sites\/12\/2018\/05\/Vestido-rosa-largo-de-Apparentia-2.jpg?resize=143,215 143w\" sizes=\"(max-width: 1008px) 100vw, 1008px\" \/><\/p>\n<p>Las normas de etiqueta sugieren que los bolsos joyas y m\u00e1s peque\u00f1os sean usados en eventos de noche y los <em>clutch<\/em> de mayor tama\u00f1o o las carteras son m\u00e1s apropiados para las ocasiones de d\u00eda. Sin embargo, una regla com\u00fan a este tipo de celebraciones, con independencia de la hora en la que se celebren, es que estos <strong>deber\u00e1n llevarse siempre en la mano izquierda<\/strong> para tener siempre disponible la derecha para saludar o sujetar algo.<\/p>\n<div class=\"content-gallery\"><div class=\"gallery-placeholder\"><div class=\"spinner\"><\/div><\/div><span class=\"gallery-pagination\"><\/span><div id=\"gallery-4\" class=\"gallery galleryid-134960 gallery-columns-2 gallery-size-full\"><figure class=\"gallery-item grazia-gallery-show-text\"><div class=\"gallery-icon landscape\"><img loading=\"lazy\" decoding=\"async\" width=\"561\" height=\"750\" src=\"https:\/\/graziamagazine.com\/es\/wp-content\/uploads\/sites\/12\/2018\/05\/157773_PK_2y.jpg\" class=\"lazy\" alt=\"Bolso de fiesta cotton candy, de Parfois.\" srcset=\"https:\/\/graziamagazine.com\/es\/wp-content\/uploads\/sites\/12\/2018\/05\/157773_PK_2y.jpg 561w, https:\/\/graziamagazine.com\/es\/wp-content\/uploads\/sites\/12\/2018\/05\/157773_PK_2y.jpg?resize=224,300 224w, https:\/\/graziamagazine.com\/es\/wp-content\/uploads\/sites\/12\/2018\/05\/157773_PK_2y.jpg?resize=155,207 155w\" sizes=\"(max-width: 561px) 100vw, 561px\" \/><\/div><div class=\"grazia-gallery-text\">Bolso de fiesta cotton candy, de Parfois.<\/div><figcaption class=\"wp-caption-text gallery-caption\" id=\"gallery-4-134890\">Bolso de fiesta cotton candy, de Parfois.<\/figcaption><\/figure><figure class=\"gallery-item grazia-gallery-show-text\"><div class=\"gallery-icon landscape\"><img loading=\"lazy\" decoding=\"async\" width=\"560\" height=\"694\" src=\"https:\/\/graziamagazine.com\/es\/wp-content\/uploads\/sites\/12\/2018\/05\/2636304203_2_3_1.jpg\" class=\"lazy\" alt=\"Clutch de flores, de Zara.\" srcset=\"https:\/\/graziamagazine.com\/es\/wp-content\/uploads\/sites\/12\/2018\/05\/2636304203_2_3_1.jpg 560w, https:\/\/graziamagazine.com\/es\/wp-content\/uploads\/sites\/12\/2018\/05\/2636304203_2_3_1.jpg?resize=242,300 242w, https:\/\/graziamagazine.com\/es\/wp-content\/uploads\/sites\/12\/2018\/05\/2636304203_2_3_1.jpg?resize=155,192 155w\" sizes=\"(max-width: 560px) 100vw, 560px\" \/><\/div><div class=\"grazia-gallery-text\">Clutch de flores, de Zara.<\/div><figcaption class=\"wp-caption-text gallery-caption\" id=\"gallery-4-134892\">Clutch de flores, de Zara.<\/figcaption><\/figure><figure class=\"gallery-item grazia-gallery-show-text\"><div class=\"gallery-icon landscape\"><img loading=\"lazy\" decoding=\"async\" width=\"400\" height=\"496\" src=\"https:\/\/graziamagazine.com\/es\/wp-content\/uploads\/sites\/12\/2018\/05\/2618304203_2_5_1.jpg\" class=\"lazy\" alt=\"Clutch con detalles de abalorios, de Zara.\" srcset=\"https:\/\/graziamagazine.com\/es\/wp-content\/uploads\/sites\/12\/2018\/05\/2618304203_2_5_1.jpg 400w, https:\/\/graziamagazine.com\/es\/wp-content\/uploads\/sites\/12\/2018\/05\/2618304203_2_5_1.jpg?resize=242,300 242w, https:\/\/graziamagazine.com\/es\/wp-content\/uploads\/sites\/12\/2018\/05\/2618304203_2_5_1.jpg?resize=155,192 155w\" sizes=\"(max-width: 400px) 100vw, 400px\" \/><\/div><div class=\"grazia-gallery-text\">Clutch con detalles de abalorios, de Zara.<\/div><figcaption class=\"wp-caption-text gallery-caption\" id=\"gallery-4-134891\">Clutch con detalles de abalorios, de Zara.<\/figcaption><\/figure><figure class=\"gallery-item grazia-gallery-show-text\"><div class=\"gallery-icon landscape\"><img loading=\"lazy\" decoding=\"async\" width=\"561\" height=\"750\" src=\"https:\/\/graziamagazine.com\/es\/wp-content\/uploads\/sites\/12\/2018\/05\/157621_GY_1y.jpg\" class=\"lazy\" alt=\"Bolso de fiesta Marylin, de Parfois.\" srcset=\"https:\/\/graziamagazine.com\/es\/wp-content\/uploads\/sites\/12\/2018\/05\/157621_GY_1y.jpg 561w, https:\/\/graziamagazine.com\/es\/wp-content\/uploads\/sites\/12\/2018\/05\/157621_GY_1y.jpg?resize=224,300 224w, https:\/\/graziamagazine.com\/es\/wp-content\/uploads\/sites\/12\/2018\/05\/157621_GY_1y.jpg?resize=155,207 155w\" sizes=\"(max-width: 561px) 100vw, 561px\" \/><\/div><div class=\"grazia-gallery-text\">Bolso de fiesta Marylin, de Parfois.<\/div><figcaption class=\"wp-caption-text gallery-caption\" id=\"gallery-4-134889\">Bolso de fiesta Marylin, de Parfois.<\/figcaption><\/figure><figure class=\"gallery-item grazia-gallery-show-text\"><div class=\"gallery-icon landscape\"><img loading=\"lazy\" decoding=\"async\" width=\"426\" height=\"595\" src=\"https:\/\/graziamagazine.com\/es\/wp-content\/uploads\/sites\/12\/2018\/05\/11.jpg\" class=\"lazy\" alt=\"Clutch transparente, de Mango.\" srcset=\"https:\/\/graziamagazine.com\/es\/wp-content\/uploads\/sites\/12\/2018\/05\/11.jpg 426w, https:\/\/graziamagazine.com\/es\/wp-content\/uploads\/sites\/12\/2018\/05\/11.jpg?resize=215,300 215w, https:\/\/graziamagazine.com\/es\/wp-content\/uploads\/sites\/12\/2018\/05\/11.jpg?resize=155,215 155w\" sizes=\"(max-width: 426px) 100vw, 426px\" \/><\/div><div class=\"grazia-gallery-text\">Clutch transparente, de Mango.<\/div><figcaption class=\"wp-caption-text gallery-caption\" id=\"gallery-4-134875\">Clutch transparente, de Mango.<\/figcaption><\/figure><figure class=\"gallery-item grazia-gallery-show-text\"><div class=\"gallery-icon landscape\"><img loading=\"lazy\" decoding=\"async\" width=\"832\" height=\"1109\" src=\"https:\/\/graziamagazine.com\/es\/wp-content\/uploads\/sites\/12\/2018\/05\/clutch-flores-blanco.jpg\" class=\"lazy\" alt=\"Clutch tipo caja en color dorado y estampado de tela de flores, de The Code.\" srcset=\"https:\/\/graziamagazine.com\/es\/wp-content\/uploads\/sites\/12\/2018\/05\/clutch-flores-blanco.jpg 832w, https:\/\/graziamagazine.com\/es\/wp-content\/uploads\/sites\/12\/2018\/05\/clutch-flores-blanco.jpg?resize=225,300 225w, https:\/\/graziamagazine.com\/es\/wp-content\/uploads\/sites\/12\/2018\/05\/clutch-flores-blanco.jpg?resize=768,1024 768w, https:\/\/graziamagazine.com\/es\/wp-content\/uploads\/sites\/12\/2018\/05\/clutch-flores-blanco.jpg?resize=155,207 155w\" sizes=\"(max-width: 832px) 100vw, 832px\" \/><\/div><div class=\"grazia-gallery-text\">Clutch tipo caja en color dorado y estampado de tela de flores, de The Code.<\/div><figcaption class=\"wp-caption-text gallery-caption\" id=\"gallery-4-134965\">Clutch tipo caja en color dorado y estampado de tela de flores, de The Code.<\/figcaption><\/figure><\/div><\/div>\n<p><em>*<strong>Sandra Majada<\/strong> nos presenta una propuesta inspirada en tiendas &#8216;low cost&#8217; como Zara o Mango para asistir a una boda real sin desentonar. Ahora, si necesitas inspiraci\u00f3n para la boda que tienes el pr\u00f3ximo mes, donde los invitados son simples mortales y el protocolo no es tan estricto, te recomendamos inspirarte con los tips y los consejos que encontrar\u00e1s <a href=\"https:\/\/invitadaperfecta.es\/\" target=\"_blank\">en el blog<\/a> de esta licenciada en Publicidad y Relaciones P\u00fablicas, entusiasta de la moda, los viajes y amante confesa de las bodas.<\/em><\/p>\n<p><img loading=\"lazy\" decoding=\"async\" class=\"aligncenter size-full wp-image-134941\" src=\"https:\/\/graziamagazine.com\/es\/wp-content\/uploads\/sites\/12\/2018\/05\/Vestido-largo-verde-MJ-Suarez-1.jpg\" alt=\"\" width=\"1344\" height=\"2016\" srcset=\"https:\/\/graziamagazine.com\/es\/wp-content\/uploads\/sites\/12\/2018\/05\/Vestido-largo-verde-MJ-Suarez-1.jpg 1344w, https:\/\/graziamagazine.com\/es\/wp-content\/uploads\/sites\/12\/2018\/05\/Vestido-largo-verde-MJ-Suarez-1.jpg?resize=200,300 200w, https:\/\/graziamagazine.com\/es\/wp-content\/uploads\/sites\/12\/2018\/05\/Vestido-largo-verde-MJ-Suarez-1.jpg?resize=768,1152 768w, https:\/\/graziamagazine.com\/es\/wp-content\/uploads\/sites\/12\/2018\/05\/Vestido-largo-verde-MJ-Suarez-1.jpg?resize=683,1024 683w, https:\/\/graziamagazine.com\/es\/wp-content\/uploads\/sites\/12\/2018\/05\/Vestido-largo-verde-MJ-Suarez-1.jpg?resize=1024,1536 1024w, https:\/\/graziamagazine.com\/es\/wp-content\/uploads\/sites\/12\/2018\/05\/Vestido-largo-verde-MJ-Suarez-1.jpg?resize=143,215 143w\" sizes=\"(max-width: 1344px) 100vw, 1344px\" \/><\/p>\n<p><em>Fotos: Cortes\u00eda\u00a0<\/em><\/p>\n<p>&nbsp;<\/p>\n<p>&nbsp;<\/p>\n","protected":false},"author":22590,"featured_media":0,"template":"","format":"standard","categories":[13,1],"acf":[],"yoast_head":"<!-- This site is optimized with the Yoast SEO Premium plugin v18.5 (Yoast SEO v20.4) - https:\/\/yoast.com\/wordpress\/plugins\/seo\/ -->\n<title>Consigue tu look &#039;lowcost&#039; para asistir a la boda del pr\u00edncipe Harry y Meghan Markle | Grazia<\/title>\n<meta name=\"description\" content=\"Os dejamos varias propuestas para ser la invitada perfecta en la boda del pr\u00edncipe Harry y Meghan Markle, en el caso hipot\u00e9tico de haber recibido un sobre con el sello de la Reina Isabel II.\" \/>\n<meta name=\"robots\" content=\"index, follow, max-snippet:-1, max-image-preview:large, max-video-preview:-1\" \/>\n<link rel=\"canonical\" href=\"https:\/\/graziamagazine.com\/es\/articles\/consigue-tu-look-lowcost-para-asistir-a-la-boda-del-principe-harry-y-meghan-markle\/\" \/>\n<meta property=\"og:locale\" content=\"es_ES\" \/>\n<meta property=\"og:type\" content=\"article\" \/>\n<meta property=\"og:title\" content=\"Consigue tu look &#039;lowcost&#039; para asistir a la boda del pr\u00edncipe Harry y Meghan Markle\" \/>\n<meta property=\"og:description\" content=\"Os dejamos varias propuestas para ser la invitada perfecta en la boda del pr\u00edncipe Harry y Meghan Markle, en el caso hipot\u00e9tico de haber recibido un sobre con el sello de la Reina Isabel II.\" \/>\n<meta property=\"og:url\" content=\"https:\/\/graziamagazine.com\/es\/articles\/consigue-tu-look-lowcost-para-asistir-a-la-boda-del-principe-harry-y-meghan-markle\/\" \/>\n<meta property=\"og:site_name\" content=\"Grazia\" \/>\n<meta property=\"article:modified_time\" content=\"2018-05-16T19:05:07+00:00\" \/>\n<meta property=\"og:image\" content=\"https:\/\/graziamagazine.com\/es\/wp-content\/uploads\/sites\/12\/2018\/05\/4373009052_2_2_1.jpg?fit=400%2C496\" \/>\n<meta name=\"twitter:card\" content=\"summary_large_image\" \/>\n<meta name=\"twitter:label1\" content=\"Est. reading time\" \/>\n\t<meta name=\"twitter:data1\" content=\"4 minutos\" \/>\n<script type=\"application\/ld+json\" class=\"yoast-schema-graph\">{\"@context\":\"https:\/\/schema.org\",\"@graph\":[{\"@type\":\"WebPage\",\"@id\":\"https:\/\/graziamagazine.com\/es\/articles\/consigue-tu-look-lowcost-para-asistir-a-la-boda-del-principe-harry-y-meghan-markle\/\",\"url\":\"https:\/\/graziamagazine.com\/es\/articles\/consigue-tu-look-lowcost-para-asistir-a-la-boda-del-principe-harry-y-meghan-markle\/\",\"name\":\"Consigue tu look 'lowcost' para asistir a la boda del pr\u00edncipe Harry y Meghan Markle | Grazia\",\"isPartOf\":{\"@id\":\"https:\/\/graziamagazine.com\/es\/#website\"},\"datePublished\":\"2018-05-16T18:47:27+00:00\",\"dateModified\":\"2018-05-16T19:05:07+00:00\",\"description\":\"Os dejamos varias propuestas para ser la invitada perfecta en la boda del pr\u00edncipe Harry y Meghan Markle, en el caso hipot\u00e9tico de haber recibido un sobre con el sello de la Reina Isabel II.\",\"breadcrumb\":{\"@id\":\"https:\/\/graziamagazine.com\/es\/articles\/consigue-tu-look-lowcost-para-asistir-a-la-boda-del-principe-harry-y-meghan-markle\/#breadcrumb\"},\"inLanguage\":\"es\",\"potentialAction\":[{\"@type\":\"ReadAction\",\"target\":[\"https:\/\/graziamagazine.com\/es\/articles\/consigue-tu-look-lowcost-para-asistir-a-la-boda-del-principe-harry-y-meghan-markle\/\"]}]},{\"@type\":\"BreadcrumbList\",\"@id\":\"https:\/\/graziamagazine.com\/es\/articles\/consigue-tu-look-lowcost-para-asistir-a-la-boda-del-principe-harry-y-meghan-markle\/#breadcrumb\",\"itemListElement\":[{\"@type\":\"ListItem\",\"position\":1,\"name\":\"Portada\",\"item\":\"https:\/\/graziamagazine.com\/es\/\"},{\"@type\":\"ListItem\",\"position\":2,\"name\":\"Consigue tu look &#8216;lowcost&#8217; para asistir a la boda del pr\u00edncipe Harry y Meghan Markle\"}]},{\"@type\":\"WebSite\",\"@id\":\"https:\/\/graziamagazine.com\/es\/#website\",\"url\":\"https:\/\/graziamagazine.com\/es\/\",\"name\":\"Grazia\",\"description\":\"Moda, belleza, celebrities, estilo de vida...\",\"potentialAction\":[{\"@type\":\"SearchAction\",\"target\":{\"@type\":\"EntryPoint\",\"urlTemplate\":\"https:\/\/graziamagazine.com\/es\/?s={search_term_string}\"},\"query-input\":\"required name=search_term_string\"}],\"inLanguage\":\"es\"}]}<\/script>\n<!-- \/ Yoast SEO Premium plugin. -->","yoast_head_json":{"title":"Consigue tu look 'lowcost' para asistir a la boda del pr\u00edncipe Harry y Meghan Markle | Grazia","description":"Os dejamos varias propuestas para ser la invitada perfecta en la boda del pr\u00edncipe Harry y Meghan Markle, en el caso hipot\u00e9tico de haber recibido un sobre con el sello de la Reina Isabel II.","robots":{"index":"index","follow":"follow","max-snippet":"max-snippet:-1","max-image-preview":"max-image-preview:large","max-video-preview":"max-video-preview:-1"},"canonical":"https:\/\/graziamagazine.com\/es\/articles\/consigue-tu-look-lowcost-para-asistir-a-la-boda-del-principe-harry-y-meghan-markle\/","og_locale":"es_ES","og_type":"article","og_title":"Consigue tu look 'lowcost' para asistir a la boda del pr\u00edncipe Harry y Meghan Markle","og_description":"Os dejamos varias propuestas para ser la invitada perfecta en la boda del pr\u00edncipe Harry y Meghan Markle, en el caso hipot\u00e9tico de haber recibido un sobre con el sello de la Reina Isabel II.","og_url":"https:\/\/graziamagazine.com\/es\/articles\/consigue-tu-look-lowcost-para-asistir-a-la-boda-del-principe-harry-y-meghan-markle\/","og_site_name":"Grazia","article_modified_time":"2018-05-16T19:05:07+00:00","og_image":[{"url":"https:\/\/graziamagazine.com\/es\/wp-content\/uploads\/sites\/12\/2018\/05\/4373009052_2_2_1.jpg?fit=400%2C496"}],"twitter_card":"summary_large_image","twitter_misc":{"Est. reading time":"4 minutos"},"schema":{"@context":"https:\/\/schema.org","@graph":[{"@type":"WebPage","@id":"https:\/\/graziamagazine.com\/es\/articles\/consigue-tu-look-lowcost-para-asistir-a-la-boda-del-principe-harry-y-meghan-markle\/","url":"https:\/\/graziamagazine.com\/es\/articles\/consigue-tu-look-lowcost-para-asistir-a-la-boda-del-principe-harry-y-meghan-markle\/","name":"Consigue tu look 'lowcost' para asistir a la boda del pr\u00edncipe Harry y Meghan Markle | Grazia","isPartOf":{"@id":"https:\/\/graziamagazine.com\/es\/#website"},"datePublished":"2018-05-16T18:47:27+00:00","dateModified":"2018-05-16T19:05:07+00:00","description":"Os dejamos varias propuestas para ser la invitada perfecta en la boda del pr\u00edncipe Harry y Meghan Markle, en el caso hipot\u00e9tico de haber recibido un sobre con el sello de la Reina Isabel II.","breadcrumb":{"@id":"https:\/\/graziamagazine.com\/es\/articles\/consigue-tu-look-lowcost-para-asistir-a-la-boda-del-principe-harry-y-meghan-markle\/#breadcrumb"},"inLanguage":"es","potentialAction":[{"@type":"ReadAction","target":["https:\/\/graziamagazine.com\/es\/articles\/consigue-tu-look-lowcost-para-asistir-a-la-boda-del-principe-harry-y-meghan-markle\/"]}]},{"@type":"BreadcrumbList","@id":"https:\/\/graziamagazine.com\/es\/articles\/consigue-tu-look-lowcost-para-asistir-a-la-boda-del-principe-harry-y-meghan-markle\/#breadcrumb","itemListElement":[{"@type":"ListItem","position":1,"name":"Portada","item":"https:\/\/graziamagazine.com\/es\/"},{"@type":"ListItem","position":2,"name":"Consigue tu look &#8216;lowcost&#8217; para asistir a la boda del pr\u00edncipe Harry y Meghan Markle"}]},{"@type":"WebSite","@id":"https:\/\/graziamagazine.com\/es\/#website","url":"https:\/\/graziamagazine.com\/es\/","name":"Grazia","description":"Moda, belleza, celebrities, estilo de vida...","potentialAction":[{"@type":"SearchAction","target":{"@type":"EntryPoint","urlTemplate":"https:\/\/graziamagazine.com\/es\/?s={search_term_string}"},"query-input":"required name=search_term_string"}],"inLanguage":"es"}]}},"jetpack_sharing_enabled":true,"distributor_meta":false,"distributor_terms":false,"distributor_media":false,"distributor_original_site_name":"Grazia","distributor_original_site_url":"https:\/\/graziamagazine.com\/es","push-errors":false,"_links":{"self":[{"href":"https:\/\/graziamagazine.com\/es\/wp-json\/wp\/v2\/articles\/134960"}],"collection":[{"href":"https:\/\/graziamagazine.com\/es\/wp-json\/wp\/v2\/articles"}],"about":[{"href":"https:\/\/graziamagazine.com\/es\/wp-json\/wp\/v2\/types\/articles"}],"author":[{"embeddable":true,"href":"https:\/\/graziamagazine.com\/es\/wp-json\/wp\/v2\/users\/22590"}],"wp:attachment":[{"href":"https:\/\/graziamagazine.com\/es\/wp-json\/wp\/v2\/media?parent=134960"}],"wp:term":[{"taxonomy":"category","embeddable":true,"href":"https:\/\/graziamagazine.com\/es\/wp-json\/wp\/v2\/categories?post=134960"}],"curies":[{"name":"wp","href":"https:\/\/api.w.org\/{rel}","templated":true}]}}