{"id":134955,"date":"2018-05-16T20:09:51","date_gmt":"2018-05-16T18:09:51","guid":{"rendered":"https:\/\/graziamagazine.com\/es\/?p=134955"},"modified":"2018-05-16T20:09:54","modified_gmt":"2018-05-16T18:09:54","slug":"ya-sabemos-quienes-seran-los-pajes-y-las-damitas-de-la-boda-real","status":"publish","type":"articles","link":"https:\/\/graziamagazine.com\/es\/articles\/ya-sabemos-quienes-seran-los-pajes-y-las-damitas-de-la-boda-real\/","title":{"rendered":"Ya sabemos qui\u00e9nes ser\u00e1n los pajes y las damitas de la boda real"},"content":{"rendered":"<p>El furor por la boda real entre <strong>Meghan Markle<\/strong> y el <strong>pr\u00edncipe Harry<\/strong> crece de forma directamente proporcional a la proximidad del gran d\u00eda. Y es que entre\u00a0el <a href=\"https:\/\/graziamagazine.com\/es\/moda\/meghan-markle-quiere-a-su-padre-en-la-boda\/\">drama familiar de la novia<\/a> y los<a href=\"https:\/\/graziamagazine.com\/es\/celebs\/todo-lo-que-sabemos-de-la-boda-real\/\"> detalles que han sido revelados a cuentagotas<\/a>, el mundo tiene la mirada fija en el evento de la d\u00e9cada.<\/p>\n<p>A tres d\u00edas del gran d\u00eda, hemos podido saber un nuevo detalle sobre el enlace m\u00e1s medi\u00e1tico del a\u00f1o. Los nombres de los peque\u00f1os que ejercer\u00e1n de pajes y damitas oficiales ha dejado de ser un misterio. \u00bfQui\u00e9nes ser\u00e1n?<\/p>\n<p>Liderando al grupo de ni\u00f1os, como era de esperar, estar\u00e1n los sobrinos del <strong>pr\u00edncipe Harry<\/strong>, los pr\u00edncipes<b>\u00a0George<\/b>\u00a0y\u00a0<b>Charlotte<\/b>. Los hijos de <strong>Kate Middleton<\/strong> y el <strong>pr\u00edncipe Guillermo<\/strong> volver\u00e1n a tener un papel protagonista tras acompa\u00f1ar a <strong>Pippa Middleton<\/strong> al altar.<\/p>\n<p><img decoding=\"async\" class=\"alignnone size-large wp-image-49874\" src=\"http:\/\/grazia.mx\/wp-content\/uploads\/sites\/12\/2018\/05\/ya-sabemos-quienes-seran-los-pajes-de-la-boda-real-1-700x815.jpeg\" sizes=\"(max-width: 700px) 100vw, 700px\" srcset=\"http:\/\/grazia.mx\/wp-content\/uploads\/sites\/12\/2018\/05\/ya-sabemos-quienes-seran-los-pajes-de-la-boda-real-1-700x815.jpeg 700w, http:\/\/grazia.mx\/wp-content\/uploads\/sites\/12\/2018\/05\/ya-sabemos-quienes-seran-los-pajes-de-la-boda-real-1-250x291.jpeg 250w, http:\/\/grazia.mx\/wp-content\/uploads\/sites\/12\/2018\/05\/ya-sabemos-quienes-seran-los-pajes-de-la-boda-real-1-768x894.jpeg 768w, http:\/\/grazia.mx\/wp-content\/uploads\/sites\/12\/2018\/05\/ya-sabemos-quienes-seran-los-pajes-de-la-boda-real-1-120x140.jpeg 120w\" alt=\"ya-sabemos-quienes-seran-los-pajes-de-la-boda-real-1\" \/><\/p>\n<p>Acompa\u00f1\u00e1ndolos est\u00e1 la prima de Grace van Cutsem (<i>aka<\/i>,\u00a0<a href=\"https:\/\/graziamagazine.com\/es\/celebs\/asi-es-hoy-la-nina-que-mas-odio-ser-protagonista-de-la-boda-de-los-duques-de-cambridge\/\">la ni\u00f1a que menos disfrut\u00f3 de la boda de los duques de Cambridge<\/a>),\u00a0<b>Florence van Cutsem<\/b>, quien es ahijada del <strong>pr\u00edncipe Harry.<\/strong><\/p>\n<p><b>Remi<\/b>\u00a0y\u00a0<b>Rylan Ritt<\/b>\u00a0\u2014ahijadas de <strong>Meghan Markle<\/strong>\u2014\u00a0<b>Ivy Mulroney<\/b>,\u00a0<b>Zalie Warren<\/b>,\u00a0<b>Jasper Dyer<\/b>,\u00a0<b>Brian<\/b>\u00a0y\u00a0<b>John Mulroney<\/b>, tambi\u00e9n son parte del casting.<\/p>\n<p>De acuerdo con\u00a0<a href=\"http:\/\/people.com\/royals\/prince-harry-meghan-markle-announce-bridal-party\/\" target=\"_blank\" rel=\"noopener\" target=\"_blank\"><i>People<\/i><\/a>, tanto el dise\u00f1o del <em>outfit<\/em> como el art\u00edfice del mismo ser\u00e1 revelado el d\u00eda de la boda. \u00bfCompartir\u00e1n la novia y los ni\u00f1os el mismo dise\u00f1ador?<\/p>\n<h5><em>*IM\u00c1GENES: Getty Images<\/em><\/h5>\n<section class=\"person\">\n<div class=\"social_person right\"><\/div>\n<\/section>\n","protected":false},"author":22173,"featured_media":0,"template":"","format":"standard","categories":[13],"acf":[],"yoast_head":"<!-- This site is optimized with the Yoast SEO Premium plugin v18.5 (Yoast SEO v20.4) - https:\/\/yoast.com\/wordpress\/plugins\/seo\/ -->\n<title>Ya sabemos qui\u00e9nes ser\u00e1n los pajes y las damitas de la boda real | Grazia<\/title>\n<meta name=\"description\" content=\"Adem\u00e1s de los evidentes sobrinos del pr\u00edncipe Harry, las ahijadas de Meghan Markle tambi\u00e9n est\u00e1n incluidas en el s\u00e9quito real.\" \/>\n<meta name=\"robots\" content=\"index, follow, max-snippet:-1, max-image-preview:large, max-video-preview:-1\" \/>\n<link rel=\"canonical\" href=\"https:\/\/graziamagazine.com\/es\/articles\/ya-sabemos-quienes-seran-los-pajes-y-las-damitas-de-la-boda-real\/\" \/>\n<meta property=\"og:locale\" content=\"es_ES\" \/>\n<meta property=\"og:type\" content=\"article\" \/>\n<meta property=\"og:title\" content=\"Ya sabemos qui\u00e9nes ser\u00e1n los pajes y las damitas de la boda real\" \/>\n<meta property=\"og:description\" content=\"Adem\u00e1s de los evidentes sobrinos del pr\u00edncipe Harry, las ahijadas de Meghan Markle tambi\u00e9n est\u00e1n incluidas en el s\u00e9quito real.\" \/>\n<meta property=\"og:url\" content=\"https:\/\/graziamagazine.com\/es\/articles\/ya-sabemos-quienes-seran-los-pajes-y-las-damitas-de-la-boda-real\/\" \/>\n<meta property=\"og:site_name\" content=\"Grazia\" \/>\n<meta property=\"article:modified_time\" content=\"2018-05-16T18:09:54+00:00\" \/>\n<meta property=\"og:image\" content=\"https:\/\/graziamagazine.com\/es\/wp-content\/uploads\/sites\/12\/2018\/05\/gettyimages-685744352-1495284842.jpg?fit=980%2C492\" \/>\n\t<meta property=\"og:image:width\" content=\"980\" \/>\n\t<meta property=\"og:image:height\" content=\"492\" \/>\n\t<meta property=\"og:image:type\" content=\"image\/jpeg\" \/>\n<meta name=\"twitter:card\" content=\"summary_large_image\" \/>\n<meta name=\"twitter:image\" content=\"http:\/\/s3-eu-west-1.amazonaws.com\/grazia-cdn\/wp-content\/uploads\/sites\/12\/2018\/05\/gettyimages-685744352-1495284842.jpg\" \/>\n<meta name=\"twitter:label1\" content=\"Est. reading time\" \/>\n\t<meta name=\"twitter:data1\" content=\"1 minuto\" \/>\n<script type=\"application\/ld+json\" class=\"yoast-schema-graph\">{\"@context\":\"https:\/\/schema.org\",\"@graph\":[{\"@type\":\"WebPage\",\"@id\":\"https:\/\/graziamagazine.com\/es\/articles\/ya-sabemos-quienes-seran-los-pajes-y-las-damitas-de-la-boda-real\/\",\"url\":\"https:\/\/graziamagazine.com\/es\/articles\/ya-sabemos-quienes-seran-los-pajes-y-las-damitas-de-la-boda-real\/\",\"name\":\"Ya sabemos qui\u00e9nes ser\u00e1n los pajes y las damitas de la boda real | Grazia\",\"isPartOf\":{\"@id\":\"https:\/\/graziamagazine.com\/es\/#website\"},\"datePublished\":\"2018-05-16T18:09:51+00:00\",\"dateModified\":\"2018-05-16T18:09:54+00:00\",\"description\":\"Adem\u00e1s de los evidentes sobrinos del pr\u00edncipe Harry, las ahijadas de Meghan Markle tambi\u00e9n est\u00e1n incluidas en el s\u00e9quito real.\",\"breadcrumb\":{\"@id\":\"https:\/\/graziamagazine.com\/es\/articles\/ya-sabemos-quienes-seran-los-pajes-y-las-damitas-de-la-boda-real\/#breadcrumb\"},\"inLanguage\":\"es\",\"potentialAction\":[{\"@type\":\"ReadAction\",\"target\":[\"https:\/\/graziamagazine.com\/es\/articles\/ya-sabemos-quienes-seran-los-pajes-y-las-damitas-de-la-boda-real\/\"]}]},{\"@type\":\"BreadcrumbList\",\"@id\":\"https:\/\/graziamagazine.com\/es\/articles\/ya-sabemos-quienes-seran-los-pajes-y-las-damitas-de-la-boda-real\/#breadcrumb\",\"itemListElement\":[{\"@type\":\"ListItem\",\"position\":1,\"name\":\"Portada\",\"item\":\"https:\/\/graziamagazine.com\/es\/\"},{\"@type\":\"ListItem\",\"position\":2,\"name\":\"Ya sabemos qui\u00e9nes ser\u00e1n los pajes y las damitas de la boda real\"}]},{\"@type\":\"WebSite\",\"@id\":\"https:\/\/graziamagazine.com\/es\/#website\",\"url\":\"https:\/\/graziamagazine.com\/es\/\",\"name\":\"Grazia\",\"description\":\"Moda, belleza, celebrities, estilo de vida...\",\"potentialAction\":[{\"@type\":\"SearchAction\",\"target\":{\"@type\":\"EntryPoint\",\"urlTemplate\":\"https:\/\/graziamagazine.com\/es\/?s={search_term_string}\"},\"query-input\":\"required name=search_term_string\"}],\"inLanguage\":\"es\"}]}<\/script>\n<!-- \/ Yoast SEO Premium plugin. -->","yoast_head_json":{"title":"Ya sabemos qui\u00e9nes ser\u00e1n los pajes y las damitas de la boda real | Grazia","description":"Adem\u00e1s de los evidentes sobrinos del pr\u00edncipe Harry, las ahijadas de Meghan Markle tambi\u00e9n est\u00e1n incluidas en el s\u00e9quito real.","robots":{"index":"index","follow":"follow","max-snippet":"max-snippet:-1","max-image-preview":"max-image-preview:large","max-video-preview":"max-video-preview:-1"},"canonical":"https:\/\/graziamagazine.com\/es\/articles\/ya-sabemos-quienes-seran-los-pajes-y-las-damitas-de-la-boda-real\/","og_locale":"es_ES","og_type":"article","og_title":"Ya sabemos qui\u00e9nes ser\u00e1n los pajes y las damitas de la boda real","og_description":"Adem\u00e1s de los evidentes sobrinos del pr\u00edncipe Harry, las ahijadas de Meghan Markle tambi\u00e9n est\u00e1n incluidas en el s\u00e9quito real.","og_url":"https:\/\/graziamagazine.com\/es\/articles\/ya-sabemos-quienes-seran-los-pajes-y-las-damitas-de-la-boda-real\/","og_site_name":"Grazia","article_modified_time":"2018-05-16T18:09:54+00:00","og_image":[{"width":980,"height":492,"url":"https:\/\/graziamagazine.com\/es\/wp-content\/uploads\/sites\/12\/2018\/05\/gettyimages-685744352-1495284842.jpg?fit=980%2C492","type":"image\/jpeg"}],"twitter_card":"summary_large_image","twitter_image":"http:\/\/s3-eu-west-1.amazonaws.com\/grazia-cdn\/wp-content\/uploads\/sites\/12\/2018\/05\/gettyimages-685744352-1495284842.jpg","twitter_misc":{"Est. reading time":"1 minuto"},"schema":{"@context":"https:\/\/schema.org","@graph":[{"@type":"WebPage","@id":"https:\/\/graziamagazine.com\/es\/articles\/ya-sabemos-quienes-seran-los-pajes-y-las-damitas-de-la-boda-real\/","url":"https:\/\/graziamagazine.com\/es\/articles\/ya-sabemos-quienes-seran-los-pajes-y-las-damitas-de-la-boda-real\/","name":"Ya sabemos qui\u00e9nes ser\u00e1n los pajes y las damitas de la boda real | Grazia","isPartOf":{"@id":"https:\/\/graziamagazine.com\/es\/#website"},"datePublished":"2018-05-16T18:09:51+00:00","dateModified":"2018-05-16T18:09:54+00:00","description":"Adem\u00e1s de los evidentes sobrinos del pr\u00edncipe Harry, las ahijadas de Meghan Markle tambi\u00e9n est\u00e1n incluidas en el s\u00e9quito real.","breadcrumb":{"@id":"https:\/\/graziamagazine.com\/es\/articles\/ya-sabemos-quienes-seran-los-pajes-y-las-damitas-de-la-boda-real\/#breadcrumb"},"inLanguage":"es","potentialAction":[{"@type":"ReadAction","target":["https:\/\/graziamagazine.com\/es\/articles\/ya-sabemos-quienes-seran-los-pajes-y-las-damitas-de-la-boda-real\/"]}]},{"@type":"BreadcrumbList","@id":"https:\/\/graziamagazine.com\/es\/articles\/ya-sabemos-quienes-seran-los-pajes-y-las-damitas-de-la-boda-real\/#breadcrumb","itemListElement":[{"@type":"ListItem","position":1,"name":"Portada","item":"https:\/\/graziamagazine.com\/es\/"},{"@type":"ListItem","position":2,"name":"Ya sabemos qui\u00e9nes ser\u00e1n los pajes y las damitas de la boda real"}]},{"@type":"WebSite","@id":"https:\/\/graziamagazine.com\/es\/#website","url":"https:\/\/graziamagazine.com\/es\/","name":"Grazia","description":"Moda, belleza, celebrities, estilo de vida...","potentialAction":[{"@type":"SearchAction","target":{"@type":"EntryPoint","urlTemplate":"https:\/\/graziamagazine.com\/es\/?s={search_term_string}"},"query-input":"required name=search_term_string"}],"inLanguage":"es"}]}},"jetpack_sharing_enabled":true,"distributor_meta":false,"distributor_terms":false,"distributor_media":false,"distributor_original_site_name":"Grazia","distributor_original_site_url":"https:\/\/graziamagazine.com\/es","push-errors":false,"_links":{"self":[{"href":"https:\/\/graziamagazine.com\/es\/wp-json\/wp\/v2\/articles\/134955"}],"collection":[{"href":"https:\/\/graziamagazine.com\/es\/wp-json\/wp\/v2\/articles"}],"about":[{"href":"https:\/\/graziamagazine.com\/es\/wp-json\/wp\/v2\/types\/articles"}],"author":[{"embeddable":true,"href":"https:\/\/graziamagazine.com\/es\/wp-json\/wp\/v2\/users\/22173"}],"wp:attachment":[{"href":"https:\/\/graziamagazine.com\/es\/wp-json\/wp\/v2\/media?parent=134955"}],"wp:term":[{"taxonomy":"category","embeddable":true,"href":"https:\/\/graziamagazine.com\/es\/wp-json\/wp\/v2\/categories?post=134955"}],"curies":[{"name":"wp","href":"https:\/\/api.w.org\/{rel}","templated":true}]}}