{"id":134833,"date":"2018-05-15T16:04:02","date_gmt":"2018-05-15T14:04:02","guid":{"rendered":"https:\/\/graziamagazine.com\/es\/?p=134833"},"modified":"2018-05-15T16:04:02","modified_gmt":"2018-05-15T14:04:02","slug":"todo-lo-que-sabemos-de-la-boda-real","status":"publish","type":"articles","link":"https:\/\/graziamagazine.com\/es\/articles\/todo-lo-que-sabemos-de-la-boda-real\/","title":{"rendered":"Todo lo que sabemos de la boda real"},"content":{"rendered":"<p>Ya no queda nada para que el <strong>pr\u00edncipe Harry<\/strong> y <strong>Meghan Markle<\/strong> se den el tan esperado <em>S\u00ed, quiero<\/em>. Desde el anuncio de su compromiso pocos han sido los detalles que se han revelado sobre la boda del a\u00f1o, pero en Grazia.es hemos recopilado los imprescindibles:<\/p>\n<p><strong>La tarta <\/strong><\/p>\n<p>Podr\u00eda parecer un detalle menor, pero la joven pareja ha roto con el protocolo ya que su tarta nupcial ser\u00e1 org\u00e1nica, minimalista, con sabores primaverales y la firma la reportera <a href=\"http:\/\/www.violetcakes.com\/\" target=\"_blank\"><strong>Violet Bakery<\/strong><\/a>.<\/p>\n<blockquote class=\"instagram-media\" style=\"background: #FFF; border: 0; border-radius: 3px; box-shadow: 0 0 1px 0 rgba(0,0,0,0.5),0 1px 10px 0 rgba(0,0,0,0.15); margin: 1px; max-width: 658px; padding: 0; width: calc(100% - 2px);\" data-instgrm-captioned=\"\" data-instgrm-permalink=\"https:\/\/www.instagram.com\/p\/BgiuY1UA3GK\/\" data-instgrm-version=\"8\">\n<div style=\"padding: 8px;\">\n<div style=\"background: #F8F8F8; line-height: 0; margin-top: 40px; padding: 62.5% 0; text-align: center; width: 100%;\"><\/div>\n<p style=\"margin: 8px 0 0 0; padding: 0 4px;\"><a href=\"https:\/\/www.instagram.com\/p\/BgiuY1UA3GK\/\"style=\"color: #000; font-family: Arial,sans-serif; font-size: 14px; font-style: normal; font-weight: normal; line-height: 17px; text-decoration: none; word-wrap: break-word;\"  target=\"_blank\" rel=\"noopener\" target=\"_blank\">Kinda excited to announce this one!! Violet has been chosen to make the wedding cake for Prince Harry and Meghan Markle. @kensingtonroyal They both share so many of the same values regarding food provenance, sustainability, seasonality and of course, flavour! Xxx \ud83d\udcf8 press association<\/a><\/p>\n<p style=\"color: #c9c8cd; font-family: Arial,sans-serif; font-size: 14px; line-height: 17px; margin-bottom: 0; margin-top: 8px; overflow: hidden; padding: 8px 0 7px; text-align: center; text-overflow: ellipsis; white-space: nowrap;\">Una publicaci\u00f3n compartida de <a href=\"https:\/\/www.instagram.com\/violetcakeslondon\/\"style=\"color: #c9c8cd; font-family: Arial,sans-serif; font-size: 14px; font-style: normal; font-weight: normal; line-height: 17px;\"  target=\"_blank\" rel=\"noopener\" target=\"_blank\"> Violet By Claire Ptak<\/a> (@violetcakeslondon) el <time style=\"font-family: Arial,sans-serif; font-size: 14px; line-height: 17px;\" datetime=\"2018-03-20T11:00:23+00:00\">20 Mar, 2018 a las 4:00 PDT<\/time><\/p>\n<\/div>\n<\/blockquote>\n<p><script async defer src=\"\/\/www.instagram.com\/embed.js\"><\/script><\/p>\n<p><strong>El vino <\/strong><\/p>\n<p>No se ha confirmado de manera oficial, pero todo apunta a que el gran elegido para la celebraci\u00f3n es <em>Chapel Down<\/em>. Una firma que tambi\u00e9n se sirvi\u00f3 en la boda de <strong>Guillermo<\/strong> y <strong>Kate Middleton<\/strong> en 2011.<\/p>\n<figure id=\"attachment_134825\" aria-describedby=\"caption-attachment-134825\" style=\"width: 768px\" class=\"wp-caption aligncenter\"><img loading=\"lazy\" decoding=\"async\" class=\"size-full wp-image-134825\" src=\"https:\/\/graziamagazine.com\/es\/wp-content\/uploads\/sites\/12\/2018\/05\/gallery-1503476686-gettyimages-113266498-1.jpg\" alt=\"Boda duques Cambridge (2011)\" width=\"768\" height=\"1033\" srcset=\"https:\/\/graziamagazine.com\/es\/wp-content\/uploads\/sites\/12\/2018\/05\/gallery-1503476686-gettyimages-113266498-1.jpg 768w, https:\/\/graziamagazine.com\/es\/wp-content\/uploads\/sites\/12\/2018\/05\/gallery-1503476686-gettyimages-113266498-1-223x300.jpg 223w, https:\/\/graziamagazine.com\/es\/wp-content\/uploads\/sites\/12\/2018\/05\/gallery-1503476686-gettyimages-113266498-1-761x1024.jpg 761w, https:\/\/graziamagazine.com\/es\/wp-content\/uploads\/sites\/12\/2018\/05\/gallery-1503476686-gettyimages-113266498-1-720x968.jpg 720w, https:\/\/graziamagazine.com\/es\/wp-content\/uploads\/sites\/12\/2018\/05\/gallery-1503476686-gettyimages-113266498-1-626x842.jpg 626w, https:\/\/graziamagazine.com\/es\/wp-content\/uploads\/sites\/12\/2018\/05\/gallery-1503476686-gettyimages-113266498-1-360x484.jpg 360w\" sizes=\"(max-width: 768px) 100vw, 768px\" \/><figcaption id=\"caption-attachment-134825\" class=\"wp-caption-text\">Boda duques Cambridge (2011)<\/figcaption><\/figure>\n<p><strong>El lugar <\/strong><\/p>\n<p>La Capilla de San Jorge, dentro de las inmediaciones del castillo de Windsor y en el oeste de Londres.<\/p>\n<figure id=\"attachment_134834\" aria-describedby=\"caption-attachment-134834\" style=\"width: 970px\" class=\"wp-caption aligncenter\"><img loading=\"lazy\" decoding=\"async\" class=\"size-full wp-image-134834\" src=\"https:\/\/graziamagazine.com\/es\/wp-content\/uploads\/sites\/12\/2018\/05\/e572a5cf-5355-4ab3-ac36-8eb7ff5c15c1-getty-916899070.jpg\" alt=\"Capilla San Jorge.\" width=\"970\" height=\"582\" srcset=\"https:\/\/graziamagazine.com\/es\/wp-content\/uploads\/sites\/12\/2018\/05\/e572a5cf-5355-4ab3-ac36-8eb7ff5c15c1-getty-916899070.jpg 970w, https:\/\/graziamagazine.com\/es\/wp-content\/uploads\/sites\/12\/2018\/05\/e572a5cf-5355-4ab3-ac36-8eb7ff5c15c1-getty-916899070.jpg?resize=300,180 300w, https:\/\/graziamagazine.com\/es\/wp-content\/uploads\/sites\/12\/2018\/05\/e572a5cf-5355-4ab3-ac36-8eb7ff5c15c1-getty-916899070.jpg?resize=768,461 768w, https:\/\/graziamagazine.com\/es\/wp-content\/uploads\/sites\/12\/2018\/05\/e572a5cf-5355-4ab3-ac36-8eb7ff5c15c1-getty-916899070.jpg?resize=155,93 155w\" sizes=\"(max-width: 970px) 100vw, 970px\" \/><figcaption id=\"caption-attachment-134834\" class=\"wp-caption-text\">Capilla San Jorge.<\/figcaption><\/figure>\n<p><strong>Los anillos <\/strong><\/p>\n<p>Tampoco est\u00e1 confirmado, pero los expertos se\u00f1alan que las alianzas ser\u00e1n muy sencillas en oro. Y aunque su hermano <strong>Guillermo<\/strong> prefiere no llevarla, diversas fuentes han confirmado que <strong>Harry<\/strong> s\u00ed lo har\u00e1.<\/p>\n<p><iframe loading=\"lazy\" class=\"giphy-embed\" src=\"https:\/\/giphy.com\/embed\/6J2kRTRUht18A\" width=\"480\" height=\"480\" frameborder=\"0\" allowfullscreen=\"allowfullscreen\"><\/iframe><\/p>\n<p><a href=\"https:\/\/giphy.com\/gifs\/beyonce-gif-6J2kRTRUht18A\" target=\"_blank\">via GIPHY<\/a><\/p>\n<p><strong>La m\u00fasica <\/strong><\/p>\n<p>Desde el Palacio de Kensington se confirm\u00f3 que ser\u00eda <strong>Sheku Kanneh-Mason<\/strong>, una violonchelista de 19 a\u00f1os que gan\u00f3 el concurso BBC Young Musicians en 2016, la encargada de amenizar la ceremonia junto al grupo de de gospel <strong>Karen Gibson<\/strong> y el el Coro de la Capilla de San Jorge. Para la fiesta, se cree que ser\u00e1 <strong>Ed Sheeran<\/strong> el que amenizar\u00e1 la velada.<\/p>\n<p><iframe loading=\"lazy\" src=\"https:\/\/www.youtube.com\/embed\/RLd9PcZW5PQ\" width=\"560\" height=\"315\" frameborder=\"0\" allowfullscreen=\"allowfullscreen\"><\/iframe><\/p>\n<p>\u00bfListos para el gran d\u00eda?<\/p>\n<p><em>Fotos: Getty Images<\/em><\/p>\n<p>&nbsp;<\/p>\n","protected":false},"author":11650,"featured_media":0,"template":"","format":"standard","categories":[14,13],"acf":[],"yoast_head":"<!-- This site is optimized with the Yoast SEO Premium plugin v18.5 (Yoast SEO v20.4) - https:\/\/yoast.com\/wordpress\/plugins\/seo\/ -->\n<title>Todo lo que sabemos de la boda real | Grazia<\/title>\n<meta name=\"description\" content=\"Ya no queda nada y aunque la informaci\u00f3n que tenemos ha sido difundida a cuenta gotas, te traemos los datos m\u00e1s suculentos.\" \/>\n<meta name=\"robots\" content=\"index, follow, max-snippet:-1, max-image-preview:large, max-video-preview:-1\" \/>\n<link rel=\"canonical\" href=\"https:\/\/graziamagazine.com\/es\/articles\/todo-lo-que-sabemos-de-la-boda-real\/\" \/>\n<meta property=\"og:locale\" content=\"es_ES\" \/>\n<meta property=\"og:type\" content=\"article\" \/>\n<meta property=\"og:title\" content=\"Todo lo que sabemos de la boda real\" \/>\n<meta property=\"og:description\" content=\"Ya no queda nada y aunque la informaci\u00f3n que tenemos ha sido difundida a cuenta gotas, te traemos los datos m\u00e1s suculentos.\" \/>\n<meta property=\"og:url\" content=\"https:\/\/graziamagazine.com\/es\/articles\/todo-lo-que-sabemos-de-la-boda-real\/\" \/>\n<meta property=\"og:site_name\" content=\"Grazia\" \/>\n<meta property=\"og:image\" content=\"https:\/\/graziamagazine.com\/es\/wp-content\/uploads\/sites\/12\/2018\/05\/gettyimages-906665892-1524162488.jpg?fit=768%2C524\" \/>\n\t<meta property=\"og:image:width\" content=\"768\" \/>\n\t<meta property=\"og:image:height\" content=\"524\" \/>\n\t<meta property=\"og:image:type\" content=\"image\/jpeg\" \/>\n<meta name=\"twitter:card\" content=\"summary_large_image\" \/>\n<meta name=\"twitter:image\" content=\"http:\/\/s3-eu-west-1.amazonaws.com\/grazia-cdn\/wp-content\/uploads\/sites\/12\/2018\/05\/gettyimages-906665892-1524162488.jpg\" \/>\n<meta name=\"twitter:label1\" content=\"Est. reading time\" \/>\n\t<meta name=\"twitter:data1\" content=\"2 minutos\" \/>\n<script type=\"application\/ld+json\" class=\"yoast-schema-graph\">{\"@context\":\"https:\/\/schema.org\",\"@graph\":[{\"@type\":\"WebPage\",\"@id\":\"https:\/\/graziamagazine.com\/es\/articles\/todo-lo-que-sabemos-de-la-boda-real\/\",\"url\":\"https:\/\/graziamagazine.com\/es\/articles\/todo-lo-que-sabemos-de-la-boda-real\/\",\"name\":\"Todo lo que sabemos de la boda real | Grazia\",\"isPartOf\":{\"@id\":\"https:\/\/graziamagazine.com\/es\/#website\"},\"datePublished\":\"2018-05-15T14:04:02+00:00\",\"dateModified\":\"2018-05-15T14:04:02+00:00\",\"description\":\"Ya no queda nada y aunque la informaci\u00f3n que tenemos ha sido difundida a cuenta gotas, te traemos los datos m\u00e1s suculentos.\",\"breadcrumb\":{\"@id\":\"https:\/\/graziamagazine.com\/es\/articles\/todo-lo-que-sabemos-de-la-boda-real\/#breadcrumb\"},\"inLanguage\":\"es\",\"potentialAction\":[{\"@type\":\"ReadAction\",\"target\":[\"https:\/\/graziamagazine.com\/es\/articles\/todo-lo-que-sabemos-de-la-boda-real\/\"]}]},{\"@type\":\"BreadcrumbList\",\"@id\":\"https:\/\/graziamagazine.com\/es\/articles\/todo-lo-que-sabemos-de-la-boda-real\/#breadcrumb\",\"itemListElement\":[{\"@type\":\"ListItem\",\"position\":1,\"name\":\"Portada\",\"item\":\"https:\/\/graziamagazine.com\/es\/\"},{\"@type\":\"ListItem\",\"position\":2,\"name\":\"Todo lo que sabemos de la boda real\"}]},{\"@type\":\"WebSite\",\"@id\":\"https:\/\/graziamagazine.com\/es\/#website\",\"url\":\"https:\/\/graziamagazine.com\/es\/\",\"name\":\"Grazia\",\"description\":\"Moda, belleza, celebrities, estilo de vida...\",\"potentialAction\":[{\"@type\":\"SearchAction\",\"target\":{\"@type\":\"EntryPoint\",\"urlTemplate\":\"https:\/\/graziamagazine.com\/es\/?s={search_term_string}\"},\"query-input\":\"required name=search_term_string\"}],\"inLanguage\":\"es\"}]}<\/script>\n<!-- \/ Yoast SEO Premium plugin. -->","yoast_head_json":{"title":"Todo lo que sabemos de la boda real | Grazia","description":"Ya no queda nada y aunque la informaci\u00f3n que tenemos ha sido difundida a cuenta gotas, te traemos los datos m\u00e1s suculentos.","robots":{"index":"index","follow":"follow","max-snippet":"max-snippet:-1","max-image-preview":"max-image-preview:large","max-video-preview":"max-video-preview:-1"},"canonical":"https:\/\/graziamagazine.com\/es\/articles\/todo-lo-que-sabemos-de-la-boda-real\/","og_locale":"es_ES","og_type":"article","og_title":"Todo lo que sabemos de la boda real","og_description":"Ya no queda nada y aunque la informaci\u00f3n que tenemos ha sido difundida a cuenta gotas, te traemos los datos m\u00e1s suculentos.","og_url":"https:\/\/graziamagazine.com\/es\/articles\/todo-lo-que-sabemos-de-la-boda-real\/","og_site_name":"Grazia","og_image":[{"width":768,"height":524,"url":"https:\/\/graziamagazine.com\/es\/wp-content\/uploads\/sites\/12\/2018\/05\/gettyimages-906665892-1524162488.jpg?fit=768%2C524","type":"image\/jpeg"}],"twitter_card":"summary_large_image","twitter_image":"http:\/\/s3-eu-west-1.amazonaws.com\/grazia-cdn\/wp-content\/uploads\/sites\/12\/2018\/05\/gettyimages-906665892-1524162488.jpg","twitter_misc":{"Est. reading time":"2 minutos"},"schema":{"@context":"https:\/\/schema.org","@graph":[{"@type":"WebPage","@id":"https:\/\/graziamagazine.com\/es\/articles\/todo-lo-que-sabemos-de-la-boda-real\/","url":"https:\/\/graziamagazine.com\/es\/articles\/todo-lo-que-sabemos-de-la-boda-real\/","name":"Todo lo que sabemos de la boda real | Grazia","isPartOf":{"@id":"https:\/\/graziamagazine.com\/es\/#website"},"datePublished":"2018-05-15T14:04:02+00:00","dateModified":"2018-05-15T14:04:02+00:00","description":"Ya no queda nada y aunque la informaci\u00f3n que tenemos ha sido difundida a cuenta gotas, te traemos los datos m\u00e1s suculentos.","breadcrumb":{"@id":"https:\/\/graziamagazine.com\/es\/articles\/todo-lo-que-sabemos-de-la-boda-real\/#breadcrumb"},"inLanguage":"es","potentialAction":[{"@type":"ReadAction","target":["https:\/\/graziamagazine.com\/es\/articles\/todo-lo-que-sabemos-de-la-boda-real\/"]}]},{"@type":"BreadcrumbList","@id":"https:\/\/graziamagazine.com\/es\/articles\/todo-lo-que-sabemos-de-la-boda-real\/#breadcrumb","itemListElement":[{"@type":"ListItem","position":1,"name":"Portada","item":"https:\/\/graziamagazine.com\/es\/"},{"@type":"ListItem","position":2,"name":"Todo lo que sabemos de la boda real"}]},{"@type":"WebSite","@id":"https:\/\/graziamagazine.com\/es\/#website","url":"https:\/\/graziamagazine.com\/es\/","name":"Grazia","description":"Moda, belleza, celebrities, estilo de vida...","potentialAction":[{"@type":"SearchAction","target":{"@type":"EntryPoint","urlTemplate":"https:\/\/graziamagazine.com\/es\/?s={search_term_string}"},"query-input":"required name=search_term_string"}],"inLanguage":"es"}]}},"jetpack_sharing_enabled":true,"distributor_meta":false,"distributor_terms":false,"distributor_media":false,"distributor_original_site_name":"Grazia","distributor_original_site_url":"https:\/\/graziamagazine.com\/es","push-errors":false,"_links":{"self":[{"href":"https:\/\/graziamagazine.com\/es\/wp-json\/wp\/v2\/articles\/134833"}],"collection":[{"href":"https:\/\/graziamagazine.com\/es\/wp-json\/wp\/v2\/articles"}],"about":[{"href":"https:\/\/graziamagazine.com\/es\/wp-json\/wp\/v2\/types\/articles"}],"author":[{"embeddable":true,"href":"https:\/\/graziamagazine.com\/es\/wp-json\/wp\/v2\/users\/11650"}],"wp:attachment":[{"href":"https:\/\/graziamagazine.com\/es\/wp-json\/wp\/v2\/media?parent=134833"}],"wp:term":[{"taxonomy":"category","embeddable":true,"href":"https:\/\/graziamagazine.com\/es\/wp-json\/wp\/v2\/categories?post=134833"}],"curies":[{"name":"wp","href":"https:\/\/api.w.org\/{rel}","templated":true}]}}