{"id":134824,"date":"2018-05-15T15:41:18","date_gmt":"2018-05-15T13:41:18","guid":{"rendered":"https:\/\/graziamagazine.com\/es\/?p=134824"},"modified":"2018-05-15T15:41:18","modified_gmt":"2018-05-15T13:41:18","slug":"como-vestira-el-principe-harry-el-dia-de-su-boda","status":"publish","type":"articles","link":"https:\/\/graziamagazine.com\/es\/articles\/como-vestira-el-principe-harry-el-dia-de-su-boda\/","title":{"rendered":"\u00bfC\u00f3mo vestir\u00e1 el pr\u00edncipe Harry el d\u00eda de su boda?"},"content":{"rendered":"<p>R\u00edos de tinta han corrido para divagar y apostar sobre qui\u00e9n ser\u00e1 el dise\u00f1ador o la dise\u00f1adora que vista a <strong>Meghan Markle<\/strong>, la novia del a\u00f1o. Pero, \u00bfy el novio?<\/p>\n<p>Todo apunta a que el <strong>pr\u00edncipe Harry<\/strong> se presentar\u00e1 en el altar con un uniforme militar tal y como hicieron su abuelo, su padre y su hermano en sus respectivas bodas.<\/p>\n<figure id=\"attachment_134827\" aria-describedby=\"caption-attachment-134827\" style=\"width: 768px\" class=\"wp-caption aligncenter\"><img loading=\"lazy\" decoding=\"async\" class=\"size-full wp-image-134827\" src=\"https:\/\/graziamagazine.com\/es\/wp-content\/uploads\/sites\/12\/2018\/05\/gallery-1471280554-gettyimages-3126204.jpg\" alt=\"Boda de Lady Di y el pr\u00edncipe Carlos (1981)\" width=\"768\" height=\"523\" srcset=\"https:\/\/graziamagazine.com\/es\/wp-content\/uploads\/sites\/12\/2018\/05\/gallery-1471280554-gettyimages-3126204.jpg 768w, https:\/\/graziamagazine.com\/es\/wp-content\/uploads\/sites\/12\/2018\/05\/gallery-1471280554-gettyimages-3126204-300x204.jpg 300w, https:\/\/graziamagazine.com\/es\/wp-content\/uploads\/sites\/12\/2018\/05\/gallery-1471280554-gettyimages-3126204-720x490.jpg 720w, https:\/\/graziamagazine.com\/es\/wp-content\/uploads\/sites\/12\/2018\/05\/gallery-1471280554-gettyimages-3126204-626x426.jpg 626w, https:\/\/graziamagazine.com\/es\/wp-content\/uploads\/sites\/12\/2018\/05\/gallery-1471280554-gettyimages-3126204-360x245.jpg 360w\" sizes=\"(max-width: 768px) 100vw, 768px\" \/><figcaption id=\"caption-attachment-134827\" class=\"wp-caption-text\">Boda de Lady Di y el pr\u00edncipe Carlos (1981)<\/figcaption><\/figure>\n<p>Recordemos que el <strong>pr\u00edncipe Felipe<\/strong> y el <strong>pr\u00edncipe Carlos<\/strong> lucieron sendos imponentes uniformes de comandante naval mientras que el <strong>pr\u00edncipe Guillermo<\/strong> luci\u00f3 el uniforme oficial de la Guardia Montada Irlandesa en su enlace con <strong>Kate Middleton<\/strong> en 2011.<\/p>\n<figure id=\"attachment_134825\" aria-describedby=\"caption-attachment-134825\" style=\"width: 768px\" class=\"wp-caption aligncenter\"><img loading=\"lazy\" decoding=\"async\" class=\"size-full wp-image-134825\" src=\"https:\/\/graziamagazine.com\/es\/wp-content\/uploads\/sites\/12\/2018\/05\/gallery-1503476686-gettyimages-113266498-1.jpg\" alt=\"Boda duques Cambridge (2011)\" width=\"768\" height=\"1033\" srcset=\"https:\/\/graziamagazine.com\/es\/wp-content\/uploads\/sites\/12\/2018\/05\/gallery-1503476686-gettyimages-113266498-1.jpg 768w, https:\/\/graziamagazine.com\/es\/wp-content\/uploads\/sites\/12\/2018\/05\/gallery-1503476686-gettyimages-113266498-1-223x300.jpg 223w, https:\/\/graziamagazine.com\/es\/wp-content\/uploads\/sites\/12\/2018\/05\/gallery-1503476686-gettyimages-113266498-1-761x1024.jpg 761w, https:\/\/graziamagazine.com\/es\/wp-content\/uploads\/sites\/12\/2018\/05\/gallery-1503476686-gettyimages-113266498-1-720x968.jpg 720w, https:\/\/graziamagazine.com\/es\/wp-content\/uploads\/sites\/12\/2018\/05\/gallery-1503476686-gettyimages-113266498-1-626x842.jpg 626w, https:\/\/graziamagazine.com\/es\/wp-content\/uploads\/sites\/12\/2018\/05\/gallery-1503476686-gettyimages-113266498-1-360x484.jpg 360w\" sizes=\"(max-width: 768px) 100vw, 768px\" \/><figcaption id=\"caption-attachment-134825\" class=\"wp-caption-text\">Boda duques Cambridge (2011)<\/figcaption><\/figure>\n<p>Durante la boda de su hermano, el <strong>pr\u00edncipe Harry<\/strong> visti\u00f3 el uniforme de capit\u00e1n de los Blues and Royals por lo que mucha gente apuesta porque repita atuendo. Aunque otros creen que el elegido ser\u00e1 el uniforme del cuerpo a\u00e9reo como una muestra de cari\u00f1o a sus a\u00f1os como piloto.<\/p>\n<figure id=\"attachment_134826\" aria-describedby=\"caption-attachment-134826\" style=\"width: 608px\" class=\"wp-caption aligncenter\"><img loading=\"lazy\" decoding=\"async\" class=\"size-full wp-image-134826\" src=\"https:\/\/graziamagazine.com\/es\/wp-content\/uploads\/sites\/12\/2018\/05\/prince-william-05-gty-jrl-171129_16x9_608.jpg\" alt=\"El pr\u00edncipe Harry en la boda de su hermano.\" width=\"608\" height=\"342\" srcset=\"https:\/\/graziamagazine.com\/es\/wp-content\/uploads\/sites\/12\/2018\/05\/prince-william-05-gty-jrl-171129_16x9_608.jpg 608w, https:\/\/graziamagazine.com\/es\/wp-content\/uploads\/sites\/12\/2018\/05\/prince-william-05-gty-jrl-171129_16x9_608-300x169.jpg 300w, https:\/\/graziamagazine.com\/es\/wp-content\/uploads\/sites\/12\/2018\/05\/prince-william-05-gty-jrl-171129_16x9_608-360x203.jpg 360w, https:\/\/graziamagazine.com\/es\/wp-content\/uploads\/sites\/12\/2018\/05\/prince-william-05-gty-jrl-171129_16x9_608-451x254.jpg 451w\" sizes=\"(max-width: 608px) 100vw, 608px\" \/><figcaption id=\"caption-attachment-134826\" class=\"wp-caption-text\">El pr\u00edncipe Harry en la boda de su hermano.<\/figcaption><\/figure>\n<p>Y para las que no son fans de los uniformes\u2026 Existe la posibilidad de que <strong>Harry<\/strong> se decante por un traje o un esmoquin ya que al casarse en la Capilla de San Jorge las reglas de vestimenta no son tan exigentes como si se casaran en la abad\u00eda de Westminster. Por \u00faltimo, tambi\u00e9n es posible que veas al pr\u00edncipe lucir una chaqueta de cola larga, chaleco y pantalones a rayas.<\/p>\n<p>\u00a1Ya no queda nada para salir de dudas!<\/p>\n<p><em>Foto: Getty Images<\/em><\/p>\n<p>&nbsp;<\/p>\n<p>&nbsp;<\/p>\n<p>&nbsp;<\/p>\n","protected":false},"author":11650,"featured_media":0,"template":"","format":"standard","categories":[13,1],"acf":[],"yoast_head":"<!-- This site is optimized with the Yoast SEO Premium plugin v18.5 (Yoast SEO v20.4) - https:\/\/yoast.com\/wordpress\/plugins\/seo\/ -->\n<title>\u00bfC\u00f3mo vestir\u00e1 el pr\u00edncipe Harry el d\u00eda de su boda? | Grazia<\/title>\n<meta name=\"description\" content=\"No solo el vestido de Meghan Markle nos tiene en ascuas, la decisi\u00f3n de Harry para el enlace tambi\u00e9n es un secreto muy bien guardado.\" \/>\n<meta name=\"robots\" content=\"index, follow, max-snippet:-1, max-image-preview:large, max-video-preview:-1\" \/>\n<link rel=\"canonical\" href=\"https:\/\/graziamagazine.com\/es\/articles\/como-vestira-el-principe-harry-el-dia-de-su-boda\/\" \/>\n<meta property=\"og:locale\" content=\"es_ES\" \/>\n<meta property=\"og:type\" content=\"article\" \/>\n<meta property=\"og:title\" content=\"\u00bfC\u00f3mo vestir\u00e1 el pr\u00edncipe Harry el d\u00eda de su boda?\" \/>\n<meta property=\"og:description\" content=\"No solo el vestido de Meghan Markle nos tiene en ascuas, la decisi\u00f3n de Harry para el enlace tambi\u00e9n es un secreto muy bien guardado.\" \/>\n<meta property=\"og:url\" content=\"https:\/\/graziamagazine.com\/es\/articles\/como-vestira-el-principe-harry-el-dia-de-su-boda\/\" \/>\n<meta property=\"og:site_name\" content=\"Grazia\" \/>\n<meta property=\"og:image\" content=\"https:\/\/graziamagazine.com\/es\/wp-content\/uploads\/sites\/12\/2018\/05\/GettyImages-686080978.jpg?fit=960%2C540\" \/>\n\t<meta property=\"og:image:width\" content=\"960\" \/>\n\t<meta property=\"og:image:height\" content=\"540\" \/>\n\t<meta property=\"og:image:type\" content=\"image\/jpeg\" \/>\n<meta name=\"twitter:card\" content=\"summary_large_image\" \/>\n<meta name=\"twitter:image\" content=\"http:\/\/s3-eu-west-1.amazonaws.com\/grazia-cdn\/wp-content\/uploads\/sites\/12\/2018\/05\/GettyImages-686080978.jpg\" \/>\n<meta name=\"twitter:label1\" content=\"Est. reading time\" \/>\n\t<meta name=\"twitter:data1\" content=\"1 minuto\" \/>\n<script type=\"application\/ld+json\" class=\"yoast-schema-graph\">{\"@context\":\"https:\/\/schema.org\",\"@graph\":[{\"@type\":\"WebPage\",\"@id\":\"https:\/\/graziamagazine.com\/es\/articles\/como-vestira-el-principe-harry-el-dia-de-su-boda\/\",\"url\":\"https:\/\/graziamagazine.com\/es\/articles\/como-vestira-el-principe-harry-el-dia-de-su-boda\/\",\"name\":\"\u00bfC\u00f3mo vestir\u00e1 el pr\u00edncipe Harry el d\u00eda de su boda? | Grazia\",\"isPartOf\":{\"@id\":\"https:\/\/graziamagazine.com\/es\/#website\"},\"datePublished\":\"2018-05-15T13:41:18+00:00\",\"dateModified\":\"2018-05-15T13:41:18+00:00\",\"description\":\"No solo el vestido de Meghan Markle nos tiene en ascuas, la decisi\u00f3n de Harry para el enlace tambi\u00e9n es un secreto muy bien guardado.\",\"breadcrumb\":{\"@id\":\"https:\/\/graziamagazine.com\/es\/articles\/como-vestira-el-principe-harry-el-dia-de-su-boda\/#breadcrumb\"},\"inLanguage\":\"es\",\"potentialAction\":[{\"@type\":\"ReadAction\",\"target\":[\"https:\/\/graziamagazine.com\/es\/articles\/como-vestira-el-principe-harry-el-dia-de-su-boda\/\"]}]},{\"@type\":\"BreadcrumbList\",\"@id\":\"https:\/\/graziamagazine.com\/es\/articles\/como-vestira-el-principe-harry-el-dia-de-su-boda\/#breadcrumb\",\"itemListElement\":[{\"@type\":\"ListItem\",\"position\":1,\"name\":\"Portada\",\"item\":\"https:\/\/graziamagazine.com\/es\/\"},{\"@type\":\"ListItem\",\"position\":2,\"name\":\"\u00bfC\u00f3mo vestir\u00e1 el pr\u00edncipe Harry el d\u00eda de su boda?\"}]},{\"@type\":\"WebSite\",\"@id\":\"https:\/\/graziamagazine.com\/es\/#website\",\"url\":\"https:\/\/graziamagazine.com\/es\/\",\"name\":\"Grazia\",\"description\":\"Moda, belleza, celebrities, estilo de vida...\",\"potentialAction\":[{\"@type\":\"SearchAction\",\"target\":{\"@type\":\"EntryPoint\",\"urlTemplate\":\"https:\/\/graziamagazine.com\/es\/?s={search_term_string}\"},\"query-input\":\"required name=search_term_string\"}],\"inLanguage\":\"es\"}]}<\/script>\n<!-- \/ Yoast SEO Premium plugin. -->","yoast_head_json":{"title":"\u00bfC\u00f3mo vestir\u00e1 el pr\u00edncipe Harry el d\u00eda de su boda? | Grazia","description":"No solo el vestido de Meghan Markle nos tiene en ascuas, la decisi\u00f3n de Harry para el enlace tambi\u00e9n es un secreto muy bien guardado.","robots":{"index":"index","follow":"follow","max-snippet":"max-snippet:-1","max-image-preview":"max-image-preview:large","max-video-preview":"max-video-preview:-1"},"canonical":"https:\/\/graziamagazine.com\/es\/articles\/como-vestira-el-principe-harry-el-dia-de-su-boda\/","og_locale":"es_ES","og_type":"article","og_title":"\u00bfC\u00f3mo vestir\u00e1 el pr\u00edncipe Harry el d\u00eda de su boda?","og_description":"No solo el vestido de Meghan Markle nos tiene en ascuas, la decisi\u00f3n de Harry para el enlace tambi\u00e9n es un secreto muy bien guardado.","og_url":"https:\/\/graziamagazine.com\/es\/articles\/como-vestira-el-principe-harry-el-dia-de-su-boda\/","og_site_name":"Grazia","og_image":[{"width":960,"height":540,"url":"https:\/\/graziamagazine.com\/es\/wp-content\/uploads\/sites\/12\/2018\/05\/GettyImages-686080978.jpg?fit=960%2C540","type":"image\/jpeg"}],"twitter_card":"summary_large_image","twitter_image":"http:\/\/s3-eu-west-1.amazonaws.com\/grazia-cdn\/wp-content\/uploads\/sites\/12\/2018\/05\/GettyImages-686080978.jpg","twitter_misc":{"Est. reading time":"1 minuto"},"schema":{"@context":"https:\/\/schema.org","@graph":[{"@type":"WebPage","@id":"https:\/\/graziamagazine.com\/es\/articles\/como-vestira-el-principe-harry-el-dia-de-su-boda\/","url":"https:\/\/graziamagazine.com\/es\/articles\/como-vestira-el-principe-harry-el-dia-de-su-boda\/","name":"\u00bfC\u00f3mo vestir\u00e1 el pr\u00edncipe Harry el d\u00eda de su boda? | Grazia","isPartOf":{"@id":"https:\/\/graziamagazine.com\/es\/#website"},"datePublished":"2018-05-15T13:41:18+00:00","dateModified":"2018-05-15T13:41:18+00:00","description":"No solo el vestido de Meghan Markle nos tiene en ascuas, la decisi\u00f3n de Harry para el enlace tambi\u00e9n es un secreto muy bien guardado.","breadcrumb":{"@id":"https:\/\/graziamagazine.com\/es\/articles\/como-vestira-el-principe-harry-el-dia-de-su-boda\/#breadcrumb"},"inLanguage":"es","potentialAction":[{"@type":"ReadAction","target":["https:\/\/graziamagazine.com\/es\/articles\/como-vestira-el-principe-harry-el-dia-de-su-boda\/"]}]},{"@type":"BreadcrumbList","@id":"https:\/\/graziamagazine.com\/es\/articles\/como-vestira-el-principe-harry-el-dia-de-su-boda\/#breadcrumb","itemListElement":[{"@type":"ListItem","position":1,"name":"Portada","item":"https:\/\/graziamagazine.com\/es\/"},{"@type":"ListItem","position":2,"name":"\u00bfC\u00f3mo vestir\u00e1 el pr\u00edncipe Harry el d\u00eda de su boda?"}]},{"@type":"WebSite","@id":"https:\/\/graziamagazine.com\/es\/#website","url":"https:\/\/graziamagazine.com\/es\/","name":"Grazia","description":"Moda, belleza, celebrities, estilo de vida...","potentialAction":[{"@type":"SearchAction","target":{"@type":"EntryPoint","urlTemplate":"https:\/\/graziamagazine.com\/es\/?s={search_term_string}"},"query-input":"required name=search_term_string"}],"inLanguage":"es"}]}},"jetpack_sharing_enabled":true,"distributor_meta":false,"distributor_terms":false,"distributor_media":false,"distributor_original_site_name":"Grazia","distributor_original_site_url":"https:\/\/graziamagazine.com\/es","push-errors":false,"_links":{"self":[{"href":"https:\/\/graziamagazine.com\/es\/wp-json\/wp\/v2\/articles\/134824"}],"collection":[{"href":"https:\/\/graziamagazine.com\/es\/wp-json\/wp\/v2\/articles"}],"about":[{"href":"https:\/\/graziamagazine.com\/es\/wp-json\/wp\/v2\/types\/articles"}],"author":[{"embeddable":true,"href":"https:\/\/graziamagazine.com\/es\/wp-json\/wp\/v2\/users\/11650"}],"wp:attachment":[{"href":"https:\/\/graziamagazine.com\/es\/wp-json\/wp\/v2\/media?parent=134824"}],"wp:term":[{"taxonomy":"category","embeddable":true,"href":"https:\/\/graziamagazine.com\/es\/wp-json\/wp\/v2\/categories?post=134824"}],"curies":[{"name":"wp","href":"https:\/\/api.w.org\/{rel}","templated":true}]}}