{"id":134810,"date":"2018-05-14T22:05:26","date_gmt":"2018-05-14T20:05:26","guid":{"rendered":"https:\/\/graziamagazine.com\/es\/?p=134810"},"modified":"2018-05-14T22:05:33","modified_gmt":"2018-05-14T20:05:33","slug":"estas-han-sido-las-consecuencias-del-montaje-organizado-por-el-padre-de-meghan-markle","status":"publish","type":"articles","link":"https:\/\/graziamagazine.com\/es\/articles\/estas-han-sido-las-consecuencias-del-montaje-organizado-por-el-padre-de-meghan-markle\/","title":{"rendered":"Estas han sido las consecuencias del montaje organizado por el padre de Meghan Markle"},"content":{"rendered":"<p>Desde que se dio a conocer que el\u00a0pap\u00e1 de\u00a0<b>Meghan Markle<\/b>,\u00a0<b>Thomas Markle<\/b>, llevar\u00eda a su hija\u00a0al altar, el ojo p\u00fablico y los medios de comunicaci\u00f3n de todo el mundo est\u00e1n casi tan pendientes (o m\u00e1s) del exdirector de cine que de la exintegrante de <em>Suits<\/em>. Hace un par de d\u00edas salieron a la luz una serie de fotograf\u00edas en las que aparec\u00eda Thomas ojeando un libro de paisajes en Gran Breta\u00f1a y leyendo una noticia sobre el compromiso de su hija; sin embargo, y para desilusi\u00f3n de los m\u00e1s cotillas, todo fue un montaje.<\/p>\n<p><iframe loading=\"lazy\" src=\"http:\/\/www.dailymail.co.uk\/embed\/video\/1688632.html\" width=\"698\" height=\"573\" frameborder=\"0\" data-mce-fragment=\"1\"><\/iframe><\/p>\n<p>De acuerdo a esta entrevista, la media hermana de <strong>Meghan Markle, Samantha Grant<\/strong>, afirma que fotograf\u00edas no fueron creadas por dinero. Contrario a lo que la misma familia real pudiera pensar, son fruto de una realidad virtual en la que <strong>Thomas Markle<\/strong> quiere mostrarse emocionado por el evento. \u00bfAlguien lo entiende?<\/p>\n<p>La historia cobra un poco m\u00e1s de sentido tras ver el siguiente v\u00eddeo del <em>Daily Mail<\/em> donde se demuestra que el padre de la <em>royal to be<\/em> estaba coludido con un un paparazzi ingl\u00e9s para que le hiciera las fotos que despu\u00e9s vender\u00edan por 100.000 libras. <strong>Thomas Markle<\/strong> fue pillado posando para el fot\u00f3grafo en M\u00e9xico, pese a los intentos del pr\u00edncipe Harry para que la prensa dejara en paz a su futuro suegro.<\/p>\n<p><iframe loading=\"lazy\" id=\"molvideoplayer\" title=\"MailOnline Embed Player\" src=\"http:\/\/www.dailymail.co.uk\/embed\/video\/1687804.html\" width=\"698\" height=\"573\" frameborder=\"0\" scrolling=\"no\" allowfullscreen=\"allowfullscreen\"><\/iframe><\/p>\n<p>Las reacciones por parte de la casa real no se han hecho esperar y el palacio de Kensington ha tomado la situaci\u00f3n como invasi\u00f3n a su vida privada. A trav\u00e9s de un comunicado, el palacio pidi\u00f3 a los medios no invadir la privacidad de ninguno de los allegados a los novios, incluyendo a <strong>Thomas Markle<\/strong>.<\/p>\n<p>Por otra parte, y por si las discrepancias con su padre no fuesen suficiente quebradero de cabeza, la relaci\u00f3n entre Meghan y sus hermanos no est\u00e1 del todo bien. De hecho, <strong>Samantha Grant<\/strong> y <strong>Thomas Markle Jr.<\/strong> han creado todo un complot en contra de su media hermana y se atrevieron a acusarla de no invitar a su padre a la boda m\u00e1s esperada de la d\u00e9cada.<\/p>\n<p>Recientemente,\u00a0<a href=\"http:\/\/www.tmz.com\/2018\/05\/14\/meghan-markle-father-thomas-royal-wedding-prince-harry-photos-paparazzi\/\" target=\"_blank\" rel=\"noopener\" target=\"_blank\"><em>TMZ<\/em><\/a>\u00a0report\u00f3 que <strong>Thomas Markle<\/strong> sufri\u00f3 un ataque al coraz\u00f3n \u00a0y que no asistir\u00e1 a la boda para no apenar a su hija y a la familia real por dicho montaje. Por el momento no hay confirmaci\u00f3n oficial.<\/p>\n<p>\u00bfCrees que sea otro montaje o de verdad el se\u00f1or se ha pensado mejor las cosas?<\/p>\n<h5><em>*IMAGEN: Getty Images<\/em><\/h5>\n","protected":false},"author":22173,"featured_media":0,"template":"","format":"standard","categories":[13],"acf":[],"yoast_head":"<!-- This site is optimized with the Yoast SEO Premium plugin v18.5 (Yoast SEO v20.4) - https:\/\/yoast.com\/wordpress\/plugins\/seo\/ -->\n<title>Estas han sido las consecuencias del montaje organizado por el padre de Meghan Markle | Grazia<\/title>\n<meta name=\"description\" content=\"Al parecer, el padre de la &#039;royal to be&#039; no asistir\u00e1 finalmente a la boda. \u00bfT\u00fa qu\u00e9 crees?\" \/>\n<meta name=\"robots\" content=\"index, follow, max-snippet:-1, max-image-preview:large, max-video-preview:-1\" \/>\n<link rel=\"canonical\" href=\"https:\/\/graziamagazine.com\/es\/articles\/estas-han-sido-las-consecuencias-del-montaje-organizado-por-el-padre-de-meghan-markle\/\" \/>\n<meta property=\"og:locale\" content=\"es_ES\" \/>\n<meta property=\"og:type\" content=\"article\" \/>\n<meta property=\"og:title\" content=\"Estas han sido las consecuencias del montaje organizado por el padre de Meghan Markle\" \/>\n<meta property=\"og:description\" content=\"Al parecer, el padre de la &#039;royal to be&#039; no asistir\u00e1 finalmente a la boda. \u00bfT\u00fa qu\u00e9 crees?\" \/>\n<meta property=\"og:url\" content=\"https:\/\/graziamagazine.com\/es\/articles\/estas-han-sido-las-consecuencias-del-montaje-organizado-por-el-padre-de-meghan-markle\/\" \/>\n<meta property=\"og:site_name\" content=\"Grazia\" \/>\n<meta property=\"article:modified_time\" content=\"2018-05-14T20:05:33+00:00\" \/>\n<meta property=\"og:image\" content=\"https:\/\/graziamagazine.com\/es\/wp-content\/uploads\/sites\/12\/2018\/05\/meghan-markle-suits-getty.jpg?fit=750%2C421\" \/>\n\t<meta property=\"og:image:width\" content=\"750\" \/>\n\t<meta property=\"og:image:height\" content=\"421\" \/>\n\t<meta property=\"og:image:type\" content=\"image\/jpeg\" \/>\n<meta name=\"twitter:card\" content=\"summary_large_image\" \/>\n<meta name=\"twitter:image\" content=\"http:\/\/s3-eu-west-1.amazonaws.com\/grazia-cdn\/wp-content\/uploads\/sites\/12\/2018\/05\/meghan-markle-suits-getty.jpg\" \/>\n<meta name=\"twitter:label1\" content=\"Est. reading time\" \/>\n\t<meta name=\"twitter:data1\" content=\"2 minutos\" \/>\n<script type=\"application\/ld+json\" class=\"yoast-schema-graph\">{\"@context\":\"https:\/\/schema.org\",\"@graph\":[{\"@type\":\"WebPage\",\"@id\":\"https:\/\/graziamagazine.com\/es\/articles\/estas-han-sido-las-consecuencias-del-montaje-organizado-por-el-padre-de-meghan-markle\/\",\"url\":\"https:\/\/graziamagazine.com\/es\/articles\/estas-han-sido-las-consecuencias-del-montaje-organizado-por-el-padre-de-meghan-markle\/\",\"name\":\"Estas han sido las consecuencias del montaje organizado por el padre de Meghan Markle | Grazia\",\"isPartOf\":{\"@id\":\"https:\/\/graziamagazine.com\/es\/#website\"},\"datePublished\":\"2018-05-14T20:05:26+00:00\",\"dateModified\":\"2018-05-14T20:05:33+00:00\",\"description\":\"Al parecer, el padre de la 'royal to be' no asistir\u00e1 finalmente a la boda. \u00bfT\u00fa qu\u00e9 crees?\",\"breadcrumb\":{\"@id\":\"https:\/\/graziamagazine.com\/es\/articles\/estas-han-sido-las-consecuencias-del-montaje-organizado-por-el-padre-de-meghan-markle\/#breadcrumb\"},\"inLanguage\":\"es\",\"potentialAction\":[{\"@type\":\"ReadAction\",\"target\":[\"https:\/\/graziamagazine.com\/es\/articles\/estas-han-sido-las-consecuencias-del-montaje-organizado-por-el-padre-de-meghan-markle\/\"]}]},{\"@type\":\"BreadcrumbList\",\"@id\":\"https:\/\/graziamagazine.com\/es\/articles\/estas-han-sido-las-consecuencias-del-montaje-organizado-por-el-padre-de-meghan-markle\/#breadcrumb\",\"itemListElement\":[{\"@type\":\"ListItem\",\"position\":1,\"name\":\"Portada\",\"item\":\"https:\/\/graziamagazine.com\/es\/\"},{\"@type\":\"ListItem\",\"position\":2,\"name\":\"Estas han sido las consecuencias del montaje organizado por el padre de Meghan Markle\"}]},{\"@type\":\"WebSite\",\"@id\":\"https:\/\/graziamagazine.com\/es\/#website\",\"url\":\"https:\/\/graziamagazine.com\/es\/\",\"name\":\"Grazia\",\"description\":\"Moda, belleza, celebrities, estilo de vida...\",\"potentialAction\":[{\"@type\":\"SearchAction\",\"target\":{\"@type\":\"EntryPoint\",\"urlTemplate\":\"https:\/\/graziamagazine.com\/es\/?s={search_term_string}\"},\"query-input\":\"required name=search_term_string\"}],\"inLanguage\":\"es\"}]}<\/script>\n<!-- \/ Yoast SEO Premium plugin. -->","yoast_head_json":{"title":"Estas han sido las consecuencias del montaje organizado por el padre de Meghan Markle | Grazia","description":"Al parecer, el padre de la 'royal to be' no asistir\u00e1 finalmente a la boda. \u00bfT\u00fa qu\u00e9 crees?","robots":{"index":"index","follow":"follow","max-snippet":"max-snippet:-1","max-image-preview":"max-image-preview:large","max-video-preview":"max-video-preview:-1"},"canonical":"https:\/\/graziamagazine.com\/es\/articles\/estas-han-sido-las-consecuencias-del-montaje-organizado-por-el-padre-de-meghan-markle\/","og_locale":"es_ES","og_type":"article","og_title":"Estas han sido las consecuencias del montaje organizado por el padre de Meghan Markle","og_description":"Al parecer, el padre de la 'royal to be' no asistir\u00e1 finalmente a la boda. \u00bfT\u00fa qu\u00e9 crees?","og_url":"https:\/\/graziamagazine.com\/es\/articles\/estas-han-sido-las-consecuencias-del-montaje-organizado-por-el-padre-de-meghan-markle\/","og_site_name":"Grazia","article_modified_time":"2018-05-14T20:05:33+00:00","og_image":[{"width":750,"height":421,"url":"https:\/\/graziamagazine.com\/es\/wp-content\/uploads\/sites\/12\/2018\/05\/meghan-markle-suits-getty.jpg?fit=750%2C421","type":"image\/jpeg"}],"twitter_card":"summary_large_image","twitter_image":"http:\/\/s3-eu-west-1.amazonaws.com\/grazia-cdn\/wp-content\/uploads\/sites\/12\/2018\/05\/meghan-markle-suits-getty.jpg","twitter_misc":{"Est. reading time":"2 minutos"},"schema":{"@context":"https:\/\/schema.org","@graph":[{"@type":"WebPage","@id":"https:\/\/graziamagazine.com\/es\/articles\/estas-han-sido-las-consecuencias-del-montaje-organizado-por-el-padre-de-meghan-markle\/","url":"https:\/\/graziamagazine.com\/es\/articles\/estas-han-sido-las-consecuencias-del-montaje-organizado-por-el-padre-de-meghan-markle\/","name":"Estas han sido las consecuencias del montaje organizado por el padre de Meghan Markle | Grazia","isPartOf":{"@id":"https:\/\/graziamagazine.com\/es\/#website"},"datePublished":"2018-05-14T20:05:26+00:00","dateModified":"2018-05-14T20:05:33+00:00","description":"Al parecer, el padre de la 'royal to be' no asistir\u00e1 finalmente a la boda. \u00bfT\u00fa qu\u00e9 crees?","breadcrumb":{"@id":"https:\/\/graziamagazine.com\/es\/articles\/estas-han-sido-las-consecuencias-del-montaje-organizado-por-el-padre-de-meghan-markle\/#breadcrumb"},"inLanguage":"es","potentialAction":[{"@type":"ReadAction","target":["https:\/\/graziamagazine.com\/es\/articles\/estas-han-sido-las-consecuencias-del-montaje-organizado-por-el-padre-de-meghan-markle\/"]}]},{"@type":"BreadcrumbList","@id":"https:\/\/graziamagazine.com\/es\/articles\/estas-han-sido-las-consecuencias-del-montaje-organizado-por-el-padre-de-meghan-markle\/#breadcrumb","itemListElement":[{"@type":"ListItem","position":1,"name":"Portada","item":"https:\/\/graziamagazine.com\/es\/"},{"@type":"ListItem","position":2,"name":"Estas han sido las consecuencias del montaje organizado por el padre de Meghan Markle"}]},{"@type":"WebSite","@id":"https:\/\/graziamagazine.com\/es\/#website","url":"https:\/\/graziamagazine.com\/es\/","name":"Grazia","description":"Moda, belleza, celebrities, estilo de vida...","potentialAction":[{"@type":"SearchAction","target":{"@type":"EntryPoint","urlTemplate":"https:\/\/graziamagazine.com\/es\/?s={search_term_string}"},"query-input":"required name=search_term_string"}],"inLanguage":"es"}]}},"jetpack_sharing_enabled":true,"distributor_meta":false,"distributor_terms":false,"distributor_media":false,"distributor_original_site_name":"Grazia","distributor_original_site_url":"https:\/\/graziamagazine.com\/es","push-errors":false,"_links":{"self":[{"href":"https:\/\/graziamagazine.com\/es\/wp-json\/wp\/v2\/articles\/134810"}],"collection":[{"href":"https:\/\/graziamagazine.com\/es\/wp-json\/wp\/v2\/articles"}],"about":[{"href":"https:\/\/graziamagazine.com\/es\/wp-json\/wp\/v2\/types\/articles"}],"author":[{"embeddable":true,"href":"https:\/\/graziamagazine.com\/es\/wp-json\/wp\/v2\/users\/22173"}],"wp:attachment":[{"href":"https:\/\/graziamagazine.com\/es\/wp-json\/wp\/v2\/media?parent=134810"}],"wp:term":[{"taxonomy":"category","embeddable":true,"href":"https:\/\/graziamagazine.com\/es\/wp-json\/wp\/v2\/categories?post=134810"}],"curies":[{"name":"wp","href":"https:\/\/api.w.org\/{rel}","templated":true}]}}