{"id":134722,"date":"2018-05-11T22:03:28","date_gmt":"2018-05-11T20:03:28","guid":{"rendered":"https:\/\/graziamagazine.com\/es\/?p=134722"},"modified":"2018-05-11T22:03:35","modified_gmt":"2018-05-11T20:03:35","slug":"asi-es-hoy-la-nina-que-mas-odio-ser-protagonista-de-la-boda-de-los-duques-de-cambridge","status":"publish","type":"articles","link":"https:\/\/graziamagazine.com\/es\/articles\/asi-es-hoy-la-nina-que-mas-odio-ser-protagonista-de-la-boda-de-los-duques-de-cambridge\/","title":{"rendered":"As\u00ed es hoy la ni\u00f1a que m\u00e1s odi\u00f3 ser protagonista de la boda de los duques de Cambridge"},"content":{"rendered":"<p>Nadie (hasta ahora) ha podido superar esta imagen. El momento en el que el\u00a0<b>pr\u00edncipe Guillermo<\/b>\u00a0y\u00a0<b>Kate Middleton<\/b>\u00a0se besan en el balc\u00f3n de\u00a0<i>Buckingham Palace<\/i>\u00a0el d\u00eda de su boda es uno de los m\u00e1s fotografiados y rom\u00e1nticos de la historia. Pero hay una muestra c\u00f3mica en esta imagen y seguro sabes a qui\u00e9n nos referimos: la peque\u00f1a damita con cara de fastidio,\u00a0<strong>Grace Van Cutsem<\/strong>.<\/p>\n<p><img decoding=\"async\" class=\"alignnone size-large wp-image-49644\" src=\"http:\/\/grazia.mx\/wp-content\/uploads\/sites\/12\/2018\/05\/asi-luce-ahora-la-paje-fastidiada-de-la-foto-de-prince-william-y-kate-middleton-1-700x484.jpg\" sizes=\"(max-width: 700px) 100vw, 700px\" srcset=\"http:\/\/grazia.mx\/wp-content\/uploads\/sites\/12\/2018\/05\/asi-luce-ahora-la-paje-fastidiada-de-la-foto-de-prince-william-y-kate-middleton-1-700x484.jpg 700w, http:\/\/grazia.mx\/wp-content\/uploads\/sites\/12\/2018\/05\/asi-luce-ahora-la-paje-fastidiada-de-la-foto-de-prince-william-y-kate-middleton-1-250x173.jpg 250w, http:\/\/grazia.mx\/wp-content\/uploads\/sites\/12\/2018\/05\/asi-luce-ahora-la-paje-fastidiada-de-la-foto-de-prince-william-y-kate-middleton-1-768x531.jpg 768w, http:\/\/grazia.mx\/wp-content\/uploads\/sites\/12\/2018\/05\/asi-luce-ahora-la-paje-fastidiada-de-la-foto-de-prince-william-y-kate-middleton-1-120x83.jpg 120w, http:\/\/grazia.mx\/wp-content\/uploads\/sites\/12\/2018\/05\/asi-luce-ahora-la-paje-fastidiada-de-la-foto-de-prince-william-y-kate-middleton-1.jpg 980w\" alt=\"asi-luce-ahora-la-paje-fastidiada-de-la-foto-de-prince-william-y-kate-middleton-1\" \/><\/p>\n<p><img decoding=\"async\" class=\"alignnone size-large wp-image-49645\" src=\"http:\/\/grazia.mx\/wp-content\/uploads\/sites\/12\/2018\/05\/asi-luce-ahora-la-paje-fastidiada-de-la-foto-de-prince-william-y-kate-middleton-2-700x513.jpg\" sizes=\"(max-width: 700px) 100vw, 700px\" srcset=\"http:\/\/grazia.mx\/wp-content\/uploads\/sites\/12\/2018\/05\/asi-luce-ahora-la-paje-fastidiada-de-la-foto-de-prince-william-y-kate-middleton-2-700x513.jpg 700w, http:\/\/grazia.mx\/wp-content\/uploads\/sites\/12\/2018\/05\/asi-luce-ahora-la-paje-fastidiada-de-la-foto-de-prince-william-y-kate-middleton-2-250x183.jpg 250w, http:\/\/grazia.mx\/wp-content\/uploads\/sites\/12\/2018\/05\/asi-luce-ahora-la-paje-fastidiada-de-la-foto-de-prince-william-y-kate-middleton-2-120x88.jpg 120w, http:\/\/grazia.mx\/wp-content\/uploads\/sites\/12\/2018\/05\/asi-luce-ahora-la-paje-fastidiada-de-la-foto-de-prince-william-y-kate-middleton-2.jpg 750w\" alt=\"asi-luce-ahora-la-paje-fastidiada-de-la-foto-de-prince-william-y-kate-middleton--2\" \/><\/p>\n<p><iframe loading=\"lazy\" src=\"https:\/\/www.youtube.com\/embed\/c38lPvrPuT4\" width=\"560\" height=\"315\" frameborder=\"0\" allowfullscreen=\"allowfullscreen\"><\/iframe><\/p>\n<p>Siete a\u00f1os despu\u00e9s del momento y con la fiebre de la pr\u00f3xima\u00a0<i>royal wedding<\/i>\u00a0del\u00a0<strong>pr\u00edncipe Harry<\/strong>\u00a0y\u00a0<strong>Meghan Markle<\/strong>, recordamos a la\u00a0<i>flower girl<\/i>\u00a0que le puso sabor al d\u00eda protocolizado con una cara de hast\u00edo inigualable. Seguramente el\u00a0<i>spotlight<\/i>\u00a0y ser parte de uno de los eventos m\u00e1s importantes, no es lo suyo.<\/p>\n<p>As\u00ed es como luce hoy.<\/p>\n<blockquote class=\"instagram-media\" style=\"background: #FFF; border: 0; border-radius: 3px; box-shadow: 0 0 1px 0 rgba(0,0,0,0.5),0 1px 10px 0 rgba(0,0,0,0.15); margin: 1px; max-width: 658px; padding: 0; width: calc(100% - 2px);\" data-instgrm-captioned=\"\" data-instgrm-permalink=\"https:\/\/www.instagram.com\/p\/BVHzq0pFa8b\/\" data-instgrm-version=\"8\">\n<div style=\"padding: 8px;\">\n<div style=\"background: #F8F8F8; line-height: 0; margin-top: 40px; padding: 62.4537037037037% 0; text-align: center; width: 100%;\"><\/div>\n<p style=\"margin: 8px 0 0 0; padding: 0 4px;\"><a href=\"https:\/\/www.instagram.com\/p\/BVHzq0pFa8b\/\"style=\"color: #000; font-family: Arial,sans-serif; font-size: 14px; font-style: normal; font-weight: normal; line-height: 17px; text-decoration: none; word-wrap: break-word;\"  target=\"_blank\" rel=\"noopener\" target=\"_blank\">Two of my favourite things\ud83c\udf38\ud83c\udf1f #grace #peonies #happybithdaytome #skiver #gammyeyestrikesagain #530wakeupcall #canyoutell #ineedaneyelift<\/a><\/p>\n<p style=\"color: #c9c8cd; font-family: Arial,sans-serif; font-size: 14px; line-height: 17px; margin-bottom: 0; margin-top: 8px; overflow: hidden; padding: 8px 0 7px; text-align: center; text-overflow: ellipsis; white-space: nowrap;\">Una publicaci\u00f3n compartida de <a href=\"https:\/\/www.instagram.com\/whereisrose\/\"style=\"color: #c9c8cd; font-family: Arial,sans-serif; font-size: 14px; font-style: normal; font-weight: normal; line-height: 17px;\"  target=\"_blank\" rel=\"noopener\" target=\"_blank\"> Rose Astor<\/a> (@whereisrose) el <time style=\"font-family: Arial,sans-serif; font-size: 14px; line-height: 17px;\" datetime=\"2017-06-09T14:21:42+00:00\">9 Jun, 2017 a las 7:21 PDT<\/time><\/p>\n<\/div>\n<\/blockquote>\n<p><script async defer src=\"\/\/www.instagram.com\/embed.js\"><\/script><\/p>\n<blockquote class=\"instagram-media\" style=\"background: #FFF; border: 0; border-radius: 3px; box-shadow: 0 0 1px 0 rgba(0,0,0,0.5),0 1px 10px 0 rgba(0,0,0,0.15); margin: 1px; max-width: 658px; padding: 0; width: calc(100% - 2px);\" data-instgrm-captioned=\"\" data-instgrm-permalink=\"https:\/\/www.instagram.com\/p\/BPz1ZAxhZf8\/\" data-instgrm-version=\"8\">\n<div style=\"padding: 8px;\">\n<div style=\"background: #F8F8F8; line-height: 0; margin-top: 40px; padding: 50.0% 0; text-align: center; width: 100%;\"><\/div>\n<p style=\"margin: 8px 0 0 0; padding: 0 4px;\"><a href=\"https:\/\/www.instagram.com\/p\/BPz1ZAxhZf8\/\"style=\"color: #000; font-family: Arial,sans-serif; font-size: 14px; font-style: normal; font-weight: normal; line-height: 17px; text-decoration: none; word-wrap: break-word;\"  target=\"_blank\" rel=\"noopener\" target=\"_blank\">Bolshy Barista but she HAS to learn how to nail my flat white or what&#8217;s the point in having them? #ilovethismachinemorethanmychildren<\/a><\/p>\n<p style=\"color: #c9c8cd; font-family: Arial,sans-serif; font-size: 14px; line-height: 17px; margin-bottom: 0; margin-top: 8px; overflow: hidden; padding: 8px 0 7px; text-align: center; text-overflow: ellipsis; white-space: nowrap;\">Una publicaci\u00f3n compartida de <a href=\"https:\/\/www.instagram.com\/whereisrose\/\"style=\"color: #c9c8cd; font-family: Arial,sans-serif; font-size: 14px; font-style: normal; font-weight: normal; line-height: 17px;\"  target=\"_blank\" rel=\"noopener\" target=\"_blank\"> Rose Astor<\/a> (@whereisrose) el <time style=\"font-family: Arial,sans-serif; font-size: 14px; line-height: 17px;\" datetime=\"2017-01-28T13:34:58+00:00\">28 Ene, 2017 a las 5:34 PST<\/time><\/p>\n<\/div>\n<\/blockquote>\n<p><script async defer src=\"\/\/www.instagram.com\/embed.js\"><\/script><\/p>\n<blockquote class=\"instagram-media\" style=\"background: #FFF; border: 0; border-radius: 3px; box-shadow: 0 0 1px 0 rgba(0,0,0,0.5),0 1px 10px 0 rgba(0,0,0,0.15); margin: 1px; max-width: 658px; padding: 0; width: calc(100% - 2px);\" data-instgrm-captioned=\"\" data-instgrm-permalink=\"https:\/\/www.instagram.com\/p\/BX8aB__FHdK\/\" data-instgrm-version=\"8\">\n<div style=\"padding: 8px;\">\n<div style=\"background: #F8F8F8; line-height: 0; margin-top: 40px; padding: 62.5% 0; text-align: center; width: 100%;\"><\/div>\n<p style=\"margin: 8px 0 0 0; padding: 0 4px;\"><a href=\"https:\/\/www.instagram.com\/p\/BX8aB__FHdK\/\"style=\"color: #000; font-family: Arial,sans-serif; font-size: 14px; font-style: normal; font-weight: normal; line-height: 17px; text-decoration: none; word-wrap: break-word;\"  target=\"_blank\" rel=\"noopener\" target=\"_blank\">And after a trip to the supermarket washing machines, the birthday girl got a feast from Intermarche woo hoo #lowrentbirthday @esthermcoren that uber will never ever fine us. Ever.<\/a><\/p>\n<p style=\"color: #c9c8cd; font-family: Arial,sans-serif; font-size: 14px; line-height: 17px; margin-bottom: 0; margin-top: 8px; overflow: hidden; padding: 8px 0 7px; text-align: center; text-overflow: ellipsis; white-space: nowrap;\">Una publicaci\u00f3n compartida de <a href=\"https:\/\/www.instagram.com\/whereisrose\/\"style=\"color: #c9c8cd; font-family: Arial,sans-serif; font-size: 14px; font-style: normal; font-weight: normal; line-height: 17px;\"  target=\"_blank\" rel=\"noopener\" target=\"_blank\"> Rose Astor<\/a> (@whereisrose) el <time style=\"font-family: Arial,sans-serif; font-size: 14px; line-height: 17px;\" datetime=\"2017-08-18T17:40:12+00:00\">18 Ago, 2017 a las 10:40 PDT<\/time><\/p>\n<\/div>\n<\/blockquote>\n<p><script async defer src=\"\/\/www.instagram.com\/embed.js\"><\/script><\/p>\n<p>\u00bfLa veremos el pr\u00f3ximo 19 de mayo?<\/p>\n<p><em>Foto: Getty Images<\/em><\/p>\n","protected":false},"author":22173,"featured_media":0,"template":"","format":"standard","categories":[13],"acf":[],"yoast_head":"<!-- This site is optimized with the Yoast SEO Premium plugin v18.5 (Yoast SEO v20.4) - https:\/\/yoast.com\/wordpress\/plugins\/seo\/ -->\n<title>As\u00ed es hoy la ni\u00f1a que m\u00e1s odi\u00f3 ser protagonista de la boda de los duques de Cambridge | Grazia<\/title>\n<meta name=\"description\" content=\"Por si alguien no la recuerda, Grace Van Cutsem era la peque\u00f1a que se tapaba los o\u00eddos mientras el mundo ovacionaba el primer beso (p\u00fablico) de Kate Middleton y el pr\u00edncipe Guillermo como marido y mujer.\" \/>\n<meta name=\"robots\" content=\"index, follow, max-snippet:-1, max-image-preview:large, max-video-preview:-1\" \/>\n<link rel=\"canonical\" href=\"https:\/\/graziamagazine.com\/es\/articles\/asi-es-hoy-la-nina-que-mas-odio-ser-protagonista-de-la-boda-de-los-duques-de-cambridge\/\" \/>\n<meta property=\"og:locale\" content=\"es_ES\" \/>\n<meta property=\"og:type\" content=\"article\" \/>\n<meta property=\"og:title\" content=\"As\u00ed es hoy la ni\u00f1a que m\u00e1s odi\u00f3 ser protagonista de la boda de los duques de Cambridge\" \/>\n<meta property=\"og:description\" content=\"Por si alguien no la recuerda, Grace Van Cutsem era la peque\u00f1a que se tapaba los o\u00eddos mientras el mundo ovacionaba el primer beso (p\u00fablico) de Kate Middleton y el pr\u00edncipe Guillermo como marido y mujer.\" \/>\n<meta property=\"og:url\" content=\"https:\/\/graziamagazine.com\/es\/articles\/asi-es-hoy-la-nina-que-mas-odio-ser-protagonista-de-la-boda-de-los-duques-de-cambridge\/\" \/>\n<meta property=\"og:site_name\" content=\"Grazia\" \/>\n<meta property=\"article:modified_time\" content=\"2018-05-11T20:03:35+00:00\" \/>\n<meta property=\"og:image\" content=\"https:\/\/graziamagazine.com\/es\/wp-content\/uploads\/sites\/12\/2018\/05\/FILE-Catherine-Duchess-of-Cambridge-Expecting-Baby.jpg\" \/>\n\t<meta property=\"og:image:width\" content=\"1842\" \/>\n\t<meta property=\"og:image:height\" content=\"1227\" \/>\n\t<meta property=\"og:image:type\" content=\"image\/jpeg\" \/>\n<meta name=\"twitter:card\" content=\"summary_large_image\" \/>\n<meta name=\"twitter:image\" content=\"http:\/\/s3-eu-west-1.amazonaws.com\/grazia-cdn\/wp-content\/uploads\/sites\/12\/2018\/05\/FILE-Catherine-Duchess-of-Cambridge-Expecting-Baby.jpg\" \/>\n<meta name=\"twitter:label1\" content=\"Est. reading time\" \/>\n\t<meta name=\"twitter:data1\" content=\"1 minuto\" \/>\n<script type=\"application\/ld+json\" class=\"yoast-schema-graph\">{\"@context\":\"https:\/\/schema.org\",\"@graph\":[{\"@type\":\"WebPage\",\"@id\":\"https:\/\/graziamagazine.com\/es\/articles\/asi-es-hoy-la-nina-que-mas-odio-ser-protagonista-de-la-boda-de-los-duques-de-cambridge\/\",\"url\":\"https:\/\/graziamagazine.com\/es\/articles\/asi-es-hoy-la-nina-que-mas-odio-ser-protagonista-de-la-boda-de-los-duques-de-cambridge\/\",\"name\":\"As\u00ed es hoy la ni\u00f1a que m\u00e1s odi\u00f3 ser protagonista de la boda de los duques de Cambridge | Grazia\",\"isPartOf\":{\"@id\":\"https:\/\/graziamagazine.com\/es\/#website\"},\"datePublished\":\"2018-05-11T20:03:28+00:00\",\"dateModified\":\"2018-05-11T20:03:35+00:00\",\"description\":\"Por si alguien no la recuerda, Grace Van Cutsem era la peque\u00f1a que se tapaba los o\u00eddos mientras el mundo ovacionaba el primer beso (p\u00fablico) de Kate Middleton y el pr\u00edncipe Guillermo como marido y mujer.\",\"breadcrumb\":{\"@id\":\"https:\/\/graziamagazine.com\/es\/articles\/asi-es-hoy-la-nina-que-mas-odio-ser-protagonista-de-la-boda-de-los-duques-de-cambridge\/#breadcrumb\"},\"inLanguage\":\"es\",\"potentialAction\":[{\"@type\":\"ReadAction\",\"target\":[\"https:\/\/graziamagazine.com\/es\/articles\/asi-es-hoy-la-nina-que-mas-odio-ser-protagonista-de-la-boda-de-los-duques-de-cambridge\/\"]}]},{\"@type\":\"BreadcrumbList\",\"@id\":\"https:\/\/graziamagazine.com\/es\/articles\/asi-es-hoy-la-nina-que-mas-odio-ser-protagonista-de-la-boda-de-los-duques-de-cambridge\/#breadcrumb\",\"itemListElement\":[{\"@type\":\"ListItem\",\"position\":1,\"name\":\"Portada\",\"item\":\"https:\/\/graziamagazine.com\/es\/\"},{\"@type\":\"ListItem\",\"position\":2,\"name\":\"As\u00ed es hoy la ni\u00f1a que m\u00e1s odi\u00f3 ser protagonista de la boda de los duques de Cambridge\"}]},{\"@type\":\"WebSite\",\"@id\":\"https:\/\/graziamagazine.com\/es\/#website\",\"url\":\"https:\/\/graziamagazine.com\/es\/\",\"name\":\"Grazia\",\"description\":\"Moda, belleza, celebrities, estilo de vida...\",\"potentialAction\":[{\"@type\":\"SearchAction\",\"target\":{\"@type\":\"EntryPoint\",\"urlTemplate\":\"https:\/\/graziamagazine.com\/es\/?s={search_term_string}\"},\"query-input\":\"required name=search_term_string\"}],\"inLanguage\":\"es\"}]}<\/script>\n<!-- \/ Yoast SEO Premium plugin. -->","yoast_head_json":{"title":"As\u00ed es hoy la ni\u00f1a que m\u00e1s odi\u00f3 ser protagonista de la boda de los duques de Cambridge | Grazia","description":"Por si alguien no la recuerda, Grace Van Cutsem era la peque\u00f1a que se tapaba los o\u00eddos mientras el mundo ovacionaba el primer beso (p\u00fablico) de Kate Middleton y el pr\u00edncipe Guillermo como marido y mujer.","robots":{"index":"index","follow":"follow","max-snippet":"max-snippet:-1","max-image-preview":"max-image-preview:large","max-video-preview":"max-video-preview:-1"},"canonical":"https:\/\/graziamagazine.com\/es\/articles\/asi-es-hoy-la-nina-que-mas-odio-ser-protagonista-de-la-boda-de-los-duques-de-cambridge\/","og_locale":"es_ES","og_type":"article","og_title":"As\u00ed es hoy la ni\u00f1a que m\u00e1s odi\u00f3 ser protagonista de la boda de los duques de Cambridge","og_description":"Por si alguien no la recuerda, Grace Van Cutsem era la peque\u00f1a que se tapaba los o\u00eddos mientras el mundo ovacionaba el primer beso (p\u00fablico) de Kate Middleton y el pr\u00edncipe Guillermo como marido y mujer.","og_url":"https:\/\/graziamagazine.com\/es\/articles\/asi-es-hoy-la-nina-que-mas-odio-ser-protagonista-de-la-boda-de-los-duques-de-cambridge\/","og_site_name":"Grazia","article_modified_time":"2018-05-11T20:03:35+00:00","og_image":[{"width":1842,"height":1227,"url":"https:\/\/graziamagazine.com\/es\/wp-content\/uploads\/sites\/12\/2018\/05\/FILE-Catherine-Duchess-of-Cambridge-Expecting-Baby.jpg","type":"image\/jpeg"}],"twitter_card":"summary_large_image","twitter_image":"http:\/\/s3-eu-west-1.amazonaws.com\/grazia-cdn\/wp-content\/uploads\/sites\/12\/2018\/05\/FILE-Catherine-Duchess-of-Cambridge-Expecting-Baby.jpg","twitter_misc":{"Est. reading time":"1 minuto"},"schema":{"@context":"https:\/\/schema.org","@graph":[{"@type":"WebPage","@id":"https:\/\/graziamagazine.com\/es\/articles\/asi-es-hoy-la-nina-que-mas-odio-ser-protagonista-de-la-boda-de-los-duques-de-cambridge\/","url":"https:\/\/graziamagazine.com\/es\/articles\/asi-es-hoy-la-nina-que-mas-odio-ser-protagonista-de-la-boda-de-los-duques-de-cambridge\/","name":"As\u00ed es hoy la ni\u00f1a que m\u00e1s odi\u00f3 ser protagonista de la boda de los duques de Cambridge | Grazia","isPartOf":{"@id":"https:\/\/graziamagazine.com\/es\/#website"},"datePublished":"2018-05-11T20:03:28+00:00","dateModified":"2018-05-11T20:03:35+00:00","description":"Por si alguien no la recuerda, Grace Van Cutsem era la peque\u00f1a que se tapaba los o\u00eddos mientras el mundo ovacionaba el primer beso (p\u00fablico) de Kate Middleton y el pr\u00edncipe Guillermo como marido y mujer.","breadcrumb":{"@id":"https:\/\/graziamagazine.com\/es\/articles\/asi-es-hoy-la-nina-que-mas-odio-ser-protagonista-de-la-boda-de-los-duques-de-cambridge\/#breadcrumb"},"inLanguage":"es","potentialAction":[{"@type":"ReadAction","target":["https:\/\/graziamagazine.com\/es\/articles\/asi-es-hoy-la-nina-que-mas-odio-ser-protagonista-de-la-boda-de-los-duques-de-cambridge\/"]}]},{"@type":"BreadcrumbList","@id":"https:\/\/graziamagazine.com\/es\/articles\/asi-es-hoy-la-nina-que-mas-odio-ser-protagonista-de-la-boda-de-los-duques-de-cambridge\/#breadcrumb","itemListElement":[{"@type":"ListItem","position":1,"name":"Portada","item":"https:\/\/graziamagazine.com\/es\/"},{"@type":"ListItem","position":2,"name":"As\u00ed es hoy la ni\u00f1a que m\u00e1s odi\u00f3 ser protagonista de la boda de los duques de Cambridge"}]},{"@type":"WebSite","@id":"https:\/\/graziamagazine.com\/es\/#website","url":"https:\/\/graziamagazine.com\/es\/","name":"Grazia","description":"Moda, belleza, celebrities, estilo de vida...","potentialAction":[{"@type":"SearchAction","target":{"@type":"EntryPoint","urlTemplate":"https:\/\/graziamagazine.com\/es\/?s={search_term_string}"},"query-input":"required name=search_term_string"}],"inLanguage":"es"}]}},"jetpack_sharing_enabled":true,"distributor_meta":false,"distributor_terms":false,"distributor_media":false,"distributor_original_site_name":"Grazia","distributor_original_site_url":"https:\/\/graziamagazine.com\/es","push-errors":false,"_links":{"self":[{"href":"https:\/\/graziamagazine.com\/es\/wp-json\/wp\/v2\/articles\/134722"}],"collection":[{"href":"https:\/\/graziamagazine.com\/es\/wp-json\/wp\/v2\/articles"}],"about":[{"href":"https:\/\/graziamagazine.com\/es\/wp-json\/wp\/v2\/types\/articles"}],"author":[{"embeddable":true,"href":"https:\/\/graziamagazine.com\/es\/wp-json\/wp\/v2\/users\/22173"}],"wp:attachment":[{"href":"https:\/\/graziamagazine.com\/es\/wp-json\/wp\/v2\/media?parent=134722"}],"wp:term":[{"taxonomy":"category","embeddable":true,"href":"https:\/\/graziamagazine.com\/es\/wp-json\/wp\/v2\/categories?post=134722"}],"curies":[{"name":"wp","href":"https:\/\/api.w.org\/{rel}","templated":true}]}}