{"id":134630,"date":"2018-05-09T23:16:56","date_gmt":"2018-05-09T21:16:56","guid":{"rendered":"https:\/\/graziamagazine.com\/es\/?p=134630"},"modified":"2018-05-09T23:16:58","modified_gmt":"2018-05-09T21:16:58","slug":"taylor-swift-y-katy-perry-vuelven-a-ser-amigas","status":"publish","type":"articles","link":"https:\/\/graziamagazine.com\/es\/articles\/taylor-swift-y-katy-perry-vuelven-a-ser-amigas\/","title":{"rendered":"\u00a1Taylor Swift y Katy Perry vuelven a ser amigas!"},"content":{"rendered":"<p>Ya sabemos que <strong>Taylor Swift<\/strong> hace de su vida una canci\u00f3n y no siempre son bonitas. Si no, que se lo pregunten a <strong>Kanye West<\/strong> o <strong>Calvin Harris<\/strong>.<\/p>\n<p><iframe loading=\"lazy\" src=\"https:\/\/www.youtube.com\/embed\/5FnHFjSHonU\" width=\"560\" height=\"315\" frameborder=\"0\" allowfullscreen=\"allowfullscreen\"><\/iframe><\/p>\n<p>Adem\u00e1s, una de sus f\u00e9rrea rivales, hasta la fecha, -y no, no hablamos de <strong>Kim Kardashian<\/strong>&#8211; era <strong>Katy Perry<\/strong>. Ambas estuvieron algo m\u00e1s de cinco a\u00f1os dedic\u00e1ndose canciones en las que se dec\u00edan de todo menos guapa porque una acusaba a la otra de haberse robado sus bailarines.<\/p>\n<p>Todo apunta que <strong>Katy Perry<\/strong> busca enmendar sus errores <a href=\"https:\/\/graziamagazine.com\/es\/celebs\/katy-perry-vuelve-con-orlando-bloom\/\">despu\u00e9s de un viaje al Vaticano <\/a>en el que conoci\u00f3 al <strong>Papa Francisco<\/strong> y es por eso que se ha acercado a Taylor. Para lograrlo, Perry mand\u00f3 una rama de olivo y una carta a la cantante de <em>country<\/em> en la que dec\u00eda: \u201cHola vieja amiga, he estado reflexionando sobre las pasadas malas interpretaciones y sentimientos heridos entre nosotras. Me encantar\u00eda arreglar las cosas\u201d.<\/p>\n<blockquote class=\"twitter-tweet\" data-lang=\"es\">\n<p dir=\"ltr\" lang=\"en\">Katy Perry sent Taylor an olive branch for the opening night of the reputation Stadium Tour! <a href=\"https:\/\/t.co\/6GDamcxezI\" target=\"_blank\">pic.twitter.com\/6GDamcxezI<\/a><\/p>\n<p>\u2014 Taylor Swift Updates (@TSwiftPR) <a href=\"https:\/\/twitter.com\/TSwiftPR\/status\/993962439820697601?ref_src=twsrc%5Etfw\" target=\"_blank\">8 de mayo de 2018<\/a><\/p><\/blockquote>\n<p><script async src=\"https:\/\/platform.twitter.com\/widgets.js\" charset=\"utf-8\"><\/script><\/p>\n<p>Todo esto lo sabemos gracias a <strong>Taylor Swift<\/strong> porque lo transmiti\u00f3 v\u00eda Instagram desde su cuenta mientras dec\u00eda: \u201cHe vuelto a mi camerino y me he encontrado esta rama de olivo. Esto significa mucho para m\u00ed\u201d.<\/p>\n<p>Ahora que parece que se han calmado las cosas, todo apunta a que tendremos m\u00e1s noticias a trav\u00e9s tambi\u00e9n de Instagram. Eso s\u00ed, Katy, no cantes victoria porque de sobra es conocido los humos que se gasta Taylor, as\u00ed que no te sorprendas si os volv\u00e9is a enfadar. \u00a1Mucha suerte chicas!<\/p>\n<p><em>Foto: Getty Images<\/em><\/p>\n","protected":false},"author":11650,"featured_media":0,"template":"","format":"standard","categories":[1],"acf":[],"yoast_head":"<!-- This site is optimized with the Yoast SEO Premium plugin v18.5 (Yoast SEO v20.4) - https:\/\/yoast.com\/wordpress\/plugins\/seo\/ -->\n<title>\u00a1Taylor Swift y Katy Perry vuelven a ser amigas! | Grazia<\/title>\n<meta name=\"description\" content=\"Las cantantes llevaban m\u00e1s de cinco a\u00f1os sin hablarse.\" \/>\n<meta name=\"robots\" content=\"index, follow, max-snippet:-1, max-image-preview:large, max-video-preview:-1\" \/>\n<link rel=\"canonical\" href=\"https:\/\/graziamagazine.com\/es\/articles\/taylor-swift-y-katy-perry-vuelven-a-ser-amigas\/\" \/>\n<meta property=\"og:locale\" content=\"es_ES\" \/>\n<meta property=\"og:type\" content=\"article\" \/>\n<meta property=\"og:title\" content=\"\u00a1Taylor Swift y Katy Perry vuelven a ser amigas!\" \/>\n<meta property=\"og:description\" content=\"Las cantantes llevaban m\u00e1s de cinco a\u00f1os sin hablarse.\" \/>\n<meta property=\"og:url\" content=\"https:\/\/graziamagazine.com\/es\/articles\/taylor-swift-y-katy-perry-vuelven-a-ser-amigas\/\" \/>\n<meta property=\"og:site_name\" content=\"Grazia\" \/>\n<meta property=\"article:modified_time\" content=\"2018-05-09T21:16:58+00:00\" \/>\n<meta property=\"og:image\" content=\"https:\/\/graziamagazine.com\/es\/wp-content\/uploads\/sites\/12\/2018\/05\/katy-perry-busca-venganza-contra-taylor-swift-800x410.jpg.imgw_.1280.1280.jpeg?fit=800%2C410\" \/>\n\t<meta property=\"og:image:width\" content=\"800\" \/>\n\t<meta property=\"og:image:height\" content=\"410\" \/>\n\t<meta property=\"og:image:type\" content=\"image\/jpeg\" \/>\n<meta name=\"twitter:card\" content=\"summary_large_image\" \/>\n<meta name=\"twitter:image\" content=\"http:\/\/s3-eu-west-1.amazonaws.com\/grazia-cdn\/wp-content\/uploads\/sites\/12\/2018\/05\/katy-perry-busca-venganza-contra-taylor-swift-800x410.jpg.imgw_.1280.1280.jpeg\" \/>\n<meta name=\"twitter:label1\" content=\"Est. reading time\" \/>\n\t<meta name=\"twitter:data1\" content=\"1 minuto\" \/>\n<script type=\"application\/ld+json\" class=\"yoast-schema-graph\">{\"@context\":\"https:\/\/schema.org\",\"@graph\":[{\"@type\":\"WebPage\",\"@id\":\"https:\/\/graziamagazine.com\/es\/articles\/taylor-swift-y-katy-perry-vuelven-a-ser-amigas\/\",\"url\":\"https:\/\/graziamagazine.com\/es\/articles\/taylor-swift-y-katy-perry-vuelven-a-ser-amigas\/\",\"name\":\"\u00a1Taylor Swift y Katy Perry vuelven a ser amigas! | Grazia\",\"isPartOf\":{\"@id\":\"https:\/\/graziamagazine.com\/es\/#website\"},\"datePublished\":\"2018-05-09T21:16:56+00:00\",\"dateModified\":\"2018-05-09T21:16:58+00:00\",\"description\":\"Las cantantes llevaban m\u00e1s de cinco a\u00f1os sin hablarse.\",\"breadcrumb\":{\"@id\":\"https:\/\/graziamagazine.com\/es\/articles\/taylor-swift-y-katy-perry-vuelven-a-ser-amigas\/#breadcrumb\"},\"inLanguage\":\"es\",\"potentialAction\":[{\"@type\":\"ReadAction\",\"target\":[\"https:\/\/graziamagazine.com\/es\/articles\/taylor-swift-y-katy-perry-vuelven-a-ser-amigas\/\"]}]},{\"@type\":\"BreadcrumbList\",\"@id\":\"https:\/\/graziamagazine.com\/es\/articles\/taylor-swift-y-katy-perry-vuelven-a-ser-amigas\/#breadcrumb\",\"itemListElement\":[{\"@type\":\"ListItem\",\"position\":1,\"name\":\"Portada\",\"item\":\"https:\/\/graziamagazine.com\/es\/\"},{\"@type\":\"ListItem\",\"position\":2,\"name\":\"\u00a1Taylor Swift y Katy Perry vuelven a ser amigas!\"}]},{\"@type\":\"WebSite\",\"@id\":\"https:\/\/graziamagazine.com\/es\/#website\",\"url\":\"https:\/\/graziamagazine.com\/es\/\",\"name\":\"Grazia\",\"description\":\"Moda, belleza, celebrities, estilo de vida...\",\"potentialAction\":[{\"@type\":\"SearchAction\",\"target\":{\"@type\":\"EntryPoint\",\"urlTemplate\":\"https:\/\/graziamagazine.com\/es\/?s={search_term_string}\"},\"query-input\":\"required name=search_term_string\"}],\"inLanguage\":\"es\"}]}<\/script>\n<!-- \/ Yoast SEO Premium plugin. -->","yoast_head_json":{"title":"\u00a1Taylor Swift y Katy Perry vuelven a ser amigas! | Grazia","description":"Las cantantes llevaban m\u00e1s de cinco a\u00f1os sin hablarse.","robots":{"index":"index","follow":"follow","max-snippet":"max-snippet:-1","max-image-preview":"max-image-preview:large","max-video-preview":"max-video-preview:-1"},"canonical":"https:\/\/graziamagazine.com\/es\/articles\/taylor-swift-y-katy-perry-vuelven-a-ser-amigas\/","og_locale":"es_ES","og_type":"article","og_title":"\u00a1Taylor Swift y Katy Perry vuelven a ser amigas!","og_description":"Las cantantes llevaban m\u00e1s de cinco a\u00f1os sin hablarse.","og_url":"https:\/\/graziamagazine.com\/es\/articles\/taylor-swift-y-katy-perry-vuelven-a-ser-amigas\/","og_site_name":"Grazia","article_modified_time":"2018-05-09T21:16:58+00:00","og_image":[{"width":800,"height":410,"url":"https:\/\/graziamagazine.com\/es\/wp-content\/uploads\/sites\/12\/2018\/05\/katy-perry-busca-venganza-contra-taylor-swift-800x410.jpg.imgw_.1280.1280.jpeg?fit=800%2C410","type":"image\/jpeg"}],"twitter_card":"summary_large_image","twitter_image":"http:\/\/s3-eu-west-1.amazonaws.com\/grazia-cdn\/wp-content\/uploads\/sites\/12\/2018\/05\/katy-perry-busca-venganza-contra-taylor-swift-800x410.jpg.imgw_.1280.1280.jpeg","twitter_misc":{"Est. reading time":"1 minuto"},"schema":{"@context":"https:\/\/schema.org","@graph":[{"@type":"WebPage","@id":"https:\/\/graziamagazine.com\/es\/articles\/taylor-swift-y-katy-perry-vuelven-a-ser-amigas\/","url":"https:\/\/graziamagazine.com\/es\/articles\/taylor-swift-y-katy-perry-vuelven-a-ser-amigas\/","name":"\u00a1Taylor Swift y Katy Perry vuelven a ser amigas! | Grazia","isPartOf":{"@id":"https:\/\/graziamagazine.com\/es\/#website"},"datePublished":"2018-05-09T21:16:56+00:00","dateModified":"2018-05-09T21:16:58+00:00","description":"Las cantantes llevaban m\u00e1s de cinco a\u00f1os sin hablarse.","breadcrumb":{"@id":"https:\/\/graziamagazine.com\/es\/articles\/taylor-swift-y-katy-perry-vuelven-a-ser-amigas\/#breadcrumb"},"inLanguage":"es","potentialAction":[{"@type":"ReadAction","target":["https:\/\/graziamagazine.com\/es\/articles\/taylor-swift-y-katy-perry-vuelven-a-ser-amigas\/"]}]},{"@type":"BreadcrumbList","@id":"https:\/\/graziamagazine.com\/es\/articles\/taylor-swift-y-katy-perry-vuelven-a-ser-amigas\/#breadcrumb","itemListElement":[{"@type":"ListItem","position":1,"name":"Portada","item":"https:\/\/graziamagazine.com\/es\/"},{"@type":"ListItem","position":2,"name":"\u00a1Taylor Swift y Katy Perry vuelven a ser amigas!"}]},{"@type":"WebSite","@id":"https:\/\/graziamagazine.com\/es\/#website","url":"https:\/\/graziamagazine.com\/es\/","name":"Grazia","description":"Moda, belleza, celebrities, estilo de vida...","potentialAction":[{"@type":"SearchAction","target":{"@type":"EntryPoint","urlTemplate":"https:\/\/graziamagazine.com\/es\/?s={search_term_string}"},"query-input":"required name=search_term_string"}],"inLanguage":"es"}]}},"jetpack_sharing_enabled":true,"distributor_meta":false,"distributor_terms":false,"distributor_media":false,"distributor_original_site_name":"Grazia","distributor_original_site_url":"https:\/\/graziamagazine.com\/es","push-errors":false,"_links":{"self":[{"href":"https:\/\/graziamagazine.com\/es\/wp-json\/wp\/v2\/articles\/134630"}],"collection":[{"href":"https:\/\/graziamagazine.com\/es\/wp-json\/wp\/v2\/articles"}],"about":[{"href":"https:\/\/graziamagazine.com\/es\/wp-json\/wp\/v2\/types\/articles"}],"author":[{"embeddable":true,"href":"https:\/\/graziamagazine.com\/es\/wp-json\/wp\/v2\/users\/11650"}],"wp:attachment":[{"href":"https:\/\/graziamagazine.com\/es\/wp-json\/wp\/v2\/media?parent=134630"}],"wp:term":[{"taxonomy":"category","embeddable":true,"href":"https:\/\/graziamagazine.com\/es\/wp-json\/wp\/v2\/categories?post=134630"}],"curies":[{"name":"wp","href":"https:\/\/api.w.org\/{rel}","templated":true}]}}