{"id":134222,"date":"2018-04-30T16:03:02","date_gmt":"2018-04-30T14:03:02","guid":{"rendered":"https:\/\/graziamagazine.com\/es\/?p=134222"},"modified":"2018-04-30T16:15:46","modified_gmt":"2018-04-30T14:15:46","slug":"katy-perry-vuelve-con-orlando-bloom","status":"publish","type":"articles","link":"https:\/\/graziamagazine.com\/es\/articles\/katy-perry-vuelve-con-orlando-bloom\/","title":{"rendered":"Katy Perry y Orlando Bloom&#8230; \u00bfreconciliaci\u00f3n a la vista?"},"content":{"rendered":"<p>El peri\u00f3dico <em>The Sun<\/em> fue el encargado de disparar las alarmas hace tres meses\u2026 \u00bfse hab\u00edan reconciliado <strong>Orlando Bloom<\/strong> y <strong>Katy Parry<\/strong> despu\u00e9s de un a\u00f1o separados? Pues finalmente ha sido la cantante quien, sin haber dado entrevista a ning\u00fan medio, parece haber confirmado su relaci\u00f3n a trav\u00e9s de sus redes sociales. Y no, no nos referimos a que haya cambiado su estatus en Facebook, sino a sus publicaciones en su cuenta de Instagram.<\/p>\n<p>Hace unos d\u00edas, la cantante public\u00f3 un curioso storie a su llegada a Italia. En \u00e9l aparec\u00eda la madre de Perry y el mism\u00edsimo <strong>Orlando Bloon<\/strong>, a quien ella se refiri\u00f3 como <em>my Darling<\/em>. \u00bfPor qu\u00e9 estaban en Roma y cu\u00e1les eran sus intenciones? <strong>Katy Perry<\/strong> particip\u00f3 en la conferencia <em>United to Cure<\/em>, un foro sobre medicina regenerativa organizado por el Pontificio Consejo para la Cultura, en el que la cantante habl\u00f3 de las ventajas de haber incorporado la meditaci\u00f3n a su vida.<\/p>\n<p>No es de extra\u00f1ar que la pareja aprovechara el viaje para hacer turismo, todo convenientemente documentado en las redes sociales, ya que este a\u00f1o, sin ir m\u00e1s lejos, la artista y el actor ya hab\u00edan hecho turismo por las Islas Maldivas, Praga y Tokio. En este \u00faltimo fue\u00a0donde Perry, aprovechando una de sus actuaciones dentro de su gira Witness, le dedic\u00f3 una canci\u00f3n al integrante de El Se\u00f1or de los Anillos. \u00abMe siento muy amada. Y esta pr\u00f3xima canci\u00f3n es acerca de ese ser tan amado que provoca lo que nunca antes has sentido. Este sentimiento de amor\u00bb, expres\u00f3 antes de cantar\u00a0<em>For me you see<\/em>. Volviendo a Roma, y despu\u00e9s de recorrer sus monumentos m\u00e1s t\u00edpicos y sus puntos m\u00e1s estrat\u00e9gicos, la pareja tuvo la oportunidad de conocer en persona al <strong>Papa Francisco<\/strong>. Un hecho hist\u00f3rico en la vida de ambos (y de cualquiera) que la actriz quiso compartir, respetando un riguroso y protocolario<em> total black<\/em>, con sus m\u00e1s de 69 millones de seguidores en el <em>feed<\/em> de su Instagram. Y s\u00ed, el int\u00e9rprete de <em>Piratas del Caribe<\/em> tambi\u00e9n sale en la foto.<strong> Miley Cyrus<\/strong> y <strong>Stefano Gabbana<\/strong> fueron algunos de los famosos que no tardaron en comentar el <em>post<\/em> de Perry.<\/p>\n<blockquote class=\"instagram-media\" style=\"background: #FFF; border: 0; border-radius: 3px; box-shadow: 0 0 1px 0 rgba(0,0,0,0.5),0 1px 10px 0 rgba(0,0,0,0.15); margin: 1px; max-width: 658px; padding: 0; width: calc(100% - 2px);\" data-instgrm-captioned=\"\" data-instgrm-permalink=\"https:\/\/www.instagram.com\/p\/BiJPmVNlGrt\/\" data-instgrm-version=\"8\">\n<div style=\"padding: 8px;\">\n<div style=\"background: #F8F8F8; line-height: 0; margin-top: 40px; padding: 50.0% 0; text-align: center; width: 100%;\"><\/div>\n<p style=\"margin: 8px 0 0 0; padding: 0 4px;\"><a href=\"https:\/\/www.instagram.com\/p\/BiJPmVNlGrt\/\"style=\"color: #000; font-family: Arial,sans-serif; font-size: 14px; font-style: normal; font-weight: normal; line-height: 17px; text-decoration: none; word-wrap: break-word;\"  target=\"_blank\" rel=\"noopener\" target=\"_blank\">Honored to be in the presence of His Holiness @franciscus&#8217; compassionate heart and inclusivity. Thank you to @meditationbob and #TheCuraFoundation for making it all possible.\u2764\ufe0f\ud83d\udd4a#UniteToCure<\/a><\/p>\n<p style=\"color: #c9c8cd; font-family: Arial,sans-serif; font-size: 14px; line-height: 17px; margin-bottom: 0; margin-top: 8px; overflow: hidden; padding: 8px 0 7px; text-align: center; text-overflow: ellipsis; white-space: nowrap;\">Una publicaci\u00f3n compartida de <a href=\"https:\/\/www.instagram.com\/katyperry\/\"style=\"color: #c9c8cd; font-family: Arial,sans-serif; font-size: 14px; font-style: normal; font-weight: normal; line-height: 17px;\"  target=\"_blank\" rel=\"noopener\" target=\"_blank\"> KATY PERRY<\/a> (@katyperry) el <time style=\"font-family: Arial,sans-serif; font-size: 14px; line-height: 17px;\" datetime=\"2018-04-29T06:33:07+00:00\">28 Abr, 2018 a las 11:33 PDT<\/time><\/p>\n<\/div>\n<\/blockquote>\n<p><script async defer src=\"\/\/www.instagram.com\/embed.js\"><\/script><\/p>\n<p>Y cuando ya parec\u00edamos haber alcanzado cierta estabilidad en este cuento de hadas, la int\u00e9rprete de <em>Firework<\/em> juega de nuevo al despiste con nosotros. Y si no, \u00bfa qu\u00e9 viene esa foto vestida de Blancanieves, junto a tus compa\u00f1eros de <em>American Idol<\/em>, donde aseguras que alg\u00fan d\u00eda tu pr\u00edncipe llegar\u00e1?<\/p>\n<blockquote class=\"instagram-media\" style=\"background: #FFF; border: 0; border-radius: 3px; box-shadow: 0 0 1px 0 rgba(0,0,0,0.5),0 1px 10px 0 rgba(0,0,0,0.15); margin: 1px; max-width: 658px; padding: 0; width: calc(100% - 2px);\" data-instgrm-captioned=\"\" data-instgrm-permalink=\"https:\/\/www.instagram.com\/p\/BiLhnM_lLbG\/\" data-instgrm-version=\"8\">\n<div style=\"padding: 8px;\">\n<div style=\"background: #F8F8F8; line-height: 0; margin-top: 40px; padding: 33.33333333333333% 0; text-align: center; width: 100%;\"><\/div>\n<p style=\"margin: 8px 0 0 0; padding: 0 4px;\"><a href=\"https:\/\/www.instagram.com\/p\/BiLhnM_lLbG\/\"style=\"color: #000; font-family: Arial,sans-serif; font-size: 14px; font-style: normal; font-weight: normal; line-height: 17px; text-decoration: none; word-wrap: break-word;\"  target=\"_blank\" rel=\"noopener\" target=\"_blank\">Someday my prince will come\u2728Today I got Happy and Dopey \ud83d\ude11 And now I&#8217;m Sleepy. \ud83d\ude34 See you next week \ud83d\ude18 #AmericanIdol<\/a><\/p>\n<p style=\"color: #c9c8cd; font-family: Arial,sans-serif; font-size: 14px; line-height: 17px; margin-bottom: 0; margin-top: 8px; overflow: hidden; padding: 8px 0 7px; text-align: center; text-overflow: ellipsis; white-space: nowrap;\">Una publicaci\u00f3n compartida de <a href=\"https:\/\/www.instagram.com\/katyperry\/\"style=\"color: #c9c8cd; font-family: Arial,sans-serif; font-size: 14px; font-style: normal; font-weight: normal; line-height: 17px;\"  target=\"_blank\" rel=\"noopener\" target=\"_blank\"> KATY PERRY<\/a> (@katyperry) el <time style=\"font-family: Arial,sans-serif; font-size: 14px; line-height: 17px;\" datetime=\"2018-04-30T03:49:00+00:00\">29 Abr, 2018 a las 8:49 PDT<\/time><\/p>\n<\/div>\n<\/blockquote>\n<p><script async defer src=\"\/\/www.instagram.com\/embed.js\"><\/script><\/p>\n<p>\u00bfPor qu\u00e9 nos haces esto Katy? \u00bfPor qu\u00e9?<\/p>\n<p><em>Foto: Getty Images<\/em><\/p>\n","protected":false},"author":11623,"featured_media":0,"template":"","format":"standard","categories":[14,13],"acf":[],"yoast_head":"<!-- This site is optimized with the Yoast SEO Premium plugin v18.5 (Yoast SEO v20.4) - https:\/\/yoast.com\/wordpress\/plugins\/seo\/ -->\n<title>Katy Perry y Orlando Bloom... \u00bfreconciliaci\u00f3n a la vista? | Grazia<\/title>\n<meta name=\"description\" content=\"Despu\u00e9s de haber conocido juntos al Papa Francisco, ahora la cantante juega al despiste con sus seguidores vestida de Blancanieves.\" \/>\n<meta name=\"robots\" content=\"index, follow, max-snippet:-1, max-image-preview:large, max-video-preview:-1\" \/>\n<link rel=\"canonical\" href=\"https:\/\/graziamagazine.com\/es\/articles\/katy-perry-vuelve-con-orlando-bloom\/\" \/>\n<meta property=\"og:locale\" content=\"es_ES\" \/>\n<meta property=\"og:type\" content=\"article\" \/>\n<meta property=\"og:title\" content=\"Katy Perry y Orlando Bloom... \u00bfreconciliaci\u00f3n a la vista?\" \/>\n<meta property=\"og:description\" content=\"Despu\u00e9s de haber conocido juntos al Papa Francisco, ahora la cantante juega al despiste con sus seguidores vestida de Blancanieves.\" \/>\n<meta property=\"og:url\" content=\"https:\/\/graziamagazine.com\/es\/articles\/katy-perry-vuelve-con-orlando-bloom\/\" \/>\n<meta property=\"og:site_name\" content=\"Grazia\" \/>\n<meta property=\"article:modified_time\" content=\"2018-04-30T14:15:46+00:00\" \/>\n<meta property=\"og:image\" content=\"https:\/\/graziamagazine.com\/es\/wp-content\/uploads\/sites\/12\/2018\/04\/p-9.jpg?fit=1200%2C670\" \/>\n\t<meta property=\"og:image:width\" content=\"1200\" \/>\n\t<meta property=\"og:image:height\" content=\"670\" \/>\n\t<meta property=\"og:image:type\" content=\"image\/jpeg\" \/>\n<meta name=\"twitter:card\" content=\"summary_large_image\" \/>\n<meta name=\"twitter:image\" content=\"http:\/\/s3-eu-west-1.amazonaws.com\/grazia-cdn\/wp-content\/uploads\/sites\/12\/2018\/04\/p-9.jpg\" \/>\n<meta name=\"twitter:label1\" content=\"Est. reading time\" \/>\n\t<meta name=\"twitter:data1\" content=\"3 minutos\" \/>\n<script type=\"application\/ld+json\" class=\"yoast-schema-graph\">{\"@context\":\"https:\/\/schema.org\",\"@graph\":[{\"@type\":\"WebPage\",\"@id\":\"https:\/\/graziamagazine.com\/es\/articles\/katy-perry-vuelve-con-orlando-bloom\/\",\"url\":\"https:\/\/graziamagazine.com\/es\/articles\/katy-perry-vuelve-con-orlando-bloom\/\",\"name\":\"Katy Perry y Orlando Bloom... \u00bfreconciliaci\u00f3n a la vista? | Grazia\",\"isPartOf\":{\"@id\":\"https:\/\/graziamagazine.com\/es\/#website\"},\"datePublished\":\"2018-04-30T14:03:02+00:00\",\"dateModified\":\"2018-04-30T14:15:46+00:00\",\"description\":\"Despu\u00e9s de haber conocido juntos al Papa Francisco, ahora la cantante juega al despiste con sus seguidores vestida de Blancanieves.\",\"breadcrumb\":{\"@id\":\"https:\/\/graziamagazine.com\/es\/articles\/katy-perry-vuelve-con-orlando-bloom\/#breadcrumb\"},\"inLanguage\":\"es\",\"potentialAction\":[{\"@type\":\"ReadAction\",\"target\":[\"https:\/\/graziamagazine.com\/es\/articles\/katy-perry-vuelve-con-orlando-bloom\/\"]}]},{\"@type\":\"BreadcrumbList\",\"@id\":\"https:\/\/graziamagazine.com\/es\/articles\/katy-perry-vuelve-con-orlando-bloom\/#breadcrumb\",\"itemListElement\":[{\"@type\":\"ListItem\",\"position\":1,\"name\":\"Portada\",\"item\":\"https:\/\/graziamagazine.com\/es\/\"},{\"@type\":\"ListItem\",\"position\":2,\"name\":\"Katy Perry y Orlando Bloom&#8230; \u00bfreconciliaci\u00f3n a la vista?\"}]},{\"@type\":\"WebSite\",\"@id\":\"https:\/\/graziamagazine.com\/es\/#website\",\"url\":\"https:\/\/graziamagazine.com\/es\/\",\"name\":\"Grazia\",\"description\":\"Moda, belleza, celebrities, estilo de vida...\",\"potentialAction\":[{\"@type\":\"SearchAction\",\"target\":{\"@type\":\"EntryPoint\",\"urlTemplate\":\"https:\/\/graziamagazine.com\/es\/?s={search_term_string}\"},\"query-input\":\"required name=search_term_string\"}],\"inLanguage\":\"es\"}]}<\/script>\n<!-- \/ Yoast SEO Premium plugin. -->","yoast_head_json":{"title":"Katy Perry y Orlando Bloom... \u00bfreconciliaci\u00f3n a la vista? | Grazia","description":"Despu\u00e9s de haber conocido juntos al Papa Francisco, ahora la cantante juega al despiste con sus seguidores vestida de Blancanieves.","robots":{"index":"index","follow":"follow","max-snippet":"max-snippet:-1","max-image-preview":"max-image-preview:large","max-video-preview":"max-video-preview:-1"},"canonical":"https:\/\/graziamagazine.com\/es\/articles\/katy-perry-vuelve-con-orlando-bloom\/","og_locale":"es_ES","og_type":"article","og_title":"Katy Perry y Orlando Bloom... \u00bfreconciliaci\u00f3n a la vista?","og_description":"Despu\u00e9s de haber conocido juntos al Papa Francisco, ahora la cantante juega al despiste con sus seguidores vestida de Blancanieves.","og_url":"https:\/\/graziamagazine.com\/es\/articles\/katy-perry-vuelve-con-orlando-bloom\/","og_site_name":"Grazia","article_modified_time":"2018-04-30T14:15:46+00:00","og_image":[{"width":1200,"height":670,"url":"https:\/\/graziamagazine.com\/es\/wp-content\/uploads\/sites\/12\/2018\/04\/p-9.jpg?fit=1200%2C670","type":"image\/jpeg"}],"twitter_card":"summary_large_image","twitter_image":"http:\/\/s3-eu-west-1.amazonaws.com\/grazia-cdn\/wp-content\/uploads\/sites\/12\/2018\/04\/p-9.jpg","twitter_misc":{"Est. reading time":"3 minutos"},"schema":{"@context":"https:\/\/schema.org","@graph":[{"@type":"WebPage","@id":"https:\/\/graziamagazine.com\/es\/articles\/katy-perry-vuelve-con-orlando-bloom\/","url":"https:\/\/graziamagazine.com\/es\/articles\/katy-perry-vuelve-con-orlando-bloom\/","name":"Katy Perry y Orlando Bloom... \u00bfreconciliaci\u00f3n a la vista? | Grazia","isPartOf":{"@id":"https:\/\/graziamagazine.com\/es\/#website"},"datePublished":"2018-04-30T14:03:02+00:00","dateModified":"2018-04-30T14:15:46+00:00","description":"Despu\u00e9s de haber conocido juntos al Papa Francisco, ahora la cantante juega al despiste con sus seguidores vestida de Blancanieves.","breadcrumb":{"@id":"https:\/\/graziamagazine.com\/es\/articles\/katy-perry-vuelve-con-orlando-bloom\/#breadcrumb"},"inLanguage":"es","potentialAction":[{"@type":"ReadAction","target":["https:\/\/graziamagazine.com\/es\/articles\/katy-perry-vuelve-con-orlando-bloom\/"]}]},{"@type":"BreadcrumbList","@id":"https:\/\/graziamagazine.com\/es\/articles\/katy-perry-vuelve-con-orlando-bloom\/#breadcrumb","itemListElement":[{"@type":"ListItem","position":1,"name":"Portada","item":"https:\/\/graziamagazine.com\/es\/"},{"@type":"ListItem","position":2,"name":"Katy Perry y Orlando Bloom&#8230; \u00bfreconciliaci\u00f3n a la vista?"}]},{"@type":"WebSite","@id":"https:\/\/graziamagazine.com\/es\/#website","url":"https:\/\/graziamagazine.com\/es\/","name":"Grazia","description":"Moda, belleza, celebrities, estilo de vida...","potentialAction":[{"@type":"SearchAction","target":{"@type":"EntryPoint","urlTemplate":"https:\/\/graziamagazine.com\/es\/?s={search_term_string}"},"query-input":"required name=search_term_string"}],"inLanguage":"es"}]}},"jetpack_sharing_enabled":true,"distributor_meta":false,"distributor_terms":false,"distributor_media":false,"distributor_original_site_name":"Grazia","distributor_original_site_url":"https:\/\/graziamagazine.com\/es","push-errors":false,"_links":{"self":[{"href":"https:\/\/graziamagazine.com\/es\/wp-json\/wp\/v2\/articles\/134222"}],"collection":[{"href":"https:\/\/graziamagazine.com\/es\/wp-json\/wp\/v2\/articles"}],"about":[{"href":"https:\/\/graziamagazine.com\/es\/wp-json\/wp\/v2\/types\/articles"}],"author":[{"embeddable":true,"href":"https:\/\/graziamagazine.com\/es\/wp-json\/wp\/v2\/users\/11623"}],"wp:attachment":[{"href":"https:\/\/graziamagazine.com\/es\/wp-json\/wp\/v2\/media?parent=134222"}],"wp:term":[{"taxonomy":"category","embeddable":true,"href":"https:\/\/graziamagazine.com\/es\/wp-json\/wp\/v2\/categories?post=134222"}],"curies":[{"name":"wp","href":"https:\/\/api.w.org\/{rel}","templated":true}]}}