{"id":133782,"date":"2018-04-04T19:19:58","date_gmt":"2018-04-04T17:19:58","guid":{"rendered":"https:\/\/graziamagazine.com\/es\/?p=133782"},"modified":"2018-04-04T19:27:22","modified_gmt":"2018-04-04T17:27:22","slug":"tormenta-en-la-familia-real","status":"publish","type":"articles","link":"https:\/\/graziamagazine.com\/es\/articles\/tormenta-en-la-familia-real\/","title":{"rendered":"\u00bfTormenta en la familia real?"},"content":{"rendered":"<p>Todo sucedi\u00f3 el domingo, al finalizar la misa de Pascua dentro de la Catedral de Palma en Mallorca. <strong>Do\u00f1a Sof\u00eda<\/strong> quiso ser fotografiada por la prensa junto a sus dos nietas, pero a <strong>Leticia<\/strong> no le pareci\u00f3 nada bien esa idea as\u00ed que hizo todo lo posible para evitarlo.<\/p>\n<p>En el v\u00eddeo vemos a la reina pase\u00e1ndose frente a sus hijas y a su suegra para impedir que los fot\u00f3grafos sacaran la tan ansiada imagen por Do\u00f1a Sof\u00eda. Hasta nos podemos percatar de que la hija mayor de Letizia le da un manotazo a su abuela <strong>\u00bfLa reacci\u00f3n del rey Felipe?<\/strong> Intentar mediar entre madre y esposa sin resultado.<\/p>\n<p>La realeza europea ya no es lo que era y los esc\u00e1ndalos est\u00e1n a la orden del d\u00eda. En especial, la nuestra. No podemos olvidar que la Infanta Cristina fue acusada de fraude -y despu\u00e9s absuelta- y la hermana mayor del rey, Elena, tiempo atr\u00e1s tampoco supo mantener con discreci\u00f3n su divorcio con Jaime de Marichalar.<\/p>\n<p>Nuevamente, la familia real vuelve a estar en boca de todos gracias a un completo acto de inmadurez grabado en video. Se confirma lo que ya todos sab\u00edan, Letizia y su suegra no se llevan nada bien.<\/p>\n<p>&nbsp;<\/p>\n<p><iframe loading=\"lazy\" src=\"https:\/\/www.youtube.com\/embed\/u3UybfWwMTc\" width=\"560\" height=\"315\" frameborder=\"0\"><\/iframe><\/p>\n<h5><em>*IMAGEN: Getty Images<\/em><\/h5>\n","protected":false},"author":24470,"featured_media":0,"template":"","format":"standard","categories":[14,13],"acf":[],"yoast_head":"<!-- This site is optimized with the Yoast SEO Premium plugin v18.5 (Yoast SEO v20.4) - https:\/\/yoast.com\/wordpress\/plugins\/seo\/ -->\n<title>\u00bfTormenta en la familia real? | Grazia<\/title>\n<meta name=\"description\" content=\"La Semana Santa termin\u00f3 con un esc\u00e1ndalo que trae al mundo de cabeza. El video de la reina Letiziay Do\u00f1a Sof\u00eda se convierte en viral.\" \/>\n<meta name=\"robots\" content=\"index, follow, max-snippet:-1, max-image-preview:large, max-video-preview:-1\" \/>\n<link rel=\"canonical\" href=\"https:\/\/graziamagazine.com\/es\/articles\/tormenta-en-la-familia-real\/\" \/>\n<meta property=\"og:locale\" content=\"es_ES\" \/>\n<meta property=\"og:type\" content=\"article\" \/>\n<meta property=\"og:title\" content=\"\u00bfTormenta en la familia real?\" \/>\n<meta property=\"og:description\" content=\"La Semana Santa termin\u00f3 con un esc\u00e1ndalo que trae al mundo de cabeza. El video de la reina Letiziay Do\u00f1a Sof\u00eda se convierte en viral.\" \/>\n<meta property=\"og:url\" content=\"https:\/\/graziamagazine.com\/es\/articles\/tormenta-en-la-familia-real\/\" \/>\n<meta property=\"og:site_name\" content=\"Grazia\" \/>\n<meta property=\"article:modified_time\" content=\"2018-04-04T17:27:22+00:00\" \/>\n<meta property=\"og:image\" content=\"https:\/\/graziamagazine.com\/es\/wp-content\/uploads\/sites\/12\/2018\/04\/letizia3.png\" \/>\n\t<meta property=\"og:image:width\" content=\"695\" \/>\n\t<meta property=\"og:image:height\" content=\"425\" \/>\n\t<meta property=\"og:image:type\" content=\"image\/png\" \/>\n<meta name=\"twitter:card\" content=\"summary_large_image\" \/>\n<meta name=\"twitter:label1\" content=\"Est. reading time\" \/>\n\t<meta name=\"twitter:data1\" content=\"1 minuto\" \/>\n<script type=\"application\/ld+json\" class=\"yoast-schema-graph\">{\"@context\":\"https:\/\/schema.org\",\"@graph\":[{\"@type\":\"WebPage\",\"@id\":\"https:\/\/graziamagazine.com\/es\/articles\/tormenta-en-la-familia-real\/\",\"url\":\"https:\/\/graziamagazine.com\/es\/articles\/tormenta-en-la-familia-real\/\",\"name\":\"\u00bfTormenta en la familia real? | Grazia\",\"isPartOf\":{\"@id\":\"https:\/\/graziamagazine.com\/es\/#website\"},\"datePublished\":\"2018-04-04T17:19:58+00:00\",\"dateModified\":\"2018-04-04T17:27:22+00:00\",\"description\":\"La Semana Santa termin\u00f3 con un esc\u00e1ndalo que trae al mundo de cabeza. El video de la reina Letiziay Do\u00f1a Sof\u00eda se convierte en viral.\",\"breadcrumb\":{\"@id\":\"https:\/\/graziamagazine.com\/es\/articles\/tormenta-en-la-familia-real\/#breadcrumb\"},\"inLanguage\":\"es\",\"potentialAction\":[{\"@type\":\"ReadAction\",\"target\":[\"https:\/\/graziamagazine.com\/es\/articles\/tormenta-en-la-familia-real\/\"]}]},{\"@type\":\"BreadcrumbList\",\"@id\":\"https:\/\/graziamagazine.com\/es\/articles\/tormenta-en-la-familia-real\/#breadcrumb\",\"itemListElement\":[{\"@type\":\"ListItem\",\"position\":1,\"name\":\"Portada\",\"item\":\"https:\/\/graziamagazine.com\/es\/\"},{\"@type\":\"ListItem\",\"position\":2,\"name\":\"\u00bfTormenta en la familia real?\"}]},{\"@type\":\"WebSite\",\"@id\":\"https:\/\/graziamagazine.com\/es\/#website\",\"url\":\"https:\/\/graziamagazine.com\/es\/\",\"name\":\"Grazia\",\"description\":\"Moda, belleza, celebrities, estilo de vida...\",\"potentialAction\":[{\"@type\":\"SearchAction\",\"target\":{\"@type\":\"EntryPoint\",\"urlTemplate\":\"https:\/\/graziamagazine.com\/es\/?s={search_term_string}\"},\"query-input\":\"required name=search_term_string\"}],\"inLanguage\":\"es\"}]}<\/script>\n<!-- \/ Yoast SEO Premium plugin. -->","yoast_head_json":{"title":"\u00bfTormenta en la familia real? | Grazia","description":"La Semana Santa termin\u00f3 con un esc\u00e1ndalo que trae al mundo de cabeza. El video de la reina Letiziay Do\u00f1a Sof\u00eda se convierte en viral.","robots":{"index":"index","follow":"follow","max-snippet":"max-snippet:-1","max-image-preview":"max-image-preview:large","max-video-preview":"max-video-preview:-1"},"canonical":"https:\/\/graziamagazine.com\/es\/articles\/tormenta-en-la-familia-real\/","og_locale":"es_ES","og_type":"article","og_title":"\u00bfTormenta en la familia real?","og_description":"La Semana Santa termin\u00f3 con un esc\u00e1ndalo que trae al mundo de cabeza. El video de la reina Letiziay Do\u00f1a Sof\u00eda se convierte en viral.","og_url":"https:\/\/graziamagazine.com\/es\/articles\/tormenta-en-la-familia-real\/","og_site_name":"Grazia","article_modified_time":"2018-04-04T17:27:22+00:00","og_image":[{"width":695,"height":425,"url":"https:\/\/graziamagazine.com\/es\/wp-content\/uploads\/sites\/12\/2018\/04\/letizia3.png","type":"image\/png"}],"twitter_card":"summary_large_image","twitter_misc":{"Est. reading time":"1 minuto"},"schema":{"@context":"https:\/\/schema.org","@graph":[{"@type":"WebPage","@id":"https:\/\/graziamagazine.com\/es\/articles\/tormenta-en-la-familia-real\/","url":"https:\/\/graziamagazine.com\/es\/articles\/tormenta-en-la-familia-real\/","name":"\u00bfTormenta en la familia real? | Grazia","isPartOf":{"@id":"https:\/\/graziamagazine.com\/es\/#website"},"datePublished":"2018-04-04T17:19:58+00:00","dateModified":"2018-04-04T17:27:22+00:00","description":"La Semana Santa termin\u00f3 con un esc\u00e1ndalo que trae al mundo de cabeza. El video de la reina Letiziay Do\u00f1a Sof\u00eda se convierte en viral.","breadcrumb":{"@id":"https:\/\/graziamagazine.com\/es\/articles\/tormenta-en-la-familia-real\/#breadcrumb"},"inLanguage":"es","potentialAction":[{"@type":"ReadAction","target":["https:\/\/graziamagazine.com\/es\/articles\/tormenta-en-la-familia-real\/"]}]},{"@type":"BreadcrumbList","@id":"https:\/\/graziamagazine.com\/es\/articles\/tormenta-en-la-familia-real\/#breadcrumb","itemListElement":[{"@type":"ListItem","position":1,"name":"Portada","item":"https:\/\/graziamagazine.com\/es\/"},{"@type":"ListItem","position":2,"name":"\u00bfTormenta en la familia real?"}]},{"@type":"WebSite","@id":"https:\/\/graziamagazine.com\/es\/#website","url":"https:\/\/graziamagazine.com\/es\/","name":"Grazia","description":"Moda, belleza, celebrities, estilo de vida...","potentialAction":[{"@type":"SearchAction","target":{"@type":"EntryPoint","urlTemplate":"https:\/\/graziamagazine.com\/es\/?s={search_term_string}"},"query-input":"required name=search_term_string"}],"inLanguage":"es"}]}},"jetpack_sharing_enabled":true,"distributor_meta":false,"distributor_terms":false,"distributor_media":false,"distributor_original_site_name":"Grazia","distributor_original_site_url":"https:\/\/graziamagazine.com\/es","push-errors":false,"_links":{"self":[{"href":"https:\/\/graziamagazine.com\/es\/wp-json\/wp\/v2\/articles\/133782"}],"collection":[{"href":"https:\/\/graziamagazine.com\/es\/wp-json\/wp\/v2\/articles"}],"about":[{"href":"https:\/\/graziamagazine.com\/es\/wp-json\/wp\/v2\/types\/articles"}],"author":[{"embeddable":true,"href":"https:\/\/graziamagazine.com\/es\/wp-json\/wp\/v2\/users\/24470"}],"wp:attachment":[{"href":"https:\/\/graziamagazine.com\/es\/wp-json\/wp\/v2\/media?parent=133782"}],"wp:term":[{"taxonomy":"category","embeddable":true,"href":"https:\/\/graziamagazine.com\/es\/wp-json\/wp\/v2\/categories?post=133782"}],"curies":[{"name":"wp","href":"https:\/\/api.w.org\/{rel}","templated":true}]}}