{"id":132951,"date":"2018-01-29T01:41:50","date_gmt":"2018-01-29T00:41:50","guid":{"rendered":"https:\/\/graziamagazine.com\/es\/?p=132951"},"modified":"2018-01-29T02:27:55","modified_gmt":"2018-01-29T01:27:55","slug":"la-alfombra-roja-los-grammy-2018","status":"publish","type":"articles","link":"https:\/\/graziamagazine.com\/es\/articles\/la-alfombra-roja-los-grammy-2018\/","title":{"rendered":"La alfombra roja de los Grammy 2018"},"content":{"rendered":"<p><strong>La de los Grammy suele ser la alfombra roja m\u00e1s suculenta de la temporada.<\/strong> Las celebrities siempre la pisan atrevi\u00e9ndose con los looks m\u00e1s originales y llamativos <del>y a veces bastante desastre<\/del>. Pero debemos aceptar que la de los <strong>Grammy 2018<\/strong> no ha sido de las peores ni pasar\u00e1 a la historia por sus peores looks, sino por haber continuado con la batalla iniciada en los pasados <a href=\"https:\/\/graziamagazine.com\/es\/galeria\/globos-de-oro-2018-alfombra-roja\/\" target=\"_blank\" rel=\"noopener\">Globos de Oro<\/a> a favor de las mujeres. <strong>Esta vez, los invitados han llevado una rosa blanca adornando sus trajes para apoyar iniciativas como las de #TimesUp y #MeToo.<\/strong><\/p>\n<figure id=\"attachment_132992\" aria-describedby=\"caption-attachment-132992\" style=\"width: 1500px\" class=\"wp-caption aligncenter\"><img loading=\"lazy\" decoding=\"async\" class=\"size-full wp-image-132992\" src=\"https:\/\/graziamagazine.com\/es\/wp-content\/uploads\/sites\/12\/2018\/01\/grammy-0.jpg\" alt=\"\" width=\"1500\" height=\"1048\" srcset=\"https:\/\/graziamagazine.com\/es\/wp-content\/uploads\/sites\/12\/2018\/01\/grammy-0.jpg 1500w, https:\/\/graziamagazine.com\/es\/wp-content\/uploads\/sites\/12\/2018\/01\/grammy-0-300x210.jpg 300w, https:\/\/graziamagazine.com\/es\/wp-content\/uploads\/sites\/12\/2018\/01\/grammy-0-768x537.jpg 768w, https:\/\/graziamagazine.com\/es\/wp-content\/uploads\/sites\/12\/2018\/01\/grammy-0-1024x715.jpg 1024w, https:\/\/graziamagazine.com\/es\/wp-content\/uploads\/sites\/12\/2018\/01\/grammy-0-720x503.jpg 720w, https:\/\/graziamagazine.com\/es\/wp-content\/uploads\/sites\/12\/2018\/01\/grammy-0-1200x838.jpg 1200w, https:\/\/graziamagazine.com\/es\/wp-content\/uploads\/sites\/12\/2018\/01\/grammy-0-626x437.jpg 626w, https:\/\/graziamagazine.com\/es\/wp-content\/uploads\/sites\/12\/2018\/01\/grammy-0-360x252.jpg 360w\" sizes=\"(max-width: 1500px) 100vw, 1500px\" \/><figcaption id=\"caption-attachment-132992\" class=\"wp-caption-text\">S\u00ed, Miley tambi\u00e9n. \u00a9 Getty Images<\/figcaption><\/figure>\n<p>Desde Lady Gaga hasta Camila Cabello, pasando por Zayn o Miley Cyrus&#8230; Las personalidades que han pisado esta noche la red carpet del Madison Square Garden de Nueva York han sido casi infinitas (<del>en serio, muchas, muchas<\/del>), pero hemos seleccionado para ti las im\u00e1genes de los imprescindibles. <strong>He aqu\u00ed la alfombra roja m\u00e1s extravagante de la temporada:<\/strong><\/p>\n<p>[galeria]<\/p>\n","protected":false},"author":24470,"featured_media":0,"template":"","format":"standard","categories":[13,15],"acf":[],"yoast_head":"<!-- This site is optimized with the Yoast SEO Premium plugin v18.5 (Yoast SEO v20.4) - https:\/\/yoast.com\/wordpress\/plugins\/seo\/ -->\n<title>La alfombra roja de los Grammy 2018<\/title>\n<meta name=\"description\" content=\"Los Grammy 2018 habr\u00edas sido la gala m\u00e1s extravagante del a\u00f1o... si no hubiera sido por las rosas blancas a favor del #TimesUp y el #MeToo.\" \/>\n<meta name=\"robots\" content=\"index, follow, max-snippet:-1, max-image-preview:large, max-video-preview:-1\" \/>\n<link rel=\"canonical\" href=\"https:\/\/graziamagazine.com\/es\/articles\/la-alfombra-roja-los-grammy-2018\/\" \/>\n<meta property=\"og:locale\" content=\"es_ES\" \/>\n<meta property=\"og:type\" content=\"article\" \/>\n<meta property=\"og:title\" content=\"La alfombra roja de los Grammy 2018\" \/>\n<meta property=\"og:description\" content=\"Rosas blancas a favor del #TimesUp y el #MeToo.\" \/>\n<meta property=\"og:url\" content=\"https:\/\/graziamagazine.com\/es\/articles\/la-alfombra-roja-los-grammy-2018\/\" \/>\n<meta property=\"og:site_name\" content=\"Grazia\" \/>\n<meta property=\"article:modified_time\" content=\"2018-01-29T01:27:55+00:00\" \/>\n<meta property=\"og:image\" content=\"https:\/\/graziamagazine.com\/es\/wp-content\/uploads\/sites\/12\/2018\/01\/29022305\/grammy-1.jpg?fit=785%2C480\" \/>\n\t<meta property=\"og:image:width\" content=\"785\" \/>\n\t<meta property=\"og:image:height\" content=\"480\" \/>\n\t<meta property=\"og:image:type\" content=\"image\/jpeg\" \/>\n<meta name=\"twitter:card\" content=\"summary_large_image\" \/>\n<meta name=\"twitter:title\" content=\"La alfombra roja de los Grammy 2018\" \/>\n<meta name=\"twitter:description\" content=\"Rosas blancas a favor del #TimesUp y el #MeToo.\" \/>\n<meta name=\"twitter:image\" content=\"http:\/\/s3-eu-west-1.amazonaws.com\/grazia-cdn\/wp-content\/uploads\/sites\/12\/2018\/01\/29022305\/grammy-1.jpg\" \/>\n<meta name=\"twitter:label1\" content=\"Est. reading time\" \/>\n\t<meta name=\"twitter:data1\" content=\"1 minuto\" \/>\n<script type=\"application\/ld+json\" class=\"yoast-schema-graph\">{\"@context\":\"https:\/\/schema.org\",\"@graph\":[{\"@type\":\"WebPage\",\"@id\":\"https:\/\/graziamagazine.com\/es\/articles\/la-alfombra-roja-los-grammy-2018\/\",\"url\":\"https:\/\/graziamagazine.com\/es\/articles\/la-alfombra-roja-los-grammy-2018\/\",\"name\":\"La alfombra roja de los Grammy 2018\",\"isPartOf\":{\"@id\":\"https:\/\/graziamagazine.com\/es\/#website\"},\"datePublished\":\"2018-01-29T00:41:50+00:00\",\"dateModified\":\"2018-01-29T01:27:55+00:00\",\"description\":\"Los Grammy 2018 habr\u00edas sido la gala m\u00e1s extravagante del a\u00f1o... si no hubiera sido por las rosas blancas a favor del #TimesUp y el #MeToo.\",\"breadcrumb\":{\"@id\":\"https:\/\/graziamagazine.com\/es\/articles\/la-alfombra-roja-los-grammy-2018\/#breadcrumb\"},\"inLanguage\":\"es\",\"potentialAction\":[{\"@type\":\"ReadAction\",\"target\":[\"https:\/\/graziamagazine.com\/es\/articles\/la-alfombra-roja-los-grammy-2018\/\"]}]},{\"@type\":\"BreadcrumbList\",\"@id\":\"https:\/\/graziamagazine.com\/es\/articles\/la-alfombra-roja-los-grammy-2018\/#breadcrumb\",\"itemListElement\":[{\"@type\":\"ListItem\",\"position\":1,\"name\":\"Portada\",\"item\":\"https:\/\/graziamagazine.com\/es\/\"},{\"@type\":\"ListItem\",\"position\":2,\"name\":\"La alfombra roja de los Grammy 2018\"}]},{\"@type\":\"WebSite\",\"@id\":\"https:\/\/graziamagazine.com\/es\/#website\",\"url\":\"https:\/\/graziamagazine.com\/es\/\",\"name\":\"Grazia\",\"description\":\"Moda, belleza, celebrities, estilo de vida...\",\"potentialAction\":[{\"@type\":\"SearchAction\",\"target\":{\"@type\":\"EntryPoint\",\"urlTemplate\":\"https:\/\/graziamagazine.com\/es\/?s={search_term_string}\"},\"query-input\":\"required name=search_term_string\"}],\"inLanguage\":\"es\"}]}<\/script>\n<!-- \/ Yoast SEO Premium plugin. -->","yoast_head_json":{"title":"La alfombra roja de los Grammy 2018","description":"Los Grammy 2018 habr\u00edas sido la gala m\u00e1s extravagante del a\u00f1o... si no hubiera sido por las rosas blancas a favor del #TimesUp y el #MeToo.","robots":{"index":"index","follow":"follow","max-snippet":"max-snippet:-1","max-image-preview":"max-image-preview:large","max-video-preview":"max-video-preview:-1"},"canonical":"https:\/\/graziamagazine.com\/es\/articles\/la-alfombra-roja-los-grammy-2018\/","og_locale":"es_ES","og_type":"article","og_title":"La alfombra roja de los Grammy 2018","og_description":"Rosas blancas a favor del #TimesUp y el #MeToo.","og_url":"https:\/\/graziamagazine.com\/es\/articles\/la-alfombra-roja-los-grammy-2018\/","og_site_name":"Grazia","article_modified_time":"2018-01-29T01:27:55+00:00","og_image":[{"width":785,"height":480,"url":"https:\/\/graziamagazine.com\/es\/wp-content\/uploads\/sites\/12\/2018\/01\/29022305\/grammy-1.jpg?fit=785%2C480","type":"image\/jpeg"}],"twitter_card":"summary_large_image","twitter_title":"La alfombra roja de los Grammy 2018","twitter_description":"Rosas blancas a favor del #TimesUp y el #MeToo.","twitter_image":"http:\/\/s3-eu-west-1.amazonaws.com\/grazia-cdn\/wp-content\/uploads\/sites\/12\/2018\/01\/29022305\/grammy-1.jpg","twitter_misc":{"Est. reading time":"1 minuto"},"schema":{"@context":"https:\/\/schema.org","@graph":[{"@type":"WebPage","@id":"https:\/\/graziamagazine.com\/es\/articles\/la-alfombra-roja-los-grammy-2018\/","url":"https:\/\/graziamagazine.com\/es\/articles\/la-alfombra-roja-los-grammy-2018\/","name":"La alfombra roja de los Grammy 2018","isPartOf":{"@id":"https:\/\/graziamagazine.com\/es\/#website"},"datePublished":"2018-01-29T00:41:50+00:00","dateModified":"2018-01-29T01:27:55+00:00","description":"Los Grammy 2018 habr\u00edas sido la gala m\u00e1s extravagante del a\u00f1o... si no hubiera sido por las rosas blancas a favor del #TimesUp y el #MeToo.","breadcrumb":{"@id":"https:\/\/graziamagazine.com\/es\/articles\/la-alfombra-roja-los-grammy-2018\/#breadcrumb"},"inLanguage":"es","potentialAction":[{"@type":"ReadAction","target":["https:\/\/graziamagazine.com\/es\/articles\/la-alfombra-roja-los-grammy-2018\/"]}]},{"@type":"BreadcrumbList","@id":"https:\/\/graziamagazine.com\/es\/articles\/la-alfombra-roja-los-grammy-2018\/#breadcrumb","itemListElement":[{"@type":"ListItem","position":1,"name":"Portada","item":"https:\/\/graziamagazine.com\/es\/"},{"@type":"ListItem","position":2,"name":"La alfombra roja de los Grammy 2018"}]},{"@type":"WebSite","@id":"https:\/\/graziamagazine.com\/es\/#website","url":"https:\/\/graziamagazine.com\/es\/","name":"Grazia","description":"Moda, belleza, celebrities, estilo de vida...","potentialAction":[{"@type":"SearchAction","target":{"@type":"EntryPoint","urlTemplate":"https:\/\/graziamagazine.com\/es\/?s={search_term_string}"},"query-input":"required name=search_term_string"}],"inLanguage":"es"}]}},"jetpack_sharing_enabled":true,"distributor_meta":false,"distributor_terms":false,"distributor_media":false,"distributor_original_site_name":"Grazia","distributor_original_site_url":"https:\/\/graziamagazine.com\/es","push-errors":false,"_links":{"self":[{"href":"https:\/\/graziamagazine.com\/es\/wp-json\/wp\/v2\/articles\/132951"}],"collection":[{"href":"https:\/\/graziamagazine.com\/es\/wp-json\/wp\/v2\/articles"}],"about":[{"href":"https:\/\/graziamagazine.com\/es\/wp-json\/wp\/v2\/types\/articles"}],"author":[{"embeddable":true,"href":"https:\/\/graziamagazine.com\/es\/wp-json\/wp\/v2\/users\/24470"}],"wp:attachment":[{"href":"https:\/\/graziamagazine.com\/es\/wp-json\/wp\/v2\/media?parent=132951"}],"wp:term":[{"taxonomy":"category","embeddable":true,"href":"https:\/\/graziamagazine.com\/es\/wp-json\/wp\/v2\/categories?post=132951"}],"curies":[{"name":"wp","href":"https:\/\/api.w.org\/{rel}","templated":true}]}}