{"id":132394,"date":"2018-01-08T01:35:55","date_gmt":"2018-01-08T00:35:55","guid":{"rendered":"https:\/\/graziamagazine.com\/es\/?p=132394"},"modified":"2018-01-08T02:35:04","modified_gmt":"2018-01-08T01:35:04","slug":"globos-de-oro-2018-alfombra-roja","status":"publish","type":"articles","link":"https:\/\/graziamagazine.com\/es\/articles\/globos-de-oro-2018-alfombra-roja\/","title":{"rendered":"Globos de Oro 2018: alfombra roja"},"content":{"rendered":"<p>Seth Meyers ha sido el maestro de ceremonias de la gala de los <strong>Globos de Oro 2018<\/strong>. Este a\u00f1o, en concreto, una fiesta que ha hecho historia con una alfombra roja en la que han estado TODOS. Y s\u00ed, lo han hecho vestidos de negro (sin excepci\u00f3n) para <strong>apoyar la iniciativa Time&#8217;s Up contra el <a href=\"https:\/\/graziamagazine.com\/es\/lifestyle\/harvey-weinstein-no-era-un-monstruo\/\" target=\"_blank\" rel=\"noopener\">acoso sexual en Hollywood<\/a>.<\/strong><\/p>\n<p>Toda la noche ha estado repleta de significado: desde los vestidos m\u00e1s elegantes y delicados de color negro hasta las activistas invitadas, pasando por las preguntas de los periodistas. Nadie pregunt\u00f3 por el dise\u00f1ador del vestido, sino por sus nuevos proyectos y su implicaci\u00f3n con el movimiento que marc\u00f3 la noche.<\/p>\n<p>[galeria]<\/p>\n","protected":false},"author":24470,"featured_media":0,"template":"","format":"standard","categories":[13,15],"acf":[],"yoast_head":"<!-- This site is optimized with the Yoast SEO Premium plugin v18.5 (Yoast SEO v20.4) - https:\/\/yoast.com\/wordpress\/plugins\/seo\/ -->\n<title>Globos de Oro 2018: alfombra roja<\/title>\n<meta name=\"description\" content=\"As\u00ed ha sido el desfile por la red carpet del Beverly Hilton. Todas las celebrities que han asistido a la gala de los Globos de Oro 2018.\" \/>\n<meta name=\"robots\" content=\"index, follow, max-snippet:-1, max-image-preview:large, max-video-preview:-1\" \/>\n<link rel=\"canonical\" href=\"https:\/\/graziamagazine.com\/es\/articles\/globos-de-oro-2018-alfombra-roja\/\" \/>\n<meta property=\"og:locale\" content=\"es_ES\" \/>\n<meta property=\"og:type\" content=\"article\" \/>\n<meta property=\"og:title\" content=\"Globos de Oro 2018: alfombra roja\" \/>\n<meta property=\"og:description\" content=\"As\u00ed comenz\u00f3 una gala hist\u00f3rica repleta de significado.\" \/>\n<meta property=\"og:url\" content=\"https:\/\/graziamagazine.com\/es\/articles\/globos-de-oro-2018-alfombra-roja\/\" \/>\n<meta property=\"og:site_name\" content=\"Grazia\" \/>\n<meta property=\"article:modified_time\" content=\"2018-01-08T01:35:04+00:00\" \/>\n<meta property=\"og:image\" content=\"https:\/\/graziamagazine.com\/es\/wp-content\/uploads\/sites\/12\/2018\/01\/08023448\/GettyImages-902356346.jpg?fit=785%2C480\" \/>\n\t<meta property=\"og:image:width\" content=\"785\" \/>\n\t<meta property=\"og:image:height\" content=\"480\" \/>\n\t<meta property=\"og:image:type\" content=\"image\/jpeg\" \/>\n<meta name=\"twitter:card\" content=\"summary_large_image\" \/>\n<meta name=\"twitter:title\" content=\"Globos de Oro 2018: alfombra roja\" \/>\n<meta name=\"twitter:description\" content=\"As\u00ed comenz\u00f3 una gala hist\u00f3rica repleta de significado.\" \/>\n<meta name=\"twitter:image\" content=\"http:\/\/s3-eu-west-1.amazonaws.com\/grazia-cdn\/wp-content\/uploads\/sites\/12\/2018\/01\/08023448\/GettyImages-902356346.jpg\" \/>\n<meta name=\"twitter:label1\" content=\"Est. reading time\" \/>\n\t<meta name=\"twitter:data1\" content=\"1 minuto\" \/>\n<script type=\"application\/ld+json\" class=\"yoast-schema-graph\">{\"@context\":\"https:\/\/schema.org\",\"@graph\":[{\"@type\":\"WebPage\",\"@id\":\"https:\/\/graziamagazine.com\/es\/articles\/globos-de-oro-2018-alfombra-roja\/\",\"url\":\"https:\/\/graziamagazine.com\/es\/articles\/globos-de-oro-2018-alfombra-roja\/\",\"name\":\"Globos de Oro 2018: alfombra roja\",\"isPartOf\":{\"@id\":\"https:\/\/graziamagazine.com\/es\/#website\"},\"datePublished\":\"2018-01-08T00:35:55+00:00\",\"dateModified\":\"2018-01-08T01:35:04+00:00\",\"description\":\"As\u00ed ha sido el desfile por la red carpet del Beverly Hilton. Todas las celebrities que han asistido a la gala de los Globos de Oro 2018.\",\"breadcrumb\":{\"@id\":\"https:\/\/graziamagazine.com\/es\/articles\/globos-de-oro-2018-alfombra-roja\/#breadcrumb\"},\"inLanguage\":\"es\",\"potentialAction\":[{\"@type\":\"ReadAction\",\"target\":[\"https:\/\/graziamagazine.com\/es\/articles\/globos-de-oro-2018-alfombra-roja\/\"]}]},{\"@type\":\"BreadcrumbList\",\"@id\":\"https:\/\/graziamagazine.com\/es\/articles\/globos-de-oro-2018-alfombra-roja\/#breadcrumb\",\"itemListElement\":[{\"@type\":\"ListItem\",\"position\":1,\"name\":\"Portada\",\"item\":\"https:\/\/graziamagazine.com\/es\/\"},{\"@type\":\"ListItem\",\"position\":2,\"name\":\"Globos de Oro 2018: alfombra roja\"}]},{\"@type\":\"WebSite\",\"@id\":\"https:\/\/graziamagazine.com\/es\/#website\",\"url\":\"https:\/\/graziamagazine.com\/es\/\",\"name\":\"Grazia\",\"description\":\"Moda, belleza, celebrities, estilo de vida...\",\"potentialAction\":[{\"@type\":\"SearchAction\",\"target\":{\"@type\":\"EntryPoint\",\"urlTemplate\":\"https:\/\/graziamagazine.com\/es\/?s={search_term_string}\"},\"query-input\":\"required name=search_term_string\"}],\"inLanguage\":\"es\"}]}<\/script>\n<!-- \/ Yoast SEO Premium plugin. -->","yoast_head_json":{"title":"Globos de Oro 2018: alfombra roja","description":"As\u00ed ha sido el desfile por la red carpet del Beverly Hilton. Todas las celebrities que han asistido a la gala de los Globos de Oro 2018.","robots":{"index":"index","follow":"follow","max-snippet":"max-snippet:-1","max-image-preview":"max-image-preview:large","max-video-preview":"max-video-preview:-1"},"canonical":"https:\/\/graziamagazine.com\/es\/articles\/globos-de-oro-2018-alfombra-roja\/","og_locale":"es_ES","og_type":"article","og_title":"Globos de Oro 2018: alfombra roja","og_description":"As\u00ed comenz\u00f3 una gala hist\u00f3rica repleta de significado.","og_url":"https:\/\/graziamagazine.com\/es\/articles\/globos-de-oro-2018-alfombra-roja\/","og_site_name":"Grazia","article_modified_time":"2018-01-08T01:35:04+00:00","og_image":[{"width":785,"height":480,"url":"https:\/\/graziamagazine.com\/es\/wp-content\/uploads\/sites\/12\/2018\/01\/08023448\/GettyImages-902356346.jpg?fit=785%2C480","type":"image\/jpeg"}],"twitter_card":"summary_large_image","twitter_title":"Globos de Oro 2018: alfombra roja","twitter_description":"As\u00ed comenz\u00f3 una gala hist\u00f3rica repleta de significado.","twitter_image":"http:\/\/s3-eu-west-1.amazonaws.com\/grazia-cdn\/wp-content\/uploads\/sites\/12\/2018\/01\/08023448\/GettyImages-902356346.jpg","twitter_misc":{"Est. reading time":"1 minuto"},"schema":{"@context":"https:\/\/schema.org","@graph":[{"@type":"WebPage","@id":"https:\/\/graziamagazine.com\/es\/articles\/globos-de-oro-2018-alfombra-roja\/","url":"https:\/\/graziamagazine.com\/es\/articles\/globos-de-oro-2018-alfombra-roja\/","name":"Globos de Oro 2018: alfombra roja","isPartOf":{"@id":"https:\/\/graziamagazine.com\/es\/#website"},"datePublished":"2018-01-08T00:35:55+00:00","dateModified":"2018-01-08T01:35:04+00:00","description":"As\u00ed ha sido el desfile por la red carpet del Beverly Hilton. Todas las celebrities que han asistido a la gala de los Globos de Oro 2018.","breadcrumb":{"@id":"https:\/\/graziamagazine.com\/es\/articles\/globos-de-oro-2018-alfombra-roja\/#breadcrumb"},"inLanguage":"es","potentialAction":[{"@type":"ReadAction","target":["https:\/\/graziamagazine.com\/es\/articles\/globos-de-oro-2018-alfombra-roja\/"]}]},{"@type":"BreadcrumbList","@id":"https:\/\/graziamagazine.com\/es\/articles\/globos-de-oro-2018-alfombra-roja\/#breadcrumb","itemListElement":[{"@type":"ListItem","position":1,"name":"Portada","item":"https:\/\/graziamagazine.com\/es\/"},{"@type":"ListItem","position":2,"name":"Globos de Oro 2018: alfombra roja"}]},{"@type":"WebSite","@id":"https:\/\/graziamagazine.com\/es\/#website","url":"https:\/\/graziamagazine.com\/es\/","name":"Grazia","description":"Moda, belleza, celebrities, estilo de vida...","potentialAction":[{"@type":"SearchAction","target":{"@type":"EntryPoint","urlTemplate":"https:\/\/graziamagazine.com\/es\/?s={search_term_string}"},"query-input":"required name=search_term_string"}],"inLanguage":"es"}]}},"jetpack_sharing_enabled":true,"distributor_meta":false,"distributor_terms":false,"distributor_media":false,"distributor_original_site_name":"Grazia","distributor_original_site_url":"https:\/\/graziamagazine.com\/es","push-errors":false,"_links":{"self":[{"href":"https:\/\/graziamagazine.com\/es\/wp-json\/wp\/v2\/articles\/132394"}],"collection":[{"href":"https:\/\/graziamagazine.com\/es\/wp-json\/wp\/v2\/articles"}],"about":[{"href":"https:\/\/graziamagazine.com\/es\/wp-json\/wp\/v2\/types\/articles"}],"author":[{"embeddable":true,"href":"https:\/\/graziamagazine.com\/es\/wp-json\/wp\/v2\/users\/24470"}],"wp:attachment":[{"href":"https:\/\/graziamagazine.com\/es\/wp-json\/wp\/v2\/media?parent=132394"}],"wp:term":[{"taxonomy":"category","embeddable":true,"href":"https:\/\/graziamagazine.com\/es\/wp-json\/wp\/v2\/categories?post=132394"}],"curies":[{"name":"wp","href":"https:\/\/api.w.org\/{rel}","templated":true}]}}