{"id":131519,"date":"2017-12-16T12:40:41","date_gmt":"2017-12-16T11:40:41","guid":{"rendered":"https:\/\/graziamagazine.com\/es\/?p=131519"},"modified":"2017-12-16T12:40:49","modified_gmt":"2017-12-16T11:40:49","slug":"la-princesa-prometida-cumple-30-anos","status":"publish","type":"articles","link":"https:\/\/graziamagazine.com\/es\/articles\/la-princesa-prometida-cumple-30-anos\/","title":{"rendered":"&#8216;La princesa prometida&#8217; cumple 30 a\u00f1os"},"content":{"rendered":"<p>Cuando se estren\u00f3 en 1987 <em>La princesa prometida,\u00a0<\/em>de Rob Reiner, pas\u00f3 sin pena ni gloria. No es que se pegara un batacazo en la taquilla, pero tampoco fue el gran estreno de la temporada. Ni fr\u00edo ni calor.\u00a0\u00bfQu\u00e9 era eso? <strong>\u00bfUna pel\u00edcula de amor\u00edos? \u00bfUna de aventuras? \u00bfQuienes eran esos Cary Elwes y Robin Wright?<\/strong> Con un poco de suerte a ella la conocer\u00edan de Santa B\u00e1rbara <del>ese culebr\u00f3n de los 80 que muchos ve\u00edamos mientras tom\u00e1bamos el Cola Cao en los veranos<\/del>,\u00a0lo cual tampoco era mucho decir.<\/p>\n<figure id=\"attachment_131523\" aria-describedby=\"caption-attachment-131523\" style=\"width: 1750px\" class=\"wp-caption aligncenter\"><img loading=\"lazy\" decoding=\"async\" class=\"size-full wp-image-131523\" src=\"https:\/\/graziamagazine.com\/es\/wp-content\/uploads\/sites\/12\/2017\/11\/la-princesa-prometida-01.jpg\" alt=\"\" width=\"1750\" height=\"1070\" srcset=\"https:\/\/graziamagazine.com\/es\/wp-content\/uploads\/sites\/12\/2017\/11\/la-princesa-prometida-01.jpg 1750w, https:\/\/graziamagazine.com\/es\/wp-content\/uploads\/sites\/12\/2017\/11\/la-princesa-prometida-01-300x183.jpg 300w, https:\/\/graziamagazine.com\/es\/wp-content\/uploads\/sites\/12\/2017\/11\/la-princesa-prometida-01-768x470.jpg 768w, https:\/\/graziamagazine.com\/es\/wp-content\/uploads\/sites\/12\/2017\/11\/la-princesa-prometida-01-1024x626.jpg 1024w, https:\/\/graziamagazine.com\/es\/wp-content\/uploads\/sites\/12\/2017\/11\/la-princesa-prometida-01-695x425.jpg 695w, https:\/\/graziamagazine.com\/es\/wp-content\/uploads\/sites\/12\/2017\/11\/la-princesa-prometida-01-720x440.jpg 720w, https:\/\/graziamagazine.com\/es\/wp-content\/uploads\/sites\/12\/2017\/11\/la-princesa-prometida-01-1200x734.jpg 1200w, https:\/\/graziamagazine.com\/es\/wp-content\/uploads\/sites\/12\/2017\/11\/la-princesa-prometida-01-626x383.jpg 626w, https:\/\/graziamagazine.com\/es\/wp-content\/uploads\/sites\/12\/2017\/11\/la-princesa-prometida-01-360x220.jpg 360w\" sizes=\"(max-width: 1750px) 100vw, 1750px\" \/><figcaption id=\"caption-attachment-131523\" class=\"wp-caption-text\">\u00a1\u00bfC\u00f3mo pudo pasar desapercibida?! \u00bf\u00a1C\u00f3mo!? \u00a9 Cordon Press<\/figcaption><\/figure>\n<p>Hasta que se estren\u00f3 en v\u00eddeo. Fue entonces cuando la gente comenz\u00f3 a encumbrar a la cinta como el &#8216;clasicazo&#8217; que es hoy en d\u00eda y que nos hace clamar a todos en bucle: \u00abHola. Soy \u00cd\u00f1igo Montoya. T\u00fa mataste a mi padre. Prep\u00e1rate a morir\u00bb. El actor que dio vida al personaje, <strong>Mandy Patinkin, cuenta que no hay d\u00eda en que 2 \u00f3 3 desconocidos no se acerquen a decirle la frase.<\/strong><\/p>\n<figure id=\"attachment_53168\" aria-describedby=\"caption-attachment-53168\" style=\"width: 480px\" class=\"wp-caption aligncenter\"><img loading=\"lazy\" decoding=\"async\" class=\"wp-image-53168 size-full\" src=\"http:\/\/www.mamisybebes.com\/wp-content\/uploads\/sites\/12\/2017\/12\/inigo-montoya.gif\" alt=\"inigo montoya\" width=\"480\" height=\"260\" \/><figcaption id=\"caption-attachment-53168\" class=\"wp-caption-text\">Y otra vez&#8230;<\/figcaption><\/figure>\n<ul>\n<li><strong>La historia que primero fue un cuento, despu\u00e9s un libro y luego una pel\u00edcula<\/strong><\/li>\n<\/ul>\n<p>Corr\u00eda 1970 cuando el guionista, William Goldman, invent\u00f3 la historia para sus hijas. Como cuenta en su libro\u00a0<em>Las nuevas aventuras de un guionista en Hollywood,<\/em> por las noches acud\u00eda a la habitaci\u00f3n de sus hijas Jenny y Susanna a contarles cuentos. \u00bfOs imagin\u00e1is qu\u00e9 lujo? De la mente de este hombre salieron los guiones de peliculones como <em>Dos hombres y un destino<\/em>, <em>Misery<\/em>, <em>Todos los hombres del presidente<\/em> o <em>Maverick&#8230;<\/em> \u00a1y ah\u00ed estaba todas las noches d\u00e1ndolo todo inventando historias para sus hijas!<\/p>\n<p>Fueron ellas las que le dieron t\u00edtulo a la pel\u00edcula: \u00abVoy a escribiros una historia, \u00bfde qu\u00e9 os gustar\u00eda que tratara m\u00e1s que nada en el mundo?\u00bb Una dijo &#8216;princesas&#8217; y la otra &#8216;novias&#8217;&#8230; y as\u00ed se qued\u00f3 (<em>The Princess Bride,<\/em> en su versi\u00f3n original).<\/p>\n<figure id=\"attachment_53169\" aria-describedby=\"caption-attachment-53169\" style=\"width: 480px\" class=\"wp-caption aligncenter\"><img loading=\"lazy\" decoding=\"async\" class=\"wp-image-53169 size-full\" src=\"http:\/\/www.mamisybebes.com\/wp-content\/uploads\/sites\/12\/2017\/12\/very-nice-of-you.gif\" alt=\"very nice of you\" width=\"480\" height=\"258\" \/><figcaption id=\"caption-attachment-53169\" class=\"wp-caption-text\">Good job, Sir.<\/figcaption><\/figure>\n<p>William Goldman sab\u00eda que quer\u00eda escribir el libro y contar esta historia concreta, pero estaba atascad\u00edsimo y no sab\u00eda por d\u00f3nde tirar&#8230; <strong>hasta que cay\u00f3 en la cuenta de que pod\u00eda hacer que fuera un libro dentro de un libro, algo que alguien le contaba a otro.<\/strong> Esto era maravilloso porque le permit\u00eda hacer todos los saltos en la l\u00ednea temporal que quisiera. Y as\u00ed ech\u00f3 a volar la historia y se convirti\u00f3 en un maravilloso volumen.<\/p>\n<p>Eso s\u00ed, el libro con m\u00e1s mala suerte del mundo. Estuvo a punto de producirse dos veces: una, en la Fox, pero el jefazo que se iba a encargar de ello fue despedido el fin de semana de antes de comenzar el proyecto. Despu\u00e9s, en un estudio peque\u00f1o que directamente ech\u00f3 el cierre la semana previa. A esas alturas ya estaba en la lista de los mejores guiones que nunca llegar\u00edan a hacerse. Hasta que lleg\u00f3 a Carl Reiner y de ah\u00ed a su hijo Rob.<\/p>\n<p>Y se obr\u00f3 el milagro.<\/p>\n<ul>\n<li><strong>Una pel\u00edcula m\u00e1gica<\/strong><\/li>\n<\/ul>\n<p>Cuentan los que estuvieron en aquel rodaje que ah\u00ed hab\u00eda magia. A veces ocurre que se produce una conexi\u00f3n entre los miembros de un equipo especial y eso fue lo que pas\u00f3 en aquel set. <strong>Chris Sarandon <del>s\u00ed, el primer marido de Susan Sarandon<\/del>, que represent\u00f3 al malvado pr\u00edncipe Humperdynck,<\/strong> <a href=\"https:\/\/www.moviefone.com\/2012\/08\/03\/chris-sarandon-interview-fan-expo\/\" target=\"_blank\" rel=\"noopener\" target=\"_blank\">cont\u00f3 en una entrevista<\/a> que estuvieron entre 6 y 8 semanas en la campi\u00f1a inglesa antes de volver a Londres para rodar. Todo ese tiempo permanecieron juntos en el mismo peque\u00f1o hotel y dorm\u00edan, com\u00edan e iban a trabajar juntos, as\u00ed que aquello les uni\u00f3 mucho.<\/p>\n<p>Andr\u00e9 el gigante, que interpretaba a Fezzick, estaba encantado de estar ah\u00ed porque nadie le miraba de manera especial a pesar de medir 2,24 metros y haber practicado lucha libre de manera profesional. Andr\u00e9 muri\u00f3 en 1993 de un ataque al coraz\u00f3n y todos los que le conocieron hablaban de su impresionante calidad humana.<\/p>\n<figure id=\"attachment_53170\" aria-describedby=\"caption-attachment-53170\" style=\"width: 500px\" class=\"wp-caption aligncenter\"><img loading=\"lazy\" decoding=\"async\" class=\"wp-image-53170 size-full\" src=\"http:\/\/www.mamisybebes.com\/wp-content\/uploads\/sites\/12\/2017\/12\/giant-andre.gif\" alt=\"Giant Andre\" width=\"500\" height=\"244\" \/><figcaption id=\"caption-attachment-53170\" class=\"wp-caption-text\">\u00a1Y m\u00edrame!<\/figcaption><\/figure>\n<p>Cary Elwes fue elegido para el papel de Westley porque recordaba mucho a Errol Flynn.<strong> Cuenta que apenas vio a Robin Wright qued\u00f3 impactado por su presencia, tanto que no fue capaz de dar pie con bola durante la primera lectura del gui\u00f3n.<\/strong> En la lucha por el papel de Westley tambi\u00e9n estuvo Robert Redford, pero no es nada comparable con las actrices variopintas que optaron al papel de Buttercup entre las que se encontraban Meg Ryan, Sean Young, Carrie Fisher, Courteney Cox o incluso Whoopi Goldberg.<\/p>\n<h2>Cinco motivos para amar <em>La princesa prometida<\/em><\/h2>\n<p><strong>1.<\/strong> <strong>Porque cuando eres ni\u00f1o te identificas con Fred Savage<\/strong>, el ni\u00f1o al que no le gustan las historias con besos&#8230; pero cuando eres mayor te mueres por un amor como el de Westley y Buttercup.<\/p>\n<p><img loading=\"lazy\" decoding=\"async\" class=\"wp-image-53171\" src=\"http:\/\/www.mamisybebes.com\/wp-content\/uploads\/sites\/12\/2017\/12\/kissing-book.gif\" alt=\"Kissing book\" width=\"285\" height=\"192\" \/><\/p>\n<p><strong>2.<\/strong> <strong>Porque no tenemos que resignarnos a las cosas tal y como son.<\/strong> \u00cd\u00f1igo Montoya persevera para vengar a su padre. Westley no se rinde y consigue no morir con el Pirata Roberts. La princesa no se resigna a su suerte. Sabe lo que quiere, le importan un pito las riquezas y todo lo que quiere es estar con su amor.<\/p>\n<p><img loading=\"lazy\" decoding=\"async\" class=\"wp-image-53172 size-full\" src=\"http:\/\/www.mamisybebes.com\/wp-content\/uploads\/sites\/12\/2017\/12\/buttercup.gif\" alt=\"Buttercup\" width=\"268\" height=\"151\" \/><\/p>\n<p><strong>3.<\/strong> <strong>Porque los buenos siempre tienen honor, est\u00e9n en el bando que est\u00e9n<\/strong>. \u00cd\u00f1igo Montoya respeta a Westley y lucha contra \u00e9l sin aprovecharse de sus debilidades.<\/p>\n<figure id=\"attachment_53173\" aria-describedby=\"caption-attachment-53173\" style=\"width: 500px\" class=\"wp-caption aligncenter\"><img loading=\"lazy\" decoding=\"async\" class=\"wp-image-53173 size-full\" src=\"http:\/\/www.mamisybebes.com\/wp-content\/uploads\/sites\/12\/2017\/12\/inigo-montoya-1.gif\" alt=\"inigo montoya\" width=\"500\" height=\"244\" \/><figcaption id=\"caption-attachment-53173\" class=\"wp-caption-text\">\ud83d\ude07<\/figcaption><\/figure>\n<p><strong>4. Porque una historia de amor no tiene porqu\u00e9 ser una mo\u00f1ada.<\/strong> Vale, de vez en cuando nos encanta recrearnos en el chico-conoce-chica pero, \u00bfpor qu\u00e9 no poner la m\u00e1s maravillosa historia de amor en otro contexto?<\/p>\n<figure id=\"attachment_53174\" aria-describedby=\"caption-attachment-53174\" style=\"width: 500px\" class=\"wp-caption aligncenter\"><img loading=\"lazy\" decoding=\"async\" class=\"wp-image-53174 size-full\" src=\"http:\/\/www.mamisybebes.com\/wp-content\/uploads\/sites\/12\/2017\/12\/as-you-wish.gif\" alt=\"as you wish\" width=\"500\" height=\"273\" \/><figcaption id=\"caption-attachment-53174\" class=\"wp-caption-text\">\ud83d\ude0c<\/figcaption><\/figure>\n<p><strong>5. Porque en el fondo es una historia de amistad, dentro de una historia de aventura, disfrazada de historia de amor.<\/strong><\/p>\n<figure id=\"attachment_53175\" aria-describedby=\"caption-attachment-53175\" style=\"width: 500px\" class=\"wp-caption aligncenter\"><img loading=\"lazy\" decoding=\"async\" class=\"wp-image-53175 size-full\" src=\"http:\/\/www.mamisybebes.com\/wp-content\/uploads\/sites\/12\/2017\/12\/amistad.gif\" alt=\"amistad\" width=\"500\" height=\"273\" \/><figcaption id=\"caption-attachment-53175\" class=\"wp-caption-text\">\ud83d\ude33<\/figcaption><\/figure>\n<p>Lo mejor de <em>La princesa prometida<\/em> es que da igual que hayan pasado treinta a\u00f1os, da lo mismo la edad que tengas, las veces que la hayas visto que sigue siendo tan maravillosa como la primera vez. <strong>Porque hay sentimientos universales que nunca se pasan de moda.<\/strong><\/p>\n","protected":false},"author":22777,"featured_media":0,"template":"","format":"standard","categories":[18,21],"acf":[],"yoast_head":"<!-- This site is optimized with the Yoast SEO Premium plugin v18.5 (Yoast SEO v20.4) - https:\/\/yoast.com\/wordpress\/plugins\/seo\/ -->\n<title>&#039;La princesa prometida&#039; cumple 30 a\u00f1os<\/title>\n<meta name=\"description\" content=\"Porque hay sentimientos universales que nunca se pasan de moda... celebramos el cumplea\u00f1os de &#039;La princesa prometida&#039; como se merece.\" \/>\n<meta name=\"robots\" content=\"index, follow, max-snippet:-1, max-image-preview:large, max-video-preview:-1\" \/>\n<link rel=\"canonical\" href=\"https:\/\/graziamagazine.com\/es\/articles\/la-princesa-prometida-cumple-30-anos\/\" \/>\n<meta property=\"og:locale\" content=\"es_ES\" \/>\n<meta property=\"og:type\" content=\"article\" \/>\n<meta property=\"og:title\" content=\"&#039;La princesa prometida&#039; cumple 30 a\u00f1os\" \/>\n<meta property=\"og:description\" content=\"Porque hay sentimientos universales que nunca se pasan de moda...\" \/>\n<meta property=\"og:url\" content=\"https:\/\/graziamagazine.com\/es\/articles\/la-princesa-prometida-cumple-30-anos\/\" \/>\n<meta property=\"og:site_name\" content=\"Grazia\" \/>\n<meta property=\"article:modified_time\" content=\"2017-12-16T11:40:49+00:00\" \/>\n<meta property=\"og:image\" content=\"https:\/\/graziamagazine.com\/es\/wp-content\/uploads\/sites\/12\/2017\/11\/29182121\/la-princesa-prometida-01.jpg?fit=1750%2C1070\" \/>\n\t<meta property=\"og:image:width\" content=\"1750\" \/>\n\t<meta property=\"og:image:height\" content=\"1070\" \/>\n\t<meta property=\"og:image:type\" content=\"image\/jpeg\" \/>\n<meta name=\"twitter:card\" content=\"summary_large_image\" \/>\n<meta name=\"twitter:title\" content=\"&#039;La princesa prometida&#039; cumple 30 a\u00f1os\" \/>\n<meta name=\"twitter:description\" content=\"Porque hay sentimientos universales que nunca se pasan de moda...\" \/>\n<meta name=\"twitter:image\" content=\"http:\/\/s3-eu-west-1.amazonaws.com\/grazia-cdn\/wp-content\/uploads\/sites\/12\/2017\/11\/29182121\/la-princesa-prometida-01.jpg\" \/>\n<meta name=\"twitter:label1\" content=\"Est. reading time\" \/>\n\t<meta name=\"twitter:data1\" content=\"5 minutos\" \/>\n<script type=\"application\/ld+json\" class=\"yoast-schema-graph\">{\"@context\":\"https:\/\/schema.org\",\"@graph\":[{\"@type\":\"WebPage\",\"@id\":\"https:\/\/graziamagazine.com\/es\/articles\/la-princesa-prometida-cumple-30-anos\/\",\"url\":\"https:\/\/graziamagazine.com\/es\/articles\/la-princesa-prometida-cumple-30-anos\/\",\"name\":\"'La princesa prometida' cumple 30 a\u00f1os\",\"isPartOf\":{\"@id\":\"https:\/\/graziamagazine.com\/es\/#website\"},\"datePublished\":\"2017-12-16T11:40:41+00:00\",\"dateModified\":\"2017-12-16T11:40:49+00:00\",\"description\":\"Porque hay sentimientos universales que nunca se pasan de moda... celebramos el cumplea\u00f1os de 'La princesa prometida' como se merece.\",\"breadcrumb\":{\"@id\":\"https:\/\/graziamagazine.com\/es\/articles\/la-princesa-prometida-cumple-30-anos\/#breadcrumb\"},\"inLanguage\":\"es\",\"potentialAction\":[{\"@type\":\"ReadAction\",\"target\":[\"https:\/\/graziamagazine.com\/es\/articles\/la-princesa-prometida-cumple-30-anos\/\"]}]},{\"@type\":\"BreadcrumbList\",\"@id\":\"https:\/\/graziamagazine.com\/es\/articles\/la-princesa-prometida-cumple-30-anos\/#breadcrumb\",\"itemListElement\":[{\"@type\":\"ListItem\",\"position\":1,\"name\":\"Portada\",\"item\":\"https:\/\/graziamagazine.com\/es\/\"},{\"@type\":\"ListItem\",\"position\":2,\"name\":\"&#8216;La princesa prometida&#8217; cumple 30 a\u00f1os\"}]},{\"@type\":\"WebSite\",\"@id\":\"https:\/\/graziamagazine.com\/es\/#website\",\"url\":\"https:\/\/graziamagazine.com\/es\/\",\"name\":\"Grazia\",\"description\":\"Moda, belleza, celebrities, estilo de vida...\",\"potentialAction\":[{\"@type\":\"SearchAction\",\"target\":{\"@type\":\"EntryPoint\",\"urlTemplate\":\"https:\/\/graziamagazine.com\/es\/?s={search_term_string}\"},\"query-input\":\"required name=search_term_string\"}],\"inLanguage\":\"es\"}]}<\/script>\n<!-- \/ Yoast SEO Premium plugin. -->","yoast_head_json":{"title":"'La princesa prometida' cumple 30 a\u00f1os","description":"Porque hay sentimientos universales que nunca se pasan de moda... celebramos el cumplea\u00f1os de 'La princesa prometida' como se merece.","robots":{"index":"index","follow":"follow","max-snippet":"max-snippet:-1","max-image-preview":"max-image-preview:large","max-video-preview":"max-video-preview:-1"},"canonical":"https:\/\/graziamagazine.com\/es\/articles\/la-princesa-prometida-cumple-30-anos\/","og_locale":"es_ES","og_type":"article","og_title":"'La princesa prometida' cumple 30 a\u00f1os","og_description":"Porque hay sentimientos universales que nunca se pasan de moda...","og_url":"https:\/\/graziamagazine.com\/es\/articles\/la-princesa-prometida-cumple-30-anos\/","og_site_name":"Grazia","article_modified_time":"2017-12-16T11:40:49+00:00","og_image":[{"width":1750,"height":1070,"url":"https:\/\/graziamagazine.com\/es\/wp-content\/uploads\/sites\/12\/2017\/11\/29182121\/la-princesa-prometida-01.jpg?fit=1750%2C1070","type":"image\/jpeg"}],"twitter_card":"summary_large_image","twitter_title":"'La princesa prometida' cumple 30 a\u00f1os","twitter_description":"Porque hay sentimientos universales que nunca se pasan de moda...","twitter_image":"http:\/\/s3-eu-west-1.amazonaws.com\/grazia-cdn\/wp-content\/uploads\/sites\/12\/2017\/11\/29182121\/la-princesa-prometida-01.jpg","twitter_misc":{"Est. reading time":"5 minutos"},"schema":{"@context":"https:\/\/schema.org","@graph":[{"@type":"WebPage","@id":"https:\/\/graziamagazine.com\/es\/articles\/la-princesa-prometida-cumple-30-anos\/","url":"https:\/\/graziamagazine.com\/es\/articles\/la-princesa-prometida-cumple-30-anos\/","name":"'La princesa prometida' cumple 30 a\u00f1os","isPartOf":{"@id":"https:\/\/graziamagazine.com\/es\/#website"},"datePublished":"2017-12-16T11:40:41+00:00","dateModified":"2017-12-16T11:40:49+00:00","description":"Porque hay sentimientos universales que nunca se pasan de moda... celebramos el cumplea\u00f1os de 'La princesa prometida' como se merece.","breadcrumb":{"@id":"https:\/\/graziamagazine.com\/es\/articles\/la-princesa-prometida-cumple-30-anos\/#breadcrumb"},"inLanguage":"es","potentialAction":[{"@type":"ReadAction","target":["https:\/\/graziamagazine.com\/es\/articles\/la-princesa-prometida-cumple-30-anos\/"]}]},{"@type":"BreadcrumbList","@id":"https:\/\/graziamagazine.com\/es\/articles\/la-princesa-prometida-cumple-30-anos\/#breadcrumb","itemListElement":[{"@type":"ListItem","position":1,"name":"Portada","item":"https:\/\/graziamagazine.com\/es\/"},{"@type":"ListItem","position":2,"name":"&#8216;La princesa prometida&#8217; cumple 30 a\u00f1os"}]},{"@type":"WebSite","@id":"https:\/\/graziamagazine.com\/es\/#website","url":"https:\/\/graziamagazine.com\/es\/","name":"Grazia","description":"Moda, belleza, celebrities, estilo de vida...","potentialAction":[{"@type":"SearchAction","target":{"@type":"EntryPoint","urlTemplate":"https:\/\/graziamagazine.com\/es\/?s={search_term_string}"},"query-input":"required name=search_term_string"}],"inLanguage":"es"}]}},"jetpack_sharing_enabled":true,"distributor_meta":false,"distributor_terms":false,"distributor_media":false,"distributor_original_site_name":"Grazia","distributor_original_site_url":"https:\/\/graziamagazine.com\/es","push-errors":false,"_links":{"self":[{"href":"https:\/\/graziamagazine.com\/es\/wp-json\/wp\/v2\/articles\/131519"}],"collection":[{"href":"https:\/\/graziamagazine.com\/es\/wp-json\/wp\/v2\/articles"}],"about":[{"href":"https:\/\/graziamagazine.com\/es\/wp-json\/wp\/v2\/types\/articles"}],"author":[{"embeddable":true,"href":"https:\/\/graziamagazine.com\/es\/wp-json\/wp\/v2\/users\/22777"}],"wp:attachment":[{"href":"https:\/\/graziamagazine.com\/es\/wp-json\/wp\/v2\/media?parent=131519"}],"wp:term":[{"taxonomy":"category","embeddable":true,"href":"https:\/\/graziamagazine.com\/es\/wp-json\/wp\/v2\/categories?post=131519"}],"curies":[{"name":"wp","href":"https:\/\/api.w.org\/{rel}","templated":true}]}}