{"id":130329,"date":"2017-11-12T11:11:06","date_gmt":"2017-11-12T10:11:06","guid":{"rendered":"https:\/\/graziamagazine.com\/es\/?p=130329"},"modified":"2017-11-12T11:11:06","modified_gmt":"2017-11-12T10:11:06","slug":"el-nuevo-mapa-mundial-de-las-concept-stores","status":"publish","type":"articles","link":"https:\/\/graziamagazine.com\/es\/articles\/el-nuevo-mapa-mundial-de-las-concept-stores\/","title":{"rendered":"El nuevo mapa mundial de las &#8216;concept stores&#8217; que importan hoy"},"content":{"rendered":"<p><em>Por Mario Su\u00e1rez<br \/>\n<\/em><\/p>\n<p>Todas las alarmas saltaban el pasado julio en el universo de la moda. Cerraba Colette, la famosa tienda parisina, pionera en las llamadas <i>concept stores <\/i>que pueblan hoy las grandes zonas comerciales de todo el mundo. <strong>Los rumores sobre si este tipo de negocio \u2013que naci\u00f3 en 1997 en la m\u00edtica Faubourg Saint-Honor\u00e9 de la capital francesa\u2013 dejaba de ser rentable ocuparon las redes sociales.<\/strong> Sin embargo, no era ese el motivo por el que esta tienda multimarca de moda y objetos ultraseleccionados, ejemplo de lujo y dise\u00f1o, echaba el cierre. Su due\u00f1a, Colette Roussaux, anunciaba que se jubilaba, comunic\u00e1ndolo con una rom\u00e1ntica afirmaci\u00f3n: \u201cColette no puede existir sin Colette\u201d.<\/p>\n<p>El adi\u00f3s a este espacio es un ejemplo de lo que esta clase de tiendas supone para clientes y propietarios. <strong>El due\u00f1o de una <i>concept store<\/i> trabaja casi como un comisario de arte, seleccionando cada art\u00edculo personalmente;<\/strong> viajando por el mundo para encontrar las rarezas artesanales; negociando con las grandes marcas para poder comercializar sus colecciones de ediciones limitadas, y plasmando su propia personalidad a trav\u00e9s de aquello que vende. Las <i>concept stores<\/i> son la excelencia de las tiendas multiproducto, y su salud es tan buena que no hay ciudad en el mundo que no tenga ejemplos de ellas en sus principales barrios comerciales.<\/p>\n<ul>\n<li><strong>ANDREAS MURKUDIS &#8211; BERL\u00cdN<\/strong><\/li>\n<\/ul>\n<p>Fue director durante 15 a\u00f1os del Museo de las Cosas de Berl\u00edn, as\u00ed que era natural que Andreas Murkudis creara su propio espacio para exponer y vender sus \u201ccosas\u201d. As\u00ed naci\u00f3, en 2003, la <i>concept store<\/i> que lleva su nombre, primero en el barrio de Mitte y dedicada solo a mobiliario; ahora en Potsdamer Strasse, en los antiguos talleres del peri\u00f3dico Tagesspiegel, con m\u00e1s variedad de productos. Son dos grandes y relajados ambientes donde encontrar objetos y prendas seleccionadas por Andreas y su equipo, siempre buscando la tendencia. \u201cCada pieza habla de una historia \u00fanica y lleva consigo un valor \u00fanico que crece con el tiempo\u201d, cuenta. M\u00e1s de 300 marcas, desde cer\u00e1micas pintadas a mano a moda de j\u00f3venes dise\u00f1adores alemanes. \u201cEs importante tener una buena mezcla de productos y una calidad excepcional que traemos de todas partes del mundo, pero tambi\u00e9n vendemos art\u00edculos y dise\u00f1os de creadores que tienen sus talleres en Berl\u00edn\u201d, a\u00f1ade. Todo en un gran contenedor que es, en s\u00ed mismo, un lugar donde el producto brilla en solitario: \u201cSiempre busco una atm\u00f3sfera de libertad para clientes y objetos, donde ambos tienen espacio para respirar\u201d.<\/p>\n<figure id=\"attachment_130425\" aria-describedby=\"caption-attachment-130425\" style=\"width: 1750px\" class=\"wp-caption aligncenter\"><img loading=\"lazy\" decoding=\"async\" class=\"size-full wp-image-130425\" src=\"https:\/\/graziamagazine.com\/es\/wp-content\/uploads\/sites\/12\/2017\/11\/andrea-murkudis.jpg\" alt=\"\" width=\"1750\" height=\"1313\" srcset=\"https:\/\/graziamagazine.com\/es\/wp-content\/uploads\/sites\/12\/2017\/11\/andrea-murkudis.jpg 1750w, https:\/\/graziamagazine.com\/es\/wp-content\/uploads\/sites\/12\/2017\/11\/andrea-murkudis-300x225.jpg 300w, https:\/\/graziamagazine.com\/es\/wp-content\/uploads\/sites\/12\/2017\/11\/andrea-murkudis-768x576.jpg 768w, https:\/\/graziamagazine.com\/es\/wp-content\/uploads\/sites\/12\/2017\/11\/andrea-murkudis-1024x768.jpg 1024w, https:\/\/graziamagazine.com\/es\/wp-content\/uploads\/sites\/12\/2017\/11\/andrea-murkudis-720x540.jpg 720w, https:\/\/graziamagazine.com\/es\/wp-content\/uploads\/sites\/12\/2017\/11\/andrea-murkudis-1200x900.jpg 1200w, https:\/\/graziamagazine.com\/es\/wp-content\/uploads\/sites\/12\/2017\/11\/andrea-murkudis-626x470.jpg 626w, https:\/\/graziamagazine.com\/es\/wp-content\/uploads\/sites\/12\/2017\/11\/andrea-murkudis-360x270.jpg 360w\" sizes=\"(max-width: 1750px) 100vw, 1750px\" \/><figcaption id=\"caption-attachment-130425\" class=\"wp-caption-text\">Quien entra a la concept store de Andrea Murkudis, en Berl\u00edn, puede tener la seguridad de estar rodeado de piezas muy exclusivas. De hecho, todas ellas han sido selccionadas cuidadosamente alrededor del mundo, para que su espacio solo lo ocupen objetos de pura tendencia.<\/figcaption><\/figure>\n<ul>\n<li><strong>LN-CC &#8211; LONDRES<\/strong><\/li>\n<\/ul>\n<p>Cuando abri\u00f3 en 2010, los medios especializados en arquitectura y moda del Reino Unido la denominaron \u201cla tienda m\u00e1s <i>cool<\/i> del mundo\u201d. Y puede que LN-CC lo sea. Sus siglas vienen de Late Night Chameleon Caf\u00e9 y ocupa un almac\u00e9n del barrio de Dalston, en el este de Londres. Tiene aspecto de refugio de monta\u00f1a, pero all\u00ed se va a comprar moda de firmas como Saint Laurent, Acne o Marni (para \u00e9l y para ella); tambi\u00e9n libros y discos, casi siempre ediciones limitadas y rarezas que no se encuentran en el mercado ordinario. \u201cLN-CC ha crecido mucho, tenemos la necesidad de traspasar los l\u00edmites y modernizar la industria de la moda. Nuestro enfoque es impulsar las cosas hacia delante\u201d, cuenta John Skelton, fundador y director creativo de la tienda. En un espacio futurista \u2013ubicado en un antiguo gimnasio de boxeo\u2013, la madera juega con la tecnolog\u00eda, y el hecho de que el cliente entre en ella a trav\u00e9s de un t\u00fanel de nave espacial, lo convierte en una experiencia que va m\u00e1s all\u00e1 de la compra. <a href=\"http:\/\/www.ln-cc.com\/en\/home\" target=\"_blank\" rel=\"noopener\" target=\"_blank\">Su potente p\u00e1gina web<\/a> supone su expansi\u00f3n por el mundo entero.<\/p>\n<figure id=\"attachment_130432\" aria-describedby=\"caption-attachment-130432\" style=\"width: 1750px\" class=\"wp-caption aligncenter\"><img loading=\"lazy\" decoding=\"async\" class=\"size-full wp-image-130432\" src=\"https:\/\/graziamagazine.com\/es\/wp-content\/uploads\/sites\/12\/2017\/11\/ln-cc.jpg\" alt=\"\" width=\"1750\" height=\"1167\" srcset=\"https:\/\/graziamagazine.com\/es\/wp-content\/uploads\/sites\/12\/2017\/11\/ln-cc.jpg 1750w, https:\/\/graziamagazine.com\/es\/wp-content\/uploads\/sites\/12\/2017\/11\/ln-cc-300x200.jpg 300w, https:\/\/graziamagazine.com\/es\/wp-content\/uploads\/sites\/12\/2017\/11\/ln-cc-768x512.jpg 768w, https:\/\/graziamagazine.com\/es\/wp-content\/uploads\/sites\/12\/2017\/11\/ln-cc-1024x683.jpg 1024w, https:\/\/graziamagazine.com\/es\/wp-content\/uploads\/sites\/12\/2017\/11\/ln-cc-720x480.jpg 720w, https:\/\/graziamagazine.com\/es\/wp-content\/uploads\/sites\/12\/2017\/11\/ln-cc-1200x800.jpg 1200w, https:\/\/graziamagazine.com\/es\/wp-content\/uploads\/sites\/12\/2017\/11\/ln-cc-626x417.jpg 626w, https:\/\/graziamagazine.com\/es\/wp-content\/uploads\/sites\/12\/2017\/11\/ln-cc-360x240.jpg 360w\" sizes=\"(max-width: 1750px) 100vw, 1750px\" \/><figcaption id=\"caption-attachment-130432\" class=\"wp-caption-text\">El pasillo por el que acceder a LN-CC, en Londres, nos lleva a la considerada \u201cla tienda m\u00e1s cool del mundo\u201d.<\/figcaption><\/figure>\n<ul>\n<li><strong>NONOSTANTE MARRAS &#8211; MIL\u00c1N<\/strong><\/li>\n<\/ul>\n<p>Una <i>concept store<\/i> es tambi\u00e9n un lugar donde no solo se venden cosas, sino donde ocurren. Lo ten\u00eda muy claro el dise\u00f1ador italiano Antonio Marras cuando cre\u00f3, en 2012, este espacio que se escapa del concepto est\u00e9tico de este modelo comercial. \u201cAdem\u00e1s de ropa y accesorios de mi firma, se pueden encontrar libros, objetos y obras de arte. Pero, sobre todo, se trata de un espacio de encuentro. De alg\u00fan modo, es una manera de vivir toda la hospitalidad de mi isla, Alghero, en Cerde\u00f1a\u201d, dice el creador. Su est\u00e9tica marca todo, como si fuera una extensi\u00f3n de su casa, donde todo el mundo puede quedarse horas y horas. Los muebles, las l\u00e1mparas, las pinturas, las alfombras y estanter\u00edas\u2026 todo tiene una historia personal con el dise\u00f1ador. Situada en Via Cola di Rienzo, en el patio de un edificio de los a\u00f1os sesenta que antes estaba ocupado por artesanos, Marras utiliza el espacio para crear exposiciones, tomar caf\u00e9 con pastelitos sardos, hacer presentaciones de libros y encuentros musicales: \u201cAqu\u00ed la gente no puede parar de hacer cosas y se llena de energ\u00eda\u201d.<\/p>\n<figure id=\"attachment_130426\" aria-describedby=\"caption-attachment-130426\" style=\"width: 1750px\" class=\"wp-caption aligncenter\"><img loading=\"lazy\" decoding=\"async\" class=\"size-full wp-image-130426\" src=\"https:\/\/graziamagazine.com\/es\/wp-content\/uploads\/sites\/12\/2017\/11\/concept-stores-01.jpg\" alt=\"\" width=\"1750\" height=\"1070\" srcset=\"https:\/\/graziamagazine.com\/es\/wp-content\/uploads\/sites\/12\/2017\/11\/concept-stores-01.jpg 1750w, https:\/\/graziamagazine.com\/es\/wp-content\/uploads\/sites\/12\/2017\/11\/concept-stores-01-300x183.jpg 300w, https:\/\/graziamagazine.com\/es\/wp-content\/uploads\/sites\/12\/2017\/11\/concept-stores-01-768x470.jpg 768w, https:\/\/graziamagazine.com\/es\/wp-content\/uploads\/sites\/12\/2017\/11\/concept-stores-01-1024x626.jpg 1024w, https:\/\/graziamagazine.com\/es\/wp-content\/uploads\/sites\/12\/2017\/11\/concept-stores-01-695x425.jpg 695w, https:\/\/graziamagazine.com\/es\/wp-content\/uploads\/sites\/12\/2017\/11\/concept-stores-01-720x440.jpg 720w, https:\/\/graziamagazine.com\/es\/wp-content\/uploads\/sites\/12\/2017\/11\/concept-stores-01-1200x734.jpg 1200w, https:\/\/graziamagazine.com\/es\/wp-content\/uploads\/sites\/12\/2017\/11\/concept-stores-01-626x383.jpg 626w, https:\/\/graziamagazine.com\/es\/wp-content\/uploads\/sites\/12\/2017\/11\/concept-stores-01-360x220.jpg 360w\" sizes=\"(max-width: 1750px) 100vw, 1750px\" \/><figcaption id=\"caption-attachment-130426\" class=\"wp-caption-text\">En Nonostante Marras (Mil\u00e1n), no solo se compran art\u00edculos, tambi\u00e9n es un lugar donde se respira cultura.<\/figcaption><\/figure>\n<ul>\n<li><strong>WER-HAUS &#8211; BARCELONA<\/strong><\/li>\n<\/ul>\n<p>M\u00e1s de 400 metros cuadrados de local abierto en pleno barrio de L\u2019Eixample (Arag\u00f3, 287) tiene este megaespacio barcelon\u00e9s que incluye tres ambientes muy bien diferenciados: una tienda multimarca, un restaurante-caf\u00e9, as\u00ed como una galer\u00eda de arte y librer\u00eda. Abierta en 2016 por tres franceses y un catal\u00e1n apasionados del dise\u00f1o, sus paredes han acogido algunas de las exposiciones de fotograf\u00eda y obra gr\u00e1fica m\u00e1s relevantes de la Ciudad Condal. Su \u00e1rea para los m\u00e1s cafeteros resulta un aut\u00e9ntico <i>must<\/i> (\u201ccada mes organizamos eventos donde se sirve el mejor caf\u00e9 que traemos, despu\u00e9s de buscar por todo el mundo\u201d) y en su zona <i>gastro<\/i> sirven comida sana inspirada en el chef con estrella Michelin Leon Bony. El espacio de Wer-Haus lleva la firma del taller de arquitectura y dise\u00f1o LaBoquer\u00eda, jugando con una est\u00e9tica industrial y un patio de luces t\u00edpico del barrio donde se encuentra. Los muebles de Cristian Herrera Dalmau aportan, adem\u00e1s, esa paz que toda <i>concept store<\/i> se merece y que tanto agradecen quienes entran para comprar\u2026 o para dejar pasar el tiempo contemplando sus tesoros.<\/p>\n<figure id=\"attachment_130438\" aria-describedby=\"caption-attachment-130438\" style=\"width: 1750px\" class=\"wp-caption aligncenter\"><img loading=\"lazy\" decoding=\"async\" class=\"size-full wp-image-130438\" src=\"https:\/\/graziamagazine.com\/es\/wp-content\/uploads\/sites\/12\/2017\/11\/wer-haus.jpg\" alt=\"\" width=\"1750\" height=\"1168\" srcset=\"https:\/\/graziamagazine.com\/es\/wp-content\/uploads\/sites\/12\/2017\/11\/wer-haus.jpg 1750w, https:\/\/graziamagazine.com\/es\/wp-content\/uploads\/sites\/12\/2017\/11\/wer-haus-300x200.jpg 300w, https:\/\/graziamagazine.com\/es\/wp-content\/uploads\/sites\/12\/2017\/11\/wer-haus-768x513.jpg 768w, https:\/\/graziamagazine.com\/es\/wp-content\/uploads\/sites\/12\/2017\/11\/wer-haus-1024x683.jpg 1024w, https:\/\/graziamagazine.com\/es\/wp-content\/uploads\/sites\/12\/2017\/11\/wer-haus-720x481.jpg 720w, https:\/\/graziamagazine.com\/es\/wp-content\/uploads\/sites\/12\/2017\/11\/wer-haus-1200x801.jpg 1200w, https:\/\/graziamagazine.com\/es\/wp-content\/uploads\/sites\/12\/2017\/11\/wer-haus-626x418.jpg 626w, https:\/\/graziamagazine.com\/es\/wp-content\/uploads\/sites\/12\/2017\/11\/wer-haus-360x240.jpg 360w\" sizes=\"(max-width: 1750px) 100vw, 1750px\" \/><figcaption id=\"caption-attachment-130438\" class=\"wp-caption-text\">Puro minimalismo en Wer-Haus, creado por LaBoqueria.<\/figcaption><\/figure>\n<ul>\n<li><strong>PROJECT No. 8 &#8211; NUEVA YORK<\/strong><\/li>\n<\/ul>\n<p>\u201cA m\u00ed me gusta mi dinero donde pueda verlo, colgando en mi armario\u201d, dijo esa ciudadana de la Gran Manzana llamada Carrie Bradshaw, <a href=\"https:\/\/graziamagazine.com\/es\/etiqueta\/sexo-en-nueva-york\/\" target=\"_blank\" rel=\"noopener\">protagonista de <i>Sexo en Nueva York. <\/i><\/a>De esto hace ya 20 a\u00f1os, pero esta ciudad sigue siendo el mejor lugar del mundo para comprar. Para elegir entre tanta oferta, quiz\u00e1 hay que visitar barrios como el Lower East Side, en Manhattan, donde todo ocurre, donde los restaurantes son clandestinos y los artistas del futuro encuentran galer\u00eda. All\u00ed, desde 2005, cuando este barrio no era <i>hotspot<\/i> de las tendencias mundiales, ya exist\u00eda Project No. 8: una <i>concept store<\/i> que empez\u00f3 vendiendo moda europea y ha ampliado su oferta a <i>snacks<\/i> o tratamientos de belleza nicho. <strong>\u201cUn enfoque innovador en la venta puede provocar gran felicidad en el cliente\u201d,<\/strong> aseguran sus responsables. Referencia absoluta en las compras en la ciudad, aqu\u00ed el trato es casi de \u201ccolega a colega\u201d; de este modo, cuando recomienden al cliente comprar sus p\u00e1jaros tejidos a mano o sus mapas tem\u00e1ticos de Nueva York, terminar\u00e1 pasando la tarjeta de cr\u00e9dito con sumo gusto.<\/p>\n<figure id=\"attachment_130436\" aria-describedby=\"caption-attachment-130436\" style=\"width: 1750px\" class=\"wp-caption aligncenter\"><img loading=\"lazy\" decoding=\"async\" class=\"size-full wp-image-130436\" src=\"https:\/\/graziamagazine.com\/es\/wp-content\/uploads\/sites\/12\/2017\/11\/project-n8.jpg\" alt=\"\" width=\"1750\" height=\"1093\" srcset=\"https:\/\/graziamagazine.com\/es\/wp-content\/uploads\/sites\/12\/2017\/11\/project-n8.jpg 1750w, https:\/\/graziamagazine.com\/es\/wp-content\/uploads\/sites\/12\/2017\/11\/project-n8-300x187.jpg 300w, https:\/\/graziamagazine.com\/es\/wp-content\/uploads\/sites\/12\/2017\/11\/project-n8-768x480.jpg 768w, https:\/\/graziamagazine.com\/es\/wp-content\/uploads\/sites\/12\/2017\/11\/project-n8-1024x640.jpg 1024w, https:\/\/graziamagazine.com\/es\/wp-content\/uploads\/sites\/12\/2017\/11\/project-n8-720x450.jpg 720w, https:\/\/graziamagazine.com\/es\/wp-content\/uploads\/sites\/12\/2017\/11\/project-n8-1200x749.jpg 1200w, https:\/\/graziamagazine.com\/es\/wp-content\/uploads\/sites\/12\/2017\/11\/project-n8-626x391.jpg 626w, https:\/\/graziamagazine.com\/es\/wp-content\/uploads\/sites\/12\/2017\/11\/project-n8-360x225.jpg 360w\" sizes=\"(max-width: 1750px) 100vw, 1750px\" \/><figcaption id=\"caption-attachment-130436\" class=\"wp-caption-text\">La colecci\u00f3n &#8216;Birdwatching by Various Projects&#8217;, en Project No. 8 de NY.<\/figcaption><\/figure>\n<ul>\n<li><strong>EL MODERNO &#8211; MADRID<\/strong><\/li>\n<\/ul>\n<p>En la Movida madrile\u00f1a, la palabra \u201cmoderno\u201d se refer\u00eda a aquellos j\u00f3venes creativos que romp\u00edan normas con su m\u00fasica o su forma de vestir. Inspir\u00e1ndose en este t\u00e9rmino, naci\u00f3 en 2016, en el barrio de Malasa\u00f1a, El Moderno Concept Store, \u201cuna tienda en constante evoluci\u00f3n, donde la cultura y el comercio se mezclan, y que sirve tanto de escaparate para conocer los \u00faltimos productos lanzados al mercado, como para estar al d\u00eda de tendencias de moda o propuestas de estilo de vida\u201d, cuenta David Yerga, uno de sus creadores. Ocupa dos plantas de lo que fue una antigua tienda de telas: la primera para encontrar artesan\u00eda en mimbre de Javier S. Medina, papeler\u00eda de Octaevo o l\u00e1mparas de Schneid; la segunda para exponer arte o mobiliario de firmas danesas. \u201cLas <i>concept stores<\/i> son un modelo de futuro porque comprar por Internet es aburrido. Adem\u00e1s, las grandes cadenas solo se preocupan por el precio, as\u00ed que hacen falta tiendas que se integren m\u00e1s en el entorno\u201d, a\u00f1ade Yerga. Est\u00e1 claro que en Corredera Baja de San Pablo, hay que seguir siendo un moderno.<\/p>\n<figure id=\"attachment_130430\" aria-describedby=\"caption-attachment-130430\" style=\"width: 800px\" class=\"wp-caption aligncenter\"><img loading=\"lazy\" decoding=\"async\" class=\"size-full wp-image-130430\" src=\"https:\/\/graziamagazine.com\/es\/wp-content\/uploads\/sites\/12\/2017\/11\/el-moderno.jpg\" alt=\"\" width=\"800\" height=\"800\" srcset=\"https:\/\/graziamagazine.com\/es\/wp-content\/uploads\/sites\/12\/2017\/11\/el-moderno.jpg 800w, https:\/\/graziamagazine.com\/es\/wp-content\/uploads\/sites\/12\/2017\/11\/el-moderno-150x150.jpg 150w, https:\/\/graziamagazine.com\/es\/wp-content\/uploads\/sites\/12\/2017\/11\/el-moderno-300x300.jpg 300w, https:\/\/graziamagazine.com\/es\/wp-content\/uploads\/sites\/12\/2017\/11\/el-moderno-768x768.jpg 768w, https:\/\/graziamagazine.com\/es\/wp-content\/uploads\/sites\/12\/2017\/11\/el-moderno-720x720.jpg 720w, https:\/\/graziamagazine.com\/es\/wp-content\/uploads\/sites\/12\/2017\/11\/el-moderno-626x626.jpg 626w, https:\/\/graziamagazine.com\/es\/wp-content\/uploads\/sites\/12\/2017\/11\/el-moderno-360x360.jpg 360w\" sizes=\"(max-width: 800px) 100vw, 800px\" \/><figcaption id=\"caption-attachment-130430\" class=\"wp-caption-text\">El Moderno, tienda que recupera el esp\u00edritu de la Movida madrile\u00f1a.<\/figcaption><\/figure>\n<ul>\n<li><strong>MERCI &#8211; PAR\u00cdS<\/strong><\/li>\n<\/ul>\n<p>Tiene nombre de agradecimiento y, desde la entrada de un precioso edificio de 1.500 metros cuadrados del 111 Boulevard Beaumarchais, sus due\u00f1os lo proclaman. Merci naci\u00f3 en 2009 como misi\u00f3n solidaria de Bernard y Marie-France Cohen, quienes lograron que dise\u00f1adores como Yves Saint Laurent o Stella McCartney donaran los beneficios de las ventas de sus productos a proyectos educativos para ni\u00f1os de Madagascar. \u201cEsta es una empresa comercial como cualquier otra, pero est\u00e1 fundada por accionistas que, sinceramente, no son como los dem\u00e1s: solo quieren dar mil veces las gracias a todas las personas que hacen posible que este proyecto vaya adelante\u201d. El primer piso re\u00fane productos del hogar, mientras que la entreplanta acoge colecciones de moda y objetos de decoraci\u00f3n, a medio camino entre el <i>loft <\/i>neoyorquino y la mansi\u00f3n parisina. En su particular patio, se exhibe un coche 600 que van customizando seg\u00fan la \u00e9poca del a\u00f1o; probablemente sea el veh\u00edculo m\u00e1s fotografiado de todo Francia\u2026 y el que m\u00e1s <i>likes <\/i>suma en Instagram.<\/p>\n<figure id=\"attachment_130427\" aria-describedby=\"caption-attachment-130427\" style=\"width: 1000px\" class=\"wp-caption aligncenter\"><img loading=\"lazy\" decoding=\"async\" class=\"size-full wp-image-130427\" src=\"https:\/\/graziamagazine.com\/es\/wp-content\/uploads\/sites\/12\/2017\/11\/concept-stores-02.jpg\" alt=\"\" width=\"1000\" height=\"1500\" srcset=\"https:\/\/graziamagazine.com\/es\/wp-content\/uploads\/sites\/12\/2017\/11\/concept-stores-02.jpg 1000w, https:\/\/graziamagazine.com\/es\/wp-content\/uploads\/sites\/12\/2017\/11\/concept-stores-02-200x300.jpg 200w, https:\/\/graziamagazine.com\/es\/wp-content\/uploads\/sites\/12\/2017\/11\/concept-stores-02-768x1152.jpg 768w, https:\/\/graziamagazine.com\/es\/wp-content\/uploads\/sites\/12\/2017\/11\/concept-stores-02-683x1024.jpg 683w, https:\/\/graziamagazine.com\/es\/wp-content\/uploads\/sites\/12\/2017\/11\/concept-stores-02-151x227.jpg 151w, https:\/\/graziamagazine.com\/es\/wp-content\/uploads\/sites\/12\/2017\/11\/concept-stores-02-720x1080.jpg 720w, https:\/\/graziamagazine.com\/es\/wp-content\/uploads\/sites\/12\/2017\/11\/concept-stores-02-626x939.jpg 626w, https:\/\/graziamagazine.com\/es\/wp-content\/uploads\/sites\/12\/2017\/11\/concept-stores-02-157x236.jpg 157w, https:\/\/graziamagazine.com\/es\/wp-content\/uploads\/sites\/12\/2017\/11\/concept-stores-02-360x540.jpg 360w, https:\/\/graziamagazine.com\/es\/wp-content\/uploads\/sites\/12\/2017\/11\/concept-stores-02-298x448.jpg 298w, https:\/\/graziamagazine.com\/es\/wp-content\/uploads\/sites\/12\/2017\/11\/concept-stores-02-128x192.jpg 128w, https:\/\/graziamagazine.com\/es\/wp-content\/uploads\/sites\/12\/2017\/11\/concept-stores-02-364x546.jpg 364w, https:\/\/graziamagazine.com\/es\/wp-content\/uploads\/sites\/12\/2017\/11\/concept-stores-02-220x330.jpg 220w\" sizes=\"(max-width: 1000px) 100vw, 1000px\" \/><figcaption id=\"caption-attachment-130427\" class=\"wp-caption-text\">La parisina Merci: una de las tiendas con m\u00e1s personalidad y solidaridad del mundo.<\/figcaption><\/figure>\n<p><em>Art\u00edculo publicado originalmente en el n\u00famero noviembre 2017 de Shopping&amp;Style, suplemento de El Pa\u00eds.<\/em><\/p>\n","protected":false},"author":24470,"featured_media":0,"template":"","format":"standard","categories":[162,1],"acf":[],"yoast_head":"<!-- This site is optimized with the Yoast SEO Premium plugin v18.5 (Yoast SEO v20.4) - https:\/\/yoast.com\/wordpress\/plugins\/seo\/ -->\n<title>El nuevo mapa mundial de las &#039;concept stores&#039; que importan hoy<\/title>\n<meta name=\"description\" content=\"Estas concept stores a\u00fanan marcas de moda y decoraci\u00f3n nicho, ediciones limitadas de firmas de lujo, e incluso restaurantes. Y no te las debes perder.\" \/>\n<meta name=\"robots\" content=\"index, follow, max-snippet:-1, max-image-preview:large, max-video-preview:-1\" \/>\n<link rel=\"canonical\" href=\"https:\/\/graziamagazine.com\/es\/articles\/el-nuevo-mapa-mundial-de-las-concept-stores\/\" \/>\n<meta property=\"og:locale\" content=\"es_ES\" \/>\n<meta property=\"og:type\" content=\"article\" \/>\n<meta property=\"og:title\" content=\"El nuevo mapa mundial de las &#039;concept stores&#039; que importan hoy\" \/>\n<meta property=\"og:description\" content=\"Los multiespacios que a\u00fanan marcas de moda y decoraci\u00f3n nicho, ediciones limitadas de firmas de lujo, e incluso restaurantes de comida saludable, proliferan por todo el planeta.\" \/>\n<meta property=\"og:url\" content=\"https:\/\/graziamagazine.com\/es\/articles\/el-nuevo-mapa-mundial-de-las-concept-stores\/\" \/>\n<meta property=\"og:site_name\" content=\"Grazia\" \/>\n<meta property=\"og:image\" content=\"https:\/\/graziamagazine.com\/es\/wp-content\/uploads\/sites\/12\/2017\/11\/08160721\/concept-stores-01.jpg?fit=1750%2C1070\" \/>\n\t<meta property=\"og:image:width\" content=\"1750\" \/>\n\t<meta property=\"og:image:height\" content=\"1070\" \/>\n\t<meta property=\"og:image:type\" content=\"image\/jpeg\" \/>\n<meta name=\"twitter:card\" content=\"summary_large_image\" \/>\n<meta name=\"twitter:title\" content=\"El nuevo mapa mundial de las &#039;concept stores&#039; que importan hoy\" \/>\n<meta name=\"twitter:description\" content=\"Los multiespacios que a\u00fanan marcas de moda y decoraci\u00f3n nicho, ediciones limitadas de firmas de lujo, e incluso restaurantes de comida saludable, proliferan por todo el planeta.\" \/>\n<meta name=\"twitter:image\" content=\"http:\/\/s3-eu-west-1.amazonaws.com\/grazia-cdn\/wp-content\/uploads\/sites\/12\/2017\/11\/08160721\/concept-stores-01.jpg\" \/>\n<meta name=\"twitter:label1\" content=\"Est. reading time\" \/>\n\t<meta name=\"twitter:data1\" content=\"9 minutos\" \/>\n<script type=\"application\/ld+json\" class=\"yoast-schema-graph\">{\"@context\":\"https:\/\/schema.org\",\"@graph\":[{\"@type\":\"WebPage\",\"@id\":\"https:\/\/graziamagazine.com\/es\/articles\/el-nuevo-mapa-mundial-de-las-concept-stores\/\",\"url\":\"https:\/\/graziamagazine.com\/es\/articles\/el-nuevo-mapa-mundial-de-las-concept-stores\/\",\"name\":\"El nuevo mapa mundial de las 'concept stores' que importan hoy\",\"isPartOf\":{\"@id\":\"https:\/\/graziamagazine.com\/es\/#website\"},\"datePublished\":\"2017-11-12T10:11:06+00:00\",\"dateModified\":\"2017-11-12T10:11:06+00:00\",\"description\":\"Estas concept stores a\u00fanan marcas de moda y decoraci\u00f3n nicho, ediciones limitadas de firmas de lujo, e incluso restaurantes. Y no te las debes perder.\",\"breadcrumb\":{\"@id\":\"https:\/\/graziamagazine.com\/es\/articles\/el-nuevo-mapa-mundial-de-las-concept-stores\/#breadcrumb\"},\"inLanguage\":\"es\",\"potentialAction\":[{\"@type\":\"ReadAction\",\"target\":[\"https:\/\/graziamagazine.com\/es\/articles\/el-nuevo-mapa-mundial-de-las-concept-stores\/\"]}]},{\"@type\":\"BreadcrumbList\",\"@id\":\"https:\/\/graziamagazine.com\/es\/articles\/el-nuevo-mapa-mundial-de-las-concept-stores\/#breadcrumb\",\"itemListElement\":[{\"@type\":\"ListItem\",\"position\":1,\"name\":\"Portada\",\"item\":\"https:\/\/graziamagazine.com\/es\/\"},{\"@type\":\"ListItem\",\"position\":2,\"name\":\"El nuevo mapa mundial de las &#8216;concept stores&#8217; que importan hoy\"}]},{\"@type\":\"WebSite\",\"@id\":\"https:\/\/graziamagazine.com\/es\/#website\",\"url\":\"https:\/\/graziamagazine.com\/es\/\",\"name\":\"Grazia\",\"description\":\"Moda, belleza, celebrities, estilo de vida...\",\"potentialAction\":[{\"@type\":\"SearchAction\",\"target\":{\"@type\":\"EntryPoint\",\"urlTemplate\":\"https:\/\/graziamagazine.com\/es\/?s={search_term_string}\"},\"query-input\":\"required name=search_term_string\"}],\"inLanguage\":\"es\"}]}<\/script>\n<!-- \/ Yoast SEO Premium plugin. -->","yoast_head_json":{"title":"El nuevo mapa mundial de las 'concept stores' que importan hoy","description":"Estas concept stores a\u00fanan marcas de moda y decoraci\u00f3n nicho, ediciones limitadas de firmas de lujo, e incluso restaurantes. Y no te las debes perder.","robots":{"index":"index","follow":"follow","max-snippet":"max-snippet:-1","max-image-preview":"max-image-preview:large","max-video-preview":"max-video-preview:-1"},"canonical":"https:\/\/graziamagazine.com\/es\/articles\/el-nuevo-mapa-mundial-de-las-concept-stores\/","og_locale":"es_ES","og_type":"article","og_title":"El nuevo mapa mundial de las 'concept stores' que importan hoy","og_description":"Los multiespacios que a\u00fanan marcas de moda y decoraci\u00f3n nicho, ediciones limitadas de firmas de lujo, e incluso restaurantes de comida saludable, proliferan por todo el planeta.","og_url":"https:\/\/graziamagazine.com\/es\/articles\/el-nuevo-mapa-mundial-de-las-concept-stores\/","og_site_name":"Grazia","og_image":[{"width":1750,"height":1070,"url":"https:\/\/graziamagazine.com\/es\/wp-content\/uploads\/sites\/12\/2017\/11\/08160721\/concept-stores-01.jpg?fit=1750%2C1070","type":"image\/jpeg"}],"twitter_card":"summary_large_image","twitter_title":"El nuevo mapa mundial de las 'concept stores' que importan hoy","twitter_description":"Los multiespacios que a\u00fanan marcas de moda y decoraci\u00f3n nicho, ediciones limitadas de firmas de lujo, e incluso restaurantes de comida saludable, proliferan por todo el planeta.","twitter_image":"http:\/\/s3-eu-west-1.amazonaws.com\/grazia-cdn\/wp-content\/uploads\/sites\/12\/2017\/11\/08160721\/concept-stores-01.jpg","twitter_misc":{"Est. reading time":"9 minutos"},"schema":{"@context":"https:\/\/schema.org","@graph":[{"@type":"WebPage","@id":"https:\/\/graziamagazine.com\/es\/articles\/el-nuevo-mapa-mundial-de-las-concept-stores\/","url":"https:\/\/graziamagazine.com\/es\/articles\/el-nuevo-mapa-mundial-de-las-concept-stores\/","name":"El nuevo mapa mundial de las 'concept stores' que importan hoy","isPartOf":{"@id":"https:\/\/graziamagazine.com\/es\/#website"},"datePublished":"2017-11-12T10:11:06+00:00","dateModified":"2017-11-12T10:11:06+00:00","description":"Estas concept stores a\u00fanan marcas de moda y decoraci\u00f3n nicho, ediciones limitadas de firmas de lujo, e incluso restaurantes. Y no te las debes perder.","breadcrumb":{"@id":"https:\/\/graziamagazine.com\/es\/articles\/el-nuevo-mapa-mundial-de-las-concept-stores\/#breadcrumb"},"inLanguage":"es","potentialAction":[{"@type":"ReadAction","target":["https:\/\/graziamagazine.com\/es\/articles\/el-nuevo-mapa-mundial-de-las-concept-stores\/"]}]},{"@type":"BreadcrumbList","@id":"https:\/\/graziamagazine.com\/es\/articles\/el-nuevo-mapa-mundial-de-las-concept-stores\/#breadcrumb","itemListElement":[{"@type":"ListItem","position":1,"name":"Portada","item":"https:\/\/graziamagazine.com\/es\/"},{"@type":"ListItem","position":2,"name":"El nuevo mapa mundial de las &#8216;concept stores&#8217; que importan hoy"}]},{"@type":"WebSite","@id":"https:\/\/graziamagazine.com\/es\/#website","url":"https:\/\/graziamagazine.com\/es\/","name":"Grazia","description":"Moda, belleza, celebrities, estilo de vida...","potentialAction":[{"@type":"SearchAction","target":{"@type":"EntryPoint","urlTemplate":"https:\/\/graziamagazine.com\/es\/?s={search_term_string}"},"query-input":"required name=search_term_string"}],"inLanguage":"es"}]}},"jetpack_sharing_enabled":true,"distributor_meta":false,"distributor_terms":false,"distributor_media":false,"distributor_original_site_name":"Grazia","distributor_original_site_url":"https:\/\/graziamagazine.com\/es","push-errors":false,"_links":{"self":[{"href":"https:\/\/graziamagazine.com\/es\/wp-json\/wp\/v2\/articles\/130329"}],"collection":[{"href":"https:\/\/graziamagazine.com\/es\/wp-json\/wp\/v2\/articles"}],"about":[{"href":"https:\/\/graziamagazine.com\/es\/wp-json\/wp\/v2\/types\/articles"}],"author":[{"embeddable":true,"href":"https:\/\/graziamagazine.com\/es\/wp-json\/wp\/v2\/users\/24470"}],"wp:attachment":[{"href":"https:\/\/graziamagazine.com\/es\/wp-json\/wp\/v2\/media?parent=130329"}],"wp:term":[{"taxonomy":"category","embeddable":true,"href":"https:\/\/graziamagazine.com\/es\/wp-json\/wp\/v2\/categories?post=130329"}],"curies":[{"name":"wp","href":"https:\/\/api.w.org\/{rel}","templated":true}]}}