{"id":130005,"date":"2017-11-06T08:32:27","date_gmt":"2017-11-06T07:32:27","guid":{"rendered":"https:\/\/graziamagazine.com\/es\/?p=130005"},"modified":"2017-11-06T08:32:29","modified_gmt":"2017-11-06T07:32:29","slug":"los-6-bolsos-mas-fotografiados-del-street-style","status":"publish","type":"articles","link":"https:\/\/graziamagazine.com\/es\/articles\/los-6-bolsos-mas-fotografiados-del-street-style\/","title":{"rendered":"Los 6 bolsos m\u00e1s fotografiados del street style"},"content":{"rendered":"<p>Algunos te sonar\u00e1n, otros no tanto, pero ha llegado el momento de que te aprendas todos sus nombres, porque de ahora en adelante vas a verlos por todas partes. De marcas m\u00e1s que consagradas, de dise\u00f1adores que parten la pana o de peque\u00f1as firmas que prometen dar mucho que hablar, hay para todos los gustos y para (casi) todos los bolsillos. Porque son caros, s\u00ed, pero la mayor\u00eda de ellos no tienen un precio desorbitado para&#8230; lo que normalmente podemos encontrar en una firma de lujo.<\/p>\n<p>Vamos, que aqu\u00ed tienes cinco buenas inversiones&#8230;<\/p>\n<p><span style=\"text-decoration: underline;\">1. La ri\u00f1onera <em>Marmont<\/em> de <strong>Gucci<\/strong><\/span><\/p>\n<p>El n\u00famero uno, al menos en apariciones en fotograf\u00edas de <em>street style,<\/em> es sin duda la ri\u00f1onera <em>Marmont<\/em> de <a href=\"https:\/\/www.gucci.com\/es\/es\/pr\/gifts\/gifts-for-her\/handbags\/gg-marmont-matelass-leather-belt-bag-p-476434DSVRT6433?position=31&amp;listName=Handbags-EU&amp;categoryPath=Women\/Handbags\" target=\"_blank\" rel=\"noopener\" target=\"_blank\">Gucci<\/a>. S\u00ed, una ri\u00f1onera. Y s\u00ed, vuelven. O no vuelven, porque ya han vuelto, ya est\u00e1n aqu\u00ed y se han convertido en el accesorio imprescindible de la temporada. <strong>A medio camino entre el bolso y el cintur\u00f3n, muchas han sido las que lo han utilizado para ce\u00f1irse un abrigo o una chaqueta.<\/strong><\/p>\n<p>\u00bfM\u00e1s a su favor? Su precio, que son casi 800 euros, pero infinitamente menor al del resto de bolsos de la casa francesa, que pueden llegar sin inmutarse a superar los 3.000 euros. As\u00ed que el modelo de piel est\u00e1 ya agotado en las principales webs multimarca (l\u00e9ase Net-a-porter.com o MyTheresa.com).<\/p>\n<ul>\n<li>Precio: 790 \u20ac la versi\u00f3n de terciopelo y 850 \u20ac en piel.<\/li>\n<\/ul>\n<figure id=\"attachment_130038\" aria-describedby=\"caption-attachment-130038\" style=\"width: 1750px\" class=\"wp-caption aligncenter\"><img loading=\"lazy\" decoding=\"async\" class=\"wp-image-130038 size-full\" src=\"https:\/\/graziamagazine.com\/es\/wp-content\/uploads\/sites\/12\/2017\/10\/1-1-marmont-gucci.jpg\" alt=\"\" width=\"1750\" height=\"1313\" srcset=\"https:\/\/graziamagazine.com\/es\/wp-content\/uploads\/sites\/12\/2017\/10\/1-1-marmont-gucci.jpg 1750w, https:\/\/graziamagazine.com\/es\/wp-content\/uploads\/sites\/12\/2017\/10\/1-1-marmont-gucci-300x225.jpg 300w, https:\/\/graziamagazine.com\/es\/wp-content\/uploads\/sites\/12\/2017\/10\/1-1-marmont-gucci-768x576.jpg 768w, https:\/\/graziamagazine.com\/es\/wp-content\/uploads\/sites\/12\/2017\/10\/1-1-marmont-gucci-1024x768.jpg 1024w, https:\/\/graziamagazine.com\/es\/wp-content\/uploads\/sites\/12\/2017\/10\/1-1-marmont-gucci-720x540.jpg 720w, https:\/\/graziamagazine.com\/es\/wp-content\/uploads\/sites\/12\/2017\/10\/1-1-marmont-gucci-1200x900.jpg 1200w, https:\/\/graziamagazine.com\/es\/wp-content\/uploads\/sites\/12\/2017\/10\/1-1-marmont-gucci-626x470.jpg 626w, https:\/\/graziamagazine.com\/es\/wp-content\/uploads\/sites\/12\/2017\/10\/1-1-marmont-gucci-360x270.jpg 360w\" sizes=\"(max-width: 1750px) 100vw, 1750px\" \/><figcaption id=\"caption-attachment-130038\" class=\"wp-caption-text\">La ri\u00f1onera de Gucci (cintur\u00f3n con bolso, lo llaman en la web de la marca) se ha convertido en el accesorio imprescindible. \u00a9 Getty Images<\/figcaption><\/figure>\n<figure id=\"attachment_130039\" aria-describedby=\"caption-attachment-130039\" style=\"width: 1750px\" class=\"wp-caption aligncenter\"><img loading=\"lazy\" decoding=\"async\" class=\"size-full wp-image-130039\" src=\"https:\/\/graziamagazine.com\/es\/wp-content\/uploads\/sites\/12\/2017\/10\/1-3-marmont-gucci.jpg\" alt=\"\" width=\"1750\" height=\"1167\" srcset=\"https:\/\/graziamagazine.com\/es\/wp-content\/uploads\/sites\/12\/2017\/10\/1-3-marmont-gucci.jpg 1750w, https:\/\/graziamagazine.com\/es\/wp-content\/uploads\/sites\/12\/2017\/10\/1-3-marmont-gucci-300x200.jpg 300w, https:\/\/graziamagazine.com\/es\/wp-content\/uploads\/sites\/12\/2017\/10\/1-3-marmont-gucci-768x512.jpg 768w, https:\/\/graziamagazine.com\/es\/wp-content\/uploads\/sites\/12\/2017\/10\/1-3-marmont-gucci-1024x683.jpg 1024w, https:\/\/graziamagazine.com\/es\/wp-content\/uploads\/sites\/12\/2017\/10\/1-3-marmont-gucci-720x480.jpg 720w, https:\/\/graziamagazine.com\/es\/wp-content\/uploads\/sites\/12\/2017\/10\/1-3-marmont-gucci-1200x800.jpg 1200w, https:\/\/graziamagazine.com\/es\/wp-content\/uploads\/sites\/12\/2017\/10\/1-3-marmont-gucci-626x417.jpg 626w, https:\/\/graziamagazine.com\/es\/wp-content\/uploads\/sites\/12\/2017\/10\/1-3-marmont-gucci-360x240.jpg 360w\" sizes=\"(max-width: 1750px) 100vw, 1750px\" \/><figcaption id=\"caption-attachment-130039\" class=\"wp-caption-text\">\u00a1Hasta la hija de Hedvig Sagfjord tiene la suya! \u00a9 Getty Images<\/figcaption><\/figure>\n<figure id=\"attachment_130040\" aria-describedby=\"caption-attachment-130040\" style=\"width: 1750px\" class=\"wp-caption aligncenter\"><img loading=\"lazy\" decoding=\"async\" class=\"size-full wp-image-130040\" src=\"https:\/\/graziamagazine.com\/es\/wp-content\/uploads\/sites\/12\/2017\/10\/1-2-marmont-gucci-v2.jpg\" alt=\"\" width=\"1750\" height=\"1313\" srcset=\"https:\/\/graziamagazine.com\/es\/wp-content\/uploads\/sites\/12\/2017\/10\/1-2-marmont-gucci-v2.jpg 1750w, https:\/\/graziamagazine.com\/es\/wp-content\/uploads\/sites\/12\/2017\/10\/1-2-marmont-gucci-v2-300x225.jpg 300w, https:\/\/graziamagazine.com\/es\/wp-content\/uploads\/sites\/12\/2017\/10\/1-2-marmont-gucci-v2-768x576.jpg 768w, https:\/\/graziamagazine.com\/es\/wp-content\/uploads\/sites\/12\/2017\/10\/1-2-marmont-gucci-v2-1024x768.jpg 1024w, https:\/\/graziamagazine.com\/es\/wp-content\/uploads\/sites\/12\/2017\/10\/1-2-marmont-gucci-v2-720x540.jpg 720w, https:\/\/graziamagazine.com\/es\/wp-content\/uploads\/sites\/12\/2017\/10\/1-2-marmont-gucci-v2-1200x900.jpg 1200w, https:\/\/graziamagazine.com\/es\/wp-content\/uploads\/sites\/12\/2017\/10\/1-2-marmont-gucci-v2-626x470.jpg 626w, https:\/\/graziamagazine.com\/es\/wp-content\/uploads\/sites\/12\/2017\/10\/1-2-marmont-gucci-v2-360x270.jpg 360w\" sizes=\"(max-width: 1750px) 100vw, 1750px\" \/><figcaption id=\"caption-attachment-130040\" class=\"wp-caption-text\">Perfecta para ce\u00f1ir un vestido o una gabardina. \u00a9 Getty Images<\/figcaption><\/figure>\n<p><span style=\"text-decoration: underline;\">2.\u00a0El <em>Binder<\/em> de <strong>Off-White<\/strong><\/span><\/p>\n<p>El desfile de <a href=\"https:\/\/www.off---white.com\/en\/ES\" target=\"_blank\" rel=\"noopener\" target=\"_blank\">Off-White<\/a> se ha posicionado, en muy poco tiempo, como una de las citas imprescindibles del calendario de desfiles. Sus prendas desestructuradas con anillas y parches, sus cinturones amarillos llenos de logos y, sobre todo, sus bolsos, han invadido los looks de las invitadas. Concretamente, el <em>Binder,<\/em> un modelo de tama\u00f1o medio y de precio tambi\u00e9n relativamente comedido que se remata con clip.<\/p>\n<ul>\n<li>Precio: desde 750 \u20ac.<\/li>\n<\/ul>\n<figure id=\"attachment_130048\" aria-describedby=\"caption-attachment-130048\" style=\"width: 1750px\" class=\"wp-caption aligncenter\"><img loading=\"lazy\" decoding=\"async\" class=\"size-full wp-image-130048\" src=\"https:\/\/graziamagazine.com\/es\/wp-content\/uploads\/sites\/12\/2017\/10\/2-1-binder-off-white.jpg\" alt=\"\" width=\"1750\" height=\"1070\" srcset=\"https:\/\/graziamagazine.com\/es\/wp-content\/uploads\/sites\/12\/2017\/10\/2-1-binder-off-white.jpg 1750w, https:\/\/graziamagazine.com\/es\/wp-content\/uploads\/sites\/12\/2017\/10\/2-1-binder-off-white-300x183.jpg 300w, https:\/\/graziamagazine.com\/es\/wp-content\/uploads\/sites\/12\/2017\/10\/2-1-binder-off-white-768x470.jpg 768w, https:\/\/graziamagazine.com\/es\/wp-content\/uploads\/sites\/12\/2017\/10\/2-1-binder-off-white-1024x626.jpg 1024w, https:\/\/graziamagazine.com\/es\/wp-content\/uploads\/sites\/12\/2017\/10\/2-1-binder-off-white-695x425.jpg 695w, https:\/\/graziamagazine.com\/es\/wp-content\/uploads\/sites\/12\/2017\/10\/2-1-binder-off-white-720x440.jpg 720w, https:\/\/graziamagazine.com\/es\/wp-content\/uploads\/sites\/12\/2017\/10\/2-1-binder-off-white-1200x734.jpg 1200w, https:\/\/graziamagazine.com\/es\/wp-content\/uploads\/sites\/12\/2017\/10\/2-1-binder-off-white-626x383.jpg 626w, https:\/\/graziamagazine.com\/es\/wp-content\/uploads\/sites\/12\/2017\/10\/2-1-binder-off-white-360x220.jpg 360w\" sizes=\"(max-width: 1750px) 100vw, 1750px\" \/><figcaption id=\"caption-attachment-130048\" class=\"wp-caption-text\">Lo reconocer\u00e1s por su clip y por su asa estampada. \u00a9 Getty Images<\/figcaption><\/figure>\n<figure id=\"attachment_130050\" aria-describedby=\"caption-attachment-130050\" style=\"width: 1750px\" class=\"wp-caption aligncenter\"><img loading=\"lazy\" decoding=\"async\" class=\"size-full wp-image-130050\" src=\"https:\/\/graziamagazine.com\/es\/wp-content\/uploads\/sites\/12\/2017\/10\/2-2-binder-off-white.jpg\" alt=\"\" width=\"1750\" height=\"1141\" srcset=\"https:\/\/graziamagazine.com\/es\/wp-content\/uploads\/sites\/12\/2017\/10\/2-2-binder-off-white.jpg 1750w, https:\/\/graziamagazine.com\/es\/wp-content\/uploads\/sites\/12\/2017\/10\/2-2-binder-off-white-300x196.jpg 300w, https:\/\/graziamagazine.com\/es\/wp-content\/uploads\/sites\/12\/2017\/10\/2-2-binder-off-white-768x501.jpg 768w, https:\/\/graziamagazine.com\/es\/wp-content\/uploads\/sites\/12\/2017\/10\/2-2-binder-off-white-1024x668.jpg 1024w, https:\/\/graziamagazine.com\/es\/wp-content\/uploads\/sites\/12\/2017\/10\/2-2-binder-off-white-720x469.jpg 720w, https:\/\/graziamagazine.com\/es\/wp-content\/uploads\/sites\/12\/2017\/10\/2-2-binder-off-white-1200x782.jpg 1200w, https:\/\/graziamagazine.com\/es\/wp-content\/uploads\/sites\/12\/2017\/10\/2-2-binder-off-white-626x408.jpg 626w, https:\/\/graziamagazine.com\/es\/wp-content\/uploads\/sites\/12\/2017\/10\/2-2-binder-off-white-360x235.jpg 360w\" sizes=\"(max-width: 1750px) 100vw, 1750px\" \/><figcaption id=\"caption-attachment-130050\" class=\"wp-caption-text\">\u00a9 Getty Images<\/figcaption><\/figure>\n<p>3<span style=\"text-decoration: underline;\">. El <em>Ascot<\/em> de <strong>The Row<\/strong><\/span><\/p>\n<p>De la apuesta por los bolsos arrugados de The Row <a href=\"https:\/\/graziamagazine.com\/es\/moda\/de-los-creadores-del-ugly-shoe-llega-el-bolso-feo\/\" target=\"_blank\" rel=\"noopener\">ya os habl\u00e1bamos hace unos meses,<\/a> cuando se decantaban por el <em>Ascot<\/em> Dakota Johnson o Pernille Teisbaek. Pero el furor por este bolso de sat\u00e9n o terciopelo (<a href=\"https:\/\/www.mytheresa.com\/euro_en\/000954-the-ascot-leather-shoulder-bag-804192.html?catref=category\" target=\"_blank\" rel=\"noopener\" target=\"_blank\">ahora tambi\u00e9n disponible en cuero<\/a>) no ha hecho m\u00e1s que crecer, convirti\u00e9ndose en un curioso complemento para todo tipo de looks.<\/p>\n<ul>\n<li>Precio: desde 1.000 \u20ac (que ya sabemos que a las gemelas Olsen, creadoras de la firma, les gustan las cosas caras).<\/li>\n<\/ul>\n<figure id=\"attachment_130056\" aria-describedby=\"caption-attachment-130056\" style=\"width: 1750px\" class=\"wp-caption aligncenter\"><img loading=\"lazy\" decoding=\"async\" class=\"size-full wp-image-130056\" src=\"https:\/\/graziamagazine.com\/es\/wp-content\/uploads\/sites\/12\/2017\/10\/5-ascot-the-row.jpg\" alt=\"\" width=\"1750\" height=\"1313\" srcset=\"https:\/\/graziamagazine.com\/es\/wp-content\/uploads\/sites\/12\/2017\/10\/5-ascot-the-row.jpg 1750w, https:\/\/graziamagazine.com\/es\/wp-content\/uploads\/sites\/12\/2017\/10\/5-ascot-the-row-300x225.jpg 300w, https:\/\/graziamagazine.com\/es\/wp-content\/uploads\/sites\/12\/2017\/10\/5-ascot-the-row-768x576.jpg 768w, https:\/\/graziamagazine.com\/es\/wp-content\/uploads\/sites\/12\/2017\/10\/5-ascot-the-row-1024x768.jpg 1024w, https:\/\/graziamagazine.com\/es\/wp-content\/uploads\/sites\/12\/2017\/10\/5-ascot-the-row-720x540.jpg 720w, https:\/\/graziamagazine.com\/es\/wp-content\/uploads\/sites\/12\/2017\/10\/5-ascot-the-row-1200x900.jpg 1200w, https:\/\/graziamagazine.com\/es\/wp-content\/uploads\/sites\/12\/2017\/10\/5-ascot-the-row-626x470.jpg 626w, https:\/\/graziamagazine.com\/es\/wp-content\/uploads\/sites\/12\/2017\/10\/5-ascot-the-row-360x270.jpg 360w\" sizes=\"(max-width: 1750px) 100vw, 1750px\" \/><figcaption id=\"caption-attachment-130056\" class=\"wp-caption-text\">La versi\u00f3n oto\u00f1al del &#8216;Ascot&#8217; se cubre de terciopelo. \u00a9 Getty Images<\/figcaption><\/figure>\n<p><span style=\"text-decoration: underline;\">4. El <em>Pierce<\/em> de <strong>J.W. Anderson<\/strong><\/span><\/p>\n<p>Ya son varias temporadas en las que J.W. Anderson se ha posicionado como hombre favorito para crear bolsos. Tanto los ideados para su firma hom\u00f3nima, como para Loewe (hola <em>Puzzle,<\/em> aqu\u00ed te seguimos esperando).\u00a0En el caso del <em>Pierce,<\/em> est\u00e1 <a href=\"https:\/\/j-w-anderson.com\/bags\/pierce-bag.html\" target=\"_blank\" rel=\"noopener\" target=\"_blank\">disponible en todo tipo de tama\u00f1os, acabados y colores.<\/a><\/p>\n<ul>\n<li>Precio: desde 1.100 \u20ac la versi\u00f3n m\u00e1s peque\u00f1a con cadena.<\/li>\n<\/ul>\n<figure id=\"attachment_130058\" aria-describedby=\"caption-attachment-130058\" style=\"width: 1500px\" class=\"wp-caption aligncenter\"><img loading=\"lazy\" decoding=\"async\" class=\"size-full wp-image-130058\" src=\"https:\/\/graziamagazine.com\/es\/wp-content\/uploads\/sites\/12\/2017\/10\/3-1-pierce-jw-anderson.jpg\" alt=\"\" width=\"1500\" height=\"1406\" srcset=\"https:\/\/graziamagazine.com\/es\/wp-content\/uploads\/sites\/12\/2017\/10\/3-1-pierce-jw-anderson.jpg 1500w, https:\/\/graziamagazine.com\/es\/wp-content\/uploads\/sites\/12\/2017\/10\/3-1-pierce-jw-anderson-300x281.jpg 300w, https:\/\/graziamagazine.com\/es\/wp-content\/uploads\/sites\/12\/2017\/10\/3-1-pierce-jw-anderson-768x720.jpg 768w, https:\/\/graziamagazine.com\/es\/wp-content\/uploads\/sites\/12\/2017\/10\/3-1-pierce-jw-anderson-1024x960.jpg 1024w, https:\/\/graziamagazine.com\/es\/wp-content\/uploads\/sites\/12\/2017\/10\/3-1-pierce-jw-anderson-720x675.jpg 720w, https:\/\/graziamagazine.com\/es\/wp-content\/uploads\/sites\/12\/2017\/10\/3-1-pierce-jw-anderson-1200x1125.jpg 1200w, https:\/\/graziamagazine.com\/es\/wp-content\/uploads\/sites\/12\/2017\/10\/3-1-pierce-jw-anderson-626x587.jpg 626w, https:\/\/graziamagazine.com\/es\/wp-content\/uploads\/sites\/12\/2017\/10\/3-1-pierce-jw-anderson-360x337.jpg 360w\" sizes=\"(max-width: 1500px) 100vw, 1500px\" \/><figcaption id=\"caption-attachment-130058\" class=\"wp-caption-text\">El &#8216;Pierce&#8217; est\u00e1 disponible en muchos tama\u00f1os, formas y acabados. \u00a9 Getty Images<\/figcaption><\/figure>\n<figure id=\"attachment_130059\" aria-describedby=\"caption-attachment-130059\" style=\"width: 1500px\" class=\"wp-caption aligncenter\"><img loading=\"lazy\" decoding=\"async\" class=\"size-full wp-image-130059\" src=\"https:\/\/graziamagazine.com\/es\/wp-content\/uploads\/sites\/12\/2017\/10\/3-2-pierce-jw-anderson.jpg\" alt=\"\" width=\"1500\" height=\"1406\" srcset=\"https:\/\/graziamagazine.com\/es\/wp-content\/uploads\/sites\/12\/2017\/10\/3-2-pierce-jw-anderson.jpg 1500w, https:\/\/graziamagazine.com\/es\/wp-content\/uploads\/sites\/12\/2017\/10\/3-2-pierce-jw-anderson-300x281.jpg 300w, https:\/\/graziamagazine.com\/es\/wp-content\/uploads\/sites\/12\/2017\/10\/3-2-pierce-jw-anderson-768x720.jpg 768w, https:\/\/graziamagazine.com\/es\/wp-content\/uploads\/sites\/12\/2017\/10\/3-2-pierce-jw-anderson-1024x960.jpg 1024w, https:\/\/graziamagazine.com\/es\/wp-content\/uploads\/sites\/12\/2017\/10\/3-2-pierce-jw-anderson-720x675.jpg 720w, https:\/\/graziamagazine.com\/es\/wp-content\/uploads\/sites\/12\/2017\/10\/3-2-pierce-jw-anderson-1200x1125.jpg 1200w, https:\/\/graziamagazine.com\/es\/wp-content\/uploads\/sites\/12\/2017\/10\/3-2-pierce-jw-anderson-626x587.jpg 626w, https:\/\/graziamagazine.com\/es\/wp-content\/uploads\/sites\/12\/2017\/10\/3-2-pierce-jw-anderson-360x337.jpg 360w\" sizes=\"(max-width: 1500px) 100vw, 1500px\" \/><figcaption id=\"caption-attachment-130059\" class=\"wp-caption-text\">\u00a9 Getty Images<\/figcaption><\/figure>\n<p>5. El <em>Sella<\/em> de <strong>Tod\u2019s <\/strong><\/p>\n<p>La \u00faltima apuesta de <a href=\"http:\/\/www.tods.com\/es_es\/tods-touch\/presents\/tods-sellabag\/\" target=\"_blank\" rel=\"noopener\" target=\"_blank\">Tod\u2019s<\/a> es lo que llamar\u00edamos una inversi\u00f3n en toda regla: un bolso de l\u00edneas cl\u00e1sicas (vamos, que te servir\u00e1 para toda la vida), pero con toques contempor\u00e1neos que lo convierten en uno de los modelos m\u00e1s apetecibles. Tanto que ya<strong> han ca\u00eddo en sus redes Naomi Campbell, Alessandra Ambrosio, Katie Holmes, Barbara Palvin, Evangelie Smyrniotaki o Hedvig Opshaug.<\/strong><\/p>\n<ul>\n<li style=\"list-style-type: none;\">\n<ul>\n<li>Precio: desde 1.400 \u20ac.<\/li>\n<\/ul>\n<\/li>\n<\/ul>\n<figure id=\"attachment_130054\" aria-describedby=\"caption-attachment-130054\" style=\"width: 1200px\" class=\"wp-caption aligncenter\"><img loading=\"lazy\" decoding=\"async\" class=\"size-full wp-image-130054\" src=\"https:\/\/graziamagazine.com\/es\/wp-content\/uploads\/sites\/12\/2017\/10\/4-sella-tods.jpg\" alt=\"\" width=\"1200\" height=\"768\" srcset=\"https:\/\/graziamagazine.com\/es\/wp-content\/uploads\/sites\/12\/2017\/10\/4-sella-tods.jpg 1200w, https:\/\/graziamagazine.com\/es\/wp-content\/uploads\/sites\/12\/2017\/10\/4-sella-tods-300x192.jpg 300w, https:\/\/graziamagazine.com\/es\/wp-content\/uploads\/sites\/12\/2017\/10\/4-sella-tods-768x492.jpg 768w, https:\/\/graziamagazine.com\/es\/wp-content\/uploads\/sites\/12\/2017\/10\/4-sella-tods-1024x655.jpg 1024w, https:\/\/graziamagazine.com\/es\/wp-content\/uploads\/sites\/12\/2017\/10\/4-sella-tods-720x461.jpg 720w, https:\/\/graziamagazine.com\/es\/wp-content\/uploads\/sites\/12\/2017\/10\/4-sella-tods-626x401.jpg 626w, https:\/\/graziamagazine.com\/es\/wp-content\/uploads\/sites\/12\/2017\/10\/4-sella-tods-360x230.jpg 360w\" sizes=\"(max-width: 1200px) 100vw, 1200px\" \/><figcaption id=\"caption-attachment-130054\" class=\"wp-caption-text\">El &#8216;Sella&#8217; de Tod&#8217;s, un cl\u00e1sico instant\u00e1neo. \u00a9 Cortes\u00eda de Tod&#8217;s<\/figcaption><\/figure>\n<p><span style=\"text-decoration: underline;\">6. El <em>Cube Chain<\/em> de <strong>The Volon<\/strong><\/span><\/p>\n<p>Los bolsos de <a href=\"http:\/\/www.thevolon.com\" target=\"_blank\" rel=\"noopener\" target=\"_blank\">The Volon<\/a> han sido la revoluci\u00f3n de la temporada, convirti\u00e9ndose en los inesperados<strong> favoritos de Natasha Goldenberg, Miroslava Duma, Olivia Palermo, Leandra Medine o Veronika Heilbrunner.<\/strong><\/p>\n<p>La firma, que transita entre Se\u00fal y Mil\u00e1n, tiene solo tres a\u00f1os y procede del mundo de la decoraci\u00f3n y el interiorismo. Detalles que se plasman en cofres r\u00edgidos que se posicionan tambi\u00e9n como muy buenas compras; con un precio medio (de momento, <del>que esto es como la bolsa, y subir\u00e1<\/del>) no descabellado para la calidad de las piezas.<\/p>\n<ul>\n<li style=\"list-style-type: none;\">\n<ul>\n<li style=\"list-style-type: none;\">\n<ul>\n<li>Precio: desde 625 \u20ac.<\/li>\n<\/ul>\n<\/li>\n<\/ul>\n<\/li>\n<\/ul>\n<figure id=\"attachment_130035\" aria-describedby=\"caption-attachment-130035\" style=\"width: 1750px\" class=\"wp-caption aligncenter\"><img loading=\"lazy\" decoding=\"async\" class=\"size-full wp-image-130035\" src=\"https:\/\/graziamagazine.com\/es\/wp-content\/uploads\/sites\/12\/2017\/10\/6-cube-chain-the-volon.jpg\" alt=\"\" width=\"1750\" height=\"1010\" srcset=\"https:\/\/graziamagazine.com\/es\/wp-content\/uploads\/sites\/12\/2017\/10\/6-cube-chain-the-volon.jpg 1750w, https:\/\/graziamagazine.com\/es\/wp-content\/uploads\/sites\/12\/2017\/10\/6-cube-chain-the-volon-300x173.jpg 300w, https:\/\/graziamagazine.com\/es\/wp-content\/uploads\/sites\/12\/2017\/10\/6-cube-chain-the-volon-768x443.jpg 768w, https:\/\/graziamagazine.com\/es\/wp-content\/uploads\/sites\/12\/2017\/10\/6-cube-chain-the-volon-1024x591.jpg 1024w, https:\/\/graziamagazine.com\/es\/wp-content\/uploads\/sites\/12\/2017\/10\/6-cube-chain-the-volon-720x416.jpg 720w, https:\/\/graziamagazine.com\/es\/wp-content\/uploads\/sites\/12\/2017\/10\/6-cube-chain-the-volon-1200x693.jpg 1200w, https:\/\/graziamagazine.com\/es\/wp-content\/uploads\/sites\/12\/2017\/10\/6-cube-chain-the-volon-626x361.jpg 626w, https:\/\/graziamagazine.com\/es\/wp-content\/uploads\/sites\/12\/2017\/10\/6-cube-chain-the-volon-360x208.jpg 360w\" sizes=\"(max-width: 1750px) 100vw, 1750px\" \/><figcaption id=\"caption-attachment-130035\" class=\"wp-caption-text\">Veronika Heilbrunner, Camille Charriere, Natasha Goldenberg, Leandra Medine, Gilda Ambrosio y Yoyo Cao con sus &#8216;Cube Chain&#8217; de The Volon. \u00a9 Getty Images<\/figcaption><\/figure>\n<p><iframe loading=\"lazy\" style=\"border: none; overflow: hidden; height: 258px;\" src=\"\/\/www.facebook.com\/plugins\/likebox.php?href=https%3A%2F%2Fwww.facebook.com%2Fgraziaespana&amp;width&amp;height=258&amp;colorscheme=light&amp;show_faces=true&amp;header=false&amp;stream=false&amp;show_border=false&amp;appId=349017955267591\" width=\"300\" height=\"150\" frameborder=\"0\" scrolling=\"no\"><\/iframe><\/p>\n","protected":false},"author":21500,"featured_media":0,"template":"","format":"standard","categories":[1,5],"acf":[],"yoast_head":"<!-- This site is optimized with the Yoast SEO Premium plugin v18.5 (Yoast SEO v20.4) - https:\/\/yoast.com\/wordpress\/plugins\/seo\/ -->\n<title>Los 6 bolsos m\u00e1s fotografiados del street style<\/title>\n<meta name=\"description\" content=\"Algunos te sonar\u00e1n, otros no tanto, pero ha llegado el momento de que te aprendas todos sus nombres: estos son los bolsos m\u00e1s fotografiados.\" \/>\n<meta name=\"robots\" content=\"index, follow, max-snippet:-1, max-image-preview:large, max-video-preview:-1\" \/>\n<link rel=\"canonical\" href=\"https:\/\/graziamagazine.com\/es\/articles\/los-6-bolsos-mas-fotografiados-del-street-style\/\" \/>\n<meta property=\"og:locale\" content=\"es_ES\" \/>\n<meta property=\"og:type\" content=\"article\" \/>\n<meta property=\"og:title\" content=\"Los 6 bolsos m\u00e1s fotografiados del street style\" \/>\n<meta property=\"og:description\" content=\"\u00a1Qu\u00e9date con sus nombres!\" \/>\n<meta property=\"og:url\" content=\"https:\/\/graziamagazine.com\/es\/articles\/los-6-bolsos-mas-fotografiados-del-street-style\/\" \/>\n<meta property=\"og:site_name\" content=\"Grazia\" \/>\n<meta property=\"article:modified_time\" content=\"2017-11-06T07:32:29+00:00\" \/>\n<meta property=\"og:image\" content=\"https:\/\/graziamagazine.com\/es\/wp-content\/uploads\/sites\/12\/2017\/10\/30180004\/01-bolsos-mas-fotografiados.jpg?fit=1750%2C1070\" \/>\n\t<meta property=\"og:image:width\" content=\"1750\" \/>\n\t<meta property=\"og:image:height\" content=\"1070\" \/>\n\t<meta property=\"og:image:type\" content=\"image\/jpeg\" \/>\n<meta name=\"twitter:card\" content=\"summary_large_image\" \/>\n<meta name=\"twitter:title\" content=\"Los 6 bolsos m\u00e1s fotografiados del street style\" \/>\n<meta name=\"twitter:description\" content=\"\u00a1Qu\u00e9date con sus nombres!\" \/>\n<meta name=\"twitter:image\" content=\"http:\/\/s3-eu-west-1.amazonaws.com\/grazia-cdn\/wp-content\/uploads\/sites\/12\/2017\/10\/30180004\/01-bolsos-mas-fotografiados.jpg\" \/>\n<meta name=\"twitter:label1\" content=\"Est. reading time\" \/>\n\t<meta name=\"twitter:data1\" content=\"4 minutos\" \/>\n<script type=\"application\/ld+json\" class=\"yoast-schema-graph\">{\"@context\":\"https:\/\/schema.org\",\"@graph\":[{\"@type\":\"WebPage\",\"@id\":\"https:\/\/graziamagazine.com\/es\/articles\/los-6-bolsos-mas-fotografiados-del-street-style\/\",\"url\":\"https:\/\/graziamagazine.com\/es\/articles\/los-6-bolsos-mas-fotografiados-del-street-style\/\",\"name\":\"Los 6 bolsos m\u00e1s fotografiados del street style\",\"isPartOf\":{\"@id\":\"https:\/\/graziamagazine.com\/es\/#website\"},\"datePublished\":\"2017-11-06T07:32:27+00:00\",\"dateModified\":\"2017-11-06T07:32:29+00:00\",\"description\":\"Algunos te sonar\u00e1n, otros no tanto, pero ha llegado el momento de que te aprendas todos sus nombres: estos son los bolsos m\u00e1s fotografiados.\",\"breadcrumb\":{\"@id\":\"https:\/\/graziamagazine.com\/es\/articles\/los-6-bolsos-mas-fotografiados-del-street-style\/#breadcrumb\"},\"inLanguage\":\"es\",\"potentialAction\":[{\"@type\":\"ReadAction\",\"target\":[\"https:\/\/graziamagazine.com\/es\/articles\/los-6-bolsos-mas-fotografiados-del-street-style\/\"]}]},{\"@type\":\"BreadcrumbList\",\"@id\":\"https:\/\/graziamagazine.com\/es\/articles\/los-6-bolsos-mas-fotografiados-del-street-style\/#breadcrumb\",\"itemListElement\":[{\"@type\":\"ListItem\",\"position\":1,\"name\":\"Portada\",\"item\":\"https:\/\/graziamagazine.com\/es\/\"},{\"@type\":\"ListItem\",\"position\":2,\"name\":\"Los 6 bolsos m\u00e1s fotografiados del street style\"}]},{\"@type\":\"WebSite\",\"@id\":\"https:\/\/graziamagazine.com\/es\/#website\",\"url\":\"https:\/\/graziamagazine.com\/es\/\",\"name\":\"Grazia\",\"description\":\"Moda, belleza, celebrities, estilo de vida...\",\"potentialAction\":[{\"@type\":\"SearchAction\",\"target\":{\"@type\":\"EntryPoint\",\"urlTemplate\":\"https:\/\/graziamagazine.com\/es\/?s={search_term_string}\"},\"query-input\":\"required name=search_term_string\"}],\"inLanguage\":\"es\"}]}<\/script>\n<!-- \/ Yoast SEO Premium plugin. -->","yoast_head_json":{"title":"Los 6 bolsos m\u00e1s fotografiados del street style","description":"Algunos te sonar\u00e1n, otros no tanto, pero ha llegado el momento de que te aprendas todos sus nombres: estos son los bolsos m\u00e1s fotografiados.","robots":{"index":"index","follow":"follow","max-snippet":"max-snippet:-1","max-image-preview":"max-image-preview:large","max-video-preview":"max-video-preview:-1"},"canonical":"https:\/\/graziamagazine.com\/es\/articles\/los-6-bolsos-mas-fotografiados-del-street-style\/","og_locale":"es_ES","og_type":"article","og_title":"Los 6 bolsos m\u00e1s fotografiados del street style","og_description":"\u00a1Qu\u00e9date con sus nombres!","og_url":"https:\/\/graziamagazine.com\/es\/articles\/los-6-bolsos-mas-fotografiados-del-street-style\/","og_site_name":"Grazia","article_modified_time":"2017-11-06T07:32:29+00:00","og_image":[{"width":1750,"height":1070,"url":"https:\/\/graziamagazine.com\/es\/wp-content\/uploads\/sites\/12\/2017\/10\/30180004\/01-bolsos-mas-fotografiados.jpg?fit=1750%2C1070","type":"image\/jpeg"}],"twitter_card":"summary_large_image","twitter_title":"Los 6 bolsos m\u00e1s fotografiados del street style","twitter_description":"\u00a1Qu\u00e9date con sus nombres!","twitter_image":"http:\/\/s3-eu-west-1.amazonaws.com\/grazia-cdn\/wp-content\/uploads\/sites\/12\/2017\/10\/30180004\/01-bolsos-mas-fotografiados.jpg","twitter_misc":{"Est. reading time":"4 minutos"},"schema":{"@context":"https:\/\/schema.org","@graph":[{"@type":"WebPage","@id":"https:\/\/graziamagazine.com\/es\/articles\/los-6-bolsos-mas-fotografiados-del-street-style\/","url":"https:\/\/graziamagazine.com\/es\/articles\/los-6-bolsos-mas-fotografiados-del-street-style\/","name":"Los 6 bolsos m\u00e1s fotografiados del street style","isPartOf":{"@id":"https:\/\/graziamagazine.com\/es\/#website"},"datePublished":"2017-11-06T07:32:27+00:00","dateModified":"2017-11-06T07:32:29+00:00","description":"Algunos te sonar\u00e1n, otros no tanto, pero ha llegado el momento de que te aprendas todos sus nombres: estos son los bolsos m\u00e1s fotografiados.","breadcrumb":{"@id":"https:\/\/graziamagazine.com\/es\/articles\/los-6-bolsos-mas-fotografiados-del-street-style\/#breadcrumb"},"inLanguage":"es","potentialAction":[{"@type":"ReadAction","target":["https:\/\/graziamagazine.com\/es\/articles\/los-6-bolsos-mas-fotografiados-del-street-style\/"]}]},{"@type":"BreadcrumbList","@id":"https:\/\/graziamagazine.com\/es\/articles\/los-6-bolsos-mas-fotografiados-del-street-style\/#breadcrumb","itemListElement":[{"@type":"ListItem","position":1,"name":"Portada","item":"https:\/\/graziamagazine.com\/es\/"},{"@type":"ListItem","position":2,"name":"Los 6 bolsos m\u00e1s fotografiados del street style"}]},{"@type":"WebSite","@id":"https:\/\/graziamagazine.com\/es\/#website","url":"https:\/\/graziamagazine.com\/es\/","name":"Grazia","description":"Moda, belleza, celebrities, estilo de vida...","potentialAction":[{"@type":"SearchAction","target":{"@type":"EntryPoint","urlTemplate":"https:\/\/graziamagazine.com\/es\/?s={search_term_string}"},"query-input":"required name=search_term_string"}],"inLanguage":"es"}]}},"jetpack_sharing_enabled":true,"distributor_meta":false,"distributor_terms":false,"distributor_media":false,"distributor_original_site_name":"Grazia","distributor_original_site_url":"https:\/\/graziamagazine.com\/es","push-errors":false,"_links":{"self":[{"href":"https:\/\/graziamagazine.com\/es\/wp-json\/wp\/v2\/articles\/130005"}],"collection":[{"href":"https:\/\/graziamagazine.com\/es\/wp-json\/wp\/v2\/articles"}],"about":[{"href":"https:\/\/graziamagazine.com\/es\/wp-json\/wp\/v2\/types\/articles"}],"author":[{"embeddable":true,"href":"https:\/\/graziamagazine.com\/es\/wp-json\/wp\/v2\/users\/21500"}],"wp:attachment":[{"href":"https:\/\/graziamagazine.com\/es\/wp-json\/wp\/v2\/media?parent=130005"}],"wp:term":[{"taxonomy":"category","embeddable":true,"href":"https:\/\/graziamagazine.com\/es\/wp-json\/wp\/v2\/categories?post=130005"}],"curies":[{"name":"wp","href":"https:\/\/api.w.org\/{rel}","templated":true}]}}