{"id":129317,"date":"2017-10-16T11:56:02","date_gmt":"2017-10-16T09:56:02","guid":{"rendered":"https:\/\/graziamagazine.com\/es\/?p=129317"},"modified":"2017-10-16T11:59:49","modified_gmt":"2017-10-16T09:59:49","slug":"boda-alicia-vikander-michael-fassbender","status":"publish","type":"articles","link":"https:\/\/graziamagazine.com\/es\/articles\/boda-alicia-vikander-michael-fassbender\/","title":{"rendered":"El se\u00f1or y la se\u00f1ora Fassbender s\u00ed que saben c\u00f3mo celebrar una boda"},"content":{"rendered":"<p><a href=\"https:\/\/graziamagazine.com\/es\/etiqueta\/alicia-vikander\/\" target=\"_blank\" rel=\"noopener\"><strong>Alicia Vikander<\/strong><\/a> y <a href=\"https:\/\/graziamagazine.com\/es\/etiqueta\/michael-fassbender\/\" target=\"_blank\" rel=\"noopener\"><strong>Michael Fassbender<\/strong><\/a> ya son marido y mujer. Y s\u00ed, por supuesto que me alegro por ellos. Aunque por otro lado me da pena que yo ya no pueda casarme con \u00e9l <del>por lo menos en sus primera nupcias, ejem,ejem<\/del>. Fantas\u00edas sentimentales al margen, la boda del a\u00f1o en Hollywood ha sido de todo menos eso.<\/p>\n<figure id=\"attachment_129324\" aria-describedby=\"caption-attachment-129324\" style=\"width: 1750px\" class=\"wp-caption aligncenter\"><img loading=\"lazy\" decoding=\"async\" class=\"size-full wp-image-129324\" src=\"https:\/\/graziamagazine.com\/es\/wp-content\/uploads\/sites\/12\/2017\/10\/boda-fassbender.jpg\" alt=\"\" width=\"1750\" height=\"1167\" srcset=\"https:\/\/graziamagazine.com\/es\/wp-content\/uploads\/sites\/12\/2017\/10\/boda-fassbender.jpg 1750w, https:\/\/graziamagazine.com\/es\/wp-content\/uploads\/sites\/12\/2017\/10\/boda-fassbender-300x200.jpg 300w, https:\/\/graziamagazine.com\/es\/wp-content\/uploads\/sites\/12\/2017\/10\/boda-fassbender-768x512.jpg 768w, https:\/\/graziamagazine.com\/es\/wp-content\/uploads\/sites\/12\/2017\/10\/boda-fassbender-1024x683.jpg 1024w, https:\/\/graziamagazine.com\/es\/wp-content\/uploads\/sites\/12\/2017\/10\/boda-fassbender-720x480.jpg 720w, https:\/\/graziamagazine.com\/es\/wp-content\/uploads\/sites\/12\/2017\/10\/boda-fassbender-1200x800.jpg 1200w, https:\/\/graziamagazine.com\/es\/wp-content\/uploads\/sites\/12\/2017\/10\/boda-fassbender-626x417.jpg 626w, https:\/\/graziamagazine.com\/es\/wp-content\/uploads\/sites\/12\/2017\/10\/boda-fassbender-360x240.jpg 360w\" sizes=\"(max-width: 1750px) 100vw, 1750px\" \/><figcaption id=\"caption-attachment-129324\" class=\"wp-caption-text\">Normal que hasta los fot\u00f3grafos les miren con envidia. \u00a9 Getty Images<\/figcaption><\/figure>\n<p>Mientras yo esperaba medidas de seguridad extremas rodeando un castillo de ensue\u00f1o en pleno sur de Francia, de repente Alicia y Michael <del>as\u00ed los llamamos los amigos<\/del> nos sorprenden con una boda de lo m\u00e1s sencilla y natural. \u00bfD\u00f3nde? En Ibiza. \u00bfCu\u00e1ndo? <a href=\"https:\/\/graziamagazine.com\/es\/lifestyle\/ventajas-celebrar-boda-en-otono\/\" target=\"_blank\" rel=\"noopener\">En octubre, que es temporada baja<\/a> y sale m\u00e1s barato. \u00bfC\u00f3mo? Pues reservando una finca\u00a0e invitando a amigos y familiares. Y no estoy de broma. La feliz pareja reuni\u00f3 a todos sus invitados en la isla pitiusa y les prepar\u00f3 una preboda y una postboda de lo m\u00e1s informal. [La boda no sabemos porque no se ha filtrado (a\u00fan) ninguna fotograf\u00eda de la misma.]<\/p>\n<ul>\n<li><strong>Mr. &amp; Mrs. Fassbender<\/strong><\/li>\n<\/ul>\n<p>Aunque pueda parecerte mentira, Alicia y Michael pasaron sus \u00faltimas horas como solteros en ba\u00f1ador y compartiendo risas, abrazos y muchas copas con sus amigos en un barco en alta mar. Y as\u00ed, como si la cosa no fuera con ella, la actriz hac\u00eda su aparici\u00f3n en el embarcadero que la llevar\u00eda a su <em>prewedding<\/em> con un vestido blanco de la firma Zimmermann, de clara inspiraci\u00f3n adlib. <del>Cuyo precio es de 860 euros, que para eso es millonaria.<\/del><\/p>\n<blockquote class=\"instagram-media\" style=\"background: #FFF; border: 0; border-radius: 3px; box-shadow: 0 0 1px 0 rgba(0,0,0,0.5),0 1px 10px 0 rgba(0,0,0,0.15); margin: 1px; max-width: 658px; padding: 0; width: calc(100% - 2px);\" data-instgrm-captioned=\"\" data-instgrm-version=\"7\">\n<div style=\"padding: 8px;\">\n<div style=\"background: #F8F8F8; line-height: 0; margin-top: 40px; padding: 50.0% 0; text-align: center; width: 100%;\">\u00a0<\/div>\n<p style=\"margin: 8px 0 0 0; padding: 0 4px;\"><a href=\"https:\/\/www.instagram.com\/p\/BaS_svTHpl8\/\"style=\"color: #000; font-family: Arial,sans-serif; font-size: 14px; font-style: normal; font-weight: normal; line-height: 17px; text-decoration: none; word-wrap: break-word;\"  target=\"_blank\" rel=\"noopener\" target=\"_blank\">Alicia at beach in Ibiza. || Oct. 13, 2017 \u2764\ufe0f<\/a><\/p>\n<p style=\"color: #c9c8cd; font-family: Arial,sans-serif; font-size: 14px; line-height: 17px; margin-bottom: 0; margin-top: 8px; overflow: hidden; padding: 8px 0 7px; text-align: center; text-overflow: ellipsis; white-space: nowrap;\">Una publicaci\u00f3n compartida de Alicia vikander Fan (@aliciavikander.fan) el <time style=\"font-family: Arial,sans-serif; font-size: 14px; line-height: 17px;\" datetime=\"2017-10-16T05:15:26+00:00\">15 de Oct de 2017 a la(s) 10:15 PDT<\/time><\/p>\n<\/div>\n<\/blockquote>\n<p><script async defer src=\"\/\/platform.instagram.com\/en_US\/embeds.js\"><\/script><\/p>\n<p>Estupend\u00edsima ella con unas gafas de sol de corazones, Alicia subi\u00f3 a bordo de un catamar\u00e1n en el que la esperaban amigos, familiares y su futuro marido, Michael Fassbender. \u00bfY c\u00f3mo iba vestido \u00e9l? Pues con bermudas y camisa abierta. Como tu padre cuando vais de vacaciones a Benidorm, solo que con abdominales.<\/p>\n<blockquote class=\"instagram-media\" style=\"background: #FFF; border: 0; border-radius: 3px; box-shadow: 0 0 1px 0 rgba(0,0,0,0.5),0 1px 10px 0 rgba(0,0,0,0.15); margin: 1px; max-width: 658px; padding: 0; width: calc(100% - 2px);\" data-instgrm-captioned=\"\" data-instgrm-version=\"7\">\n<div style=\"padding: 8px;\">\n<div style=\"background: #F8F8F8; line-height: 0; margin-top: 40px; padding: 50% 0; text-align: center; width: 100%;\">\u00a0<\/div>\n<p style=\"margin: 8px 0 0 0; padding: 0 4px;\"><a href=\"https:\/\/www.instagram.com\/p\/BaQx2LJhSsJ\/\"style=\"color: #000; font-family: Arial,sans-serif; font-size: 14px; font-style: normal; font-weight: normal; line-height: 17px; text-decoration: none; word-wrap: break-word;\"  target=\"_blank\" rel=\"noopener\" target=\"_blank\">\u0421\u043b\u0430\u0434\u043a\u0430\u044f \u043f\u0430\u0440\u043e\u0447\u043a\u0430\ud83d\udc94\ud83d\udc94\ud83d\udc94\u041c\u0430\u0439\u043a\u043b \u0424\u0430\u0441\u0441\u0431\u0435\u043d\u0434\u0435\u0440 \u0438 \u0410\u043b\u0438\u0441\u0438\u044f \u0412\u0438\u043a\u0430\u043d\u0434\u0435\u0440 \u043e\u0442\u0434\u044b\u0445\u0430\u044e\u0442 \u043d\u0430 \u0418\u0431\u0438\u0446\u0435\ud83d\udc8f\ud83d\udc8f \u041d\u0435\u043a\u043e\u0442\u043e\u0440\u044b\u0435 \u0434\u0430\u0436\u0435 \u0441\u0447\u0438\u0442\u0430\u044e\u0442, \u0447\u0442\u043e \u0432\u043b\u044e\u0431\u043b\u0451\u043d\u043d\u044b\u0435 \u0441\u044b\u0433\u0440\u0430\u043b\u0438 \u0442\u0430\u043c \u0442\u0430\u0439\u043d\u0443\u044e \u0441\u0432\u0430\u0434\u044c\u0431\u0443 \ud83d\udd25 \u0416\u0434\u0451\u043c \u043e\u0444\u0438\u0446\u0438\u0430\u043b\u044c\u043d\u043e\u0433\u043e \u043f\u043e\u0434\u0442\u0432\u0435\u0440\u0436\u0434\u0435\u043d\u0438\u044f \ud83c\udf8a #michaelfassbender #aliciavikander #lovestory #celebrity #ibiza<\/a><\/p>\n<p style=\"color: #c9c8cd; font-family: Arial,sans-serif; font-size: 14px; line-height: 17px; margin-bottom: 0; margin-top: 8px; overflow: hidden; padding: 8px 0 7px; text-align: center; text-overflow: ellipsis; white-space: nowrap;\">Una publicaci\u00f3n compartida de PE\u272aPLETALK.RU (@peopletalkru) el <time style=\"font-family: Arial,sans-serif; font-size: 14px; line-height: 17px;\" datetime=\"2017-10-15T08:35:54+00:00\">15 de Oct de 2017 a la(s) 1:35 PDT<\/time><\/p>\n<\/div>\n<\/blockquote>\n<p><script async defer src=\"\/\/platform.instagram.com\/en_US\/embeds.js\"><\/script><\/p>\n<p>Chapuz\u00f3n por aqu\u00ed, chapuz\u00f3n por all\u00e1, paradita t\u00e9cnica para comer en el restaurante Yemanja y vuelta a tierra firme para prepararse para el gran d\u00eda. Y tras un enlace del que nadie sabe nada, al d\u00eda siguiente los flamantes reci\u00e9n casados ofrecieron un <em>brunch<\/em> postresaca para sus invitados en un restaurante a pie de playa. De nuevo, pura informalidad. Y si no, aqu\u00ed tienes la prueba.<\/p>\n<blockquote class=\"instagram-media\" style=\"background: #FFF; border: 0; border-radius: 3px; box-shadow: 0 0 1px 0 rgba(0,0,0,0.5),0 1px 10px 0 rgba(0,0,0,0.15); margin: 1px; max-width: 658px; padding: 0; width: calc(100% - 2px);\" data-instgrm-captioned=\"\" data-instgrm-version=\"7\">\n<div style=\"padding: 8px;\">\n<div style=\"background: #F8F8F8; line-height: 0; margin-top: 40px; padding: 50.0% 0; text-align: center; width: 100%;\">\u00a0<\/div>\n<p style=\"margin: 8px 0 0 0; padding: 0 4px;\"><a href=\"https:\/\/www.instagram.com\/p\/BaS8w78grHC\/\"style=\"color: #000; font-family: Arial,sans-serif; font-size: 14px; font-style: normal; font-weight: normal; line-height: 17px; text-decoration: none; word-wrap: break-word;\"  target=\"_blank\" rel=\"noopener\" target=\"_blank\">NEW: #AliciaVikander and #MichaelFassbender (or should I say Mr. &amp; Mrs. Fassbender?) after their wedding in Ibiza. And now, you can see Michael\u2019s ring!<\/a><\/p>\n<p style=\"color: #c9c8cd; font-family: Arial,sans-serif; font-size: 14px; line-height: 17px; margin-bottom: 0; margin-top: 8px; overflow: hidden; padding: 8px 0 7px; text-align: center; text-overflow: ellipsis; white-space: nowrap;\">Una publicaci\u00f3n compartida de Alicia Vikander (@aliciavikanderfrance) el <time style=\"font-family: Arial,sans-serif; font-size: 14px; line-height: 17px;\" datetime=\"2017-10-16T04:49:47+00:00\">15 de Oct de 2017 a la(s) 9:49 PDT<\/time><\/p>\n<\/div>\n<\/blockquote>\n<p><script async defer src=\"\/\/platform.instagram.com\/en_US\/embeds.js\"><\/script><\/p>\n<p>Cerveza en mano, luciendo anillo y con una camisa hawaiana con camiseta blanca debajo <del>nunca te lo perdonar\u00e9 Fassbender<\/del>, Michael presum\u00eda de sonrisa perfecta mientras su mujer volv\u00eda a darnos una lecci\u00f3n de estilo.<\/p>\n<blockquote class=\"instagram-media\" style=\"background: #FFF; border: 0; border-radius: 3px; box-shadow: 0 0 1px 0 rgba(0,0,0,0.5),0 1px 10px 0 rgba(0,0,0,0.15); margin: 1px; max-width: 658px; padding: 0; width: calc(100% - 2px);\" data-instgrm-captioned=\"\" data-instgrm-version=\"7\">\n<div style=\"padding: 8px;\">\n<div style=\"background: #F8F8F8; line-height: 0; margin-top: 40px; padding: 50% 0; text-align: center; width: 100%;\">\u00a0<\/div>\n<p style=\"margin: 8px 0 0 0; padding: 0 4px;\"><a href=\"https:\/\/www.instagram.com\/p\/BaS1J5UDWqJ\/\"style=\"color: #000; font-family: Arial,sans-serif; font-size: 14px; font-style: normal; font-weight: normal; line-height: 17px; text-decoration: none; word-wrap: break-word;\"  target=\"_blank\" rel=\"noopener\" target=\"_blank\">\u2013 NEW | Alicia with Michael and friends in Ibiza on October 14, 2017! | Ahh omg look!! you can see the ring! \ud83d\ude0d #aliciavikander<\/a><\/p>\n<p style=\"color: #c9c8cd; font-family: Arial,sans-serif; font-size: 14px; line-height: 17px; margin-bottom: 0; margin-top: 8px; overflow: hidden; padding: 8px 0 7px; text-align: center; text-overflow: ellipsis; white-space: nowrap;\">Una publicaci\u00f3n compartida de Alicia Vikander Updates (@aliciaviknders) el <time style=\"font-family: Arial,sans-serif; font-size: 14px; line-height: 17px;\" datetime=\"2017-10-16T03:43:18+00:00\">15 de Oct de 2017 a la(s) 8:43 PDT<\/time><\/p>\n<\/div>\n<\/blockquote>\n<p><script async defer src=\"\/\/platform.instagram.com\/en_US\/embeds.js\"><\/script><\/p>\n<ul>\n<li><strong>T\u00fa tambi\u00e9n te puedes casar al estilo Fassbender Vikander<\/strong><\/li>\n<\/ul>\n<p>Y precisamente por eso es por lo que me ha encantado esta boda. Porque no es una boda irreal. Porque si quisi\u00e9ramos, nosotras tambi\u00e9n podr\u00edamos dar el &#8216;s\u00ed, quiero&#8217; de la misma manera, aunque ajustando presupuesto. \u00bfCu\u00e1ntas fincas no habr\u00e1 en Ibiza para alquilar? \u00bfY un barquito cuqui en el que quep\u00e1is todos aunque sea unos encima de otros? \u00bfQui\u00e9n no puede invitarse a unas cervezas en la playa por su boda? Resumiendo, celebro muy mucho que esta pareja haya decidido celebrar su boda alejada de las pretensiones y los c\u00e1nones establecidos por Hollywood. Chap\u00f3.<\/p>\n<p><iframe loading=\"lazy\" style=\"border: none; overflow: hidden; height: 258px;\" src=\"\/\/www.facebook.com\/plugins\/likebox.php?href=https%3A%2F%2Fwww.facebook.com%2Fgraziaespana&amp;width&amp;height=258&amp;colorscheme=light&amp;show_faces=true&amp;header=false&amp;stream=false&amp;show_border=false&amp;appId=349017955267591\" width=\"300\" height=\"150\" frameborder=\"0\" scrolling=\"no\"><\/iframe><\/p>\n","protected":false},"author":13931,"featured_media":0,"template":"","format":"standard","categories":[14,13],"acf":[],"yoast_head":"<!-- This site is optimized with the Yoast SEO Premium plugin v18.5 (Yoast SEO v20.4) - https:\/\/yoast.com\/wordpress\/plugins\/seo\/ -->\n<title>El se\u00f1or y la se\u00f1ora Fassbender s\u00ed que saben c\u00f3mo celebrar una boda<\/title>\n<meta name=\"description\" content=\"Alicia Vikander y Michael Fassbender han echado por tierra los estereotipos de boda &#039;made in Hollywood&#039; y nosotras brindamos por ello (y por ellos).\" \/>\n<meta name=\"robots\" content=\"index, follow, max-snippet:-1, max-image-preview:large, max-video-preview:-1\" \/>\n<link rel=\"canonical\" href=\"https:\/\/graziamagazine.com\/es\/articles\/boda-alicia-vikander-michael-fassbender\/\" \/>\n<meta property=\"og:locale\" content=\"es_ES\" \/>\n<meta property=\"og:type\" content=\"article\" \/>\n<meta property=\"og:title\" content=\"El se\u00f1or y la se\u00f1ora Fassbender s\u00ed que saben c\u00f3mo celebrar una boda\" \/>\n<meta property=\"og:description\" content=\"Alicia Vikander y Michael Fassbender han echado por tierra los estereotipos de boda&#039; made in Hollywood&#039; y nosotras brindamos por ello (y por ellos).\" \/>\n<meta property=\"og:url\" content=\"https:\/\/graziamagazine.com\/es\/articles\/boda-alicia-vikander-michael-fassbender\/\" \/>\n<meta property=\"og:site_name\" content=\"Grazia\" \/>\n<meta property=\"article:modified_time\" content=\"2017-10-16T09:59:49+00:00\" \/>\n<meta property=\"og:image\" content=\"https:\/\/graziamagazine.com\/es\/wp-content\/uploads\/sites\/12\/2017\/10\/16112218\/695x4254.jpg?fit=695%2C425\" \/>\n\t<meta property=\"og:image:width\" content=\"695\" \/>\n\t<meta property=\"og:image:height\" content=\"425\" \/>\n\t<meta property=\"og:image:type\" content=\"image\/jpeg\" \/>\n<meta name=\"twitter:card\" content=\"summary_large_image\" \/>\n<meta name=\"twitter:title\" content=\"El se\u00f1or y la se\u00f1ora Fassbender s\u00ed que saben c\u00f3mo celebrar una boda\" \/>\n<meta name=\"twitter:description\" content=\"Alicia Vikander y Michael Fassbender han echado por tierra los estereotipos de boda &#039;made in Hollywood&#039; y nosotras brindamos por ello (y por ellos).\" \/>\n<meta name=\"twitter:image\" content=\"http:\/\/s3-eu-west-1.amazonaws.com\/grazia-cdn\/wp-content\/uploads\/sites\/12\/2017\/10\/16112218\/695x4254.jpg\" \/>\n<meta name=\"twitter:label1\" content=\"Est. reading time\" \/>\n\t<meta name=\"twitter:data1\" content=\"3 minutos\" \/>\n<script type=\"application\/ld+json\" class=\"yoast-schema-graph\">{\"@context\":\"https:\/\/schema.org\",\"@graph\":[{\"@type\":\"WebPage\",\"@id\":\"https:\/\/graziamagazine.com\/es\/articles\/boda-alicia-vikander-michael-fassbender\/\",\"url\":\"https:\/\/graziamagazine.com\/es\/articles\/boda-alicia-vikander-michael-fassbender\/\",\"name\":\"El se\u00f1or y la se\u00f1ora Fassbender s\u00ed que saben c\u00f3mo celebrar una boda\",\"isPartOf\":{\"@id\":\"https:\/\/graziamagazine.com\/es\/#website\"},\"datePublished\":\"2017-10-16T09:56:02+00:00\",\"dateModified\":\"2017-10-16T09:59:49+00:00\",\"description\":\"Alicia Vikander y Michael Fassbender han echado por tierra los estereotipos de boda 'made in Hollywood' y nosotras brindamos por ello (y por ellos).\",\"breadcrumb\":{\"@id\":\"https:\/\/graziamagazine.com\/es\/articles\/boda-alicia-vikander-michael-fassbender\/#breadcrumb\"},\"inLanguage\":\"es\",\"potentialAction\":[{\"@type\":\"ReadAction\",\"target\":[\"https:\/\/graziamagazine.com\/es\/articles\/boda-alicia-vikander-michael-fassbender\/\"]}]},{\"@type\":\"BreadcrumbList\",\"@id\":\"https:\/\/graziamagazine.com\/es\/articles\/boda-alicia-vikander-michael-fassbender\/#breadcrumb\",\"itemListElement\":[{\"@type\":\"ListItem\",\"position\":1,\"name\":\"Portada\",\"item\":\"https:\/\/graziamagazine.com\/es\/\"},{\"@type\":\"ListItem\",\"position\":2,\"name\":\"El se\u00f1or y la se\u00f1ora Fassbender s\u00ed que saben c\u00f3mo celebrar una boda\"}]},{\"@type\":\"WebSite\",\"@id\":\"https:\/\/graziamagazine.com\/es\/#website\",\"url\":\"https:\/\/graziamagazine.com\/es\/\",\"name\":\"Grazia\",\"description\":\"Moda, belleza, celebrities, estilo de vida...\",\"potentialAction\":[{\"@type\":\"SearchAction\",\"target\":{\"@type\":\"EntryPoint\",\"urlTemplate\":\"https:\/\/graziamagazine.com\/es\/?s={search_term_string}\"},\"query-input\":\"required name=search_term_string\"}],\"inLanguage\":\"es\"}]}<\/script>\n<!-- \/ Yoast SEO Premium plugin. -->","yoast_head_json":{"title":"El se\u00f1or y la se\u00f1ora Fassbender s\u00ed que saben c\u00f3mo celebrar una boda","description":"Alicia Vikander y Michael Fassbender han echado por tierra los estereotipos de boda 'made in Hollywood' y nosotras brindamos por ello (y por ellos).","robots":{"index":"index","follow":"follow","max-snippet":"max-snippet:-1","max-image-preview":"max-image-preview:large","max-video-preview":"max-video-preview:-1"},"canonical":"https:\/\/graziamagazine.com\/es\/articles\/boda-alicia-vikander-michael-fassbender\/","og_locale":"es_ES","og_type":"article","og_title":"El se\u00f1or y la se\u00f1ora Fassbender s\u00ed que saben c\u00f3mo celebrar una boda","og_description":"Alicia Vikander y Michael Fassbender han echado por tierra los estereotipos de boda' made in Hollywood' y nosotras brindamos por ello (y por ellos).","og_url":"https:\/\/graziamagazine.com\/es\/articles\/boda-alicia-vikander-michael-fassbender\/","og_site_name":"Grazia","article_modified_time":"2017-10-16T09:59:49+00:00","og_image":[{"width":695,"height":425,"url":"https:\/\/graziamagazine.com\/es\/wp-content\/uploads\/sites\/12\/2017\/10\/16112218\/695x4254.jpg?fit=695%2C425","type":"image\/jpeg"}],"twitter_card":"summary_large_image","twitter_title":"El se\u00f1or y la se\u00f1ora Fassbender s\u00ed que saben c\u00f3mo celebrar una boda","twitter_description":"Alicia Vikander y Michael Fassbender han echado por tierra los estereotipos de boda 'made in Hollywood' y nosotras brindamos por ello (y por ellos).","twitter_image":"http:\/\/s3-eu-west-1.amazonaws.com\/grazia-cdn\/wp-content\/uploads\/sites\/12\/2017\/10\/16112218\/695x4254.jpg","twitter_misc":{"Est. reading time":"3 minutos"},"schema":{"@context":"https:\/\/schema.org","@graph":[{"@type":"WebPage","@id":"https:\/\/graziamagazine.com\/es\/articles\/boda-alicia-vikander-michael-fassbender\/","url":"https:\/\/graziamagazine.com\/es\/articles\/boda-alicia-vikander-michael-fassbender\/","name":"El se\u00f1or y la se\u00f1ora Fassbender s\u00ed que saben c\u00f3mo celebrar una boda","isPartOf":{"@id":"https:\/\/graziamagazine.com\/es\/#website"},"datePublished":"2017-10-16T09:56:02+00:00","dateModified":"2017-10-16T09:59:49+00:00","description":"Alicia Vikander y Michael Fassbender han echado por tierra los estereotipos de boda 'made in Hollywood' y nosotras brindamos por ello (y por ellos).","breadcrumb":{"@id":"https:\/\/graziamagazine.com\/es\/articles\/boda-alicia-vikander-michael-fassbender\/#breadcrumb"},"inLanguage":"es","potentialAction":[{"@type":"ReadAction","target":["https:\/\/graziamagazine.com\/es\/articles\/boda-alicia-vikander-michael-fassbender\/"]}]},{"@type":"BreadcrumbList","@id":"https:\/\/graziamagazine.com\/es\/articles\/boda-alicia-vikander-michael-fassbender\/#breadcrumb","itemListElement":[{"@type":"ListItem","position":1,"name":"Portada","item":"https:\/\/graziamagazine.com\/es\/"},{"@type":"ListItem","position":2,"name":"El se\u00f1or y la se\u00f1ora Fassbender s\u00ed que saben c\u00f3mo celebrar una boda"}]},{"@type":"WebSite","@id":"https:\/\/graziamagazine.com\/es\/#website","url":"https:\/\/graziamagazine.com\/es\/","name":"Grazia","description":"Moda, belleza, celebrities, estilo de vida...","potentialAction":[{"@type":"SearchAction","target":{"@type":"EntryPoint","urlTemplate":"https:\/\/graziamagazine.com\/es\/?s={search_term_string}"},"query-input":"required name=search_term_string"}],"inLanguage":"es"}]}},"jetpack_sharing_enabled":true,"distributor_meta":false,"distributor_terms":false,"distributor_media":false,"distributor_original_site_name":"Grazia","distributor_original_site_url":"https:\/\/graziamagazine.com\/es","push-errors":false,"_links":{"self":[{"href":"https:\/\/graziamagazine.com\/es\/wp-json\/wp\/v2\/articles\/129317"}],"collection":[{"href":"https:\/\/graziamagazine.com\/es\/wp-json\/wp\/v2\/articles"}],"about":[{"href":"https:\/\/graziamagazine.com\/es\/wp-json\/wp\/v2\/types\/articles"}],"author":[{"embeddable":true,"href":"https:\/\/graziamagazine.com\/es\/wp-json\/wp\/v2\/users\/13931"}],"wp:attachment":[{"href":"https:\/\/graziamagazine.com\/es\/wp-json\/wp\/v2\/media?parent=129317"}],"wp:term":[{"taxonomy":"category","embeddable":true,"href":"https:\/\/graziamagazine.com\/es\/wp-json\/wp\/v2\/categories?post=129317"}],"curies":[{"name":"wp","href":"https:\/\/api.w.org\/{rel}","templated":true}]}}