{"id":128934,"date":"2017-10-05T14:56:37","date_gmt":"2017-10-05T12:56:37","guid":{"rendered":"https:\/\/graziamagazine.com\/es\/?p=128934"},"modified":"2017-10-05T14:56:37","modified_gmt":"2017-10-05T12:56:37","slug":"ikea-hotel-salon-madrid-agenda","status":"publish","type":"articles","link":"https:\/\/graziamagazine.com\/es\/articles\/ikea-hotel-salon-madrid-agenda\/","title":{"rendered":"Ikea abre en Madrid Hotel Sal\u00f3n (y vas a querer verlo)"},"content":{"rendered":"<p>\u00bfSab\u00edas que, en nueve de cada diez casas, el sal\u00f3n es el espacio m\u00e1s grande? \u00bfQue pasamos m\u00e1s de tres horas diarias en \u00e9l entre semana, y m\u00e1s de cuatro los fines de semana? \u00bfY que el 43% de los espa\u00f1oles organizamos reuniones de amigos en el nuestro, al menos dos veces al mes, el 60% celebramos cumplea\u00f1os y el 19% invitamos a nuestros colegas para ver partidos o series? <strong>Traducci\u00f3n: el sal\u00f3n no solo es la estancia m\u00e1s grande de la casa, sino tambi\u00e9n la m\u00e1s vivida y la m\u00e1s importante.<\/strong><\/p>\n<p>Por eso Ikea se ha volcado en ellos y ha creado el primer hotel sin habitaciones del mundo. En la calle Princesa 66 de Madrid, en un emblem\u00e1tico y encantador edificio, ha nacido <strong>Hotel Sal\u00f3n: un peculiar espacio ef\u00edmero y gratuito en el que solo hay salones (ocho en concreto) <\/strong>y en el que hemos podido aprender c\u00f3mo disfrutar al m\u00e1ximo de esta estancia de la casa. Estar\u00e1 abierto al p\u00fablico desde el d\u00eda 6 hasta el 15 de octubre. Te aseguramos que es una preciosidad y que podr\u00e1s aprender sobre tu sal\u00f3n tanto como nosotras. Aqu\u00ed va un adelanto:<\/p>\n<p>[galeria]<\/p>\n<p><iframe loading=\"lazy\" style=\"border: none; overflow: hidden; height: 258px;\" src=\"\/\/www.facebook.com\/plugins\/likebox.php?href=https%3A%2F%2Fwww.facebook.com%2Fgraziaespana&amp;width&amp;height=258&amp;colorscheme=light&amp;show_faces=true&amp;header=false&amp;stream=false&amp;show_border=false&amp;appId=349017955267591\" width=\"300\" height=\"150\" frameborder=\"0\" scrolling=\"no\"><\/iframe><\/p>\n","protected":false},"author":15595,"featured_media":0,"template":"","format":"standard","categories":[19,18],"acf":[],"yoast_head":"<!-- This site is optimized with the Yoast SEO Premium plugin v18.5 (Yoast SEO v20.4) - https:\/\/yoast.com\/wordpress\/plugins\/seo\/ -->\n<title>Ikea abre en Madrid Hotel Sal\u00f3n (y vas a querer verlo)<\/title>\n<meta name=\"description\" content=\"Ya hemos visitado el Ikea Hotel Sal\u00f3n: as\u00ed es la nueva cita del gigante sueco y estas son las 8 cosas que hemos aprendido en \u00e9l.\" \/>\n<meta name=\"robots\" content=\"index, follow, max-snippet:-1, max-image-preview:large, max-video-preview:-1\" \/>\n<link rel=\"canonical\" href=\"https:\/\/graziamagazine.com\/es\/articles\/ikea-hotel-salon-madrid-agenda\/\" \/>\n<meta property=\"og:locale\" content=\"es_ES\" \/>\n<meta property=\"og:type\" content=\"article\" \/>\n<meta property=\"og:title\" content=\"Ikea abre en Madrid Hotel Sal\u00f3n (y vas a querer verlo)\" \/>\n<meta property=\"og:description\" content=\"Hasta el 15 de octubre el gigante sueco transforma un espacio inesperado en una masterclass de decoraci\u00f3n.\" \/>\n<meta property=\"og:url\" content=\"https:\/\/graziamagazine.com\/es\/articles\/ikea-hotel-salon-madrid-agenda\/\" \/>\n<meta property=\"og:site_name\" content=\"Grazia\" \/>\n<meta property=\"og:image\" content=\"https:\/\/graziamagazine.com\/es\/wp-content\/uploads\/sites\/12\/2017\/10\/05140359\/salon-1.jpg?fit=785%2C480\" \/>\n\t<meta property=\"og:image:width\" content=\"785\" \/>\n\t<meta property=\"og:image:height\" content=\"480\" \/>\n\t<meta property=\"og:image:type\" content=\"image\/jpeg\" \/>\n<meta name=\"twitter:card\" content=\"summary_large_image\" \/>\n<meta name=\"twitter:title\" content=\"Ikea abre en Madrid Hotel Sal\u00f3n (y vas a querer verlo)\" \/>\n<meta name=\"twitter:description\" content=\"Hasta el 15 de octubre el gigante sueco transforma un espacio inesperado en una masterclass de decoraci\u00f3n.\" \/>\n<meta name=\"twitter:image\" content=\"http:\/\/s3-eu-west-1.amazonaws.com\/grazia-cdn\/wp-content\/uploads\/sites\/12\/2017\/10\/05140359\/salon-1.jpg\" \/>\n<meta name=\"twitter:label1\" content=\"Est. reading time\" \/>\n\t<meta name=\"twitter:data1\" content=\"1 minuto\" \/>\n<script type=\"application\/ld+json\" class=\"yoast-schema-graph\">{\"@context\":\"https:\/\/schema.org\",\"@graph\":[{\"@type\":\"WebPage\",\"@id\":\"https:\/\/graziamagazine.com\/es\/articles\/ikea-hotel-salon-madrid-agenda\/\",\"url\":\"https:\/\/graziamagazine.com\/es\/articles\/ikea-hotel-salon-madrid-agenda\/\",\"name\":\"Ikea abre en Madrid Hotel Sal\u00f3n (y vas a querer verlo)\",\"isPartOf\":{\"@id\":\"https:\/\/graziamagazine.com\/es\/#website\"},\"datePublished\":\"2017-10-05T12:56:37+00:00\",\"dateModified\":\"2017-10-05T12:56:37+00:00\",\"description\":\"Ya hemos visitado el Ikea Hotel Sal\u00f3n: as\u00ed es la nueva cita del gigante sueco y estas son las 8 cosas que hemos aprendido en \u00e9l.\",\"breadcrumb\":{\"@id\":\"https:\/\/graziamagazine.com\/es\/articles\/ikea-hotel-salon-madrid-agenda\/#breadcrumb\"},\"inLanguage\":\"es\",\"potentialAction\":[{\"@type\":\"ReadAction\",\"target\":[\"https:\/\/graziamagazine.com\/es\/articles\/ikea-hotel-salon-madrid-agenda\/\"]}]},{\"@type\":\"BreadcrumbList\",\"@id\":\"https:\/\/graziamagazine.com\/es\/articles\/ikea-hotel-salon-madrid-agenda\/#breadcrumb\",\"itemListElement\":[{\"@type\":\"ListItem\",\"position\":1,\"name\":\"Portada\",\"item\":\"https:\/\/graziamagazine.com\/es\/\"},{\"@type\":\"ListItem\",\"position\":2,\"name\":\"Ikea abre en Madrid Hotel Sal\u00f3n (y vas a querer verlo)\"}]},{\"@type\":\"WebSite\",\"@id\":\"https:\/\/graziamagazine.com\/es\/#website\",\"url\":\"https:\/\/graziamagazine.com\/es\/\",\"name\":\"Grazia\",\"description\":\"Moda, belleza, celebrities, estilo de vida...\",\"potentialAction\":[{\"@type\":\"SearchAction\",\"target\":{\"@type\":\"EntryPoint\",\"urlTemplate\":\"https:\/\/graziamagazine.com\/es\/?s={search_term_string}\"},\"query-input\":\"required name=search_term_string\"}],\"inLanguage\":\"es\"}]}<\/script>\n<!-- \/ Yoast SEO Premium plugin. -->","yoast_head_json":{"title":"Ikea abre en Madrid Hotel Sal\u00f3n (y vas a querer verlo)","description":"Ya hemos visitado el Ikea Hotel Sal\u00f3n: as\u00ed es la nueva cita del gigante sueco y estas son las 8 cosas que hemos aprendido en \u00e9l.","robots":{"index":"index","follow":"follow","max-snippet":"max-snippet:-1","max-image-preview":"max-image-preview:large","max-video-preview":"max-video-preview:-1"},"canonical":"https:\/\/graziamagazine.com\/es\/articles\/ikea-hotel-salon-madrid-agenda\/","og_locale":"es_ES","og_type":"article","og_title":"Ikea abre en Madrid Hotel Sal\u00f3n (y vas a querer verlo)","og_description":"Hasta el 15 de octubre el gigante sueco transforma un espacio inesperado en una masterclass de decoraci\u00f3n.","og_url":"https:\/\/graziamagazine.com\/es\/articles\/ikea-hotel-salon-madrid-agenda\/","og_site_name":"Grazia","og_image":[{"width":785,"height":480,"url":"https:\/\/graziamagazine.com\/es\/wp-content\/uploads\/sites\/12\/2017\/10\/05140359\/salon-1.jpg?fit=785%2C480","type":"image\/jpeg"}],"twitter_card":"summary_large_image","twitter_title":"Ikea abre en Madrid Hotel Sal\u00f3n (y vas a querer verlo)","twitter_description":"Hasta el 15 de octubre el gigante sueco transforma un espacio inesperado en una masterclass de decoraci\u00f3n.","twitter_image":"http:\/\/s3-eu-west-1.amazonaws.com\/grazia-cdn\/wp-content\/uploads\/sites\/12\/2017\/10\/05140359\/salon-1.jpg","twitter_misc":{"Est. reading time":"1 minuto"},"schema":{"@context":"https:\/\/schema.org","@graph":[{"@type":"WebPage","@id":"https:\/\/graziamagazine.com\/es\/articles\/ikea-hotel-salon-madrid-agenda\/","url":"https:\/\/graziamagazine.com\/es\/articles\/ikea-hotel-salon-madrid-agenda\/","name":"Ikea abre en Madrid Hotel Sal\u00f3n (y vas a querer verlo)","isPartOf":{"@id":"https:\/\/graziamagazine.com\/es\/#website"},"datePublished":"2017-10-05T12:56:37+00:00","dateModified":"2017-10-05T12:56:37+00:00","description":"Ya hemos visitado el Ikea Hotel Sal\u00f3n: as\u00ed es la nueva cita del gigante sueco y estas son las 8 cosas que hemos aprendido en \u00e9l.","breadcrumb":{"@id":"https:\/\/graziamagazine.com\/es\/articles\/ikea-hotel-salon-madrid-agenda\/#breadcrumb"},"inLanguage":"es","potentialAction":[{"@type":"ReadAction","target":["https:\/\/graziamagazine.com\/es\/articles\/ikea-hotel-salon-madrid-agenda\/"]}]},{"@type":"BreadcrumbList","@id":"https:\/\/graziamagazine.com\/es\/articles\/ikea-hotel-salon-madrid-agenda\/#breadcrumb","itemListElement":[{"@type":"ListItem","position":1,"name":"Portada","item":"https:\/\/graziamagazine.com\/es\/"},{"@type":"ListItem","position":2,"name":"Ikea abre en Madrid Hotel Sal\u00f3n (y vas a querer verlo)"}]},{"@type":"WebSite","@id":"https:\/\/graziamagazine.com\/es\/#website","url":"https:\/\/graziamagazine.com\/es\/","name":"Grazia","description":"Moda, belleza, celebrities, estilo de vida...","potentialAction":[{"@type":"SearchAction","target":{"@type":"EntryPoint","urlTemplate":"https:\/\/graziamagazine.com\/es\/?s={search_term_string}"},"query-input":"required name=search_term_string"}],"inLanguage":"es"}]}},"jetpack_sharing_enabled":true,"distributor_meta":false,"distributor_terms":false,"distributor_media":false,"distributor_original_site_name":"Grazia","distributor_original_site_url":"https:\/\/graziamagazine.com\/es","push-errors":false,"_links":{"self":[{"href":"https:\/\/graziamagazine.com\/es\/wp-json\/wp\/v2\/articles\/128934"}],"collection":[{"href":"https:\/\/graziamagazine.com\/es\/wp-json\/wp\/v2\/articles"}],"about":[{"href":"https:\/\/graziamagazine.com\/es\/wp-json\/wp\/v2\/types\/articles"}],"author":[{"embeddable":true,"href":"https:\/\/graziamagazine.com\/es\/wp-json\/wp\/v2\/users\/15595"}],"wp:attachment":[{"href":"https:\/\/graziamagazine.com\/es\/wp-json\/wp\/v2\/media?parent=128934"}],"wp:term":[{"taxonomy":"category","embeddable":true,"href":"https:\/\/graziamagazine.com\/es\/wp-json\/wp\/v2\/categories?post=128934"}],"curies":[{"name":"wp","href":"https:\/\/api.w.org\/{rel}","templated":true}]}}