{"id":12801,"date":"2015-01-09T11:28:24","date_gmt":"2015-01-09T10:28:24","guid":{"rendered":"https:\/\/graziamagazine.com\/es\/?p=12801"},"modified":"2015-01-11T15:33:45","modified_gmt":"2015-01-11T14:33:45","slug":"blue-ivy-y-su-cumpleanos-de-princesa","status":"publish","type":"articles","link":"https:\/\/graziamagazine.com\/es\/articles\/blue-ivy-y-su-cumpleanos-de-princesa\/","title":{"rendered":"Blue Ivy y su cumplea\u00f1os de princesa"},"content":{"rendered":"<p>Hace ya tres a\u00f1os que qued\u00f3 claro qui\u00e9n es aqu\u00ed la reina del cotarro. Puede que<strong> North West<\/strong> tenga un armario de envidia o que <a href=\"https:\/\/graziamagazine.com\/es\/celebs\/actualidad\/2014-06-23\/el-primer-cumpleanos-de-north-west\" target=\"_blank\">le organizaran un mini Coachella por su primer cumplea\u00f1os<\/a> (cosa que seguimos sin entender del todo), pero aqu\u00ed la que parte el bacalao es, claramente, la se\u00f1orita <strong>Blue Ivy Carter<\/strong>. Uno, porque sus padres son <strong>Beyonc\u00e9<\/strong> y <strong>Jay Z<\/strong>; dos, porque sus padres son <strong>Beyonc\u00e9<\/strong> y <strong>Jay Z<\/strong> y tres, porque protagoniza los mejores GIFs del universo, y eso siempre da puntos extra en esta casa.<\/p>\n<p><img loading=\"lazy\" decoding=\"async\" class=\"aligncenter size-full wp-image-12803\" src=\"https:\/\/graziamagazine.com\/es\/wp-content\/uploads\/sites\/12\/2015\/01\/95728_elcumpleanosdeblueivy.gif\" alt=\"95728_elcumpleanosdeblueivy\" width=\"500\" height=\"281\" \/><\/p>\n<p>Entonces, <a href=\"https:\/\/graziamagazine.com\/es\/celebs\/actualidad\/2014-12-30\/llegan-los-viks\" target=\"_blank\">conocedores ya de la realidad del panorama mini-celeb,<\/a> empezamos: <strong>el pasado 7 de enero fue el cumplea\u00f1os de la peque\u00f1a Carter<\/strong> y, gracias a <a href=\"http:\/\/instagram.com\/beyonce\/\" target=\"_blank\" target=\"_blank\">Instagram<\/a>, hemos podido hacernos cierta idea de lo que en su fiesta (\u00bfhola? FIEST\u00d3N) se coci\u00f3. Su madre no pudo contenerse y nos dej\u00f3 ver la decoraci\u00f3n principal: un enorme bloque de hielo con un \u2018Feliz Cumplea\u00f1os Blue Ivy\u2019 y un globo con forma de tres. \u00bfConclusiones? Su fiesta fue tem\u00e1tica. \u00a1Qu\u00e9 digo tem\u00e1tica! A\u00fan mejor: su fiesta fue de <em>Frozen<\/em>, aka la princesa Disney m\u00e1s molona del momento. Vaya, que ni-en-nuestros-mejores-sue\u00f1os.<\/p>\n<blockquote class=\"instagram-media\" style=\"background: #FFF; border: 0; border-radius: 3px; box-shadow: 0 0 1px 0 rgba(0,0,0,0.5),0 1px 10px 0 rgba(0,0,0,0.15); margin: 1px; max-width: 658px; padding: 0; width: calc(100% - 2px);\">\n<div style=\"padding: 8px;\">\n<div style=\"background: #F8F8F8; line-height: 0; margin-top: 40px; padding: 50% 0; text-align: center; width: 100%;\"><\/div>\n<p style=\"margin: 8px 0 0 0; padding: 0 4px;\"><a href=\"https:\/\/instagram.com\/p\/xlYtMxtcRI\/\"style=\"color: #000; font-family: Arial,sans-serif; font-size: 14px; font-style: normal; font-weight: normal; line-height: 17px; text-decoration: none; word-wrap: break-word;\"  target=\"_top\" target=\"_blank\">It was a Frozen themed party!!!!!!! Omg so cute\u2764\ufe0f \u2022\u2022\u2022\u2022\u2022\u2022\u2022\u2022\u2022\u2022\u2022\u2022\u2022\u2022\u2022\u2022\u2022\u2022\u2022\u2022\u2022\u2022\u2022 #Beyonce #Blueivy #Jayz #Frozen #Blue #Blueblue #Bday #Blueday #Family #party<\/a><\/p>\n<p style=\"color: #c9c8cd; font-family: Arial,sans-serif; font-size: 14px; line-height: 17px; margin-bottom: 0; margin-top: 8px; overflow: hidden; padding: 8px 0 7px; text-align: center; text-overflow: ellipsis; white-space: nowrap;\">Una foto publicada por Blue Ivy Carter (@blueivy.carter) el Ene 7, 2015 at 11:13 PST<\/p>\n<\/div>\n<\/blockquote>\n<p>Y es que, seg\u00fan informan desde <a href=\"http:\/\/www.usmagazine.com\/celebrity-moms\/news\/blue-ivy-turns-3-celebrates-birthday-with-frozen-themed-party-201571\" target=\"_blank\" target=\"_blank\"><em>Us Weekly<\/em><\/a>, lo de <strong>Blue<\/strong> con <strong>Elsa<\/strong> y <strong>Anna<\/strong> es amor verdadero: \u201cla ve [<em>Frozen<\/em>] varias veces al d\u00eda (\u2026) y llora si se la quitan\u201d, coment\u00f3 una fuente a la publicaci\u00f3n. \u00bfPod\u00e9is imagin\u00e1rosla cantando a voz en grito algo as\u00ed como \u201cHazme un mu\u00f1eco de nieveeeeeee\u201d? Porque nosotros s\u00ed&#8230; Aunque casi preferimos pensar que Beyonc\u00e9 se lanz\u00f3 a cantar <em>Let It Go<\/em> en mitad de la velada, por y para su hija. Ay.<\/p>\n<figure id=\"attachment_12802\" aria-describedby=\"caption-attachment-12802\" style=\"width: 785px\" class=\"wp-caption aligncenter\"><img loading=\"lazy\" decoding=\"async\" class=\"size-full wp-image-12802\" src=\"https:\/\/graziamagazine.com\/es\/wp-content\/uploads\/sites\/12\/2015\/01\/95727_elcumpleanosdeblueivy.jpg\" alt=\"\u00a9 Instagram @beyonce\" width=\"785\" height=\"480\" srcset=\"https:\/\/graziamagazine.com\/es\/wp-content\/uploads\/sites\/12\/2015\/01\/95727_elcumpleanosdeblueivy.jpg 785w, https:\/\/graziamagazine.com\/es\/wp-content\/uploads\/sites\/12\/2015\/01\/95727_elcumpleanosdeblueivy-300x183.jpg 300w, https:\/\/graziamagazine.com\/es\/wp-content\/uploads\/sites\/12\/2015\/01\/95727_elcumpleanosdeblueivy-695x425.jpg 695w, https:\/\/graziamagazine.com\/es\/wp-content\/uploads\/sites\/12\/2015\/01\/95727_elcumpleanosdeblueivy-720x440.jpg 720w, https:\/\/graziamagazine.com\/es\/wp-content\/uploads\/sites\/12\/2015\/01\/95727_elcumpleanosdeblueivy-626x383.jpg 626w, https:\/\/graziamagazine.com\/es\/wp-content\/uploads\/sites\/12\/2015\/01\/95727_elcumpleanosdeblueivy-360x220.jpg 360w\" sizes=\"(max-width: 785px) 100vw, 785px\" \/><figcaption id=\"caption-attachment-12802\" class=\"wp-caption-text\">\u00a9 Instagram @beyonce<\/figcaption><\/figure>\n<p>&nbsp;<\/p>\n<blockquote class=\"instagram-media\" style=\"background: #FFF; border: 0; border-radius: 3px; box-shadow: 0 0 1px 0 rgba(0,0,0,0.5),0 1px 10px 0 rgba(0,0,0,0.15); margin: 1px; max-width: 658px; padding: 0; width: calc(100% - 2px);\">\n<div style=\"padding: 8px;\">\n<div style=\"background: #F8F8F8; line-height: 0; margin-top: 40px; padding: 50% 0; text-align: center; width: 100%;\"><\/div>\n<p style=\"margin: 8px 0 0 0; padding: 0 4px;\"><a href=\"https:\/\/instagram.com\/p\/xoAEBgtce5\/\"style=\"color: #000; font-family: Arial,sans-serif; font-size: 14px; font-style: normal; font-weight: normal; line-height: 17px; text-decoration: none; word-wrap: break-word;\"  target=\"_top\" target=\"_blank\">Birthdaydress BlueBlue @beyonce \u2022\u2022\u2022\u2022\u2022\u2022\u2022\u2022\u2022 #Beyonce #Blueivy #Birthday #JayZ #Dress #Beyhive #Beygood #QueenB #Princess #Legend #Carter #Flawless<\/a><\/p>\n<p style=\"color: #c9c8cd; font-family: Arial,sans-serif; font-size: 14px; line-height: 17px; margin-bottom: 0; margin-top: 8px; overflow: hidden; padding: 8px 0 7px; text-align: center; text-overflow: ellipsis; white-space: nowrap;\">Una foto publicada por Blue Ivy Carter (@blueivy.carter) el Ene 8, 2015 at 11:35 PST<\/p>\n<\/div>\n<\/blockquote>\n<p><script src=\"http:\/\/platform.instagram.com\/en_US\/embeds.js\" defer=\"defer\" type=\"text\/javascript\"><\/script><\/p>\n<p>Eso s\u00ed, el vestido, lejos de parecerse al congelado dise\u00f1o azul de la princesa Disney, result\u00f3 ser rosa, con lacitos y mucho tul, que es lo que importa aqu\u00ed para ser princesa, as\u00ed que no pasa nada. La tarta, un bizcocho enorme con siete colores por dentro y una capa de <em>frosting<\/em> blanco unific\u00e1ndolos todos. Vaya, UNA TARTA DE ARCO IRIS. <span style=\"text-decoration: line-through;\">\u00bfPodemos volver a tener tres a\u00f1os, por favor?<\/span><\/p>\n<p>De momento, tendremos que esperar a que su reina madre suba alguna instant\u00e1nea m\u00e1s de su fiesta para conocer m\u00e1s detalles. De los regalos tampoco tenemos noticia alguna, aunque teniendo en cuenta que, seg\u00fan inform\u00f3 <a href=\"http:\/\/www.thesun.co.uk\/sol\/homepage\/showbiz\/4741106\/Diamond-Barbie-for-Beyonce-baby.html\" target=\"_blank\" target=\"_blank\"><em>The Sun<\/em><\/a> en su d\u00eda, la princesita <strong>Carter<\/strong> tuvo una Barbie personalizada y repleta de diamantes valorada en 80.000 d\u00f3lares cuando cumpli\u00f3 solo un a\u00f1o\u2026 \u00bfCon qu\u00e9 se habr\u00e1 encontrado este siete de enero?<\/p>\n<figure id=\"attachment_12804\" aria-describedby=\"caption-attachment-12804\" style=\"width: 550px\" class=\"wp-caption aligncenter\"><img loading=\"lazy\" decoding=\"async\" class=\"size-full wp-image-12804\" src=\"https:\/\/graziamagazine.com\/es\/wp-content\/uploads\/sites\/12\/2015\/01\/95729_elcumpleanosdeblueivy.jpg\" alt=\"Solange tambi\u00e9n felicito a su sobrina a trav\u00e9s de su perfil de Instagram.   \u00a9 Instagram @saintrecords\" width=\"550\" height=\"550\" srcset=\"https:\/\/graziamagazine.com\/es\/wp-content\/uploads\/sites\/12\/2015\/01\/95729_elcumpleanosdeblueivy.jpg 550w, https:\/\/graziamagazine.com\/es\/wp-content\/uploads\/sites\/12\/2015\/01\/95729_elcumpleanosdeblueivy-150x150.jpg 150w, https:\/\/graziamagazine.com\/es\/wp-content\/uploads\/sites\/12\/2015\/01\/95729_elcumpleanosdeblueivy-300x300.jpg 300w, https:\/\/graziamagazine.com\/es\/wp-content\/uploads\/sites\/12\/2015\/01\/95729_elcumpleanosdeblueivy-360x360.jpg 360w\" sizes=\"(max-width: 550px) 100vw, 550px\" \/><figcaption id=\"caption-attachment-12804\" class=\"wp-caption-text\">Solange tambi\u00e9n felicito a su sobrina a trav\u00e9s de su perfil de Instagram. \u00a9 Instagram @saintrecords<\/figcaption><\/figure>\n<p>Lo que est\u00e1 claro es que su cumplea\u00f1os pone el broche de oro a unas Navidades en las que la familia Carter-Knowless no ha dejado de viajar: primero fue Islandia (\u00bfir\u00edan all\u00ed a buscar el reino de Elsa?) y, despu\u00e9s, Tailandia\u2026 \u00a1Qu\u00e9 buena forma de empezar el 2015! \u00a1Felicidades <strong>Blue Ivy<\/strong>!<\/p>\n","protected":false},"author":24470,"featured_media":0,"template":"","format":"standard","categories":[14,13],"acf":[],"yoast_head":"<!-- This site is optimized with the Yoast SEO Premium plugin v18.5 (Yoast SEO v20.4) - https:\/\/yoast.com\/wordpress\/plugins\/seo\/ -->\n<title>Blue Ivy y su cumplea\u00f1os de princesa | Grazia<\/title>\n<meta name=\"description\" content=\"Princesa de hielo, concretamente. Baby Carter celebr\u00f3 sus tres primaveras con una fiesta Frozen que mola m\u00e1s que cualquiera de nuestros aniversarios\" \/>\n<meta name=\"robots\" content=\"index, follow, max-snippet:-1, max-image-preview:large, max-video-preview:-1\" \/>\n<link rel=\"canonical\" href=\"https:\/\/graziamagazine.com\/es\/articles\/blue-ivy-y-su-cumpleanos-de-princesa\/\" \/>\n<meta property=\"og:locale\" content=\"es_ES\" \/>\n<meta property=\"og:type\" content=\"article\" \/>\n<meta property=\"og:title\" content=\"Blue Ivy y su cumplea\u00f1os de princesa\" \/>\n<meta property=\"og:description\" content=\"Princesa de hielo, concretamente. Baby Carter celebr\u00f3 sus tres primaveras con una fiesta Frozen que mola m\u00e1s que cualquiera de nuestros aniversarios\" \/>\n<meta property=\"og:url\" content=\"https:\/\/graziamagazine.com\/es\/articles\/blue-ivy-y-su-cumpleanos-de-princesa\/\" \/>\n<meta property=\"og:site_name\" content=\"Grazia\" \/>\n<meta property=\"article:modified_time\" content=\"2015-01-11T14:33:45+00:00\" \/>\n<meta property=\"og:image\" content=\"https:\/\/graziamagazine.com\/es\/wp-content\/uploads\/sites\/12\/2015\/01\/95728_elcumpleanosdeblueivy.gif\" \/>\n<meta name=\"twitter:card\" content=\"summary_large_image\" \/>\n<meta name=\"twitter:label1\" content=\"Est. reading time\" \/>\n\t<meta name=\"twitter:data1\" content=\"3 minutos\" \/>\n<script type=\"application\/ld+json\" class=\"yoast-schema-graph\">{\"@context\":\"https:\/\/schema.org\",\"@graph\":[{\"@type\":\"WebPage\",\"@id\":\"https:\/\/graziamagazine.com\/es\/articles\/blue-ivy-y-su-cumpleanos-de-princesa\/\",\"url\":\"https:\/\/graziamagazine.com\/es\/articles\/blue-ivy-y-su-cumpleanos-de-princesa\/\",\"name\":\"Blue Ivy y su cumplea\u00f1os de princesa | Grazia\",\"isPartOf\":{\"@id\":\"https:\/\/graziamagazine.com\/es\/#website\"},\"datePublished\":\"2015-01-09T10:28:24+00:00\",\"dateModified\":\"2015-01-11T14:33:45+00:00\",\"description\":\"Princesa de hielo, concretamente. Baby Carter celebr\u00f3 sus tres primaveras con una fiesta Frozen que mola m\u00e1s que cualquiera de nuestros aniversarios\",\"breadcrumb\":{\"@id\":\"https:\/\/graziamagazine.com\/es\/articles\/blue-ivy-y-su-cumpleanos-de-princesa\/#breadcrumb\"},\"inLanguage\":\"es\",\"potentialAction\":[{\"@type\":\"ReadAction\",\"target\":[\"https:\/\/graziamagazine.com\/es\/articles\/blue-ivy-y-su-cumpleanos-de-princesa\/\"]}]},{\"@type\":\"BreadcrumbList\",\"@id\":\"https:\/\/graziamagazine.com\/es\/articles\/blue-ivy-y-su-cumpleanos-de-princesa\/#breadcrumb\",\"itemListElement\":[{\"@type\":\"ListItem\",\"position\":1,\"name\":\"Portada\",\"item\":\"https:\/\/graziamagazine.com\/es\/\"},{\"@type\":\"ListItem\",\"position\":2,\"name\":\"Blue Ivy y su cumplea\u00f1os de princesa\"}]},{\"@type\":\"WebSite\",\"@id\":\"https:\/\/graziamagazine.com\/es\/#website\",\"url\":\"https:\/\/graziamagazine.com\/es\/\",\"name\":\"Grazia\",\"description\":\"Moda, belleza, celebrities, estilo de vida...\",\"potentialAction\":[{\"@type\":\"SearchAction\",\"target\":{\"@type\":\"EntryPoint\",\"urlTemplate\":\"https:\/\/graziamagazine.com\/es\/?s={search_term_string}\"},\"query-input\":\"required name=search_term_string\"}],\"inLanguage\":\"es\"}]}<\/script>\n<!-- \/ Yoast SEO Premium plugin. -->","yoast_head_json":{"title":"Blue Ivy y su cumplea\u00f1os de princesa | Grazia","description":"Princesa de hielo, concretamente. Baby Carter celebr\u00f3 sus tres primaveras con una fiesta Frozen que mola m\u00e1s que cualquiera de nuestros aniversarios","robots":{"index":"index","follow":"follow","max-snippet":"max-snippet:-1","max-image-preview":"max-image-preview:large","max-video-preview":"max-video-preview:-1"},"canonical":"https:\/\/graziamagazine.com\/es\/articles\/blue-ivy-y-su-cumpleanos-de-princesa\/","og_locale":"es_ES","og_type":"article","og_title":"Blue Ivy y su cumplea\u00f1os de princesa","og_description":"Princesa de hielo, concretamente. Baby Carter celebr\u00f3 sus tres primaveras con una fiesta Frozen que mola m\u00e1s que cualquiera de nuestros aniversarios","og_url":"https:\/\/graziamagazine.com\/es\/articles\/blue-ivy-y-su-cumpleanos-de-princesa\/","og_site_name":"Grazia","article_modified_time":"2015-01-11T14:33:45+00:00","og_image":[{"url":"https:\/\/graziamagazine.com\/es\/wp-content\/uploads\/sites\/12\/2015\/01\/95728_elcumpleanosdeblueivy.gif"}],"twitter_card":"summary_large_image","twitter_misc":{"Est. reading time":"3 minutos"},"schema":{"@context":"https:\/\/schema.org","@graph":[{"@type":"WebPage","@id":"https:\/\/graziamagazine.com\/es\/articles\/blue-ivy-y-su-cumpleanos-de-princesa\/","url":"https:\/\/graziamagazine.com\/es\/articles\/blue-ivy-y-su-cumpleanos-de-princesa\/","name":"Blue Ivy y su cumplea\u00f1os de princesa | Grazia","isPartOf":{"@id":"https:\/\/graziamagazine.com\/es\/#website"},"datePublished":"2015-01-09T10:28:24+00:00","dateModified":"2015-01-11T14:33:45+00:00","description":"Princesa de hielo, concretamente. Baby Carter celebr\u00f3 sus tres primaveras con una fiesta Frozen que mola m\u00e1s que cualquiera de nuestros aniversarios","breadcrumb":{"@id":"https:\/\/graziamagazine.com\/es\/articles\/blue-ivy-y-su-cumpleanos-de-princesa\/#breadcrumb"},"inLanguage":"es","potentialAction":[{"@type":"ReadAction","target":["https:\/\/graziamagazine.com\/es\/articles\/blue-ivy-y-su-cumpleanos-de-princesa\/"]}]},{"@type":"BreadcrumbList","@id":"https:\/\/graziamagazine.com\/es\/articles\/blue-ivy-y-su-cumpleanos-de-princesa\/#breadcrumb","itemListElement":[{"@type":"ListItem","position":1,"name":"Portada","item":"https:\/\/graziamagazine.com\/es\/"},{"@type":"ListItem","position":2,"name":"Blue Ivy y su cumplea\u00f1os de princesa"}]},{"@type":"WebSite","@id":"https:\/\/graziamagazine.com\/es\/#website","url":"https:\/\/graziamagazine.com\/es\/","name":"Grazia","description":"Moda, belleza, celebrities, estilo de vida...","potentialAction":[{"@type":"SearchAction","target":{"@type":"EntryPoint","urlTemplate":"https:\/\/graziamagazine.com\/es\/?s={search_term_string}"},"query-input":"required name=search_term_string"}],"inLanguage":"es"}]}},"jetpack_sharing_enabled":true,"distributor_meta":false,"distributor_terms":false,"distributor_media":false,"distributor_original_site_name":"Grazia","distributor_original_site_url":"https:\/\/graziamagazine.com\/es","push-errors":false,"_links":{"self":[{"href":"https:\/\/graziamagazine.com\/es\/wp-json\/wp\/v2\/articles\/12801"}],"collection":[{"href":"https:\/\/graziamagazine.com\/es\/wp-json\/wp\/v2\/articles"}],"about":[{"href":"https:\/\/graziamagazine.com\/es\/wp-json\/wp\/v2\/types\/articles"}],"author":[{"embeddable":true,"href":"https:\/\/graziamagazine.com\/es\/wp-json\/wp\/v2\/users\/24470"}],"wp:attachment":[{"href":"https:\/\/graziamagazine.com\/es\/wp-json\/wp\/v2\/media?parent=12801"}],"wp:term":[{"taxonomy":"category","embeddable":true,"href":"https:\/\/graziamagazine.com\/es\/wp-json\/wp\/v2\/categories?post=12801"}],"curies":[{"name":"wp","href":"https:\/\/api.w.org\/{rel}","templated":true}]}}